{"id":75358,"date":"2021-11-10T16:20:25","date_gmt":"2021-11-10T16:20:25","guid":{"rendered":"https:\/\/www.nettali.com\/?p=75358"},"modified":"2021-11-10T16:26:57","modified_gmt":"2021-11-10T16:26:57","slug":"equipe-nationale-le-choix-du-coeur-de-pape-gueye","status":"publish","type":"post","link":"https:\/\/www.nettali.com\/2021\/11\/10\/equipe-nationale-le-choix-du-coeur-de-pape-gueye\/","title":{"rendered":"\u00c9QUIPE NATIONALE - \" Le choix du c\u0153ur\" de Pape Gu\u00e8ye"},"content":{"rendered":"<p dir=\"ltr\"><strong>NETTALI.COM -\u00a0 Convoqu\u00e9 pour la premi\u00e8re fois en \u00e9quipe nationale, Pape Alassane Gu\u00e8ye a rejoint ce lundi le regroupement des Lions \u00e0 Lom\u00e9 dans le cadre de la 5\u00e8me et avant derni\u00e8re journ\u00e9e des \u00e9liminatoires de la coupe du monde Qatar 2022. En phase de f\u00eater son bapt\u00eame du feu lors du duel Togo-S\u00e9n\u00e9gal, le milieu de l'OM a livr\u00e9 ses premiers mots en s\u00e9lection.<\/strong><\/p>\n<p dir=\"ltr\">Apr\u00e8s quelque temps de r\u00e9flexion sur sa carri\u00e8re internationale, Pape Gueye a finalement d\u00e9cid\u00e9 de jouer pour l\u2019\u00e9quipe nationale du S\u00e9n\u00e9gal. \" <em>Un choix du c\u0153ur<\/em>\u00a0\", dit-il.<\/p>\n<p dir=\"ltr\">N\u00e9 et grandi en France, le milieu de Marseille, Pape Alassane Gueye a finalement opt\u00e9 pour la s\u00e9lection s\u00e9n\u00e9galaise.<\/p>\n<p dir=\"ltr\"><i>\" <\/i><em>Je suis content, heureux et fier, de rejoindre la s\u00e9lection<\/em><i>\", <\/i>s'est r\u00e9joui le milieu r\u00e9cup\u00e9rateur de 22 ans au micro de la FSF.<\/p>\n<p dir=\"ltr\"><i>\" <\/i><em>Je viens d\u2019arriver au Togo, je n\u2019ai pas encore vu les joueurs mais je suis tr\u00e8s content et j\u2019esp\u00e8re que \u00e7a va bien se passer. J\u2019ai jou\u00e9 avec beaucoup de joueurs de cette s\u00e9lection, Bamba Dieng \u00e0 l\u2019OM, il m\u2019a beaucoup parl\u00e9 du S\u00e9n\u00e9gal, je suis venu plusieurs fois. Mon p\u00e8re y vient souvent, il parle beaucoup du pays et c\u2019est une fiert\u00e9 aujourd\u2019hui de d\u00e9fendre ses couleurs<\/em><i>\", <\/i>a-t-il pr\u00e9cis\u00e9.<\/p>\n<p dir=\"ltr\"><i>\" <\/i><em>J\u2019ai tr\u00e8s h\u00e2te, parce que c\u2019est un choix du c\u0153ur, il n\u2019a pas \u00e9t\u00e9 forc\u00e9, un choix normal. Je suis venu d\u00e9fenseur les couleurs de mon pays avec une grosse \u00e9quipe,\u00a0 un tr\u00e8s bon coach et j\u2019ai h\u00e2te de commencer cette aventure<\/em>\", dira le n\u00e9o Lion.<\/p>\n<div class='share-to-whatsapp-wrapper'><div class='share-on-whsp'>PARTAGER SUR : <\/div><a data-text='\u00c9QUIPE NATIONALE - \" Le choix du c\u0153ur\" de Pape Gu\u00e8ye' data-link='https:\/\/www.nettali.com\/2021\/11\/10\/equipe-nationale-le-choix-du-coeur-de-pape-gueye\/' class='whatsapp-button whatsapp-share'>WhatsApp<\/a><div class='clear '><\/div><\/div>","protected":false},"excerpt":{"rendered":"<p>NETTALI.COM -\u00a0 Convoqu\u00e9 pour la premi\u00e8re fois en \u00e9quipe nationale, Pape Alassane Gu\u00e8ye a rejoint ce lundi le regroupement des Lions \u00e0 Lom\u00e9 dans le cadre de la 5\u00e8me et avant derni\u00e8re journ\u00e9e des \u00e9liminatoires de la coupe du monde Qatar 2022. En phase de f\u00eater son bapt\u00eame du feu lors du duel Togo-S\u00e9n\u00e9gal, le [&hellip;]<\/p>\n","protected":false},"author":5,"featured_media":75359,"comment_status":"open","ping_status":"open","sticky":false,"template":"","format":"standard","meta":{"_et_pb_use_builder":"","_et_pb_old_content":""},"categories":[6],"tags":[],"yoast_head":"<!-- This site is optimized with the Yoast SEO Premium plugin v17.8 (Yoast SEO v17.8) - https:\/\/yoast.com\/wordpress\/plugins\/seo\/ -->\n<title>\u00c9QUIPE NATIONALE - &quot; Le choix du c\u0153ur&quot; de Pape Gu\u00e8ye | Nettali.com<\/title>\n<meta name=\"robots\" content=\"index, follow, max-snippet:-1, max-image-preview:large, max-video-preview:-1\" \/>\n<link rel=\"canonical\" href=\"https:\/\/www.nettali.com\/2021\/11\/10\/equipe-nationale-le-choix-du-coeur-de-pape-gueye\/\" \/>\n<meta property=\"og:locale\" content=\"fr_FR\" \/>\n<meta property=\"og:type\" content=\"article\" \/>\n<meta property=\"og:title\" content=\"\u00c9QUIPE NATIONALE - &quot; Le choix du c\u0153ur&quot; de Pape Gu\u00e8ye\" \/>\n<meta property=\"og:description\" content=\"NETTALI.COM -\u00a0 Convoqu\u00e9 pour la premi\u00e8re fois en \u00e9quipe nationale, Pape Alassane Gu\u00e8ye a rejoint ce lundi le regroupement des Lions \u00e0 Lom\u00e9 dans le cadre de la 5\u00e8me et avant derni\u00e8re journ\u00e9e des \u00e9liminatoires de la coupe du monde Qatar 2022. En phase de f\u00eater son bapt\u00eame du feu lors du duel Togo-S\u00e9n\u00e9gal, le [&hellip;]\" \/>\n<meta property=\"og:url\" content=\"https:\/\/www.nettali.com\/2021\/11\/10\/equipe-nationale-le-choix-du-coeur-de-pape-gueye\/\" \/>\n<meta property=\"og:site_name\" content=\"Nettali.com\" \/>\n<meta property=\"article:publisher\" content=\"https:\/\/www.facebook.com\/nettalicom\" \/>\n<meta property=\"article:published_time\" content=\"2021-11-10T16:20:25+00:00\" \/>\n<meta property=\"article:modified_time\" content=\"2021-11-10T16:26:57+00:00\" \/>\n<meta property=\"og:image\" content=\"https:\/\/www.nettali.com\/wp-content\/uploads\/2021\/11\/Pape-Gueye-1024x576-1.jpg\" \/>\n\t<meta property=\"og:image:width\" content=\"1024\" \/>\n\t<meta property=\"og:image:height\" content=\"576\" \/>\n<meta name=\"twitter:card\" content=\"summary_large_image\" \/>\n<meta name=\"twitter:label1\" content=\"\u00c9crit par\" \/>\n\t<meta name=\"twitter:data1\" content=\"Ibrahima\" \/>\n\t<meta name=\"twitter:label2\" content=\"Dur\u00e9e de lecture estim\u00e9e\" \/>\n\t<meta name=\"twitter:data2\" content=\"2 minutes\" \/>\n<script type=\"application\/ld+json\" class=\"yoast-schema-graph\">{\"@context\":\"https:\/\/schema.org\",\"@graph\":[{\"@type\":\"WebSite\",\"@id\":\"https:\/\/www.nettali.com\/#website\",\"url\":\"https:\/\/www.nettali.com\/\",\"name\":\"Nettali.com\",\"description\":\"Le rendez-vous critique du Net\",\"potentialAction\":[{\"@type\":\"SearchAction\",\"target\":{\"@type\":\"EntryPoint\",\"urlTemplate\":\"https:\/\/www.nettali.com\/?s={search_term_string}\"},\"query-input\":\"required name=search_term_string\"}],\"inLanguage\":\"fr-FR\"},{\"@type\":\"ImageObject\",\"@id\":\"https:\/\/www.nettali.com\/2021\/11\/10\/equipe-nationale-le-choix-du-coeur-de-pape-gueye\/#primaryimage\",\"inLanguage\":\"fr-FR\",\"url\":\"https:\/\/www.nettali.com\/wp-content\/uploads\/2021\/11\/Pape-Gueye-1024x576-1.jpg\",\"contentUrl\":\"https:\/\/www.nettali.com\/wp-content\/uploads\/2021\/11\/Pape-Gueye-1024x576-1.jpg\",\"width\":1024,\"height\":576},{\"@type\":\"WebPage\",\"@id\":\"https:\/\/www.nettali.com\/2021\/11\/10\/equipe-nationale-le-choix-du-coeur-de-pape-gueye\/#webpage\",\"url\":\"https:\/\/www.nettali.com\/2021\/11\/10\/equipe-nationale-le-choix-du-coeur-de-pape-gueye\/\",\"name\":\"\\u00c9QUIPE NATIONALE - \\\" Le choix du c\\u0153ur\\\" de Pape Gu\\u00e8ye | Nettali.com\",\"isPartOf\":{\"@id\":\"https:\/\/www.nettali.com\/#website\"},\"primaryImageOfPage\":{\"@id\":\"https:\/\/www.nettali.com\/2021\/11\/10\/equipe-nationale-le-choix-du-coeur-de-pape-gueye\/#primaryimage\"},\"datePublished\":\"2021-11-10T16:20:25+00:00\",\"dateModified\":\"2021-11-10T16:26:57+00:00\",\"author\":{\"@id\":\"https:\/\/www.nettali.com\/#\/schema\/person\/bb147657c2986240405a608162b9bb23\"},\"breadcrumb\":{\"@id\":\"https:\/\/www.nettali.com\/2021\/11\/10\/equipe-nationale-le-choix-du-coeur-de-pape-gueye\/#breadcrumb\"},\"inLanguage\":\"fr-FR\",\"potentialAction\":[{\"@type\":\"ReadAction\",\"target\":[\"https:\/\/www.nettali.com\/2021\/11\/10\/equipe-nationale-le-choix-du-coeur-de-pape-gueye\/\"]}]},{\"@type\":\"BreadcrumbList\",\"@id\":\"https:\/\/www.nettali.com\/2021\/11\/10\/equipe-nationale-le-choix-du-coeur-de-pape-gueye\/#breadcrumb\",\"itemListElement\":[{\"@type\":\"ListItem\",\"position\":1,\"name\":\"Accueil\",\"item\":\"https:\/\/www.nettali.com\/\"},{\"@type\":\"ListItem\",\"position\":2,\"name\":\"\\u00c9QUIPE NATIONALE &#8211; \\u00a0\\u00bb Le choix du c\\u0153ur\\u00a0\\u00bb de Pape Gu\\u00e8ye\"}]},{\"@type\":\"Person\",\"@id\":\"https:\/\/www.nettali.com\/#\/schema\/person\/bb147657c2986240405a608162b9bb23\",\"name\":\"Ibrahima\",\"image\":{\"@type\":\"ImageObject\",\"@id\":\"https:\/\/www.nettali.com\/#personlogo\",\"inLanguage\":\"fr-FR\",\"url\":\"https:\/\/secure.gravatar.com\/avatar\/26a8a81f09f0dd7624c9d5c36c9ba3a2?s=96&d=mm&r=g\",\"contentUrl\":\"https:\/\/secure.gravatar.com\/avatar\/26a8a81f09f0dd7624c9d5c36c9ba3a2?s=96&d=mm&r=g\",\"caption\":\"Ibrahima\"},\"sameAs\":[\"https:\/\/www.nettali.com\"]}]}<\/script>\n<!-- \/ Yoast SEO Premium plugin. -->","yoast_head_json":{"title":"\u00c9QUIPE NATIONALE - \" Le choix du c\u0153ur\" de Pape Gu\u00e8ye | Nettali.com","robots":{"index":"index","follow":"follow","max-snippet":"max-snippet:-1","max-image-preview":"max-image-preview:large","max-video-preview":"max-video-preview:-1"},"canonical":"https:\/\/www.nettali.com\/2021\/11\/10\/equipe-nationale-le-choix-du-coeur-de-pape-gueye\/","og_locale":"fr_FR","og_type":"article","og_title":"\u00c9QUIPE NATIONALE - \" Le choix du c\u0153ur\" de Pape Gu\u00e8ye","og_description":"NETTALI.COM -\u00a0 Convoqu\u00e9 pour la premi\u00e8re fois en \u00e9quipe nationale, Pape Alassane Gu\u00e8ye a rejoint ce lundi le regroupement des Lions \u00e0 Lom\u00e9 dans le cadre de la 5\u00e8me et avant derni\u00e8re journ\u00e9e des \u00e9liminatoires de la coupe du monde Qatar 2022. En phase de f\u00eater son bapt\u00eame du feu lors du duel Togo-S\u00e9n\u00e9gal, le [&hellip;]","og_url":"https:\/\/www.nettali.com\/2021\/11\/10\/equipe-nationale-le-choix-du-coeur-de-pape-gueye\/","og_site_name":"Nettali.com","article_publisher":"https:\/\/www.facebook.com\/nettalicom","article_published_time":"2021-11-10T16:20:25+00:00","article_modified_time":"2021-11-10T16:26:57+00:00","og_image":[{"width":1024,"height":576,"url":"https:\/\/www.nettali.com\/wp-content\/uploads\/2021\/11\/Pape-Gueye-1024x576-1.jpg","type":"image\/jpeg"}],"twitter_card":"summary_large_image","twitter_misc":{"\u00c9crit par":"Ibrahima","Dur\u00e9e de lecture estim\u00e9e":"2 minutes"},"schema":{"@context":"https:\/\/schema.org","@graph":[{"@type":"WebSite","@id":"https:\/\/www.nettali.com\/#website","url":"https:\/\/www.nettali.com\/","name":"Nettali.com","description":"Le rendez-vous critique du Net","potentialAction":[{"@type":"SearchAction","target":{"@type":"EntryPoint","urlTemplate":"https:\/\/www.nettali.com\/?s={search_term_string}"},"query-input":"required name=search_term_string"}],"inLanguage":"fr-FR"},{"@type":"ImageObject","@id":"https:\/\/www.nettali.com\/2021\/11\/10\/equipe-nationale-le-choix-du-coeur-de-pape-gueye\/#primaryimage","inLanguage":"fr-FR","url":"https:\/\/www.nettali.com\/wp-content\/uploads\/2021\/11\/Pape-Gueye-1024x576-1.jpg","contentUrl":"https:\/\/www.nettali.com\/wp-content\/uploads\/2021\/11\/Pape-Gueye-1024x576-1.jpg","width":1024,"height":576},{"@type":"WebPage","@id":"https:\/\/www.nettali.com\/2021\/11\/10\/equipe-nationale-le-choix-du-coeur-de-pape-gueye\/#webpage","url":"https:\/\/www.nettali.com\/2021\/11\/10\/equipe-nationale-le-choix-du-coeur-de-pape-gueye\/","name":"\u00c9QUIPE NATIONALE - \" Le choix du c\u0153ur\" de Pape Gu\u00e8ye | Nettali.com","isPartOf":{"@id":"https:\/\/www.nettali.com\/#website"},"primaryImageOfPage":{"@id":"https:\/\/www.nettali.com\/2021\/11\/10\/equipe-nationale-le-choix-du-coeur-de-pape-gueye\/#primaryimage"},"datePublished":"2021-11-10T16:20:25+00:00","dateModified":"2021-11-10T16:26:57+00:00","author":{"@id":"https:\/\/www.nettali.com\/#\/schema\/person\/bb147657c2986240405a608162b9bb23"},"breadcrumb":{"@id":"https:\/\/www.nettali.com\/2021\/11\/10\/equipe-nationale-le-choix-du-coeur-de-pape-gueye\/#breadcrumb"},"inLanguage":"fr-FR","potentialAction":[{"@type":"ReadAction","target":["https:\/\/www.nettali.com\/2021\/11\/10\/equipe-nationale-le-choix-du-coeur-de-pape-gueye\/"]}]},{"@type":"BreadcrumbList","@id":"https:\/\/www.nettali.com\/2021\/11\/10\/equipe-nationale-le-choix-du-coeur-de-pape-gueye\/#breadcrumb","itemListElement":[{"@type":"ListItem","position":1,"name":"Accueil","item":"https:\/\/www.nettali.com\/"},{"@type":"ListItem","position":2,"name":"\u00c9QUIPE NATIONALE &#8211; \u00a0\u00bb Le choix du c\u0153ur\u00a0\u00bb de Pape Gu\u00e8ye"}]},{"@type":"Person","@id":"https:\/\/www.nettali.com\/#\/schema\/person\/bb147657c2986240405a608162b9bb23","name":"Ibrahima","image":{"@type":"ImageObject","@id":"https:\/\/www.nettali.com\/#personlogo","inLanguage":"fr-FR","url":"https:\/\/secure.gravatar.com\/avatar\/26a8a81f09f0dd7624c9d5c36c9ba3a2?s=96&d=mm&r=g","contentUrl":"https:\/\/secure.gravatar.com\/avatar\/26a8a81f09f0dd7624c9d5c36c9ba3a2?s=96&d=mm&r=g","caption":"Ibrahima"},"sameAs":["https:\/\/www.nettali.com"]}]}},"_links":{"self":[{"href":"https:\/\/www.nettali.com\/rest\/wp\/v2\/posts\/75358"}],"collection":[{"href":"https:\/\/www.nettali.com\/rest\/wp\/v2\/posts"}],"about":[{"href":"https:\/\/www.nettali.com\/rest\/wp\/v2\/types\/post"}],"author":[{"embeddable":true,"href":"https:\/\/www.nettali.com\/rest\/wp\/v2\/users\/5"}],"replies":[{"embeddable":true,"href":"https:\/\/www.nettali.com\/rest\/wp\/v2\/comments?post=75358"}],"version-history":[{"count":3,"href":"https:\/\/www.nettali.com\/rest\/wp\/v2\/posts\/75358\/revisions"}],"predecessor-version":[{"id":75364,"href":"https:\/\/www.nettali.com\/rest\/wp\/v2\/posts\/75358\/revisions\/75364"}],"wp:featuredmedia":[{"embeddable":true,"href":"https:\/\/www.nettali.com\/rest\/wp\/v2\/media\/75359"}],"wp:attachment":[{"href":"https:\/\/www.nettali.com\/rest\/wp\/v2\/media?parent=75358"}],"wp:term":[{"taxonomy":"category","embeddable":true,"href":"https:\/\/www.nettali.com\/rest\/wp\/v2\/categories?post=75358"},{"taxonomy":"post_tag","embeddable":true,"href":"https:\/\/www.nettali.com\/rest\/wp\/v2\/tags?post=75358"}],"curies":[{"name":"wp","href":"https:\/\/api.w.org\/{rel}","templated":true}]}}