{"id":75356,"date":"2021-11-10T15:16:18","date_gmt":"2021-11-10T15:16:18","guid":{"rendered":"https:\/\/www.nettali.com\/?p=75356"},"modified":"2021-11-10T18:20:43","modified_gmt":"2021-11-10T18:20:43","slug":"manif-a-dakar-les-principaux-leaders-de-yewwi-askan-wi-arretes","status":"publish","type":"post","link":"https:\/\/www.nettali.com\/2021\/11\/10\/manif-a-dakar-les-principaux-leaders-de-yewwi-askan-wi-arretes\/","title":{"rendered":"MANIF' A DAKAR - Les principaux leaders de Yewwi Askan Wi arr\u00eat\u00e9s"},"content":{"rendered":"<p><strong>NETTALI.COM - En marge du proc\u00e8s avort\u00e9 de Barth\u00e9lemy Dias, les principaux leaders de la coalition Yewwi Askan Wi\u00a0 sont arr\u00eat\u00e9s et conduits vers une destination inconnue.\u00a0<\/strong><\/p>\n<p>Ousmane Sonko, Barth\u00e9lemy Dias, et Malick Gackou ont \u00e9t\u00e9 arr\u00eat\u00e9s par les forces de l\u2019ordre sur la Corniche Ouest \u00e0 hauteur de la Cit\u00e9 Claudel. Embarqu\u00e9s dans le fourgon de la Police, ils sont conduits au commissariat central de Dakar, puis au camp Abdou Diass\u00e9.<\/p>\n<p>C'est, ce mercredi, lors de la manifestation organis\u00e9e par la coalition Yewwi Askan Wi, dans le cadre du proc\u00e8s en appel de Barth\u00e9lemy Dias et Cie, poursuivis et condamn\u00e9s en premi\u00e8re instance pour le meurtre de Ndiga Diouf, en 2011.<br \/>\nLe proc\u00e8s a \u00e9t\u00e9 renvoy\u00e9 au 1er d\u00e9cembre 2021, mais cette d\u00e9cision n'emporte pas l'adh\u00e9sion de Barth\u00e9lemy Dias, qui demande sa tenue aujourd'hui m\u00eame.<\/p>\n<div class='share-to-whatsapp-wrapper'><div class='share-on-whsp'>PARTAGER SUR : <\/div><a data-text='MANIF' A DAKAR - Les principaux leaders de Yewwi Askan Wi arr\u00eat\u00e9s' data-link='https:\/\/www.nettali.com\/2021\/11\/10\/manif-a-dakar-les-principaux-leaders-de-yewwi-askan-wi-arretes\/' class='whatsapp-button whatsapp-share'>WhatsApp<\/a><div class='clear '><\/div><\/div>","protected":false},"excerpt":{"rendered":"<p>NETTALI.COM - En marge du proc\u00e8s avort\u00e9 de Barth\u00e9lemy Dias, les principaux leaders de la coalition Yewwi Askan Wi\u00a0 sont arr\u00eat\u00e9s et conduits vers une destination inconnue.\u00a0 Ousmane Sonko, Barth\u00e9lemy Dias, et Malick Gackou ont \u00e9t\u00e9 arr\u00eat\u00e9s par les forces de l\u2019ordre sur la Corniche Ouest \u00e0 hauteur de la Cit\u00e9 Claudel. Embarqu\u00e9s dans le [&hellip;]<\/p>\n","protected":false},"author":11,"featured_media":75289,"comment_status":"open","ping_status":"open","sticky":false,"template":"","format":"standard","meta":{"_et_pb_use_builder":"","_et_pb_old_content":""},"categories":[2],"tags":[],"yoast_head":"<!-- This site is optimized with the Yoast SEO Premium plugin v17.8 (Yoast SEO v17.8) - https:\/\/yoast.com\/wordpress\/plugins\/seo\/ -->\n<title>MANIF&#039; A DAKAR - Les principaux leaders de Yewwi Askan Wi arr\u00eat\u00e9s | Nettali.com<\/title>\n<meta name=\"robots\" content=\"index, follow, max-snippet:-1, max-image-preview:large, max-video-preview:-1\" \/>\n<link rel=\"canonical\" href=\"https:\/\/www.nettali.com\/2021\/11\/10\/manif-a-dakar-les-principaux-leaders-de-yewwi-askan-wi-arretes\/\" \/>\n<meta property=\"og:locale\" content=\"fr_FR\" \/>\n<meta property=\"og:type\" content=\"article\" \/>\n<meta property=\"og:title\" content=\"MANIF&#039; A DAKAR - Les principaux leaders de Yewwi Askan Wi arr\u00eat\u00e9s\" \/>\n<meta property=\"og:description\" content=\"NETTALI.COM - En marge du proc\u00e8s avort\u00e9 de Barth\u00e9lemy Dias, les principaux leaders de la coalition Yewwi Askan Wi\u00a0 sont arr\u00eat\u00e9s et conduits vers une destination inconnue.\u00a0 Ousmane Sonko, Barth\u00e9lemy Dias, et Malick Gackou ont \u00e9t\u00e9 arr\u00eat\u00e9s par les forces de l\u2019ordre sur la Corniche Ouest \u00e0 hauteur de la Cit\u00e9 Claudel. Embarqu\u00e9s dans le [&hellip;]\" \/>\n<meta property=\"og:url\" content=\"https:\/\/www.nettali.com\/2021\/11\/10\/manif-a-dakar-les-principaux-leaders-de-yewwi-askan-wi-arretes\/\" \/>\n<meta property=\"og:site_name\" content=\"Nettali.com\" \/>\n<meta property=\"article:publisher\" content=\"https:\/\/www.facebook.com\/nettalicom\" \/>\n<meta property=\"article:published_time\" content=\"2021-11-10T15:16:18+00:00\" \/>\n<meta property=\"article:modified_time\" content=\"2021-11-10T18:20:43+00:00\" \/>\n<meta property=\"og:image\" content=\"https:\/\/www.nettali.com\/wp-content\/uploads\/2021\/11\/yewi-askan-wi-khaf-sonko.jpeg\" \/>\n\t<meta property=\"og:image:width\" content=\"599\" \/>\n\t<meta property=\"og:image:height\" content=\"401\" \/>\n<meta name=\"twitter:card\" content=\"summary_large_image\" \/>\n<meta name=\"twitter:label1\" content=\"\u00c9crit par\" \/>\n\t<meta name=\"twitter:data1\" content=\"Thierno Diop\" \/>\n\t<meta name=\"twitter:label2\" content=\"Dur\u00e9e de lecture estim\u00e9e\" \/>\n\t<meta name=\"twitter:data2\" content=\"1 minute\" \/>\n<script type=\"application\/ld+json\" class=\"yoast-schema-graph\">{\"@context\":\"https:\/\/schema.org\",\"@graph\":[{\"@type\":\"WebSite\",\"@id\":\"https:\/\/www.nettali.com\/#website\",\"url\":\"https:\/\/www.nettali.com\/\",\"name\":\"Nettali.com\",\"description\":\"Le rendez-vous critique du Net\",\"potentialAction\":[{\"@type\":\"SearchAction\",\"target\":{\"@type\":\"EntryPoint\",\"urlTemplate\":\"https:\/\/www.nettali.com\/?s={search_term_string}\"},\"query-input\":\"required name=search_term_string\"}],\"inLanguage\":\"fr-FR\"},{\"@type\":\"ImageObject\",\"@id\":\"https:\/\/www.nettali.com\/2021\/11\/10\/manif-a-dakar-les-principaux-leaders-de-yewwi-askan-wi-arretes\/#primaryimage\",\"inLanguage\":\"fr-FR\",\"url\":\"https:\/\/www.nettali.com\/wp-content\/uploads\/2021\/11\/yewi-askan-wi-khaf-sonko.jpeg\",\"contentUrl\":\"https:\/\/www.nettali.com\/wp-content\/uploads\/2021\/11\/yewi-askan-wi-khaf-sonko.jpeg\",\"width\":599,\"height\":401},{\"@type\":\"WebPage\",\"@id\":\"https:\/\/www.nettali.com\/2021\/11\/10\/manif-a-dakar-les-principaux-leaders-de-yewwi-askan-wi-arretes\/#webpage\",\"url\":\"https:\/\/www.nettali.com\/2021\/11\/10\/manif-a-dakar-les-principaux-leaders-de-yewwi-askan-wi-arretes\/\",\"name\":\"MANIF' A DAKAR - Les principaux leaders de Yewwi Askan Wi arr\\u00eat\\u00e9s | Nettali.com\",\"isPartOf\":{\"@id\":\"https:\/\/www.nettali.com\/#website\"},\"primaryImageOfPage\":{\"@id\":\"https:\/\/www.nettali.com\/2021\/11\/10\/manif-a-dakar-les-principaux-leaders-de-yewwi-askan-wi-arretes\/#primaryimage\"},\"datePublished\":\"2021-11-10T15:16:18+00:00\",\"dateModified\":\"2021-11-10T18:20:43+00:00\",\"author\":{\"@id\":\"https:\/\/www.nettali.com\/#\/schema\/person\/8a06c6bd7b19304cf4bf985862900b5b\"},\"breadcrumb\":{\"@id\":\"https:\/\/www.nettali.com\/2021\/11\/10\/manif-a-dakar-les-principaux-leaders-de-yewwi-askan-wi-arretes\/#breadcrumb\"},\"inLanguage\":\"fr-FR\",\"potentialAction\":[{\"@type\":\"ReadAction\",\"target\":[\"https:\/\/www.nettali.com\/2021\/11\/10\/manif-a-dakar-les-principaux-leaders-de-yewwi-askan-wi-arretes\/\"]}]},{\"@type\":\"BreadcrumbList\",\"@id\":\"https:\/\/www.nettali.com\/2021\/11\/10\/manif-a-dakar-les-principaux-leaders-de-yewwi-askan-wi-arretes\/#breadcrumb\",\"itemListElement\":[{\"@type\":\"ListItem\",\"position\":1,\"name\":\"Accueil\",\"item\":\"https:\/\/www.nettali.com\/\"},{\"@type\":\"ListItem\",\"position\":2,\"name\":\"MANIF&rsquo; A DAKAR &#8211; Les principaux leaders de Yewwi Askan Wi arr\\u00eat\\u00e9s\"}]},{\"@type\":\"Person\",\"@id\":\"https:\/\/www.nettali.com\/#\/schema\/person\/8a06c6bd7b19304cf4bf985862900b5b\",\"name\":\"Thierno Diop\",\"image\":{\"@type\":\"ImageObject\",\"@id\":\"https:\/\/www.nettali.com\/#personlogo\",\"inLanguage\":\"fr-FR\",\"url\":\"https:\/\/secure.gravatar.com\/avatar\/c8ca58550c94fd2ac856d27391a6c866?s=96&d=mm&r=g\",\"contentUrl\":\"https:\/\/secure.gravatar.com\/avatar\/c8ca58550c94fd2ac856d27391a6c866?s=96&d=mm&r=g\",\"caption\":\"Thierno Diop\"},\"sameAs\":[\"https:\/\/nettali.com\"]}]}<\/script>\n<!-- \/ Yoast SEO Premium plugin. -->","yoast_head_json":{"title":"MANIF' A DAKAR - Les principaux leaders de Yewwi Askan Wi arr\u00eat\u00e9s | Nettali.com","robots":{"index":"index","follow":"follow","max-snippet":"max-snippet:-1","max-image-preview":"max-image-preview:large","max-video-preview":"max-video-preview:-1"},"canonical":"https:\/\/www.nettali.com\/2021\/11\/10\/manif-a-dakar-les-principaux-leaders-de-yewwi-askan-wi-arretes\/","og_locale":"fr_FR","og_type":"article","og_title":"MANIF' A DAKAR - Les principaux leaders de Yewwi Askan Wi arr\u00eat\u00e9s","og_description":"NETTALI.COM - En marge du proc\u00e8s avort\u00e9 de Barth\u00e9lemy Dias, les principaux leaders de la coalition Yewwi Askan Wi\u00a0 sont arr\u00eat\u00e9s et conduits vers une destination inconnue.\u00a0 Ousmane Sonko, Barth\u00e9lemy Dias, et Malick Gackou ont \u00e9t\u00e9 arr\u00eat\u00e9s par les forces de l\u2019ordre sur la Corniche Ouest \u00e0 hauteur de la Cit\u00e9 Claudel. Embarqu\u00e9s dans le [&hellip;]","og_url":"https:\/\/www.nettali.com\/2021\/11\/10\/manif-a-dakar-les-principaux-leaders-de-yewwi-askan-wi-arretes\/","og_site_name":"Nettali.com","article_publisher":"https:\/\/www.facebook.com\/nettalicom","article_published_time":"2021-11-10T15:16:18+00:00","article_modified_time":"2021-11-10T18:20:43+00:00","og_image":[{"width":599,"height":401,"url":"https:\/\/www.nettali.com\/wp-content\/uploads\/2021\/11\/yewi-askan-wi-khaf-sonko.jpeg","type":"image\/jpeg"}],"twitter_card":"summary_large_image","twitter_misc":{"\u00c9crit par":"Thierno Diop","Dur\u00e9e de lecture estim\u00e9e":"1 minute"},"schema":{"@context":"https:\/\/schema.org","@graph":[{"@type":"WebSite","@id":"https:\/\/www.nettali.com\/#website","url":"https:\/\/www.nettali.com\/","name":"Nettali.com","description":"Le rendez-vous critique du Net","potentialAction":[{"@type":"SearchAction","target":{"@type":"EntryPoint","urlTemplate":"https:\/\/www.nettali.com\/?s={search_term_string}"},"query-input":"required name=search_term_string"}],"inLanguage":"fr-FR"},{"@type":"ImageObject","@id":"https:\/\/www.nettali.com\/2021\/11\/10\/manif-a-dakar-les-principaux-leaders-de-yewwi-askan-wi-arretes\/#primaryimage","inLanguage":"fr-FR","url":"https:\/\/www.nettali.com\/wp-content\/uploads\/2021\/11\/yewi-askan-wi-khaf-sonko.jpeg","contentUrl":"https:\/\/www.nettali.com\/wp-content\/uploads\/2021\/11\/yewi-askan-wi-khaf-sonko.jpeg","width":599,"height":401},{"@type":"WebPage","@id":"https:\/\/www.nettali.com\/2021\/11\/10\/manif-a-dakar-les-principaux-leaders-de-yewwi-askan-wi-arretes\/#webpage","url":"https:\/\/www.nettali.com\/2021\/11\/10\/manif-a-dakar-les-principaux-leaders-de-yewwi-askan-wi-arretes\/","name":"MANIF' A DAKAR - Les principaux leaders de Yewwi Askan Wi arr\u00eat\u00e9s | Nettali.com","isPartOf":{"@id":"https:\/\/www.nettali.com\/#website"},"primaryImageOfPage":{"@id":"https:\/\/www.nettali.com\/2021\/11\/10\/manif-a-dakar-les-principaux-leaders-de-yewwi-askan-wi-arretes\/#primaryimage"},"datePublished":"2021-11-10T15:16:18+00:00","dateModified":"2021-11-10T18:20:43+00:00","author":{"@id":"https:\/\/www.nettali.com\/#\/schema\/person\/8a06c6bd7b19304cf4bf985862900b5b"},"breadcrumb":{"@id":"https:\/\/www.nettali.com\/2021\/11\/10\/manif-a-dakar-les-principaux-leaders-de-yewwi-askan-wi-arretes\/#breadcrumb"},"inLanguage":"fr-FR","potentialAction":[{"@type":"ReadAction","target":["https:\/\/www.nettali.com\/2021\/11\/10\/manif-a-dakar-les-principaux-leaders-de-yewwi-askan-wi-arretes\/"]}]},{"@type":"BreadcrumbList","@id":"https:\/\/www.nettali.com\/2021\/11\/10\/manif-a-dakar-les-principaux-leaders-de-yewwi-askan-wi-arretes\/#breadcrumb","itemListElement":[{"@type":"ListItem","position":1,"name":"Accueil","item":"https:\/\/www.nettali.com\/"},{"@type":"ListItem","position":2,"name":"MANIF&rsquo; A DAKAR &#8211; Les principaux leaders de Yewwi Askan Wi arr\u00eat\u00e9s"}]},{"@type":"Person","@id":"https:\/\/www.nettali.com\/#\/schema\/person\/8a06c6bd7b19304cf4bf985862900b5b","name":"Thierno Diop","image":{"@type":"ImageObject","@id":"https:\/\/www.nettali.com\/#personlogo","inLanguage":"fr-FR","url":"https:\/\/secure.gravatar.com\/avatar\/c8ca58550c94fd2ac856d27391a6c866?s=96&d=mm&r=g","contentUrl":"https:\/\/secure.gravatar.com\/avatar\/c8ca58550c94fd2ac856d27391a6c866?s=96&d=mm&r=g","caption":"Thierno Diop"},"sameAs":["https:\/\/nettali.com"]}]}},"_links":{"self":[{"href":"https:\/\/www.nettali.com\/rest\/wp\/v2\/posts\/75356"}],"collection":[{"href":"https:\/\/www.nettali.com\/rest\/wp\/v2\/posts"}],"about":[{"href":"https:\/\/www.nettali.com\/rest\/wp\/v2\/types\/post"}],"author":[{"embeddable":true,"href":"https:\/\/www.nettali.com\/rest\/wp\/v2\/users\/11"}],"replies":[{"embeddable":true,"href":"https:\/\/www.nettali.com\/rest\/wp\/v2\/comments?post=75356"}],"version-history":[{"count":4,"href":"https:\/\/www.nettali.com\/rest\/wp\/v2\/posts\/75356\/revisions"}],"predecessor-version":[{"id":75365,"href":"https:\/\/www.nettali.com\/rest\/wp\/v2\/posts\/75356\/revisions\/75365"}],"wp:featuredmedia":[{"embeddable":true,"href":"https:\/\/www.nettali.com\/rest\/wp\/v2\/media\/75289"}],"wp:attachment":[{"href":"https:\/\/www.nettali.com\/rest\/wp\/v2\/media?parent=75356"}],"wp:term":[{"taxonomy":"category","embeddable":true,"href":"https:\/\/www.nettali.com\/rest\/wp\/v2\/categories?post=75356"},{"taxonomy":"post_tag","embeddable":true,"href":"https:\/\/www.nettali.com\/rest\/wp\/v2\/tags?post=75356"}],"curies":[{"name":"wp","href":"https:\/\/api.w.org\/{rel}","templated":true}]}}