{"id":75320,"date":"2021-11-10T10:24:51","date_gmt":"2021-11-10T10:24:51","guid":{"rendered":"https:\/\/www.nettali.com\/?p=75320"},"modified":"2021-11-10T11:30:53","modified_gmt":"2021-11-10T11:30:53","slug":"affaire-barthelemy-dias-vs-ndiaga-diouf-les-tenants-de-la-procedure","status":"publish","type":"post","link":"https:\/\/www.nettali.com\/2021\/11\/10\/affaire-barthelemy-dias-vs-ndiaga-diouf-les-tenants-de-la-procedure\/","title":{"rendered":"AFFAIRE BARTH\u00c9L\u00c9MY DIAS VS NDIAGA DIOUF - Les dessous politiques de la proc\u00e9dure"},"content":{"rendered":"<p>NETTALI.COM - \u201cAlerte ! Barth\u00e9lemy Dias est dans l\u2019\u0153il du cyclone. Apr\u00e8s avoir d\u00e9pos\u00e9 hier, tard dans la nuit, son dossier d\u2019investiture, il est assign\u00e9 pour l\u2019audience du 10 novembre de la 3e Chambre de la Cour d\u2019appel de Dakar. Il ira r\u00e9pondre absolument. Il est en bonne sant\u00e9 et \u00e7a n\u2019entrave en rien l\u2019exercice de son travail et sa candidature \u00e0 la mairie de Dakar\u2019\u2019, avait post\u00e9 l\u2019avocat, Me Cheikh Khou\u00acreyssi Ba, sur sa page Facebook. Un post repris par de nombreux journalistes et comment\u00e9 \u00e0 sati\u00e9t\u00e9 dans les r\u00e9seaux sociaux faisant croire que la convocation de Barth\u00e9l\u00e9my Dias \u00e0 la Cour d\u2019appel de Dakar est un fait nouveau. Et que c\u2019est pour lui barrer la route de la mairie de Dakar. La r\u00e9alit\u00e9 est tout autre.<\/p>\n<p><strong>2 ans dont 6 mois ferme, 25 millions de dommages et int\u00e9r\u00eats<\/strong><\/p>\n<p>Le jeudi 16 f\u00e9vrier 2017, Barth\u00e9l\u00e9my Dias avait \u00e9t\u00e9 condamn\u00e9 \u00e0 2 ans de prison dont 6 mois ferme et \u00e0 25 millions de dommages et int\u00e9r\u00eats par le tribunal correctionnel de Dakar, pour la mort de Ndiaga Diouf, survenue le 22 d\u00e9cembre 2011 lors de l\u2019attaque de la mairie de Mermoz Sacr\u00e9-C\u0153ur dont Dias est l\u2019\u00e9dile, par des nervis agissant pour le compte de membres du Parti d\u00e9mocratique s\u00e9n\u00e9galais (PDS), alors au pouvoir. Non content de la d\u00e9cision, Barth\u00e9l\u00e9my Dias avait interjet\u00e9 appel. Le procureur, qui avait requis 10 ans de prison ferme, avait lui aussi saisi la Cour d\u2019appel pour corser la peine.<\/p>\n<p><strong>Le 15 janvier 2020, le d\u00e9but de la proc\u00e9dure \u00e0 la Cour d\u2019appel<\/strong><\/p>\n<p>L\u2019affaire Ndiaga Diouf a \u00e9t\u00e9 enr\u00f4l\u00e9e et appel\u00e9e \u00e0 la barre de la Cour d\u2019appel de Dakar, le 15 janvier 2020. Plusieurs renvois ont eu lieu par la suite, successivement les 13 mai 2020, 15 juillet 2020, 7 octobre 2020, 18 novembre 2020\u2026 Le 7 juillet 2021, date \u00e0 laquelle le dossier a \u00e9t\u00e9 appel\u00e9 pour la derni\u00e8re fois, Barth\u00e9l\u00e9my Dias \u00e9tait absent, les parties civiles aussi. Raison pour laquelle le juge avait d\u00e9cid\u00e9 d\u2019un \u00e9ni\u00e8me renvoi jusqu\u2019au 10 novembre 2021. Une citation a \u00e9t\u00e9 envoy\u00e9e, par voie d\u2019huissier, il y a quelques jours \u00e0 Barth\u00e9l\u00e9my Dias, pour lui rappeler le proc\u00e8s, comme il est de coutume dans la proc\u00e9dure judiciaire.<\/p>\n<p>L\u2019enjeu des \u00e9lections Si cette affaire est ramen\u00e9e sous l\u2019angle politique par Barth\u00e9l\u00e9my Dias et ses partisans, c\u2019est parce qu\u2019ils savent qu\u2019en cas de condamnation, le maire de Mermoz Sacr\u00e9-C\u0153ur sera disqualifi\u00e9 par l\u2019article L29 du Code \u00e9lectoral qui dispose que \u201cne doivent pas \u00eatre inscrits sur la liste \u00e9lectorale les individus condamn\u00e9s pour crime, ceux condamn\u00e9s \u00e0 une peine d\u2019emprisonnement sans sursis ou \u00e0 une peine d\u2019emprisonnement avec sursis d\u2019une dur\u00e9e sup\u00e9rieure \u00e0 un mois, assortie ou non d\u2019une amende, pour l\u2019un des d\u00e9lits suivants : vol, escroquerie, abus de confiance, trafic de stup\u00e9fiants, d\u00e9tournement et soustraction commis par les agents publics, corruption et trafic d\u2019influence, contrefa\u00e7on et en g\u00e9n\u00e9ral pour l\u2019un des d\u00e9lits passibles d\u2019une peine sup\u00e9rieure \u00e0 cinq (05) ans d\u2019emprisonnement ; ceux condamn\u00e9s \u00e0 plus de trois (03) mois d\u2019emprisonnement sans sursis ou \u00e0 une peine d\u2019emprisonnement d\u2019une dur\u00e9e sup\u00e9rieure \u00e0 six (6) mois avec sursis, pour un d\u00e9lit autre que ceux \u00e9num\u00e9r\u00e9s au deuxi\u00e8mement ci-dessus (\u2026)\u2019\u2019.<\/p>\n<p>Barth\u00e9l\u00e9my Dias, poursuivi pour coups mortels - infraction pr\u00e9vue par l\u2019article 294 Code p\u00e9nal et punie de 5 \u00e0 10 ans de prison - sera donc concern\u00e9 par cette disposition du Code \u00e9lectoral, en cas de condamnation d\u00e9finitive. Exactement comme ce qui est arriv\u00e9 \u00e0 Khalifa Sall et Karim Wade.<\/p>\n<p>&nbsp;<\/p>\n<div class='share-to-whatsapp-wrapper'><div class='share-on-whsp'>PARTAGER SUR : <\/div><a data-text='AFFAIRE BARTH\u00c9L\u00c9MY DIAS VS NDIAGA DIOUF - Les dessous politiques de la proc\u00e9dure' data-link='https:\/\/www.nettali.com\/2021\/11\/10\/affaire-barthelemy-dias-vs-ndiaga-diouf-les-tenants-de-la-procedure\/' class='whatsapp-button whatsapp-share'>WhatsApp<\/a><div class='clear '><\/div><\/div>","protected":false},"excerpt":{"rendered":"<p>NETTALI.COM - \u201cAlerte ! Barth\u00e9lemy Dias est dans l\u2019\u0153il du cyclone. Apr\u00e8s avoir d\u00e9pos\u00e9 hier, tard dans la nuit, son dossier d\u2019investiture, il est assign\u00e9 pour l\u2019audience du 10 novembre de la 3e Chambre de la Cour d\u2019appel de Dakar. Il ira r\u00e9pondre absolument. Il est en bonne sant\u00e9 et \u00e7a n\u2019entrave en rien l\u2019exercice [&hellip;]<\/p>\n","protected":false},"author":11,"featured_media":75045,"comment_status":"open","ping_status":"open","sticky":false,"template":"","format":"standard","meta":{"_et_pb_use_builder":"","_et_pb_old_content":""},"categories":[2],"tags":[],"yoast_head":"<!-- This site is optimized with the Yoast SEO Premium plugin v17.8 (Yoast SEO v17.8) - https:\/\/yoast.com\/wordpress\/plugins\/seo\/ -->\n<title>AFFAIRE BARTH\u00c9L\u00c9MY DIAS VS NDIAGA DIOUF - Les dessous politiques de la proc\u00e9dure | Nettali.com<\/title>\n<meta name=\"robots\" content=\"index, follow, max-snippet:-1, max-image-preview:large, max-video-preview:-1\" \/>\n<link rel=\"canonical\" href=\"https:\/\/www.nettali.com\/2021\/11\/10\/affaire-barthelemy-dias-vs-ndiaga-diouf-les-tenants-de-la-procedure\/\" \/>\n<meta property=\"og:locale\" content=\"fr_FR\" \/>\n<meta property=\"og:type\" content=\"article\" \/>\n<meta property=\"og:title\" content=\"AFFAIRE BARTH\u00c9L\u00c9MY DIAS VS NDIAGA DIOUF - Les dessous politiques de la proc\u00e9dure\" \/>\n<meta property=\"og:description\" content=\"NETTALI.COM - \u201cAlerte ! Barth\u00e9lemy Dias est dans l\u2019\u0153il du cyclone. Apr\u00e8s avoir d\u00e9pos\u00e9 hier, tard dans la nuit, son dossier d\u2019investiture, il est assign\u00e9 pour l\u2019audience du 10 novembre de la 3e Chambre de la Cour d\u2019appel de Dakar. Il ira r\u00e9pondre absolument. Il est en bonne sant\u00e9 et \u00e7a n\u2019entrave en rien l\u2019exercice [&hellip;]\" \/>\n<meta property=\"og:url\" content=\"https:\/\/www.nettali.com\/2021\/11\/10\/affaire-barthelemy-dias-vs-ndiaga-diouf-les-tenants-de-la-procedure\/\" \/>\n<meta property=\"og:site_name\" content=\"Nettali.com\" \/>\n<meta property=\"article:publisher\" content=\"https:\/\/www.facebook.com\/nettalicom\" \/>\n<meta property=\"article:published_time\" content=\"2021-11-10T10:24:51+00:00\" \/>\n<meta property=\"article:modified_time\" content=\"2021-11-10T11:30:53+00:00\" \/>\n<meta property=\"og:image\" content=\"https:\/\/www.nettali.com\/wp-content\/uploads\/2021\/11\/Barth-Ndiaga.jpeg\" \/>\n\t<meta property=\"og:image:width\" content=\"696\" \/>\n\t<meta property=\"og:image:height\" content=\"438\" \/>\n<meta name=\"twitter:card\" content=\"summary_large_image\" \/>\n<meta name=\"twitter:label1\" content=\"\u00c9crit par\" \/>\n\t<meta name=\"twitter:data1\" content=\"Thierno Diop\" \/>\n\t<meta name=\"twitter:label2\" content=\"Dur\u00e9e de lecture estim\u00e9e\" \/>\n\t<meta name=\"twitter:data2\" content=\"3 minutes\" \/>\n<script type=\"application\/ld+json\" class=\"yoast-schema-graph\">{\"@context\":\"https:\/\/schema.org\",\"@graph\":[{\"@type\":\"WebSite\",\"@id\":\"https:\/\/www.nettali.com\/#website\",\"url\":\"https:\/\/www.nettali.com\/\",\"name\":\"Nettali.com\",\"description\":\"Le rendez-vous critique du Net\",\"potentialAction\":[{\"@type\":\"SearchAction\",\"target\":{\"@type\":\"EntryPoint\",\"urlTemplate\":\"https:\/\/www.nettali.com\/?s={search_term_string}\"},\"query-input\":\"required name=search_term_string\"}],\"inLanguage\":\"fr-FR\"},{\"@type\":\"ImageObject\",\"@id\":\"https:\/\/www.nettali.com\/2021\/11\/10\/affaire-barthelemy-dias-vs-ndiaga-diouf-les-tenants-de-la-procedure\/#primaryimage\",\"inLanguage\":\"fr-FR\",\"url\":\"https:\/\/www.nettali.com\/wp-content\/uploads\/2021\/11\/Barth-Ndiaga.jpeg\",\"contentUrl\":\"https:\/\/www.nettali.com\/wp-content\/uploads\/2021\/11\/Barth-Ndiaga.jpeg\",\"width\":696,\"height\":438},{\"@type\":\"WebPage\",\"@id\":\"https:\/\/www.nettali.com\/2021\/11\/10\/affaire-barthelemy-dias-vs-ndiaga-diouf-les-tenants-de-la-procedure\/#webpage\",\"url\":\"https:\/\/www.nettali.com\/2021\/11\/10\/affaire-barthelemy-dias-vs-ndiaga-diouf-les-tenants-de-la-procedure\/\",\"name\":\"AFFAIRE BARTH\\u00c9L\\u00c9MY DIAS VS NDIAGA DIOUF - Les dessous politiques de la proc\\u00e9dure | Nettali.com\",\"isPartOf\":{\"@id\":\"https:\/\/www.nettali.com\/#website\"},\"primaryImageOfPage\":{\"@id\":\"https:\/\/www.nettali.com\/2021\/11\/10\/affaire-barthelemy-dias-vs-ndiaga-diouf-les-tenants-de-la-procedure\/#primaryimage\"},\"datePublished\":\"2021-11-10T10:24:51+00:00\",\"dateModified\":\"2021-11-10T11:30:53+00:00\",\"author\":{\"@id\":\"https:\/\/www.nettali.com\/#\/schema\/person\/8a06c6bd7b19304cf4bf985862900b5b\"},\"breadcrumb\":{\"@id\":\"https:\/\/www.nettali.com\/2021\/11\/10\/affaire-barthelemy-dias-vs-ndiaga-diouf-les-tenants-de-la-procedure\/#breadcrumb\"},\"inLanguage\":\"fr-FR\",\"potentialAction\":[{\"@type\":\"ReadAction\",\"target\":[\"https:\/\/www.nettali.com\/2021\/11\/10\/affaire-barthelemy-dias-vs-ndiaga-diouf-les-tenants-de-la-procedure\/\"]}]},{\"@type\":\"BreadcrumbList\",\"@id\":\"https:\/\/www.nettali.com\/2021\/11\/10\/affaire-barthelemy-dias-vs-ndiaga-diouf-les-tenants-de-la-procedure\/#breadcrumb\",\"itemListElement\":[{\"@type\":\"ListItem\",\"position\":1,\"name\":\"Accueil\",\"item\":\"https:\/\/www.nettali.com\/\"},{\"@type\":\"ListItem\",\"position\":2,\"name\":\"AFFAIRE BARTH\\u00c9L\\u00c9MY DIAS VS NDIAGA DIOUF &#8211; Les dessous politiques de la proc\\u00e9dure\"}]},{\"@type\":\"Person\",\"@id\":\"https:\/\/www.nettali.com\/#\/schema\/person\/8a06c6bd7b19304cf4bf985862900b5b\",\"name\":\"Thierno Diop\",\"image\":{\"@type\":\"ImageObject\",\"@id\":\"https:\/\/www.nettali.com\/#personlogo\",\"inLanguage\":\"fr-FR\",\"url\":\"https:\/\/secure.gravatar.com\/avatar\/c8ca58550c94fd2ac856d27391a6c866?s=96&d=mm&r=g\",\"contentUrl\":\"https:\/\/secure.gravatar.com\/avatar\/c8ca58550c94fd2ac856d27391a6c866?s=96&d=mm&r=g\",\"caption\":\"Thierno Diop\"},\"sameAs\":[\"https:\/\/nettali.com\"]}]}<\/script>\n<!-- \/ Yoast SEO Premium plugin. -->","yoast_head_json":{"title":"AFFAIRE BARTH\u00c9L\u00c9MY DIAS VS NDIAGA DIOUF - Les dessous politiques de la proc\u00e9dure | Nettali.com","robots":{"index":"index","follow":"follow","max-snippet":"max-snippet:-1","max-image-preview":"max-image-preview:large","max-video-preview":"max-video-preview:-1"},"canonical":"https:\/\/www.nettali.com\/2021\/11\/10\/affaire-barthelemy-dias-vs-ndiaga-diouf-les-tenants-de-la-procedure\/","og_locale":"fr_FR","og_type":"article","og_title":"AFFAIRE BARTH\u00c9L\u00c9MY DIAS VS NDIAGA DIOUF - Les dessous politiques de la proc\u00e9dure","og_description":"NETTALI.COM - \u201cAlerte ! Barth\u00e9lemy Dias est dans l\u2019\u0153il du cyclone. Apr\u00e8s avoir d\u00e9pos\u00e9 hier, tard dans la nuit, son dossier d\u2019investiture, il est assign\u00e9 pour l\u2019audience du 10 novembre de la 3e Chambre de la Cour d\u2019appel de Dakar. Il ira r\u00e9pondre absolument. Il est en bonne sant\u00e9 et \u00e7a n\u2019entrave en rien l\u2019exercice [&hellip;]","og_url":"https:\/\/www.nettali.com\/2021\/11\/10\/affaire-barthelemy-dias-vs-ndiaga-diouf-les-tenants-de-la-procedure\/","og_site_name":"Nettali.com","article_publisher":"https:\/\/www.facebook.com\/nettalicom","article_published_time":"2021-11-10T10:24:51+00:00","article_modified_time":"2021-11-10T11:30:53+00:00","og_image":[{"width":696,"height":438,"url":"https:\/\/www.nettali.com\/wp-content\/uploads\/2021\/11\/Barth-Ndiaga.jpeg","type":"image\/jpeg"}],"twitter_card":"summary_large_image","twitter_misc":{"\u00c9crit par":"Thierno Diop","Dur\u00e9e de lecture estim\u00e9e":"3 minutes"},"schema":{"@context":"https:\/\/schema.org","@graph":[{"@type":"WebSite","@id":"https:\/\/www.nettali.com\/#website","url":"https:\/\/www.nettali.com\/","name":"Nettali.com","description":"Le rendez-vous critique du Net","potentialAction":[{"@type":"SearchAction","target":{"@type":"EntryPoint","urlTemplate":"https:\/\/www.nettali.com\/?s={search_term_string}"},"query-input":"required name=search_term_string"}],"inLanguage":"fr-FR"},{"@type":"ImageObject","@id":"https:\/\/www.nettali.com\/2021\/11\/10\/affaire-barthelemy-dias-vs-ndiaga-diouf-les-tenants-de-la-procedure\/#primaryimage","inLanguage":"fr-FR","url":"https:\/\/www.nettali.com\/wp-content\/uploads\/2021\/11\/Barth-Ndiaga.jpeg","contentUrl":"https:\/\/www.nettali.com\/wp-content\/uploads\/2021\/11\/Barth-Ndiaga.jpeg","width":696,"height":438},{"@type":"WebPage","@id":"https:\/\/www.nettali.com\/2021\/11\/10\/affaire-barthelemy-dias-vs-ndiaga-diouf-les-tenants-de-la-procedure\/#webpage","url":"https:\/\/www.nettali.com\/2021\/11\/10\/affaire-barthelemy-dias-vs-ndiaga-diouf-les-tenants-de-la-procedure\/","name":"AFFAIRE BARTH\u00c9L\u00c9MY DIAS VS NDIAGA DIOUF - Les dessous politiques de la proc\u00e9dure | Nettali.com","isPartOf":{"@id":"https:\/\/www.nettali.com\/#website"},"primaryImageOfPage":{"@id":"https:\/\/www.nettali.com\/2021\/11\/10\/affaire-barthelemy-dias-vs-ndiaga-diouf-les-tenants-de-la-procedure\/#primaryimage"},"datePublished":"2021-11-10T10:24:51+00:00","dateModified":"2021-11-10T11:30:53+00:00","author":{"@id":"https:\/\/www.nettali.com\/#\/schema\/person\/8a06c6bd7b19304cf4bf985862900b5b"},"breadcrumb":{"@id":"https:\/\/www.nettali.com\/2021\/11\/10\/affaire-barthelemy-dias-vs-ndiaga-diouf-les-tenants-de-la-procedure\/#breadcrumb"},"inLanguage":"fr-FR","potentialAction":[{"@type":"ReadAction","target":["https:\/\/www.nettali.com\/2021\/11\/10\/affaire-barthelemy-dias-vs-ndiaga-diouf-les-tenants-de-la-procedure\/"]}]},{"@type":"BreadcrumbList","@id":"https:\/\/www.nettali.com\/2021\/11\/10\/affaire-barthelemy-dias-vs-ndiaga-diouf-les-tenants-de-la-procedure\/#breadcrumb","itemListElement":[{"@type":"ListItem","position":1,"name":"Accueil","item":"https:\/\/www.nettali.com\/"},{"@type":"ListItem","position":2,"name":"AFFAIRE BARTH\u00c9L\u00c9MY DIAS VS NDIAGA DIOUF &#8211; Les dessous politiques de la proc\u00e9dure"}]},{"@type":"Person","@id":"https:\/\/www.nettali.com\/#\/schema\/person\/8a06c6bd7b19304cf4bf985862900b5b","name":"Thierno Diop","image":{"@type":"ImageObject","@id":"https:\/\/www.nettali.com\/#personlogo","inLanguage":"fr-FR","url":"https:\/\/secure.gravatar.com\/avatar\/c8ca58550c94fd2ac856d27391a6c866?s=96&d=mm&r=g","contentUrl":"https:\/\/secure.gravatar.com\/avatar\/c8ca58550c94fd2ac856d27391a6c866?s=96&d=mm&r=g","caption":"Thierno Diop"},"sameAs":["https:\/\/nettali.com"]}]}},"_links":{"self":[{"href":"https:\/\/www.nettali.com\/rest\/wp\/v2\/posts\/75320"}],"collection":[{"href":"https:\/\/www.nettali.com\/rest\/wp\/v2\/posts"}],"about":[{"href":"https:\/\/www.nettali.com\/rest\/wp\/v2\/types\/post"}],"author":[{"embeddable":true,"href":"https:\/\/www.nettali.com\/rest\/wp\/v2\/users\/11"}],"replies":[{"embeddable":true,"href":"https:\/\/www.nettali.com\/rest\/wp\/v2\/comments?post=75320"}],"version-history":[{"count":2,"href":"https:\/\/www.nettali.com\/rest\/wp\/v2\/posts\/75320\/revisions"}],"predecessor-version":[{"id":75332,"href":"https:\/\/www.nettali.com\/rest\/wp\/v2\/posts\/75320\/revisions\/75332"}],"wp:featuredmedia":[{"embeddable":true,"href":"https:\/\/www.nettali.com\/rest\/wp\/v2\/media\/75045"}],"wp:attachment":[{"href":"https:\/\/www.nettali.com\/rest\/wp\/v2\/media?parent=75320"}],"wp:term":[{"taxonomy":"category","embeddable":true,"href":"https:\/\/www.nettali.com\/rest\/wp\/v2\/categories?post=75320"},{"taxonomy":"post_tag","embeddable":true,"href":"https:\/\/www.nettali.com\/rest\/wp\/v2\/tags?post=75320"}],"curies":[{"name":"wp","href":"https:\/\/api.w.org\/{rel}","templated":true}]}}