{"id":75297,"date":"2021-11-10T08:55:48","date_gmt":"2021-11-10T08:55:48","guid":{"rendered":"https:\/\/www.nettali.com\/?p=75297"},"modified":"2021-11-10T08:55:48","modified_gmt":"2021-11-10T08:55:48","slug":"proces-barthelemy-dias-les-journalistes-interdits-dacces-au-tribunal-de-dakar","status":"publish","type":"post","link":"https:\/\/www.nettali.com\/2021\/11\/10\/proces-barthelemy-dias-les-journalistes-interdits-dacces-au-tribunal-de-dakar\/","title":{"rendered":"PROC\u00c8S BARTH\u00c9L\u00c9MY DIAS- Les journalistes interdits d'acc\u00e8s au tribunal de Dakar"},"content":{"rendered":"<p><strong>NETTALI.COM-Les gendarmes ont encore remis \u00e7a. Ils ont interdit \u00e0 la presse, l'acc\u00e8s du Palais de justice o\u00f9 doit se tenir le proc\u00e8s de Barth\u00e9l\u00e9my Dias.<\/strong><\/p>\n<p>Le proc\u00e8s en appel de Barth\u00e9l\u00e9my Dias s'ouvre ce mercredi 10 novembre 2021.\u00a0 Cependant il risque de se d\u00e9rouler sans la presse car les gendarmes refusent l'acc\u00e8s du tribunal de Dakar aux journalistes. Le pire, ces derniers sont chass\u00e9s du portail et parqu\u00e9s au parking qui fait face au Palais de justice.<\/p>\n<p>Esp\u00e9rons que les autorit\u00e9s en charge de l'administration du tribunal,\u00a0 notamment le secr\u00e9taire g\u00e9n\u00e9ral, vont r\u00e9agir pour mettre fin \u00e0 ce z\u00e8le des gendarmes.<\/p>\n<div class='share-to-whatsapp-wrapper'><div class='share-on-whsp'>PARTAGER SUR : <\/div><a data-text='PROC\u00c8S BARTH\u00c9L\u00c9MY DIAS- Les journalistes interdits d'acc\u00e8s au tribunal de Dakar' data-link='https:\/\/www.nettali.com\/2021\/11\/10\/proces-barthelemy-dias-les-journalistes-interdits-dacces-au-tribunal-de-dakar\/' class='whatsapp-button whatsapp-share'>WhatsApp<\/a><div class='clear '><\/div><\/div>","protected":false},"excerpt":{"rendered":"<p>NETTALI.COM-Les gendarmes ont encore remis \u00e7a. Ils ont interdit \u00e0 la presse, l'acc\u00e8s du Palais de justice o\u00f9 doit se tenir le proc\u00e8s de Barth\u00e9l\u00e9my Dias. Le proc\u00e8s en appel de Barth\u00e9l\u00e9my Dias s'ouvre ce mercredi 10 novembre 2021.\u00a0 Cependant il risque de se d\u00e9rouler sans la presse car les gendarmes refusent l'acc\u00e8s du tribunal [&hellip;]<\/p>\n","protected":false},"author":6,"featured_media":75298,"comment_status":"open","ping_status":"open","sticky":false,"template":"","format":"standard","meta":{"_et_pb_use_builder":"","_et_pb_old_content":""},"categories":[3],"tags":[],"yoast_head":"<!-- This site is optimized with the Yoast SEO Premium plugin v17.8 (Yoast SEO v17.8) - https:\/\/yoast.com\/wordpress\/plugins\/seo\/ -->\n<title>PROC\u00c8S BARTH\u00c9L\u00c9MY DIAS- Les journalistes interdits d&#039;acc\u00e8s au tribunal de Dakar | Nettali.com<\/title>\n<meta name=\"robots\" content=\"index, follow, max-snippet:-1, max-image-preview:large, max-video-preview:-1\" \/>\n<link rel=\"canonical\" href=\"https:\/\/www.nettali.com\/2021\/11\/10\/proces-barthelemy-dias-les-journalistes-interdits-dacces-au-tribunal-de-dakar\/\" \/>\n<meta property=\"og:locale\" content=\"fr_FR\" \/>\n<meta property=\"og:type\" content=\"article\" \/>\n<meta property=\"og:title\" content=\"PROC\u00c8S BARTH\u00c9L\u00c9MY DIAS- Les journalistes interdits d&#039;acc\u00e8s au tribunal de Dakar\" \/>\n<meta property=\"og:description\" content=\"NETTALI.COM-Les gendarmes ont encore remis \u00e7a. Ils ont interdit \u00e0 la presse, l&#039;acc\u00e8s du Palais de justice o\u00f9 doit se tenir le proc\u00e8s de Barth\u00e9l\u00e9my Dias. Le proc\u00e8s en appel de Barth\u00e9l\u00e9my Dias s&#039;ouvre ce mercredi 10 novembre 2021.\u00a0 Cependant il risque de se d\u00e9rouler sans la presse car les gendarmes refusent l&#039;acc\u00e8s du tribunal [&hellip;]\" \/>\n<meta property=\"og:url\" content=\"https:\/\/www.nettali.com\/2021\/11\/10\/proces-barthelemy-dias-les-journalistes-interdits-dacces-au-tribunal-de-dakar\/\" \/>\n<meta property=\"og:site_name\" content=\"Nettali.com\" \/>\n<meta property=\"article:publisher\" content=\"https:\/\/www.facebook.com\/nettalicom\" \/>\n<meta property=\"article:published_time\" content=\"2021-11-10T08:55:48+00:00\" \/>\n<meta property=\"og:image\" content=\"https:\/\/www.nettali.com\/wp-content\/uploads\/2021\/11\/IMG-20211110-WA0017.jpg\" \/>\n\t<meta property=\"og:image:width\" content=\"1040\" \/>\n\t<meta property=\"og:image:height\" content=\"480\" \/>\n<meta name=\"twitter:card\" content=\"summary_large_image\" \/>\n<meta name=\"twitter:label1\" content=\"\u00c9crit par\" \/>\n\t<meta name=\"twitter:data1\" content=\"Fatou\" \/>\n\t<meta name=\"twitter:label2\" content=\"Dur\u00e9e de lecture estim\u00e9e\" \/>\n\t<meta name=\"twitter:data2\" content=\"1 minute\" \/>\n<script type=\"application\/ld+json\" class=\"yoast-schema-graph\">{\"@context\":\"https:\/\/schema.org\",\"@graph\":[{\"@type\":\"WebSite\",\"@id\":\"https:\/\/www.nettali.com\/#website\",\"url\":\"https:\/\/www.nettali.com\/\",\"name\":\"Nettali.com\",\"description\":\"Le rendez-vous critique du Net\",\"potentialAction\":[{\"@type\":\"SearchAction\",\"target\":{\"@type\":\"EntryPoint\",\"urlTemplate\":\"https:\/\/www.nettali.com\/?s={search_term_string}\"},\"query-input\":\"required name=search_term_string\"}],\"inLanguage\":\"fr-FR\"},{\"@type\":\"ImageObject\",\"@id\":\"https:\/\/www.nettali.com\/2021\/11\/10\/proces-barthelemy-dias-les-journalistes-interdits-dacces-au-tribunal-de-dakar\/#primaryimage\",\"inLanguage\":\"fr-FR\",\"url\":\"https:\/\/www.nettali.com\/wp-content\/uploads\/2021\/11\/IMG-20211110-WA0017.jpg\",\"contentUrl\":\"https:\/\/www.nettali.com\/wp-content\/uploads\/2021\/11\/IMG-20211110-WA0017.jpg\",\"width\":1040,\"height\":480},{\"@type\":\"WebPage\",\"@id\":\"https:\/\/www.nettali.com\/2021\/11\/10\/proces-barthelemy-dias-les-journalistes-interdits-dacces-au-tribunal-de-dakar\/#webpage\",\"url\":\"https:\/\/www.nettali.com\/2021\/11\/10\/proces-barthelemy-dias-les-journalistes-interdits-dacces-au-tribunal-de-dakar\/\",\"name\":\"PROC\\u00c8S BARTH\\u00c9L\\u00c9MY DIAS- Les journalistes interdits d'acc\\u00e8s au tribunal de Dakar | Nettali.com\",\"isPartOf\":{\"@id\":\"https:\/\/www.nettali.com\/#website\"},\"primaryImageOfPage\":{\"@id\":\"https:\/\/www.nettali.com\/2021\/11\/10\/proces-barthelemy-dias-les-journalistes-interdits-dacces-au-tribunal-de-dakar\/#primaryimage\"},\"datePublished\":\"2021-11-10T08:55:48+00:00\",\"dateModified\":\"2021-11-10T08:55:48+00:00\",\"author\":{\"@id\":\"https:\/\/www.nettali.com\/#\/schema\/person\/418274a86bdf87caff7a3ef476bd0bbf\"},\"breadcrumb\":{\"@id\":\"https:\/\/www.nettali.com\/2021\/11\/10\/proces-barthelemy-dias-les-journalistes-interdits-dacces-au-tribunal-de-dakar\/#breadcrumb\"},\"inLanguage\":\"fr-FR\",\"potentialAction\":[{\"@type\":\"ReadAction\",\"target\":[\"https:\/\/www.nettali.com\/2021\/11\/10\/proces-barthelemy-dias-les-journalistes-interdits-dacces-au-tribunal-de-dakar\/\"]}]},{\"@type\":\"BreadcrumbList\",\"@id\":\"https:\/\/www.nettali.com\/2021\/11\/10\/proces-barthelemy-dias-les-journalistes-interdits-dacces-au-tribunal-de-dakar\/#breadcrumb\",\"itemListElement\":[{\"@type\":\"ListItem\",\"position\":1,\"name\":\"Accueil\",\"item\":\"https:\/\/www.nettali.com\/\"},{\"@type\":\"ListItem\",\"position\":2,\"name\":\"PROC\\u00c8S BARTH\\u00c9L\\u00c9MY DIAS- Les journalistes interdits d&rsquo;acc\\u00e8s au tribunal de Dakar\"}]},{\"@type\":\"Person\",\"@id\":\"https:\/\/www.nettali.com\/#\/schema\/person\/418274a86bdf87caff7a3ef476bd0bbf\",\"name\":\"Fatou\",\"image\":{\"@type\":\"ImageObject\",\"@id\":\"https:\/\/www.nettali.com\/#personlogo\",\"inLanguage\":\"fr-FR\",\"url\":\"https:\/\/secure.gravatar.com\/avatar\/5a9442a2bee7b4dcf167cab035858e9a?s=96&d=mm&r=g\",\"contentUrl\":\"https:\/\/secure.gravatar.com\/avatar\/5a9442a2bee7b4dcf167cab035858e9a?s=96&d=mm&r=g\",\"caption\":\"Fatou\"},\"sameAs\":[\"https:\/\/www.nettali.com\"]}]}<\/script>\n<!-- \/ Yoast SEO Premium plugin. -->","yoast_head_json":{"title":"PROC\u00c8S BARTH\u00c9L\u00c9MY DIAS- Les journalistes interdits d'acc\u00e8s au tribunal de Dakar | Nettali.com","robots":{"index":"index","follow":"follow","max-snippet":"max-snippet:-1","max-image-preview":"max-image-preview:large","max-video-preview":"max-video-preview:-1"},"canonical":"https:\/\/www.nettali.com\/2021\/11\/10\/proces-barthelemy-dias-les-journalistes-interdits-dacces-au-tribunal-de-dakar\/","og_locale":"fr_FR","og_type":"article","og_title":"PROC\u00c8S BARTH\u00c9L\u00c9MY DIAS- Les journalistes interdits d'acc\u00e8s au tribunal de Dakar","og_description":"NETTALI.COM-Les gendarmes ont encore remis \u00e7a. Ils ont interdit \u00e0 la presse, l'acc\u00e8s du Palais de justice o\u00f9 doit se tenir le proc\u00e8s de Barth\u00e9l\u00e9my Dias. Le proc\u00e8s en appel de Barth\u00e9l\u00e9my Dias s'ouvre ce mercredi 10 novembre 2021.\u00a0 Cependant il risque de se d\u00e9rouler sans la presse car les gendarmes refusent l'acc\u00e8s du tribunal [&hellip;]","og_url":"https:\/\/www.nettali.com\/2021\/11\/10\/proces-barthelemy-dias-les-journalistes-interdits-dacces-au-tribunal-de-dakar\/","og_site_name":"Nettali.com","article_publisher":"https:\/\/www.facebook.com\/nettalicom","article_published_time":"2021-11-10T08:55:48+00:00","og_image":[{"width":1040,"height":480,"url":"https:\/\/www.nettali.com\/wp-content\/uploads\/2021\/11\/IMG-20211110-WA0017.jpg","type":"image\/jpeg"}],"twitter_card":"summary_large_image","twitter_misc":{"\u00c9crit par":"Fatou","Dur\u00e9e de lecture estim\u00e9e":"1 minute"},"schema":{"@context":"https:\/\/schema.org","@graph":[{"@type":"WebSite","@id":"https:\/\/www.nettali.com\/#website","url":"https:\/\/www.nettali.com\/","name":"Nettali.com","description":"Le rendez-vous critique du Net","potentialAction":[{"@type":"SearchAction","target":{"@type":"EntryPoint","urlTemplate":"https:\/\/www.nettali.com\/?s={search_term_string}"},"query-input":"required name=search_term_string"}],"inLanguage":"fr-FR"},{"@type":"ImageObject","@id":"https:\/\/www.nettali.com\/2021\/11\/10\/proces-barthelemy-dias-les-journalistes-interdits-dacces-au-tribunal-de-dakar\/#primaryimage","inLanguage":"fr-FR","url":"https:\/\/www.nettali.com\/wp-content\/uploads\/2021\/11\/IMG-20211110-WA0017.jpg","contentUrl":"https:\/\/www.nettali.com\/wp-content\/uploads\/2021\/11\/IMG-20211110-WA0017.jpg","width":1040,"height":480},{"@type":"WebPage","@id":"https:\/\/www.nettali.com\/2021\/11\/10\/proces-barthelemy-dias-les-journalistes-interdits-dacces-au-tribunal-de-dakar\/#webpage","url":"https:\/\/www.nettali.com\/2021\/11\/10\/proces-barthelemy-dias-les-journalistes-interdits-dacces-au-tribunal-de-dakar\/","name":"PROC\u00c8S BARTH\u00c9L\u00c9MY DIAS- Les journalistes interdits d'acc\u00e8s au tribunal de Dakar | Nettali.com","isPartOf":{"@id":"https:\/\/www.nettali.com\/#website"},"primaryImageOfPage":{"@id":"https:\/\/www.nettali.com\/2021\/11\/10\/proces-barthelemy-dias-les-journalistes-interdits-dacces-au-tribunal-de-dakar\/#primaryimage"},"datePublished":"2021-11-10T08:55:48+00:00","dateModified":"2021-11-10T08:55:48+00:00","author":{"@id":"https:\/\/www.nettali.com\/#\/schema\/person\/418274a86bdf87caff7a3ef476bd0bbf"},"breadcrumb":{"@id":"https:\/\/www.nettali.com\/2021\/11\/10\/proces-barthelemy-dias-les-journalistes-interdits-dacces-au-tribunal-de-dakar\/#breadcrumb"},"inLanguage":"fr-FR","potentialAction":[{"@type":"ReadAction","target":["https:\/\/www.nettali.com\/2021\/11\/10\/proces-barthelemy-dias-les-journalistes-interdits-dacces-au-tribunal-de-dakar\/"]}]},{"@type":"BreadcrumbList","@id":"https:\/\/www.nettali.com\/2021\/11\/10\/proces-barthelemy-dias-les-journalistes-interdits-dacces-au-tribunal-de-dakar\/#breadcrumb","itemListElement":[{"@type":"ListItem","position":1,"name":"Accueil","item":"https:\/\/www.nettali.com\/"},{"@type":"ListItem","position":2,"name":"PROC\u00c8S BARTH\u00c9L\u00c9MY DIAS- Les journalistes interdits d&rsquo;acc\u00e8s au tribunal de Dakar"}]},{"@type":"Person","@id":"https:\/\/www.nettali.com\/#\/schema\/person\/418274a86bdf87caff7a3ef476bd0bbf","name":"Fatou","image":{"@type":"ImageObject","@id":"https:\/\/www.nettali.com\/#personlogo","inLanguage":"fr-FR","url":"https:\/\/secure.gravatar.com\/avatar\/5a9442a2bee7b4dcf167cab035858e9a?s=96&d=mm&r=g","contentUrl":"https:\/\/secure.gravatar.com\/avatar\/5a9442a2bee7b4dcf167cab035858e9a?s=96&d=mm&r=g","caption":"Fatou"},"sameAs":["https:\/\/www.nettali.com"]}]}},"_links":{"self":[{"href":"https:\/\/www.nettali.com\/rest\/wp\/v2\/posts\/75297"}],"collection":[{"href":"https:\/\/www.nettali.com\/rest\/wp\/v2\/posts"}],"about":[{"href":"https:\/\/www.nettali.com\/rest\/wp\/v2\/types\/post"}],"author":[{"embeddable":true,"href":"https:\/\/www.nettali.com\/rest\/wp\/v2\/users\/6"}],"replies":[{"embeddable":true,"href":"https:\/\/www.nettali.com\/rest\/wp\/v2\/comments?post=75297"}],"version-history":[{"count":3,"href":"https:\/\/www.nettali.com\/rest\/wp\/v2\/posts\/75297\/revisions"}],"predecessor-version":[{"id":75301,"href":"https:\/\/www.nettali.com\/rest\/wp\/v2\/posts\/75297\/revisions\/75301"}],"wp:featuredmedia":[{"embeddable":true,"href":"https:\/\/www.nettali.com\/rest\/wp\/v2\/media\/75298"}],"wp:attachment":[{"href":"https:\/\/www.nettali.com\/rest\/wp\/v2\/media?parent=75297"}],"wp:term":[{"taxonomy":"category","embeddable":true,"href":"https:\/\/www.nettali.com\/rest\/wp\/v2\/categories?post=75297"},{"taxonomy":"post_tag","embeddable":true,"href":"https:\/\/www.nettali.com\/rest\/wp\/v2\/tags?post=75297"}],"curies":[{"name":"wp","href":"https:\/\/api.w.org\/{rel}","templated":true}]}}