{"id":75292,"date":"2021-11-10T07:59:15","date_gmt":"2021-11-10T07:59:15","guid":{"rendered":"https:\/\/www.nettali.com\/?p=75292"},"modified":"2021-11-10T07:59:15","modified_gmt":"2021-11-10T07:59:15","slug":"proces-de-lassassinat-de-sankara-diendere-accuse-lex-premier-ministre-zida","status":"publish","type":"post","link":"https:\/\/www.nettali.com\/2021\/11\/10\/proces-de-lassassinat-de-sankara-diendere-accuse-lex-premier-ministre-zida\/","title":{"rendered":"PROCES DE L\u2019ASSASSINAT DE SANKARA - Diend\u00e9r\u00e9 accuse l\u2019ex-Premier ministre Zida"},"content":{"rendered":"<p><strong>NETTALI.COM - Face du tribunal militaire de Ouagadougou,\u00a0le g\u00e9n\u00e9ral Gilbert Diender\u00e9 a soutenu avoir organis\u00e9 une r\u00e9union entre les hommes charg\u00e9s de la s\u00e9curit\u00e9 du pr\u00e9sident Thomas Sankara et le capitaine Blaise Compaor\u00e9 le 15 octobre 1987. Mais le sergent-chef Hyacinthe Kafando n\u2019a pas pris part \u00e0 cette rencontre. Quelques heures plus tard, des hommes de la garde rapproch\u00e9e de Blaise Compaor\u00e9 tirent sur le pr\u00e9sident Thomas Sankara et ses compagnons. Impossible d\u2019entendre l\u2019adjudant-chef Hyacinthe Kafando dans cette affaire\u00a0: il\u00a0a fui le pays depuis 2015. Et ce, selon le g\u00e9n\u00e9ral Diender\u00e9, avec le soutien de Yacouba Isaac Zida, l\u2019ex-Premier ministre sous la transition.<\/strong><\/p>\n<p>Au Burkina Faso, au proc\u00e8s des pr\u00e9sum\u00e9s assassins du pr\u00e9sident Thomas Sankara et de ses collaborateurs, le 15 octobre 1987, depuis le d\u00e9but des interrogatoires des accus\u00e9s, c\u2019est le nom de Hyacinthe Kafando, sergent-chef au moment des faits, qui revient.<\/p>\n<p>Pendant l\u2019instruction du dossier Sankara, le juge avait d\u00e9livr\u00e9\u00a0une convocation pour entendre l'adjudant-chef Hyacinthe Kafando, qui \u00e9tait encore au Burkina Faso. Mais l\u2019ex-patron de la s\u00e9curit\u00e9 du capitaine Blaise Compaor\u00e9 \u00e0 l'\u00e9poque ne s'\u00e9tait\u00a0pas pr\u00e9sent\u00e9\u00a0au cabinet du juge. \u00ab\u00a0<em>Le neveu de Hyacinthe Kafando, un caporal des forces arm\u00e9es, m\u2019avait inform\u00e9 qu\u2019il y avait une convocation du juge contre son oncle<\/em> \u00bb, soutient le g\u00e9n\u00e9ral Gilbert Diend\u00e9r\u00e9 \u00e0 la barre, en des propos relay\u00e9s par RFL.<\/p>\n<p><strong>Des gendarmes aux trousses\u2026<\/strong><\/p>\n<p>Selon l\u2019ex-chef d\u2019\u00e9tat-major particulier de Blaise Compaor\u00e9, c\u2019est le g\u00e9n\u00e9ral Yacouba Isaac Zida, alors Premier ministre sous la transition, qui aurait sugg\u00e9r\u00e9 \u00e0 Hyacinthe Kafando de ne pas r\u00e9pondre \u00e0 la convocation du 22 juin 2015.\u00a0<em>\u00ab Yacouba Isaac Zida a charg\u00e9 le caporal Mady Pafadnam de pr\u00e9venir Hyacinthe Kafando de quitter le territoire burkinab\u00e8, car le juge d\u2019instruction mettrait \u00e0 ses trousses des gendarmes<\/em>\u00a0\u00bb, explique le g\u00e9n\u00e9ral Diend\u00e9r\u00e9. C\u2019est ainsi que le caporal Mady Pafadnam aurait conduit l\u2019adjudant-chef Hyacinthe Kafando \u00e0 l\u2019une des fronti\u00e8res du Burkina Faso, sans pr\u00e9ciser laquelle.<\/p>\n<p>Le g\u00e9n\u00e9ral Gilbert Diend\u00e9r\u00e9 affirme avoir \u00e9t\u00e9 inculp\u00e9 dans cette affaire sur instruction du g\u00e9n\u00e9ral Yacouba Isaac Zida, qui lui avait pourtant promis qu\u2019il ne serait pas inqui\u00e9t\u00e9.<\/p>\n<div class='share-to-whatsapp-wrapper'><div class='share-on-whsp'>PARTAGER SUR : <\/div><a data-text='PROCES DE L\u2019ASSASSINAT DE SANKARA - Diend\u00e9r\u00e9 accuse l\u2019ex-Premier ministre Zida' data-link='https:\/\/www.nettali.com\/2021\/11\/10\/proces-de-lassassinat-de-sankara-diendere-accuse-lex-premier-ministre-zida\/' class='whatsapp-button whatsapp-share'>WhatsApp<\/a><div class='clear '><\/div><\/div>","protected":false},"excerpt":{"rendered":"<p>NETTALI.COM - Face du tribunal militaire de Ouagadougou,\u00a0le g\u00e9n\u00e9ral Gilbert Diender\u00e9 a soutenu avoir organis\u00e9 une r\u00e9union entre les hommes charg\u00e9s de la s\u00e9curit\u00e9 du pr\u00e9sident Thomas Sankara et le capitaine Blaise Compaor\u00e9 le 15 octobre 1987. Mais le sergent-chef Hyacinthe Kafando n\u2019a pas pris part \u00e0 cette rencontre. Quelques heures plus tard, des hommes [&hellip;]<\/p>\n","protected":false},"author":11,"featured_media":75294,"comment_status":"open","ping_status":"open","sticky":false,"template":"","format":"standard","meta":{"_et_pb_use_builder":"","_et_pb_old_content":""},"categories":[8],"tags":[],"yoast_head":"<!-- This site is optimized with the Yoast SEO Premium plugin v17.8 (Yoast SEO v17.8) - https:\/\/yoast.com\/wordpress\/plugins\/seo\/ -->\n<title>PROCES DE L\u2019ASSASSINAT DE SANKARA - Diend\u00e9r\u00e9 accuse l\u2019ex-Premier ministre Zida | Nettali.com<\/title>\n<meta name=\"robots\" content=\"index, follow, max-snippet:-1, max-image-preview:large, max-video-preview:-1\" \/>\n<link rel=\"canonical\" href=\"https:\/\/www.nettali.com\/2021\/11\/10\/proces-de-lassassinat-de-sankara-diendere-accuse-lex-premier-ministre-zida\/\" \/>\n<meta property=\"og:locale\" content=\"fr_FR\" \/>\n<meta property=\"og:type\" content=\"article\" \/>\n<meta property=\"og:title\" content=\"PROCES DE L\u2019ASSASSINAT DE SANKARA - Diend\u00e9r\u00e9 accuse l\u2019ex-Premier ministre Zida\" \/>\n<meta property=\"og:description\" content=\"NETTALI.COM - Face du tribunal militaire de Ouagadougou,\u00a0le g\u00e9n\u00e9ral Gilbert Diender\u00e9 a soutenu avoir organis\u00e9 une r\u00e9union entre les hommes charg\u00e9s de la s\u00e9curit\u00e9 du pr\u00e9sident Thomas Sankara et le capitaine Blaise Compaor\u00e9 le 15 octobre 1987. Mais le sergent-chef Hyacinthe Kafando n\u2019a pas pris part \u00e0 cette rencontre. Quelques heures plus tard, des hommes [&hellip;]\" \/>\n<meta property=\"og:url\" content=\"https:\/\/www.nettali.com\/2021\/11\/10\/proces-de-lassassinat-de-sankara-diendere-accuse-lex-premier-ministre-zida\/\" \/>\n<meta property=\"og:site_name\" content=\"Nettali.com\" \/>\n<meta property=\"article:publisher\" content=\"https:\/\/www.facebook.com\/nettalicom\" \/>\n<meta property=\"article:published_time\" content=\"2021-11-10T07:59:15+00:00\" \/>\n<meta property=\"og:image\" content=\"https:\/\/www.nettali.com\/wp-content\/uploads\/2021\/11\/dien.jpg\" \/>\n\t<meta property=\"og:image:width\" content=\"592\" \/>\n\t<meta property=\"og:image:height\" content=\"296\" \/>\n<meta name=\"twitter:card\" content=\"summary_large_image\" \/>\n<meta name=\"twitter:label1\" content=\"\u00c9crit par\" \/>\n\t<meta name=\"twitter:data1\" content=\"Thierno Diop\" \/>\n\t<meta name=\"twitter:label2\" content=\"Dur\u00e9e de lecture estim\u00e9e\" \/>\n\t<meta name=\"twitter:data2\" content=\"2 minutes\" \/>\n<script type=\"application\/ld+json\" class=\"yoast-schema-graph\">{\"@context\":\"https:\/\/schema.org\",\"@graph\":[{\"@type\":\"WebSite\",\"@id\":\"https:\/\/www.nettali.com\/#website\",\"url\":\"https:\/\/www.nettali.com\/\",\"name\":\"Nettali.com\",\"description\":\"Le rendez-vous critique du Net\",\"potentialAction\":[{\"@type\":\"SearchAction\",\"target\":{\"@type\":\"EntryPoint\",\"urlTemplate\":\"https:\/\/www.nettali.com\/?s={search_term_string}\"},\"query-input\":\"required name=search_term_string\"}],\"inLanguage\":\"fr-FR\"},{\"@type\":\"ImageObject\",\"@id\":\"https:\/\/www.nettali.com\/2021\/11\/10\/proces-de-lassassinat-de-sankara-diendere-accuse-lex-premier-ministre-zida\/#primaryimage\",\"inLanguage\":\"fr-FR\",\"url\":\"https:\/\/www.nettali.com\/wp-content\/uploads\/2021\/11\/dien.jpg\",\"contentUrl\":\"https:\/\/www.nettali.com\/wp-content\/uploads\/2021\/11\/dien.jpg\",\"width\":592,\"height\":296},{\"@type\":\"WebPage\",\"@id\":\"https:\/\/www.nettali.com\/2021\/11\/10\/proces-de-lassassinat-de-sankara-diendere-accuse-lex-premier-ministre-zida\/#webpage\",\"url\":\"https:\/\/www.nettali.com\/2021\/11\/10\/proces-de-lassassinat-de-sankara-diendere-accuse-lex-premier-ministre-zida\/\",\"name\":\"PROCES DE L\\u2019ASSASSINAT DE SANKARA - Diend\\u00e9r\\u00e9 accuse l\\u2019ex-Premier ministre Zida | Nettali.com\",\"isPartOf\":{\"@id\":\"https:\/\/www.nettali.com\/#website\"},\"primaryImageOfPage\":{\"@id\":\"https:\/\/www.nettali.com\/2021\/11\/10\/proces-de-lassassinat-de-sankara-diendere-accuse-lex-premier-ministre-zida\/#primaryimage\"},\"datePublished\":\"2021-11-10T07:59:15+00:00\",\"dateModified\":\"2021-11-10T07:59:15+00:00\",\"author\":{\"@id\":\"https:\/\/www.nettali.com\/#\/schema\/person\/8a06c6bd7b19304cf4bf985862900b5b\"},\"breadcrumb\":{\"@id\":\"https:\/\/www.nettali.com\/2021\/11\/10\/proces-de-lassassinat-de-sankara-diendere-accuse-lex-premier-ministre-zida\/#breadcrumb\"},\"inLanguage\":\"fr-FR\",\"potentialAction\":[{\"@type\":\"ReadAction\",\"target\":[\"https:\/\/www.nettali.com\/2021\/11\/10\/proces-de-lassassinat-de-sankara-diendere-accuse-lex-premier-ministre-zida\/\"]}]},{\"@type\":\"BreadcrumbList\",\"@id\":\"https:\/\/www.nettali.com\/2021\/11\/10\/proces-de-lassassinat-de-sankara-diendere-accuse-lex-premier-ministre-zida\/#breadcrumb\",\"itemListElement\":[{\"@type\":\"ListItem\",\"position\":1,\"name\":\"Accueil\",\"item\":\"https:\/\/www.nettali.com\/\"},{\"@type\":\"ListItem\",\"position\":2,\"name\":\"PROCES DE L\\u2019ASSASSINAT DE SANKARA &#8211; Diend\\u00e9r\\u00e9 accuse l\\u2019ex-Premier ministre Zida\"}]},{\"@type\":\"Person\",\"@id\":\"https:\/\/www.nettali.com\/#\/schema\/person\/8a06c6bd7b19304cf4bf985862900b5b\",\"name\":\"Thierno Diop\",\"image\":{\"@type\":\"ImageObject\",\"@id\":\"https:\/\/www.nettali.com\/#personlogo\",\"inLanguage\":\"fr-FR\",\"url\":\"https:\/\/secure.gravatar.com\/avatar\/c8ca58550c94fd2ac856d27391a6c866?s=96&d=mm&r=g\",\"contentUrl\":\"https:\/\/secure.gravatar.com\/avatar\/c8ca58550c94fd2ac856d27391a6c866?s=96&d=mm&r=g\",\"caption\":\"Thierno Diop\"},\"sameAs\":[\"https:\/\/nettali.com\"]}]}<\/script>\n<!-- \/ Yoast SEO Premium plugin. -->","yoast_head_json":{"title":"PROCES DE L\u2019ASSASSINAT DE SANKARA - Diend\u00e9r\u00e9 accuse l\u2019ex-Premier ministre Zida | Nettali.com","robots":{"index":"index","follow":"follow","max-snippet":"max-snippet:-1","max-image-preview":"max-image-preview:large","max-video-preview":"max-video-preview:-1"},"canonical":"https:\/\/www.nettali.com\/2021\/11\/10\/proces-de-lassassinat-de-sankara-diendere-accuse-lex-premier-ministre-zida\/","og_locale":"fr_FR","og_type":"article","og_title":"PROCES DE L\u2019ASSASSINAT DE SANKARA - Diend\u00e9r\u00e9 accuse l\u2019ex-Premier ministre Zida","og_description":"NETTALI.COM - Face du tribunal militaire de Ouagadougou,\u00a0le g\u00e9n\u00e9ral Gilbert Diender\u00e9 a soutenu avoir organis\u00e9 une r\u00e9union entre les hommes charg\u00e9s de la s\u00e9curit\u00e9 du pr\u00e9sident Thomas Sankara et le capitaine Blaise Compaor\u00e9 le 15 octobre 1987. Mais le sergent-chef Hyacinthe Kafando n\u2019a pas pris part \u00e0 cette rencontre. Quelques heures plus tard, des hommes [&hellip;]","og_url":"https:\/\/www.nettali.com\/2021\/11\/10\/proces-de-lassassinat-de-sankara-diendere-accuse-lex-premier-ministre-zida\/","og_site_name":"Nettali.com","article_publisher":"https:\/\/www.facebook.com\/nettalicom","article_published_time":"2021-11-10T07:59:15+00:00","og_image":[{"width":592,"height":296,"url":"https:\/\/www.nettali.com\/wp-content\/uploads\/2021\/11\/dien.jpg","type":"image\/jpeg"}],"twitter_card":"summary_large_image","twitter_misc":{"\u00c9crit par":"Thierno Diop","Dur\u00e9e de lecture estim\u00e9e":"2 minutes"},"schema":{"@context":"https:\/\/schema.org","@graph":[{"@type":"WebSite","@id":"https:\/\/www.nettali.com\/#website","url":"https:\/\/www.nettali.com\/","name":"Nettali.com","description":"Le rendez-vous critique du Net","potentialAction":[{"@type":"SearchAction","target":{"@type":"EntryPoint","urlTemplate":"https:\/\/www.nettali.com\/?s={search_term_string}"},"query-input":"required name=search_term_string"}],"inLanguage":"fr-FR"},{"@type":"ImageObject","@id":"https:\/\/www.nettali.com\/2021\/11\/10\/proces-de-lassassinat-de-sankara-diendere-accuse-lex-premier-ministre-zida\/#primaryimage","inLanguage":"fr-FR","url":"https:\/\/www.nettali.com\/wp-content\/uploads\/2021\/11\/dien.jpg","contentUrl":"https:\/\/www.nettali.com\/wp-content\/uploads\/2021\/11\/dien.jpg","width":592,"height":296},{"@type":"WebPage","@id":"https:\/\/www.nettali.com\/2021\/11\/10\/proces-de-lassassinat-de-sankara-diendere-accuse-lex-premier-ministre-zida\/#webpage","url":"https:\/\/www.nettali.com\/2021\/11\/10\/proces-de-lassassinat-de-sankara-diendere-accuse-lex-premier-ministre-zida\/","name":"PROCES DE L\u2019ASSASSINAT DE SANKARA - Diend\u00e9r\u00e9 accuse l\u2019ex-Premier ministre Zida | Nettali.com","isPartOf":{"@id":"https:\/\/www.nettali.com\/#website"},"primaryImageOfPage":{"@id":"https:\/\/www.nettali.com\/2021\/11\/10\/proces-de-lassassinat-de-sankara-diendere-accuse-lex-premier-ministre-zida\/#primaryimage"},"datePublished":"2021-11-10T07:59:15+00:00","dateModified":"2021-11-10T07:59:15+00:00","author":{"@id":"https:\/\/www.nettali.com\/#\/schema\/person\/8a06c6bd7b19304cf4bf985862900b5b"},"breadcrumb":{"@id":"https:\/\/www.nettali.com\/2021\/11\/10\/proces-de-lassassinat-de-sankara-diendere-accuse-lex-premier-ministre-zida\/#breadcrumb"},"inLanguage":"fr-FR","potentialAction":[{"@type":"ReadAction","target":["https:\/\/www.nettali.com\/2021\/11\/10\/proces-de-lassassinat-de-sankara-diendere-accuse-lex-premier-ministre-zida\/"]}]},{"@type":"BreadcrumbList","@id":"https:\/\/www.nettali.com\/2021\/11\/10\/proces-de-lassassinat-de-sankara-diendere-accuse-lex-premier-ministre-zida\/#breadcrumb","itemListElement":[{"@type":"ListItem","position":1,"name":"Accueil","item":"https:\/\/www.nettali.com\/"},{"@type":"ListItem","position":2,"name":"PROCES DE L\u2019ASSASSINAT DE SANKARA &#8211; Diend\u00e9r\u00e9 accuse l\u2019ex-Premier ministre Zida"}]},{"@type":"Person","@id":"https:\/\/www.nettali.com\/#\/schema\/person\/8a06c6bd7b19304cf4bf985862900b5b","name":"Thierno Diop","image":{"@type":"ImageObject","@id":"https:\/\/www.nettali.com\/#personlogo","inLanguage":"fr-FR","url":"https:\/\/secure.gravatar.com\/avatar\/c8ca58550c94fd2ac856d27391a6c866?s=96&d=mm&r=g","contentUrl":"https:\/\/secure.gravatar.com\/avatar\/c8ca58550c94fd2ac856d27391a6c866?s=96&d=mm&r=g","caption":"Thierno Diop"},"sameAs":["https:\/\/nettali.com"]}]}},"_links":{"self":[{"href":"https:\/\/www.nettali.com\/rest\/wp\/v2\/posts\/75292"}],"collection":[{"href":"https:\/\/www.nettali.com\/rest\/wp\/v2\/posts"}],"about":[{"href":"https:\/\/www.nettali.com\/rest\/wp\/v2\/types\/post"}],"author":[{"embeddable":true,"href":"https:\/\/www.nettali.com\/rest\/wp\/v2\/users\/11"}],"replies":[{"embeddable":true,"href":"https:\/\/www.nettali.com\/rest\/wp\/v2\/comments?post=75292"}],"version-history":[{"count":1,"href":"https:\/\/www.nettali.com\/rest\/wp\/v2\/posts\/75292\/revisions"}],"predecessor-version":[{"id":75295,"href":"https:\/\/www.nettali.com\/rest\/wp\/v2\/posts\/75292\/revisions\/75295"}],"wp:featuredmedia":[{"embeddable":true,"href":"https:\/\/www.nettali.com\/rest\/wp\/v2\/media\/75294"}],"wp:attachment":[{"href":"https:\/\/www.nettali.com\/rest\/wp\/v2\/media?parent=75292"}],"wp:term":[{"taxonomy":"category","embeddable":true,"href":"https:\/\/www.nettali.com\/rest\/wp\/v2\/categories?post=75292"},{"taxonomy":"post_tag","embeddable":true,"href":"https:\/\/www.nettali.com\/rest\/wp\/v2\/tags?post=75292"}],"curies":[{"name":"wp","href":"https:\/\/api.w.org\/{rel}","templated":true}]}}