{"id":75226,"date":"2021-11-08T23:14:14","date_gmt":"2021-11-08T23:14:14","guid":{"rendered":"https:\/\/www.nettali.com\/?p=75226"},"modified":"2021-11-08T23:15:45","modified_gmt":"2021-11-08T23:15:45","slug":"a-monsieur-le-general-de-corps-darmee-jean-baptiste-tine-seydina-oumar-toure","status":"publish","type":"post","link":"https:\/\/www.nettali.com\/2021\/11\/08\/a-monsieur-le-general-de-corps-darmee-jean-baptiste-tine-seydina-oumar-toure\/","title":{"rendered":"PAR SEYDINA OUMAR TOURE - A monsieur le g\u00e9n\u00e9ral de corps d\u2019arm\u00e9e Jean Baptiste TINE"},"content":{"rendered":"<div>CONTRIBUTION - Mon g\u00e9n\u00e9ral,<\/div>\n<div>Le 30 septembre 2021 marquait le jour de votre d\u00e9part \u00e0 la retraite, en tant que Haut Commandant de la Gendarmerie Nationale et Directeur de la Justice Militaire, et pour l\u2019occasion, devrait \u00eatre organis\u00e9e pour vous une c\u00e9r\u00e9monie d\u2019adieux \u00e0 la gendarmerie nationale et \u00e0 la R\u00e9publique du S\u00e9n\u00e9gal. Au cours de cette c\u00e9r\u00e9monie solennelle, vous auriez livr\u00e9 un discours et effectu\u00e9 une derni\u00e8re revue des troupes afin de remercier le personnel apr\u00e8s plus de 30 ann\u00e9es de servitude de la part de vos subordonn\u00e9s, de collaboration avec vos coll\u00e8gues officiers et de loyaux services pour la R\u00e9publique.<\/div>\n<div class=\"teads-adCall\"><\/div>\n<div>Cette c\u00e9r\u00e9monie aurait \u00e9galement marqu\u00e9 la reconnaissance de la Gendarmerie et de la R\u00e9publique pour toutes ces ann\u00e9es o\u00f9 vous avez donn\u00e9 de vous-m\u00eame, au service de l\u2019honneur et de la patrie.<\/div>\n<div>Mais \u00e0 ce c\u00e9r\u00e9monial, vous avez pr\u00e9f\u00e9r\u00e9 l\u2019honneur et la dignit\u00e9 dans la sollicitude que le faste d\u2019une grandeur illusoire dans une c\u00e9r\u00e9monie militaire.<\/div>\n<div>Je ne suis nullement anim\u00e9 par le propos d\u2019Aim\u00e9 CESAIRE qui \u00e9crivait \u00abma bouche sera la bouche des malheurs qui n\u2019ont point de bouche\u2026 Ma voix, la libert\u00e9 de celles qui s\u2019affaissent au cachot du d\u00e9sespoir\u00bb, mais d\u2019un devoir de reconnaissance.<\/div>\n<div>Je vous dois cette lettre d\u2019adieux mon g\u00e9n\u00e9ral, \u00e0 d\u00e9faut d\u2019une c\u00e9r\u00e9monie et je sais que la modestie et le sens de l\u2019honneur dont vous avez fait montre jusque-l\u00e0, m\u2019aurait interdit d\u2019\u00e9crire sur vous, si je vous avais saisi \u00e0 ce propos. Malheureusement l\u2019occasion ne s\u2019est plus pr\u00e9sent\u00e9e pour que j\u2019en fasse la demande.<\/div>\n<div>Mon g\u00e9n\u00e9ral,<\/div>\n<div>Je ne vous connais pas en personne, mais par la force du destin, nos chemins se sont crois\u00e9s le 12 mars 2021 \u00e0 15 heures 20 minutes, suite \u00e0 des \u00e9v\u00e9nements malheureux qui ont conduit ult\u00e9rieurement \u00e0 ma radiation des cadres de la gendarmerie nationale.<\/div>\n<div>Pourtant, un mois avant cette date, le 15 f\u00e9vrier 2021 exactement, vous adressiez une lettre de f\u00e9licitation o\u00f9 vous me qualifiiez \u00abd\u2019officier subalterne pers\u00e9v\u00e9rant, tr\u00e8s engag\u00e9 et dot\u00e9 d\u2019un sens \u00e9lev\u00e9 du devoir\u2026\u2026\u2026\u2026.Voir pi\u00e8ce jointe\u00bb. Ce fut la deuxi\u00e8me du genre en deux ann\u00e9es cons\u00e9cutives. C\u2019est ainsi que je me suis comport\u00e9 pendant les 8 ann\u00e9es, pass\u00e9es sous les drapeaux sans le moindre reproche.<\/div>\n<div>Mais \u00e0 la premi\u00e8re faute, j\u2019ai \u00e9t\u00e9 directement propos\u00e9 \u00e0 un conseil d\u2019enqu\u00eate et radi\u00e9 des cadres.<\/div>\n<div>A mon avis, la graduation de la sanction pr\u00e9vue par le d\u00e9cret num\u00e9ro 90-1159 du 12 octobre 1990, portant r\u00e8glement de discipline g\u00e9n\u00e9rale dans les forces arm\u00e9es s\u00e9n\u00e9galaises, n\u2019a pas \u00e9t\u00e9 respect\u00e9e. Et durant mes 60 jours d\u2019arr\u00eat, je fus isol\u00e9 tel un bagnard. Mon t\u00e9l\u00e9phone et mon ordinateur confisqu\u00e9s, ainsi que tout mat\u00e9riel \u00e9lectronique \u00e0 ma disposition. Toute visite m\u2019a \u00e9t\u00e9 interdite, hormis celle de mes deux enfants que je rencontrais 02 heures chaque dimanche. J\u2019ai trouv\u00e9 cette sanction exceptionnellement s\u00e9v\u00e8re mais je l\u2019ai accept\u00e9 et appr\u00e9hend\u00e9 comme l\u2019illustration de la rigueur militaire et de votre droiture, connue de tous au sein de la gendarmerie depuis plus de 30 ans.<\/div>\n<div>Cette sanction, il est vrai qu\u2019elle f\u00fbt extr\u00eame, ce ne fut pourtant pas cet aspect qui m\u2019a le plus marqu\u00e9 en vous, car la d\u00e9cision finale sur mon sort ne vous appartenez pas mon g\u00e9n\u00e9ral.<\/div>\n<div>Ainsi en t\u00e9moigne l\u2019avis d\u00e9favorable du conseil d\u2019enqu\u00eate qui a rejet\u00e9 mon exclusion de la gendarmerie \u00e0 l\u2019unanimit\u00e9.<\/div>\n<div>J\u2019ai \u00e9t\u00e9 plut\u00f4t marqu\u00e9 \u00e0 jamais par votre sens \u00e9lev\u00e9 du devoir et votre sens de la responsabilit\u00e9 du chef militaire. Je me rappelle encore notre rencontre apr\u00e8s mon retour suite \u00e0 05 jours d\u2019absence au service au mois de mars 2021. Lorsque vous m\u2019avez pr\u00eat\u00e9 une oreille ce jour, vous avez courtoisement r\u00e9torqu\u00e9 que quel que soit mon mobile, mon comportement est \u00e0 r\u00e9primer vigoureusement du point de vue de la discipline militaire. Et que pour cela vous ne serez pas complaisant avec moi. Dans votre tentative de d\u00e9samorcer ma col\u00e8re, vous m\u2019avez d\u00e9clar\u00e9 en outre qu\u2019un officier en activit\u00e9 ou hors cadre ou quelle que soit sa position, doit garder en t\u00eate que les personnes avec qui il a servi, verront toujours en lui l\u2019officier qu\u2019ils ont connu en service, donc un exemple.<\/div>\n<div>Pour me rassurer de votre impartialit\u00e9, ce jour, vous avez d\u00e9clar\u00e9 qu\u2019une enqu\u00eate ind\u00e9pendante serait diligent\u00e9e. Mais vous avez persist\u00e9 sur le fait que je ne dois pas \u00eatre d\u00e9pass\u00e9 par une col\u00e8re qui ne profite ni \u00e0 moi ni \u00e0 la R\u00e9publique. Aussi, vous avez indiqu\u00e9 que peu importe la v\u00e9racit\u00e9 de mes d\u00e9clarations, je dois comprendre que je serai seul, jug\u00e9 sur mes agissements. Autrement dit qu\u2019en aucun cas, le comportement des autres ne devra dicter ma conduite future. Ce passage m\u2019a rappel\u00e9 la sagesse du Dalai Lama qui nous enseigne qu\u2019il ne faut pas laisser le comportement des autres venir d\u00e9truire notre paix int\u00e9rieure.<\/div>\n<div>Sans aucune confusion entre rigueur et exc\u00e8s de Z\u00e8le, ni verser dans le sentimentalisme ou l\u2019\u00e9motionnel, vous avez r\u00e9ussi, ce jour, \u00e0 me raisonner. Cette raison d\u2019hier m\u2019habite et me fortifie encore aujourd\u2019hui.<\/div>\n<div>Vous vous \u00eates abstenus de vendre un camarade au prix d\u2019une gloire \u00e9ph\u00e9m\u00e8re. Vous avez \u00e9t\u00e9 juste quand l\u2019injustice \u00e9tait plus avantageuse, me rappelant ainsi cette phrase du g\u00e9n\u00e9ral De gaule disant aux fran\u00e7ais que \u00abnous devons notre libert\u00e9 \u00e0 des hommes qui ne se plient pas, ne s\u2019agenouillent pas, ne se soumettent pas \u00bb. Vous \u00eates l\u2019un d\u2019entre eux mon g\u00e9n\u00e9ral.<\/div>\n<div>Vous \u00eates rest\u00e9s debout tout seul en portant la R\u00e9publique, lorsque certains rasaient les murs. Vous \u00eates rest\u00e9s loyal lorsque vos plus proches collaborateurs se faufilaient entre les mailles de la hi\u00e9rarchie militaire.<\/div>\n<div>Cependant, face au poids \u00e9norme d\u2019une R\u00e9publique qui vacillait de tout bord, votre rigidit\u00e9 a fini par c\u00e9der et vous \u00eates tomb\u00e9s les armes \u00e0 la main.<\/div>\n<div>On ne tient pas debout tout seul sous un poids aussi robuste mon g\u00e9n\u00e9ral. Et votre destin \u00e9tant entre les mains d\u2019un autre, vous avez finalement \u00e9t\u00e9 pouss\u00e9s vers une sortie tr\u00e8s honorable \u00e0 mon avis.<\/div>\n<div>L\u2019un de mes cr\u00e9dos, qui me particularise depuis tout jeune, est de sourire quelle que soit la situation en face. La formation militaire, aussi difficile qu\u2019elle f\u00fbt, ne m\u2019\u00f4t\u00e2t de ce masque plaisant qui surgit \u00e0 chaque fois sur mon visage, par la gr\u00e2ce de Dieu.<\/div>\n<div>Comme disent les ivoiriens, pour moi, c\u2019est toujours ma\u00efs. Car la vie est tr\u00e8s courte et de mon exp\u00e9rience tir\u00e9e de mon v\u00e9cu modeste, j\u2019ai cru comprendre que tout semble \u00eatre un jeu, dont nous sommes acteurs, qui suivent leurs destin\u00e9s.<\/div>\n<div>Une com\u00e9die humaine comme disait Balzac.<\/div>\n<div>Dans ce monde o\u00f9 rien ne s\u2019\u00e9ternise, je m\u2019\u00e9tais promis de ne verser une larme que le jour o\u00f9 ma grand-m\u00e8re me devancerait dans l\u2019au-del\u00e0, si tel serait le cas. Mais le jour o\u00f9 j\u2019ai re\u00e7u le d\u00e9cret portant votre remplacement \u00e0 la t\u00eate de la Gendarmerie Nationale s\u00e9n\u00e9galaise, je fus inconsolable toute la nuit. Encore, que j\u2019ignore si vous vous \u00eates retir\u00e9s ou d\u00e9mis de votre fonction.<\/div>\n<div>Vue votre posture et votre honorabilit\u00e9 dont j\u2019ai \u00e9t\u00e9 t\u00e9moin, je peux affirmer que vous \u00eates meilleurs que moi au sens de l\u2019honneur et du devoir, tels qu\u2019enseign\u00e9s dans une \u00e9cole d\u2019officiers.<\/div>\n<div>Je me suis mis \u00e0 votre place, car tous les officiers sont form\u00e9s sur les m\u00eames principes de base. Chez nous, ou plut\u00f4t dirai je, chez vous, le subordonn\u00e9 ne doit jamais \u00eatre inform\u00e9 des sanctions encourues par ses sup\u00e9rieurs, parce que le commandement est avant tout un mythe qui a travers\u00e9 le temps sans \u00eatre perc\u00e9. Encore, que j\u2019ignore si vous vous \u00eates retir\u00e9s ou d\u00e9mis de votre fonction.<\/div>\n<div>Alors j\u2019ai pu imaginer l\u2019effet d\u2019un remplacement dans ces conditions, pour un g\u00e9n\u00e9ral de corps d\u2019arm\u00e9e. Un journal de la place a m\u00eame os\u00e9 titrer \u00able g\u00e9n\u00e9ral TINE vir\u00e9\u00bb.<\/div>\n<div>Un homme qui sert sa patrie sous les drapeaux, autant d\u2019ann\u00e9e, m\u00e9rite une consid\u00e9ration qui devrait d\u00e9passer nos appartenances politiques.<\/div>\n<div>Malheureusement mon g\u00e9n\u00e9ral nous appartenons \u00e0 l\u2019arm\u00e9e africaine. Une arm\u00e9e d\u2019hommes et de femmes de valeurs qui, pendant des ann\u00e9es se sacrifient pour s\u00e9curiser de jeunes pays en abandonnant familles et perspectives.<\/div>\n<div>L\u2019arm\u00e9e est universelle mais celle d\u2019Afrique est particuli\u00e8re m\u00eame si elle conserve les pratiques de l\u2019occident et de toutes les compartiments militaires du monde. A un pourcentage tr\u00e8s \u00e9lev\u00e9, elle reste attach\u00e9e \u00e0 la culture africaine qui se transmet, se respecte et se r\u00e9p\u00e8te de g\u00e9n\u00e9ration en g\u00e9n\u00e9ration militaire, \u00e0 travers la formation et les traditions propres \u00e0 l\u2019Afrique. H\u00e9las, la destin\u00e9e du militaire africain est entre les mains d\u2019hommes qui ne comprennent pas le sens de l\u2019honneur. En Afrique, un homme ayant une formation militaire, n\u2019est pas ordinaire. Si l\u2019homme politique africain semble se caract\u00e9riser par le mensonge, le d\u00e9dit et la recherche permanente du profit, les militaires, \u00e0 quelques exceptions, sont des hommes encore attach\u00e9s aux valeurs africaines que sont la loyaut\u00e9, la discipline et le d\u00e9vouement \u00e0 la patrie.<\/div>\n<div>Chez nous africains, dans ces m\u00e9tiers dits d\u2019uniformes en g\u00e9n\u00e9ral, l\u2019homme engag\u00e9 est un serviteur tr\u00e8s mal compris, qui se bat chaque jour contre ses prot\u00e9g\u00e9s, que sont ses concitoyens. Il est aussi et surtout constamment confront\u00e9 \u00e0 l\u2019arrogance de l\u2019homme politique qui se croit tout permis.<\/div>\n<div>Ce comportement est une cons\u00e9quence de la tradition coloniale qui fut une grande plaie dans l\u2019\u00e2me de l\u2019Afrique, qui aujourd\u2019hui encore continue de se blesser \u00e0 chaque occasion et comme si le mal devait se r\u00e9p\u00e9ter, il continue \u00e0 hanter notre \u00eatre et notre devenir comme disait l\u2019autre.<\/div>\n<div>De cette occupation de jadis, n\u2019acquit des R\u00e9publiques \u00e0 l\u2019image de l\u2019occupant qui r\u00e9gnait en maitre et non en serviteur, que doit repr\u00e9sentait tout homme d\u2019Etat. Issu de cette tradition, l\u2019homme politique africain pense \u00e0 tort que les entit\u00e9s de s\u00e9curit\u00e9 sont des bras arm\u00e9s usit\u00e9s pour faire taire ou pour encourager uniquement la politique du parti au pouvoir.<\/div>\n<div>Face \u00e0 cette situation difficile, la marge de man\u0153uvre du chef militaire ou policier africain est tr\u00e8s \u00e9troite.<\/div>\n<div>Malheureusement il est tiraill\u00e9 tout au long de sa carri\u00e8re dans un dilemme complexe. En effet, il est souvent oblig\u00e9 d\u2019\u00eatre proche de ses hommes, \u00e0 qui il doit prouver que les principes militaires ne sont pas qu\u2019une utopie, au risque de perdre l\u2019estime de ses subordonn\u00e9s, qui sont attach\u00e9s \u00e0 cette hi\u00e9rarchie qui nourrit d\u00e9sormais un mythe sous la houlette de la sanction.<\/div>\n<div>Mais la r\u00e9alit\u00e9 de la politique africaine oblige le militaire quelle que soit sa rigueur, \u00e0 se plier aux d\u00e9sirs souvent malsains d\u2019un civil ignorant les r\u00e8gles de base de la dignit\u00e9 militaire. Alors le militaire se politise peu \u00e0 peu, en d\u00e9truisant l\u2019arm\u00e9e \u00e0 petit feu. Celui qu\u2019on appelle chef supr\u00eame des arm\u00e9es en Afrique, que nos constitutions mettent souvent au rang d\u2019omnipotents, parfois avec un pass\u00e9 tumultueux, d\u00e9cide du destin des hommes d\u2019honneur que sont les militaires. Alors seulement maintenant, je comprends pourquoi tant de r\u00e9voltes et de coups de force qui, garnissent tristement le palmar\u00e8s du pouvoir en Afrique.<\/div>\n<div>N\u2019\u00e9coutez pas mon g\u00e9n\u00e9ral les incultes, car ils ne connaissent pas la r\u00e9alit\u00e9 militaire, \u00e9coutez plut\u00f4t ceux qui ont la m\u00eame formation de base que vous. Ceux-l\u00e0 savent et peuvent appr\u00e9cier votre vraie valeur.<\/div>\n<div>Pour me consoler, je me rappelle souvent d\u2019une partie importante du dernier discours d\u2019un de mes formateurs \u00e0 l\u2019\u00e9cole de gendarmerie qui nous disait \u00abRappelez-vous d\u00e9sormais que sur terre, il existe deux types de personnes, les officiers et les autres. Vous \u00eates les officiers et cela doit se remarquer dans votre d\u00e9marche, qui incarnera la fiert\u00e9. Votre honneur doit se lire sur votre visage quelle que soit la circonstance.<\/div>\n<div>Soyez surs que vous ne serez pas riches dans l\u2019arm\u00e9e mais vous ne serez pas mis\u00e9rables car l\u2019honneur et la dignit\u00e9 seront toujours au rendez-vous. Et lorsque l\u2019on vous reprendra votre dignit\u00e9 et votre honneur partez de l\u2019arm\u00e9e, car vous ne deviendrez plus qu\u2019un salari\u00e9, prisonnier d\u2019une solde et d\u2019un sort, dont l\u2019issue ne peut-\u00eatre que d\u00e9shonneur\u00bb. Si un officier subalterne se voit comme tel, un officier g\u00e9n\u00e9ral se verra surement comme un Dieu, je n\u2019ai donc aucune crainte pour votre \u00e9tat d\u2019esprit mon g\u00e9n\u00e9ral.<\/div>\n<div>Mon g\u00e9n\u00e9ral, vous voil\u00e0 dans la deuxi\u00e8me section des cadres de l\u2019Etat-major g\u00e9n\u00e9ral, mais les initi\u00e9s seront en mesure de comprendre que vous \u00eates tenus jusqu\u2019\u00e0 65 ans. Donc servir encore 05 ans, est une obligation et non un choix.<\/div>\n<div>J\u2019imagine d\u00e9j\u00e0 votre amertume, \u00e9tant oblig\u00e9 de servir avec des hommes dont le mythe que demande une fonction au sommet n\u2019est qu\u2019une illusion. Dans cette situation extr\u00eamement d\u00e9plorable et sensible, o\u00f9 l\u2019opposant politique est confondu \u00e0 un ennemi d\u2019Etat et ce dernier qui, pour se d\u00e9fendre confond la patrie au parti du Pr\u00e9sident, mon g\u00e9n\u00e9ral, tournez-vous vers le Seigneur, qui seul peut nous venir en aide et prier pour notre R\u00e9publique orpheline, qui vit ses moments les plus sombres de son histoire.<\/div>\n<div>Je prendrai cong\u00e9 de vous mon g\u00e9n\u00e9ral en me rappelant de cette c\u00e9l\u00e8bre citation d\u2019Abraham LINCOLN qui disait aux am\u00e9ricains que la vie ne r\u00e9sume pas aux aiguilles d\u2019une montre mais plut\u00f4t \u00e0 la qualit\u00e9 des actes qu\u2019on pose pendant notre s\u00e9jour bref et passager sur terre.<\/div>\n<div>En attendant la suite que vous r\u00e9serve le destin, sachez que votre nom reste \u00e0 jamais, inscrit au panth\u00e9on des immortels de notre ch\u00e8re patrie, le S\u00e9n\u00e9gal.<\/div>\n<div>Que l\u2019\u00e9ternel soit votre berger et qu\u2019il vous guide mon g\u00e9n\u00e9ral.<\/div>\n<div>En esp\u00e9rant avoir le privil\u00e8ge de vous rencontrer dans le futur, Veuillez agr\u00e9er mon g\u00e9n\u00e9ral, l\u2019expression de mon profond respect et de ma plus haute consid\u00e9ration.<\/div>\n<div>Votre subordonn\u00e9 et ancien camarade officier, au temps de votre commandement.<\/div>\n<div><\/div>\n<div>\n<p>Monsieur Seydina Oumar TOURE, ex capitaine.<\/p>\n<\/div>\n<div class='share-to-whatsapp-wrapper'><div class='share-on-whsp'>PARTAGER SUR : <\/div><a data-text='PAR SEYDINA OUMAR TOURE - A monsieur le g\u00e9n\u00e9ral de corps d\u2019arm\u00e9e Jean Baptiste TINE' data-link='https:\/\/www.nettali.com\/2021\/11\/08\/a-monsieur-le-general-de-corps-darmee-jean-baptiste-tine-seydina-oumar-toure\/' class='whatsapp-button whatsapp-share'>WhatsApp<\/a><div class='clear '><\/div><\/div>","protected":false},"excerpt":{"rendered":"<p>CONTRIBUTION - Mon g\u00e9n\u00e9ral, Le 30 septembre 2021 marquait le jour de votre d\u00e9part \u00e0 la retraite, en tant que Haut Commandant de la Gendarmerie Nationale et Directeur de la Justice Militaire, et pour l\u2019occasion, devrait \u00eatre organis\u00e9e pour vous une c\u00e9r\u00e9monie d\u2019adieux \u00e0 la gendarmerie nationale et \u00e0 la R\u00e9publique du S\u00e9n\u00e9gal. Au cours [&hellip;]<\/p>\n","protected":false},"author":11,"featured_media":27156,"comment_status":"open","ping_status":"open","sticky":false,"template":"","format":"standard","meta":{"_et_pb_use_builder":"","_et_pb_old_content":""},"categories":[23,34933],"tags":[],"yoast_head":"<!-- This site is optimized with the Yoast SEO Premium plugin v17.8 (Yoast SEO v17.8) - https:\/\/yoast.com\/wordpress\/plugins\/seo\/ -->\n<title>PAR SEYDINA OUMAR TOURE - A monsieur le g\u00e9n\u00e9ral de corps d\u2019arm\u00e9e Jean Baptiste TINE | Nettali.com<\/title>\n<meta name=\"robots\" content=\"index, follow, max-snippet:-1, max-image-preview:large, max-video-preview:-1\" \/>\n<link rel=\"canonical\" href=\"https:\/\/www.nettali.com\/2021\/11\/08\/a-monsieur-le-general-de-corps-darmee-jean-baptiste-tine-seydina-oumar-toure\/\" \/>\n<meta property=\"og:locale\" content=\"fr_FR\" \/>\n<meta property=\"og:type\" content=\"article\" \/>\n<meta property=\"og:title\" content=\"PAR SEYDINA OUMAR TOURE - A monsieur le g\u00e9n\u00e9ral de corps d\u2019arm\u00e9e Jean Baptiste TINE\" \/>\n<meta property=\"og:description\" content=\"CONTRIBUTION - Mon g\u00e9n\u00e9ral, Le 30 septembre 2021 marquait le jour de votre d\u00e9part \u00e0 la retraite, en tant que Haut Commandant de la Gendarmerie Nationale et Directeur de la Justice Militaire, et pour l\u2019occasion, devrait \u00eatre organis\u00e9e pour vous une c\u00e9r\u00e9monie d\u2019adieux \u00e0 la gendarmerie nationale et \u00e0 la R\u00e9publique du S\u00e9n\u00e9gal. Au cours [&hellip;]\" \/>\n<meta property=\"og:url\" content=\"https:\/\/www.nettali.com\/2021\/11\/08\/a-monsieur-le-general-de-corps-darmee-jean-baptiste-tine-seydina-oumar-toure\/\" \/>\n<meta property=\"og:site_name\" content=\"Nettali.com\" \/>\n<meta property=\"article:publisher\" content=\"https:\/\/www.facebook.com\/nettalicom\" \/>\n<meta property=\"article:published_time\" content=\"2021-11-08T23:14:14+00:00\" \/>\n<meta property=\"article:modified_time\" content=\"2021-11-08T23:15:45+00:00\" \/>\n<meta property=\"og:image\" content=\"https:\/\/www.nettali.com\/wp-content\/uploads\/2020\/01\/Jean-baptiste-Tine.jpg\" \/>\n\t<meta property=\"og:image:width\" content=\"720\" \/>\n\t<meta property=\"og:image:height\" content=\"480\" \/>\n<meta name=\"twitter:card\" content=\"summary_large_image\" \/>\n<meta name=\"twitter:label1\" content=\"\u00c9crit par\" \/>\n\t<meta name=\"twitter:data1\" content=\"Thierno Diop\" \/>\n\t<meta name=\"twitter:label2\" content=\"Dur\u00e9e de lecture estim\u00e9e\" \/>\n\t<meta name=\"twitter:data2\" content=\"10 minutes\" \/>\n<script type=\"application\/ld+json\" class=\"yoast-schema-graph\">{\"@context\":\"https:\/\/schema.org\",\"@graph\":[{\"@type\":\"WebSite\",\"@id\":\"https:\/\/www.nettali.com\/#website\",\"url\":\"https:\/\/www.nettali.com\/\",\"name\":\"Nettali.com\",\"description\":\"Le rendez-vous critique du Net\",\"potentialAction\":[{\"@type\":\"SearchAction\",\"target\":{\"@type\":\"EntryPoint\",\"urlTemplate\":\"https:\/\/www.nettali.com\/?s={search_term_string}\"},\"query-input\":\"required name=search_term_string\"}],\"inLanguage\":\"fr-FR\"},{\"@type\":\"ImageObject\",\"@id\":\"https:\/\/www.nettali.com\/2021\/11\/08\/a-monsieur-le-general-de-corps-darmee-jean-baptiste-tine-seydina-oumar-toure\/#primaryimage\",\"inLanguage\":\"fr-FR\",\"url\":\"https:\/\/www.nettali.com\/wp-content\/uploads\/2020\/01\/Jean-baptiste-Tine.jpg\",\"contentUrl\":\"https:\/\/www.nettali.com\/wp-content\/uploads\/2020\/01\/Jean-baptiste-Tine.jpg\",\"width\":720,\"height\":480},{\"@type\":\"WebPage\",\"@id\":\"https:\/\/www.nettali.com\/2021\/11\/08\/a-monsieur-le-general-de-corps-darmee-jean-baptiste-tine-seydina-oumar-toure\/#webpage\",\"url\":\"https:\/\/www.nettali.com\/2021\/11\/08\/a-monsieur-le-general-de-corps-darmee-jean-baptiste-tine-seydina-oumar-toure\/\",\"name\":\"PAR SEYDINA OUMAR TOURE - A monsieur le g\\u00e9n\\u00e9ral de corps d\\u2019arm\\u00e9e Jean Baptiste TINE | Nettali.com\",\"isPartOf\":{\"@id\":\"https:\/\/www.nettali.com\/#website\"},\"primaryImageOfPage\":{\"@id\":\"https:\/\/www.nettali.com\/2021\/11\/08\/a-monsieur-le-general-de-corps-darmee-jean-baptiste-tine-seydina-oumar-toure\/#primaryimage\"},\"datePublished\":\"2021-11-08T23:14:14+00:00\",\"dateModified\":\"2021-11-08T23:15:45+00:00\",\"author\":{\"@id\":\"https:\/\/www.nettali.com\/#\/schema\/person\/8a06c6bd7b19304cf4bf985862900b5b\"},\"breadcrumb\":{\"@id\":\"https:\/\/www.nettali.com\/2021\/11\/08\/a-monsieur-le-general-de-corps-darmee-jean-baptiste-tine-seydina-oumar-toure\/#breadcrumb\"},\"inLanguage\":\"fr-FR\",\"potentialAction\":[{\"@type\":\"ReadAction\",\"target\":[\"https:\/\/www.nettali.com\/2021\/11\/08\/a-monsieur-le-general-de-corps-darmee-jean-baptiste-tine-seydina-oumar-toure\/\"]}]},{\"@type\":\"BreadcrumbList\",\"@id\":\"https:\/\/www.nettali.com\/2021\/11\/08\/a-monsieur-le-general-de-corps-darmee-jean-baptiste-tine-seydina-oumar-toure\/#breadcrumb\",\"itemListElement\":[{\"@type\":\"ListItem\",\"position\":1,\"name\":\"Accueil\",\"item\":\"https:\/\/www.nettali.com\/\"},{\"@type\":\"ListItem\",\"position\":2,\"name\":\"PAR SEYDINA OUMAR TOURE &#8211; A monsieur le g\\u00e9n\\u00e9ral de corps d\\u2019arm\\u00e9e Jean Baptiste TINE\"}]},{\"@type\":\"Person\",\"@id\":\"https:\/\/www.nettali.com\/#\/schema\/person\/8a06c6bd7b19304cf4bf985862900b5b\",\"name\":\"Thierno Diop\",\"image\":{\"@type\":\"ImageObject\",\"@id\":\"https:\/\/www.nettali.com\/#personlogo\",\"inLanguage\":\"fr-FR\",\"url\":\"https:\/\/secure.gravatar.com\/avatar\/c8ca58550c94fd2ac856d27391a6c866?s=96&d=mm&r=g\",\"contentUrl\":\"https:\/\/secure.gravatar.com\/avatar\/c8ca58550c94fd2ac856d27391a6c866?s=96&d=mm&r=g\",\"caption\":\"Thierno Diop\"},\"sameAs\":[\"https:\/\/nettali.com\"]}]}<\/script>\n<!-- \/ Yoast SEO Premium plugin. -->","yoast_head_json":{"title":"PAR SEYDINA OUMAR TOURE - A monsieur le g\u00e9n\u00e9ral de corps d\u2019arm\u00e9e Jean Baptiste TINE | Nettali.com","robots":{"index":"index","follow":"follow","max-snippet":"max-snippet:-1","max-image-preview":"max-image-preview:large","max-video-preview":"max-video-preview:-1"},"canonical":"https:\/\/www.nettali.com\/2021\/11\/08\/a-monsieur-le-general-de-corps-darmee-jean-baptiste-tine-seydina-oumar-toure\/","og_locale":"fr_FR","og_type":"article","og_title":"PAR SEYDINA OUMAR TOURE - A monsieur le g\u00e9n\u00e9ral de corps d\u2019arm\u00e9e Jean Baptiste TINE","og_description":"CONTRIBUTION - Mon g\u00e9n\u00e9ral, Le 30 septembre 2021 marquait le jour de votre d\u00e9part \u00e0 la retraite, en tant que Haut Commandant de la Gendarmerie Nationale et Directeur de la Justice Militaire, et pour l\u2019occasion, devrait \u00eatre organis\u00e9e pour vous une c\u00e9r\u00e9monie d\u2019adieux \u00e0 la gendarmerie nationale et \u00e0 la R\u00e9publique du S\u00e9n\u00e9gal. Au cours [&hellip;]","og_url":"https:\/\/www.nettali.com\/2021\/11\/08\/a-monsieur-le-general-de-corps-darmee-jean-baptiste-tine-seydina-oumar-toure\/","og_site_name":"Nettali.com","article_publisher":"https:\/\/www.facebook.com\/nettalicom","article_published_time":"2021-11-08T23:14:14+00:00","article_modified_time":"2021-11-08T23:15:45+00:00","og_image":[{"width":720,"height":480,"url":"https:\/\/www.nettali.com\/wp-content\/uploads\/2020\/01\/Jean-baptiste-Tine.jpg","type":"image\/jpeg"}],"twitter_card":"summary_large_image","twitter_misc":{"\u00c9crit par":"Thierno Diop","Dur\u00e9e de lecture estim\u00e9e":"10 minutes"},"schema":{"@context":"https:\/\/schema.org","@graph":[{"@type":"WebSite","@id":"https:\/\/www.nettali.com\/#website","url":"https:\/\/www.nettali.com\/","name":"Nettali.com","description":"Le rendez-vous critique du Net","potentialAction":[{"@type":"SearchAction","target":{"@type":"EntryPoint","urlTemplate":"https:\/\/www.nettali.com\/?s={search_term_string}"},"query-input":"required name=search_term_string"}],"inLanguage":"fr-FR"},{"@type":"ImageObject","@id":"https:\/\/www.nettali.com\/2021\/11\/08\/a-monsieur-le-general-de-corps-darmee-jean-baptiste-tine-seydina-oumar-toure\/#primaryimage","inLanguage":"fr-FR","url":"https:\/\/www.nettali.com\/wp-content\/uploads\/2020\/01\/Jean-baptiste-Tine.jpg","contentUrl":"https:\/\/www.nettali.com\/wp-content\/uploads\/2020\/01\/Jean-baptiste-Tine.jpg","width":720,"height":480},{"@type":"WebPage","@id":"https:\/\/www.nettali.com\/2021\/11\/08\/a-monsieur-le-general-de-corps-darmee-jean-baptiste-tine-seydina-oumar-toure\/#webpage","url":"https:\/\/www.nettali.com\/2021\/11\/08\/a-monsieur-le-general-de-corps-darmee-jean-baptiste-tine-seydina-oumar-toure\/","name":"PAR SEYDINA OUMAR TOURE - A monsieur le g\u00e9n\u00e9ral de corps d\u2019arm\u00e9e Jean Baptiste TINE | Nettali.com","isPartOf":{"@id":"https:\/\/www.nettali.com\/#website"},"primaryImageOfPage":{"@id":"https:\/\/www.nettali.com\/2021\/11\/08\/a-monsieur-le-general-de-corps-darmee-jean-baptiste-tine-seydina-oumar-toure\/#primaryimage"},"datePublished":"2021-11-08T23:14:14+00:00","dateModified":"2021-11-08T23:15:45+00:00","author":{"@id":"https:\/\/www.nettali.com\/#\/schema\/person\/8a06c6bd7b19304cf4bf985862900b5b"},"breadcrumb":{"@id":"https:\/\/www.nettali.com\/2021\/11\/08\/a-monsieur-le-general-de-corps-darmee-jean-baptiste-tine-seydina-oumar-toure\/#breadcrumb"},"inLanguage":"fr-FR","potentialAction":[{"@type":"ReadAction","target":["https:\/\/www.nettali.com\/2021\/11\/08\/a-monsieur-le-general-de-corps-darmee-jean-baptiste-tine-seydina-oumar-toure\/"]}]},{"@type":"BreadcrumbList","@id":"https:\/\/www.nettali.com\/2021\/11\/08\/a-monsieur-le-general-de-corps-darmee-jean-baptiste-tine-seydina-oumar-toure\/#breadcrumb","itemListElement":[{"@type":"ListItem","position":1,"name":"Accueil","item":"https:\/\/www.nettali.com\/"},{"@type":"ListItem","position":2,"name":"PAR SEYDINA OUMAR TOURE &#8211; A monsieur le g\u00e9n\u00e9ral de corps d\u2019arm\u00e9e Jean Baptiste TINE"}]},{"@type":"Person","@id":"https:\/\/www.nettali.com\/#\/schema\/person\/8a06c6bd7b19304cf4bf985862900b5b","name":"Thierno Diop","image":{"@type":"ImageObject","@id":"https:\/\/www.nettali.com\/#personlogo","inLanguage":"fr-FR","url":"https:\/\/secure.gravatar.com\/avatar\/c8ca58550c94fd2ac856d27391a6c866?s=96&d=mm&r=g","contentUrl":"https:\/\/secure.gravatar.com\/avatar\/c8ca58550c94fd2ac856d27391a6c866?s=96&d=mm&r=g","caption":"Thierno Diop"},"sameAs":["https:\/\/nettali.com"]}]}},"_links":{"self":[{"href":"https:\/\/www.nettali.com\/rest\/wp\/v2\/posts\/75226"}],"collection":[{"href":"https:\/\/www.nettali.com\/rest\/wp\/v2\/posts"}],"about":[{"href":"https:\/\/www.nettali.com\/rest\/wp\/v2\/types\/post"}],"author":[{"embeddable":true,"href":"https:\/\/www.nettali.com\/rest\/wp\/v2\/users\/11"}],"replies":[{"embeddable":true,"href":"https:\/\/www.nettali.com\/rest\/wp\/v2\/comments?post=75226"}],"version-history":[{"count":3,"href":"https:\/\/www.nettali.com\/rest\/wp\/v2\/posts\/75226\/revisions"}],"predecessor-version":[{"id":75229,"href":"https:\/\/www.nettali.com\/rest\/wp\/v2\/posts\/75226\/revisions\/75229"}],"wp:featuredmedia":[{"embeddable":true,"href":"https:\/\/www.nettali.com\/rest\/wp\/v2\/media\/27156"}],"wp:attachment":[{"href":"https:\/\/www.nettali.com\/rest\/wp\/v2\/media?parent=75226"}],"wp:term":[{"taxonomy":"category","embeddable":true,"href":"https:\/\/www.nettali.com\/rest\/wp\/v2\/categories?post=75226"},{"taxonomy":"post_tag","embeddable":true,"href":"https:\/\/www.nettali.com\/rest\/wp\/v2\/tags?post=75226"}],"curies":[{"name":"wp","href":"https:\/\/api.w.org\/{rel}","templated":true}]}}