{"id":75223,"date":"2021-11-08T20:41:52","date_gmt":"2021-11-08T20:41:52","guid":{"rendered":"https:\/\/www.nettali.com\/?p=75223"},"modified":"2021-11-09T09:31:36","modified_gmt":"2021-11-09T09:31:36","slug":"ousmane-sonko-soyons-tous-prets-au-sacrifice","status":"publish","type":"post","link":"https:\/\/www.nettali.com\/2021\/11\/08\/ousmane-sonko-soyons-tous-prets-au-sacrifice\/","title":{"rendered":"OUSMANE SONKO  - \"Soyons tous pr\u00eats au sacrifice...\""},"content":{"rendered":"<p><strong>NETTALI.COM\u00a0 - La violence subie ce lundi \u00e0 K\u00e9dougou par Moustapha Guirassy et ses partisans a fait r\u00e9agir Ousmane Sonko. Le leader de Pastef appelle les S\u00e9n\u00e9galais \u00e0 \u00eatre pr\u00eats au sacrifice car, selon lui, il va de l'avenir du pays. Voici le texte qu'il a publi\u00e9 \u00e0 cet effet.\u00a0<\/strong><\/p>\n<p>\"Je viens de visionner l'agression l\u00e2che et inepte dont vient de faire l'objet mon ami, fr\u00e8re et coll\u00e8gue, l'honorable d\u00e9put\u00e9 Moustapha Mamba Guirassy, qui a \u00e9t\u00e9 outrageusement charg\u00e9 et poursuivi jusque dans son domicile par des agents z\u00e9l\u00e9s.<br \/>\nRien ne justifiait cette brutalit\u00e9 polici\u00e8re gratuitement exerc\u00e9e sur un citoyen, \u00e9lu de surcro\u00eet, qui n'a commis aucun tort, sinon d'avoir, pacifiquement, exerc\u00e9 son droit \u00e0 \u00eatre inform\u00e9 par l'autorit\u00e9 administrative et \u00e0 informer l'opinion par une adresse \u00e0 la presse locale.<br \/>\nChers compatriotes, jeunesse du S\u00e9n\u00e9gal, ce qui se passe depuis quelques jours d\u00e9note de la volont\u00e9 de Macky Sall de passer en force et de confisquer un pouvoir que son bilan calamiteux ne peut lui garantir \u00e0 travers des scrutins locaux, l\u00e9gislatifs et pr\u00e9sidentiel libres, transparents et d\u00e9mocratiques.<br \/>\nDans ce dessein, le premier acte de la sale besogne est jou\u00e9 par une partie de l'administration territoriale, sous la protection des forces de d\u00e9fense et de s\u00e9curit\u00e9 en passe de devenir une milice priv\u00e9e de l'Apr et de Bby.<\/p>\n<p>La strat\u00e9gie est simple : faire obstruction \u00e0 la libre participation de l'opposition aux \u00e9lections, brimer toutes contestations par une r\u00e9pression aveugle et emprisonner \u00e0 tout va pour freiner la r\u00e9sistance. C'est \u00e0 ce moment qu'interviendrait ce qu'il est encore convenu d'appeler \u00abla Justice\u00bb, s'appuyant sur un arsenal l\u00e9gislatif liberticide r\u00e9cemment vot\u00e9 en pr\u00e9lude \u00e0 son coup de force pr\u00e9m\u00e9dit\u00e9, qui leur permet d'asseoir une dictature sous le fallacieux pr\u00e9texte de \u00ablutte contre le terrorisme\u00bb.<br \/>\nCe terrorisme justement de Macky Sall ne passera pas ! Pas au S\u00e9n\u00e9gal en tout cas.<br \/>\nJ'en appelle \u00e0 la r\u00e9sistance totale !<br \/>\nLa r\u00e9sistance de tous les segments de la soci\u00e9t\u00e9, et singuli\u00e8rement de cette jeunesse dont il veut hypoth\u00e9quer et compromettre l'avenir apr\u00e8s avoir compromis toutes les opportunit\u00e9s qui se sont pr\u00e9sent\u00e9es \u00e0 elle tout au long de ces dix derni\u00e8res ann\u00e9es, sous sa gouvernance scabreuse, incomp\u00e9tente et corrompue.<br \/>\nSoyons tous pr\u00eats au sacrifice car il en va de l'avenir de ce pays et de celui de nos enfants et petits-enfants.<br \/>\nAucun calcul ne pourra justifier de laisser une petite minorit\u00e9 de rapaces faire main basse sur notre destin\u00e9e.<br \/>\nSi vis Pacem, para bellum!\".<\/p>\n<div class='share-to-whatsapp-wrapper'><div class='share-on-whsp'>PARTAGER SUR : <\/div><a data-text='OUSMANE SONKO  - \"Soyons tous pr\u00eats au sacrifice...\"' data-link='https:\/\/www.nettali.com\/2021\/11\/08\/ousmane-sonko-soyons-tous-prets-au-sacrifice\/' class='whatsapp-button whatsapp-share'>WhatsApp<\/a><div class='clear '><\/div><\/div>","protected":false},"excerpt":{"rendered":"<p>NETTALI.COM\u00a0 - La violence subie ce lundi \u00e0 K\u00e9dougou par Moustapha Guirassy et ses partisans a fait r\u00e9agir Ousmane Sonko. Le leader de Pastef appelle les S\u00e9n\u00e9galais \u00e0 \u00eatre pr\u00eats au sacrifice car, selon lui, il va de l'avenir du pays. Voici le texte qu'il a publi\u00e9 \u00e0 cet effet.\u00a0 \"Je viens de visionner l'agression [&hellip;]<\/p>\n","protected":false},"author":3,"featured_media":16771,"comment_status":"open","ping_status":"open","sticky":false,"template":"","format":"standard","meta":{"_et_pb_use_builder":"","_et_pb_old_content":""},"categories":[2],"tags":[],"yoast_head":"<!-- This site is optimized with the Yoast SEO Premium plugin v17.8 (Yoast SEO v17.8) - https:\/\/yoast.com\/wordpress\/plugins\/seo\/ -->\n<title>OUSMANE SONKO - &quot;Soyons tous pr\u00eats au sacrifice...&quot; | Nettali.com<\/title>\n<meta name=\"robots\" content=\"index, follow, max-snippet:-1, max-image-preview:large, max-video-preview:-1\" \/>\n<link rel=\"canonical\" href=\"https:\/\/www.nettali.com\/2021\/11\/08\/ousmane-sonko-soyons-tous-prets-au-sacrifice\/\" \/>\n<meta property=\"og:locale\" content=\"fr_FR\" \/>\n<meta property=\"og:type\" content=\"article\" \/>\n<meta property=\"og:title\" content=\"OUSMANE SONKO - &quot;Soyons tous pr\u00eats au sacrifice...&quot;\" \/>\n<meta property=\"og:description\" content=\"NETTALI.COM\u00a0 - La violence subie ce lundi \u00e0 K\u00e9dougou par Moustapha Guirassy et ses partisans a fait r\u00e9agir Ousmane Sonko. Le leader de Pastef appelle les S\u00e9n\u00e9galais \u00e0 \u00eatre pr\u00eats au sacrifice car, selon lui, il va de l&#039;avenir du pays. Voici le texte qu&#039;il a publi\u00e9 \u00e0 cet effet.\u00a0 &quot;Je viens de visionner l&#039;agression [&hellip;]\" \/>\n<meta property=\"og:url\" content=\"https:\/\/www.nettali.com\/2021\/11\/08\/ousmane-sonko-soyons-tous-prets-au-sacrifice\/\" \/>\n<meta property=\"og:site_name\" content=\"Nettali.com\" \/>\n<meta property=\"article:publisher\" content=\"https:\/\/www.facebook.com\/nettalicom\" \/>\n<meta property=\"article:published_time\" content=\"2021-11-08T20:41:52+00:00\" \/>\n<meta property=\"article:modified_time\" content=\"2021-11-09T09:31:36+00:00\" \/>\n<meta property=\"og:image\" content=\"https:\/\/www.nettali.com\/wp-content\/uploads\/2019\/08\/ousmane_sonko-16-55-2018_06_55_26-1-696x456.jpg\" \/>\n\t<meta property=\"og:image:width\" content=\"696\" \/>\n\t<meta property=\"og:image:height\" content=\"456\" \/>\n<meta name=\"twitter:card\" content=\"summary_large_image\" \/>\n<meta name=\"twitter:label1\" content=\"\u00c9crit par\" \/>\n\t<meta name=\"twitter:data1\" content=\"Moustapha\" \/>\n\t<meta name=\"twitter:label2\" content=\"Dur\u00e9e de lecture estim\u00e9e\" \/>\n\t<meta name=\"twitter:data2\" content=\"2 minutes\" \/>\n<script type=\"application\/ld+json\" class=\"yoast-schema-graph\">{\"@context\":\"https:\/\/schema.org\",\"@graph\":[{\"@type\":\"WebSite\",\"@id\":\"https:\/\/www.nettali.com\/#website\",\"url\":\"https:\/\/www.nettali.com\/\",\"name\":\"Nettali.com\",\"description\":\"Le rendez-vous critique du Net\",\"potentialAction\":[{\"@type\":\"SearchAction\",\"target\":{\"@type\":\"EntryPoint\",\"urlTemplate\":\"https:\/\/www.nettali.com\/?s={search_term_string}\"},\"query-input\":\"required name=search_term_string\"}],\"inLanguage\":\"fr-FR\"},{\"@type\":\"ImageObject\",\"@id\":\"https:\/\/www.nettali.com\/2021\/11\/08\/ousmane-sonko-soyons-tous-prets-au-sacrifice\/#primaryimage\",\"inLanguage\":\"fr-FR\",\"url\":\"https:\/\/www.nettali.com\/wp-content\/uploads\/2019\/08\/ousmane_sonko-16-55-2018_06_55_26-1-696x456.jpg\",\"contentUrl\":\"https:\/\/www.nettali.com\/wp-content\/uploads\/2019\/08\/ousmane_sonko-16-55-2018_06_55_26-1-696x456.jpg\",\"width\":696,\"height\":456},{\"@type\":\"WebPage\",\"@id\":\"https:\/\/www.nettali.com\/2021\/11\/08\/ousmane-sonko-soyons-tous-prets-au-sacrifice\/#webpage\",\"url\":\"https:\/\/www.nettali.com\/2021\/11\/08\/ousmane-sonko-soyons-tous-prets-au-sacrifice\/\",\"name\":\"OUSMANE SONKO - \\\"Soyons tous pr\\u00eats au sacrifice...\\\" | Nettali.com\",\"isPartOf\":{\"@id\":\"https:\/\/www.nettali.com\/#website\"},\"primaryImageOfPage\":{\"@id\":\"https:\/\/www.nettali.com\/2021\/11\/08\/ousmane-sonko-soyons-tous-prets-au-sacrifice\/#primaryimage\"},\"datePublished\":\"2021-11-08T20:41:52+00:00\",\"dateModified\":\"2021-11-09T09:31:36+00:00\",\"author\":{\"@id\":\"https:\/\/www.nettali.com\/#\/schema\/person\/7962a12a6e0267f88f0ffa544c36469a\"},\"breadcrumb\":{\"@id\":\"https:\/\/www.nettali.com\/2021\/11\/08\/ousmane-sonko-soyons-tous-prets-au-sacrifice\/#breadcrumb\"},\"inLanguage\":\"fr-FR\",\"potentialAction\":[{\"@type\":\"ReadAction\",\"target\":[\"https:\/\/www.nettali.com\/2021\/11\/08\/ousmane-sonko-soyons-tous-prets-au-sacrifice\/\"]}]},{\"@type\":\"BreadcrumbList\",\"@id\":\"https:\/\/www.nettali.com\/2021\/11\/08\/ousmane-sonko-soyons-tous-prets-au-sacrifice\/#breadcrumb\",\"itemListElement\":[{\"@type\":\"ListItem\",\"position\":1,\"name\":\"Accueil\",\"item\":\"https:\/\/www.nettali.com\/\"},{\"@type\":\"ListItem\",\"position\":2,\"name\":\"OUSMANE SONKO &#8211; \\u00ab\\u00a0Soyons tous pr\\u00eats au sacrifice&#8230;\\u00a0\\u00bb\"}]},{\"@type\":\"Person\",\"@id\":\"https:\/\/www.nettali.com\/#\/schema\/person\/7962a12a6e0267f88f0ffa544c36469a\",\"name\":\"Moustapha\",\"image\":{\"@type\":\"ImageObject\",\"@id\":\"https:\/\/www.nettali.com\/#personlogo\",\"inLanguage\":\"fr-FR\",\"url\":\"https:\/\/secure.gravatar.com\/avatar\/10fdf6a071cccdcf374e3dbe45159590?s=96&d=mm&r=g\",\"contentUrl\":\"https:\/\/secure.gravatar.com\/avatar\/10fdf6a071cccdcf374e3dbe45159590?s=96&d=mm&r=g\",\"caption\":\"Moustapha\"},\"sameAs\":[\"https:\/\/www.nettali.com\"]}]}<\/script>\n<!-- \/ Yoast SEO Premium plugin. -->","yoast_head_json":{"title":"OUSMANE SONKO - \"Soyons tous pr\u00eats au sacrifice...\" | Nettali.com","robots":{"index":"index","follow":"follow","max-snippet":"max-snippet:-1","max-image-preview":"max-image-preview:large","max-video-preview":"max-video-preview:-1"},"canonical":"https:\/\/www.nettali.com\/2021\/11\/08\/ousmane-sonko-soyons-tous-prets-au-sacrifice\/","og_locale":"fr_FR","og_type":"article","og_title":"OUSMANE SONKO - \"Soyons tous pr\u00eats au sacrifice...\"","og_description":"NETTALI.COM\u00a0 - La violence subie ce lundi \u00e0 K\u00e9dougou par Moustapha Guirassy et ses partisans a fait r\u00e9agir Ousmane Sonko. Le leader de Pastef appelle les S\u00e9n\u00e9galais \u00e0 \u00eatre pr\u00eats au sacrifice car, selon lui, il va de l'avenir du pays. Voici le texte qu'il a publi\u00e9 \u00e0 cet effet.\u00a0 \"Je viens de visionner l'agression [&hellip;]","og_url":"https:\/\/www.nettali.com\/2021\/11\/08\/ousmane-sonko-soyons-tous-prets-au-sacrifice\/","og_site_name":"Nettali.com","article_publisher":"https:\/\/www.facebook.com\/nettalicom","article_published_time":"2021-11-08T20:41:52+00:00","article_modified_time":"2021-11-09T09:31:36+00:00","og_image":[{"width":696,"height":456,"url":"https:\/\/www.nettali.com\/wp-content\/uploads\/2019\/08\/ousmane_sonko-16-55-2018_06_55_26-1-696x456.jpg","type":"image\/jpeg"}],"twitter_card":"summary_large_image","twitter_misc":{"\u00c9crit par":"Moustapha","Dur\u00e9e de lecture estim\u00e9e":"2 minutes"},"schema":{"@context":"https:\/\/schema.org","@graph":[{"@type":"WebSite","@id":"https:\/\/www.nettali.com\/#website","url":"https:\/\/www.nettali.com\/","name":"Nettali.com","description":"Le rendez-vous critique du Net","potentialAction":[{"@type":"SearchAction","target":{"@type":"EntryPoint","urlTemplate":"https:\/\/www.nettali.com\/?s={search_term_string}"},"query-input":"required name=search_term_string"}],"inLanguage":"fr-FR"},{"@type":"ImageObject","@id":"https:\/\/www.nettali.com\/2021\/11\/08\/ousmane-sonko-soyons-tous-prets-au-sacrifice\/#primaryimage","inLanguage":"fr-FR","url":"https:\/\/www.nettali.com\/wp-content\/uploads\/2019\/08\/ousmane_sonko-16-55-2018_06_55_26-1-696x456.jpg","contentUrl":"https:\/\/www.nettali.com\/wp-content\/uploads\/2019\/08\/ousmane_sonko-16-55-2018_06_55_26-1-696x456.jpg","width":696,"height":456},{"@type":"WebPage","@id":"https:\/\/www.nettali.com\/2021\/11\/08\/ousmane-sonko-soyons-tous-prets-au-sacrifice\/#webpage","url":"https:\/\/www.nettali.com\/2021\/11\/08\/ousmane-sonko-soyons-tous-prets-au-sacrifice\/","name":"OUSMANE SONKO - \"Soyons tous pr\u00eats au sacrifice...\" | Nettali.com","isPartOf":{"@id":"https:\/\/www.nettali.com\/#website"},"primaryImageOfPage":{"@id":"https:\/\/www.nettali.com\/2021\/11\/08\/ousmane-sonko-soyons-tous-prets-au-sacrifice\/#primaryimage"},"datePublished":"2021-11-08T20:41:52+00:00","dateModified":"2021-11-09T09:31:36+00:00","author":{"@id":"https:\/\/www.nettali.com\/#\/schema\/person\/7962a12a6e0267f88f0ffa544c36469a"},"breadcrumb":{"@id":"https:\/\/www.nettali.com\/2021\/11\/08\/ousmane-sonko-soyons-tous-prets-au-sacrifice\/#breadcrumb"},"inLanguage":"fr-FR","potentialAction":[{"@type":"ReadAction","target":["https:\/\/www.nettali.com\/2021\/11\/08\/ousmane-sonko-soyons-tous-prets-au-sacrifice\/"]}]},{"@type":"BreadcrumbList","@id":"https:\/\/www.nettali.com\/2021\/11\/08\/ousmane-sonko-soyons-tous-prets-au-sacrifice\/#breadcrumb","itemListElement":[{"@type":"ListItem","position":1,"name":"Accueil","item":"https:\/\/www.nettali.com\/"},{"@type":"ListItem","position":2,"name":"OUSMANE SONKO &#8211; \u00ab\u00a0Soyons tous pr\u00eats au sacrifice&#8230;\u00a0\u00bb"}]},{"@type":"Person","@id":"https:\/\/www.nettali.com\/#\/schema\/person\/7962a12a6e0267f88f0ffa544c36469a","name":"Moustapha","image":{"@type":"ImageObject","@id":"https:\/\/www.nettali.com\/#personlogo","inLanguage":"fr-FR","url":"https:\/\/secure.gravatar.com\/avatar\/10fdf6a071cccdcf374e3dbe45159590?s=96&d=mm&r=g","contentUrl":"https:\/\/secure.gravatar.com\/avatar\/10fdf6a071cccdcf374e3dbe45159590?s=96&d=mm&r=g","caption":"Moustapha"},"sameAs":["https:\/\/www.nettali.com"]}]}},"_links":{"self":[{"href":"https:\/\/www.nettali.com\/rest\/wp\/v2\/posts\/75223"}],"collection":[{"href":"https:\/\/www.nettali.com\/rest\/wp\/v2\/posts"}],"about":[{"href":"https:\/\/www.nettali.com\/rest\/wp\/v2\/types\/post"}],"author":[{"embeddable":true,"href":"https:\/\/www.nettali.com\/rest\/wp\/v2\/users\/3"}],"replies":[{"embeddable":true,"href":"https:\/\/www.nettali.com\/rest\/wp\/v2\/comments?post=75223"}],"version-history":[{"count":1,"href":"https:\/\/www.nettali.com\/rest\/wp\/v2\/posts\/75223\/revisions"}],"predecessor-version":[{"id":75224,"href":"https:\/\/www.nettali.com\/rest\/wp\/v2\/posts\/75223\/revisions\/75224"}],"wp:featuredmedia":[{"embeddable":true,"href":"https:\/\/www.nettali.com\/rest\/wp\/v2\/media\/16771"}],"wp:attachment":[{"href":"https:\/\/www.nettali.com\/rest\/wp\/v2\/media?parent=75223"}],"wp:term":[{"taxonomy":"category","embeddable":true,"href":"https:\/\/www.nettali.com\/rest\/wp\/v2\/categories?post=75223"},{"taxonomy":"post_tag","embeddable":true,"href":"https:\/\/www.nettali.com\/rest\/wp\/v2\/tags?post=75223"}],"curies":[{"name":"wp","href":"https:\/\/api.w.org\/{rel}","templated":true}]}}