{"id":75219,"date":"2021-11-08T20:01:11","date_gmt":"2021-11-08T20:01:11","guid":{"rendered":"https:\/\/www.nettali.com\/?p=75219"},"modified":"2021-11-09T09:20:11","modified_gmt":"2021-11-09T09:20:11","slug":"barth-sur-le-pied-de-guerre-mercredi-nous-appelons-a-la-resistance","status":"publish","type":"post","link":"https:\/\/www.nettali.com\/2021\/11\/08\/barth-sur-le-pied-de-guerre-mercredi-nous-appelons-a-la-resistance\/","title":{"rendered":"BARTH\u2019 SUR LE PIED DE GUERRE \u2013 \"Nous appelons \u00e0 la r\u00e9sistance\""},"content":{"rendered":"<p><strong>NETTALI.COM - En direction de son proc\u00e8s en appel pr\u00e9vu mercredi prochain, relativement au meurtre de Ndiaga Diouf, Barthelemy Dias appelle \u00e0 la r\u00e9sistance et demande aux magistrats de vider ce dossier<\/strong><\/p>\n<p>En conf\u00e9rence de presse ce lundi, \u00e0 deux jours de son audience, dans le cadre de l\u2019affaire Ndiaga Diouf, Barth\u00e9lemy Dias, qui annonce qu\u2019il viendra au proc\u00e8s avec ses propres enfants, appelle \u00e0 la r\u00e9sistance. \u00ab Il n\u2019est plus question de respecter des personnes qui ne se respectent pas \u00bb, harangue-il l\u2019assistance, demandant aux jeunes de venir massivement au tribunal pour r\u00e9clamer justice.<\/p>\n<p>A l\u2019endroit des magistrats charg\u00e9s de le juger, il avertit\u00a0: \u00ab\u00a0Vous allez vider ce probl\u00e8me, dans le cas contraire nous allons vider ce probl\u00e8me dans la salle d\u2019audience\u00a0\u00bb.<\/p>\n<p>Barthelemy Dias de pr\u00e9ciser\u00a0: \u00ab\u00a0on a d\u00e9cid\u00e9 de venir se parler droit dans les yeux au tribunal, parce que ce dossier ne sera pas renvoy\u00e9\u00a0, parce que j\u2019ai d\u00e9cid\u00e9 de me faire juger\u00bb. C\u2019est ainsi qu\u2019il mentionne qu\u2019il ne peut pas accepter un autre renvoi.<\/p>\n<p>Il a d\u00e9coch\u00e9 des fl\u00e8ches en direction du procureur g\u00e9n\u00e9ral pr\u00e8s la Cour d\u2019appel de Dakar. \u00a0Il invite Lansana Diaby \u00e0 ne pas envoyer de substitut et \u00e0 venir lui-m\u00eame. \u00ab\u00a0Je vous ai aper\u00e7u dans le proc\u00e8s de Khalifa Sall, je pr\u00e9f\u00e8re ne pas donner mon point de vue sur votre personne. Parce que je consid\u00e8re que tous ceux qui ont trait\u00e9 du dossier de Khalifa Sall, vous savez ce que je pense de vous et c\u2019est pour cette raison que j\u2019ai fait six mois en prison. M. Diaby, si vous avez eu le courage de signer un communiqu\u00e9, je pense que vous aurez le courage de venir si\u00e9ger mercredi. Ce dossier est un dossier politique, ce dossier est une \u00e9p\u00e9e de Damocl\u00e8s que le pouvoir de Macky Sall veut mettre au-dessus de ma t\u00eate. J\u2019ai refus\u00e9 de travailler avec Macky Sall. J\u2019ai refus\u00e9 de discuter avec Macky Sall. J\u2019ai refus\u00e9 de collaborer avec Macky Sall. J\u2019ai m\u00eame refus\u00e9 de rencontrer Macky Sall\u00a0\u00bb, dit-il, soulignant que c\u2019est pour \u00e9viter de croiser le chemin de ce dernier qu\u2019il n\u2019est pas venu au domicile de Khalifa Sall, lors que le chef de l\u2019Etat y \u00e9tait pour pr\u00e9senter ses condol\u00e9ances, suite au rappel \u00e0 Dieu de la maman de l\u2019ex-maire de Dakar.<\/p>\n<p>Pour finir, Dias-fils, qui continue \u00e0 traiter feu Ndiaga Diouf de nervi, dit qu'il ne pas remettre aucun rond \u00e0 la famille du d\u00e9funt, qui r\u00e9clame des dommages, que le maire de Mermoz-sacr\u00e9-c\u0153ur \u00e9value \u00e0 25 millions F Cfa.<\/p>\n<div class='share-to-whatsapp-wrapper'><div class='share-on-whsp'>PARTAGER SUR : <\/div><a data-text='BARTH\u2019 SUR LE PIED DE GUERRE \u2013 \"Nous appelons \u00e0 la r\u00e9sistance\"' data-link='https:\/\/www.nettali.com\/2021\/11\/08\/barth-sur-le-pied-de-guerre-mercredi-nous-appelons-a-la-resistance\/' class='whatsapp-button whatsapp-share'>WhatsApp<\/a><div class='clear '><\/div><\/div>","protected":false},"excerpt":{"rendered":"<p>NETTALI.COM - En direction de son proc\u00e8s en appel pr\u00e9vu mercredi prochain, relativement au meurtre de Ndiaga Diouf, Barthelemy Dias appelle \u00e0 la r\u00e9sistance et demande aux magistrats de vider ce dossier En conf\u00e9rence de presse ce lundi, \u00e0 deux jours de son audience, dans le cadre de l\u2019affaire Ndiaga Diouf, Barth\u00e9lemy Dias, qui annonce [&hellip;]<\/p>\n","protected":false},"author":11,"featured_media":75045,"comment_status":"open","ping_status":"open","sticky":false,"template":"","format":"standard","meta":{"_et_pb_use_builder":"","_et_pb_old_content":""},"categories":[2],"tags":[],"yoast_head":"<!-- This site is optimized with the Yoast SEO Premium plugin v17.8 (Yoast SEO v17.8) - https:\/\/yoast.com\/wordpress\/plugins\/seo\/ -->\n<title>BARTH\u2019 SUR LE PIED DE GUERRE \u2013 &quot;Nous appelons \u00e0 la r\u00e9sistance&quot; | Nettali.com<\/title>\n<meta name=\"robots\" content=\"index, follow, max-snippet:-1, max-image-preview:large, max-video-preview:-1\" \/>\n<link rel=\"canonical\" href=\"https:\/\/www.nettali.com\/2021\/11\/08\/barth-sur-le-pied-de-guerre-mercredi-nous-appelons-a-la-resistance\/\" \/>\n<meta property=\"og:locale\" content=\"fr_FR\" \/>\n<meta property=\"og:type\" content=\"article\" \/>\n<meta property=\"og:title\" content=\"BARTH\u2019 SUR LE PIED DE GUERRE \u2013 &quot;Nous appelons \u00e0 la r\u00e9sistance&quot;\" \/>\n<meta property=\"og:description\" content=\"NETTALI.COM - En direction de son proc\u00e8s en appel pr\u00e9vu mercredi prochain, relativement au meurtre de Ndiaga Diouf, Barthelemy Dias appelle \u00e0 la r\u00e9sistance et demande aux magistrats de vider ce dossier En conf\u00e9rence de presse ce lundi, \u00e0 deux jours de son audience, dans le cadre de l\u2019affaire Ndiaga Diouf, Barth\u00e9lemy Dias, qui annonce [&hellip;]\" \/>\n<meta property=\"og:url\" content=\"https:\/\/www.nettali.com\/2021\/11\/08\/barth-sur-le-pied-de-guerre-mercredi-nous-appelons-a-la-resistance\/\" \/>\n<meta property=\"og:site_name\" content=\"Nettali.com\" \/>\n<meta property=\"article:publisher\" content=\"https:\/\/www.facebook.com\/nettalicom\" \/>\n<meta property=\"article:published_time\" content=\"2021-11-08T20:01:11+00:00\" \/>\n<meta property=\"article:modified_time\" content=\"2021-11-09T09:20:11+00:00\" \/>\n<meta property=\"og:image\" content=\"https:\/\/www.nettali.com\/wp-content\/uploads\/2021\/11\/Barth-Ndiaga.jpeg\" \/>\n\t<meta property=\"og:image:width\" content=\"696\" \/>\n\t<meta property=\"og:image:height\" content=\"438\" \/>\n<meta name=\"twitter:card\" content=\"summary_large_image\" \/>\n<meta name=\"twitter:label1\" content=\"\u00c9crit par\" \/>\n\t<meta name=\"twitter:data1\" content=\"Thierno Diop\" \/>\n\t<meta name=\"twitter:label2\" content=\"Dur\u00e9e de lecture estim\u00e9e\" \/>\n\t<meta name=\"twitter:data2\" content=\"2 minutes\" \/>\n<script type=\"application\/ld+json\" class=\"yoast-schema-graph\">{\"@context\":\"https:\/\/schema.org\",\"@graph\":[{\"@type\":\"WebSite\",\"@id\":\"https:\/\/www.nettali.com\/#website\",\"url\":\"https:\/\/www.nettali.com\/\",\"name\":\"Nettali.com\",\"description\":\"Le rendez-vous critique du Net\",\"potentialAction\":[{\"@type\":\"SearchAction\",\"target\":{\"@type\":\"EntryPoint\",\"urlTemplate\":\"https:\/\/www.nettali.com\/?s={search_term_string}\"},\"query-input\":\"required name=search_term_string\"}],\"inLanguage\":\"fr-FR\"},{\"@type\":\"ImageObject\",\"@id\":\"https:\/\/www.nettali.com\/2021\/11\/08\/barth-sur-le-pied-de-guerre-mercredi-nous-appelons-a-la-resistance\/#primaryimage\",\"inLanguage\":\"fr-FR\",\"url\":\"https:\/\/www.nettali.com\/wp-content\/uploads\/2021\/11\/Barth-Ndiaga.jpeg\",\"contentUrl\":\"https:\/\/www.nettali.com\/wp-content\/uploads\/2021\/11\/Barth-Ndiaga.jpeg\",\"width\":696,\"height\":438},{\"@type\":\"WebPage\",\"@id\":\"https:\/\/www.nettali.com\/2021\/11\/08\/barth-sur-le-pied-de-guerre-mercredi-nous-appelons-a-la-resistance\/#webpage\",\"url\":\"https:\/\/www.nettali.com\/2021\/11\/08\/barth-sur-le-pied-de-guerre-mercredi-nous-appelons-a-la-resistance\/\",\"name\":\"BARTH\\u2019 SUR LE PIED DE GUERRE \\u2013 \\\"Nous appelons \\u00e0 la r\\u00e9sistance\\\" | Nettali.com\",\"isPartOf\":{\"@id\":\"https:\/\/www.nettali.com\/#website\"},\"primaryImageOfPage\":{\"@id\":\"https:\/\/www.nettali.com\/2021\/11\/08\/barth-sur-le-pied-de-guerre-mercredi-nous-appelons-a-la-resistance\/#primaryimage\"},\"datePublished\":\"2021-11-08T20:01:11+00:00\",\"dateModified\":\"2021-11-09T09:20:11+00:00\",\"author\":{\"@id\":\"https:\/\/www.nettali.com\/#\/schema\/person\/8a06c6bd7b19304cf4bf985862900b5b\"},\"breadcrumb\":{\"@id\":\"https:\/\/www.nettali.com\/2021\/11\/08\/barth-sur-le-pied-de-guerre-mercredi-nous-appelons-a-la-resistance\/#breadcrumb\"},\"inLanguage\":\"fr-FR\",\"potentialAction\":[{\"@type\":\"ReadAction\",\"target\":[\"https:\/\/www.nettali.com\/2021\/11\/08\/barth-sur-le-pied-de-guerre-mercredi-nous-appelons-a-la-resistance\/\"]}]},{\"@type\":\"BreadcrumbList\",\"@id\":\"https:\/\/www.nettali.com\/2021\/11\/08\/barth-sur-le-pied-de-guerre-mercredi-nous-appelons-a-la-resistance\/#breadcrumb\",\"itemListElement\":[{\"@type\":\"ListItem\",\"position\":1,\"name\":\"Accueil\",\"item\":\"https:\/\/www.nettali.com\/\"},{\"@type\":\"ListItem\",\"position\":2,\"name\":\"BARTH\\u2019 SUR LE PIED DE GUERRE \\u2013 \\u00ab\\u00a0Nous appelons \\u00e0 la r\\u00e9sistance\\u00a0\\u00bb\"}]},{\"@type\":\"Person\",\"@id\":\"https:\/\/www.nettali.com\/#\/schema\/person\/8a06c6bd7b19304cf4bf985862900b5b\",\"name\":\"Thierno Diop\",\"image\":{\"@type\":\"ImageObject\",\"@id\":\"https:\/\/www.nettali.com\/#personlogo\",\"inLanguage\":\"fr-FR\",\"url\":\"https:\/\/secure.gravatar.com\/avatar\/c8ca58550c94fd2ac856d27391a6c866?s=96&d=mm&r=g\",\"contentUrl\":\"https:\/\/secure.gravatar.com\/avatar\/c8ca58550c94fd2ac856d27391a6c866?s=96&d=mm&r=g\",\"caption\":\"Thierno Diop\"},\"sameAs\":[\"https:\/\/nettali.com\"]}]}<\/script>\n<!-- \/ Yoast SEO Premium plugin. -->","yoast_head_json":{"title":"BARTH\u2019 SUR LE PIED DE GUERRE \u2013 \"Nous appelons \u00e0 la r\u00e9sistance\" | Nettali.com","robots":{"index":"index","follow":"follow","max-snippet":"max-snippet:-1","max-image-preview":"max-image-preview:large","max-video-preview":"max-video-preview:-1"},"canonical":"https:\/\/www.nettali.com\/2021\/11\/08\/barth-sur-le-pied-de-guerre-mercredi-nous-appelons-a-la-resistance\/","og_locale":"fr_FR","og_type":"article","og_title":"BARTH\u2019 SUR LE PIED DE GUERRE \u2013 \"Nous appelons \u00e0 la r\u00e9sistance\"","og_description":"NETTALI.COM - En direction de son proc\u00e8s en appel pr\u00e9vu mercredi prochain, relativement au meurtre de Ndiaga Diouf, Barthelemy Dias appelle \u00e0 la r\u00e9sistance et demande aux magistrats de vider ce dossier En conf\u00e9rence de presse ce lundi, \u00e0 deux jours de son audience, dans le cadre de l\u2019affaire Ndiaga Diouf, Barth\u00e9lemy Dias, qui annonce [&hellip;]","og_url":"https:\/\/www.nettali.com\/2021\/11\/08\/barth-sur-le-pied-de-guerre-mercredi-nous-appelons-a-la-resistance\/","og_site_name":"Nettali.com","article_publisher":"https:\/\/www.facebook.com\/nettalicom","article_published_time":"2021-11-08T20:01:11+00:00","article_modified_time":"2021-11-09T09:20:11+00:00","og_image":[{"width":696,"height":438,"url":"https:\/\/www.nettali.com\/wp-content\/uploads\/2021\/11\/Barth-Ndiaga.jpeg","type":"image\/jpeg"}],"twitter_card":"summary_large_image","twitter_misc":{"\u00c9crit par":"Thierno Diop","Dur\u00e9e de lecture estim\u00e9e":"2 minutes"},"schema":{"@context":"https:\/\/schema.org","@graph":[{"@type":"WebSite","@id":"https:\/\/www.nettali.com\/#website","url":"https:\/\/www.nettali.com\/","name":"Nettali.com","description":"Le rendez-vous critique du Net","potentialAction":[{"@type":"SearchAction","target":{"@type":"EntryPoint","urlTemplate":"https:\/\/www.nettali.com\/?s={search_term_string}"},"query-input":"required name=search_term_string"}],"inLanguage":"fr-FR"},{"@type":"ImageObject","@id":"https:\/\/www.nettali.com\/2021\/11\/08\/barth-sur-le-pied-de-guerre-mercredi-nous-appelons-a-la-resistance\/#primaryimage","inLanguage":"fr-FR","url":"https:\/\/www.nettali.com\/wp-content\/uploads\/2021\/11\/Barth-Ndiaga.jpeg","contentUrl":"https:\/\/www.nettali.com\/wp-content\/uploads\/2021\/11\/Barth-Ndiaga.jpeg","width":696,"height":438},{"@type":"WebPage","@id":"https:\/\/www.nettali.com\/2021\/11\/08\/barth-sur-le-pied-de-guerre-mercredi-nous-appelons-a-la-resistance\/#webpage","url":"https:\/\/www.nettali.com\/2021\/11\/08\/barth-sur-le-pied-de-guerre-mercredi-nous-appelons-a-la-resistance\/","name":"BARTH\u2019 SUR LE PIED DE GUERRE \u2013 \"Nous appelons \u00e0 la r\u00e9sistance\" | Nettali.com","isPartOf":{"@id":"https:\/\/www.nettali.com\/#website"},"primaryImageOfPage":{"@id":"https:\/\/www.nettali.com\/2021\/11\/08\/barth-sur-le-pied-de-guerre-mercredi-nous-appelons-a-la-resistance\/#primaryimage"},"datePublished":"2021-11-08T20:01:11+00:00","dateModified":"2021-11-09T09:20:11+00:00","author":{"@id":"https:\/\/www.nettali.com\/#\/schema\/person\/8a06c6bd7b19304cf4bf985862900b5b"},"breadcrumb":{"@id":"https:\/\/www.nettali.com\/2021\/11\/08\/barth-sur-le-pied-de-guerre-mercredi-nous-appelons-a-la-resistance\/#breadcrumb"},"inLanguage":"fr-FR","potentialAction":[{"@type":"ReadAction","target":["https:\/\/www.nettali.com\/2021\/11\/08\/barth-sur-le-pied-de-guerre-mercredi-nous-appelons-a-la-resistance\/"]}]},{"@type":"BreadcrumbList","@id":"https:\/\/www.nettali.com\/2021\/11\/08\/barth-sur-le-pied-de-guerre-mercredi-nous-appelons-a-la-resistance\/#breadcrumb","itemListElement":[{"@type":"ListItem","position":1,"name":"Accueil","item":"https:\/\/www.nettali.com\/"},{"@type":"ListItem","position":2,"name":"BARTH\u2019 SUR LE PIED DE GUERRE \u2013 \u00ab\u00a0Nous appelons \u00e0 la r\u00e9sistance\u00a0\u00bb"}]},{"@type":"Person","@id":"https:\/\/www.nettali.com\/#\/schema\/person\/8a06c6bd7b19304cf4bf985862900b5b","name":"Thierno Diop","image":{"@type":"ImageObject","@id":"https:\/\/www.nettali.com\/#personlogo","inLanguage":"fr-FR","url":"https:\/\/secure.gravatar.com\/avatar\/c8ca58550c94fd2ac856d27391a6c866?s=96&d=mm&r=g","contentUrl":"https:\/\/secure.gravatar.com\/avatar\/c8ca58550c94fd2ac856d27391a6c866?s=96&d=mm&r=g","caption":"Thierno Diop"},"sameAs":["https:\/\/nettali.com"]}]}},"_links":{"self":[{"href":"https:\/\/www.nettali.com\/rest\/wp\/v2\/posts\/75219"}],"collection":[{"href":"https:\/\/www.nettali.com\/rest\/wp\/v2\/posts"}],"about":[{"href":"https:\/\/www.nettali.com\/rest\/wp\/v2\/types\/post"}],"author":[{"embeddable":true,"href":"https:\/\/www.nettali.com\/rest\/wp\/v2\/users\/11"}],"replies":[{"embeddable":true,"href":"https:\/\/www.nettali.com\/rest\/wp\/v2\/comments?post=75219"}],"version-history":[{"count":3,"href":"https:\/\/www.nettali.com\/rest\/wp\/v2\/posts\/75219\/revisions"}],"predecessor-version":[{"id":75222,"href":"https:\/\/www.nettali.com\/rest\/wp\/v2\/posts\/75219\/revisions\/75222"}],"wp:featuredmedia":[{"embeddable":true,"href":"https:\/\/www.nettali.com\/rest\/wp\/v2\/media\/75045"}],"wp:attachment":[{"href":"https:\/\/www.nettali.com\/rest\/wp\/v2\/media?parent=75219"}],"wp:term":[{"taxonomy":"category","embeddable":true,"href":"https:\/\/www.nettali.com\/rest\/wp\/v2\/categories?post=75219"},{"taxonomy":"post_tag","embeddable":true,"href":"https:\/\/www.nettali.com\/rest\/wp\/v2\/tags?post=75219"}],"curies":[{"name":"wp","href":"https:\/\/api.w.org\/{rel}","templated":true}]}}