{"id":75152,"date":"2021-11-07T14:45:15","date_gmt":"2021-11-07T14:45:15","guid":{"rendered":"https:\/\/www.nettali.com\/?p=75152"},"modified":"2021-11-07T14:45:15","modified_gmt":"2021-11-07T14:45:15","slug":"coronavirus-au-senegal-zero-nouveau-cas-positif-zero-deces","status":"publish","type":"post","link":"https:\/\/www.nettali.com\/2021\/11\/07\/coronavirus-au-senegal-zero-nouveau-cas-positif-zero-deces\/","title":{"rendered":"CORONAVIRUS AU SENEGAL - Z\u00e9ro nouveau cas positif, z\u00e9ro d\u00e9c\u00e8s"},"content":{"rendered":"<p dir=\"ltr\"><strong>NETTALI.COM - Le minist\u00e8re de la Sant\u00e9 et de l\u2019Action sociale a annonc\u00e9 ce dimanche, z\u00e9ro nouvelle infection li\u00e9e au coronavirus et z\u00e9ro d\u00e9c\u00e8s.<\/strong><\/p>\n<p dir=\"ltr\">\"<em>Sur 1.554 tests effectu\u00e9s, aucun cas positif n'est revenu positif<\/em>\", a fait savoir le minist\u00e8re de la Sant\u00e9 et de l\u2019Action sociale lors du point quotidien sur l\u2019\u00e9volution de la Covid-19. Aucun nouveau d\u00e9c\u00e8s n'a \u00e9t\u00e9 rapport\u00e9 au cours des derni\u00e8res 24 heures.Deux patients hospitalis\u00e9s ont \u00e9t\u00e9 contr\u00f4l\u00e9s n\u00e9gatifs et d\u00e9clar\u00e9s gu\u00e9ris, alors que 2 cas graves sont pris en charge dans les services de r\u00e9r\u00e9animation.<\/p>\n<p dir=\"ltr\">Depuis l\u2019apparition de la maladie en mars 2020, le S\u00e9n\u00e9gal a enregistr\u00e9 73.935 cas positifs au coronavirus dont 1.880 d\u00e9c\u00e8s, 72.043 gu\u00e9ris. 11 personnes sont encore sous traitement.<\/p>\n<p dir=\"ltr\">Concernant la campagne de vaccination contre la Covid-19, 1.300.071 personnes ont pris leur premi\u00e8re dose sur toute l\u2019\u00e9tendue du territoire national.<\/p>\n<div class='share-to-whatsapp-wrapper'><div class='share-on-whsp'>PARTAGER SUR : <\/div><a data-text='CORONAVIRUS AU SENEGAL - Z\u00e9ro nouveau cas positif, z\u00e9ro d\u00e9c\u00e8s' data-link='https:\/\/www.nettali.com\/2021\/11\/07\/coronavirus-au-senegal-zero-nouveau-cas-positif-zero-deces\/' class='whatsapp-button whatsapp-share'>WhatsApp<\/a><div class='clear '><\/div><\/div>","protected":false},"excerpt":{"rendered":"<p>NETTALI.COM - Le minist\u00e8re de la Sant\u00e9 et de l\u2019Action sociale a annonc\u00e9 ce dimanche, z\u00e9ro nouvelle infection li\u00e9e au coronavirus et z\u00e9ro d\u00e9c\u00e8s. \"Sur 1.554 tests effectu\u00e9s, aucun cas positif n'est revenu positif\", a fait savoir le minist\u00e8re de la Sant\u00e9 et de l\u2019Action sociale lors du point quotidien sur l\u2019\u00e9volution de la Covid-19. [&hellip;]<\/p>\n","protected":false},"author":5,"featured_media":75153,"comment_status":"open","ping_status":"open","sticky":false,"template":"","format":"standard","meta":{"_et_pb_use_builder":"","_et_pb_old_content":""},"categories":[22],"tags":[],"yoast_head":"<!-- This site is optimized with the Yoast SEO Premium plugin v17.8 (Yoast SEO v17.8) - https:\/\/yoast.com\/wordpress\/plugins\/seo\/ -->\n<title>CORONAVIRUS AU SENEGAL - Z\u00e9ro nouveau cas positif, z\u00e9ro d\u00e9c\u00e8s | Nettali.com<\/title>\n<meta name=\"robots\" content=\"index, follow, max-snippet:-1, max-image-preview:large, max-video-preview:-1\" \/>\n<link rel=\"canonical\" href=\"https:\/\/www.nettali.com\/2021\/11\/07\/coronavirus-au-senegal-zero-nouveau-cas-positif-zero-deces\/\" \/>\n<meta property=\"og:locale\" content=\"fr_FR\" \/>\n<meta property=\"og:type\" content=\"article\" \/>\n<meta property=\"og:title\" content=\"CORONAVIRUS AU SENEGAL - Z\u00e9ro nouveau cas positif, z\u00e9ro d\u00e9c\u00e8s\" \/>\n<meta property=\"og:description\" content=\"NETTALI.COM - Le minist\u00e8re de la Sant\u00e9 et de l\u2019Action sociale a annonc\u00e9 ce dimanche, z\u00e9ro nouvelle infection li\u00e9e au coronavirus et z\u00e9ro d\u00e9c\u00e8s. &quot;Sur 1.554 tests effectu\u00e9s, aucun cas positif n&#039;est revenu positif&quot;, a fait savoir le minist\u00e8re de la Sant\u00e9 et de l\u2019Action sociale lors du point quotidien sur l\u2019\u00e9volution de la Covid-19. [&hellip;]\" \/>\n<meta property=\"og:url\" content=\"https:\/\/www.nettali.com\/2021\/11\/07\/coronavirus-au-senegal-zero-nouveau-cas-positif-zero-deces\/\" \/>\n<meta property=\"og:site_name\" content=\"Nettali.com\" \/>\n<meta property=\"article:publisher\" content=\"https:\/\/www.facebook.com\/nettalicom\" \/>\n<meta property=\"article:published_time\" content=\"2021-11-07T14:45:15+00:00\" \/>\n<meta property=\"og:image\" content=\"https:\/\/www.nettali.com\/wp-content\/uploads\/2021\/11\/58009239-42892143.jpg\" \/>\n\t<meta property=\"og:image:width\" content=\"800\" \/>\n\t<meta property=\"og:image:height\" content=\"479\" \/>\n<meta name=\"twitter:card\" content=\"summary_large_image\" \/>\n<meta name=\"twitter:label1\" content=\"\u00c9crit par\" \/>\n\t<meta name=\"twitter:data1\" content=\"Ibrahima\" \/>\n\t<meta name=\"twitter:label2\" content=\"Dur\u00e9e de lecture estim\u00e9e\" \/>\n\t<meta name=\"twitter:data2\" content=\"1 minute\" \/>\n<script type=\"application\/ld+json\" class=\"yoast-schema-graph\">{\"@context\":\"https:\/\/schema.org\",\"@graph\":[{\"@type\":\"WebSite\",\"@id\":\"https:\/\/www.nettali.com\/#website\",\"url\":\"https:\/\/www.nettali.com\/\",\"name\":\"Nettali.com\",\"description\":\"Le rendez-vous critique du Net\",\"potentialAction\":[{\"@type\":\"SearchAction\",\"target\":{\"@type\":\"EntryPoint\",\"urlTemplate\":\"https:\/\/www.nettali.com\/?s={search_term_string}\"},\"query-input\":\"required name=search_term_string\"}],\"inLanguage\":\"fr-FR\"},{\"@type\":\"ImageObject\",\"@id\":\"https:\/\/www.nettali.com\/2021\/11\/07\/coronavirus-au-senegal-zero-nouveau-cas-positif-zero-deces\/#primaryimage\",\"inLanguage\":\"fr-FR\",\"url\":\"https:\/\/www.nettali.com\/wp-content\/uploads\/2021\/11\/58009239-42892143.jpg\",\"contentUrl\":\"https:\/\/www.nettali.com\/wp-content\/uploads\/2021\/11\/58009239-42892143.jpg\",\"width\":800,\"height\":479},{\"@type\":\"WebPage\",\"@id\":\"https:\/\/www.nettali.com\/2021\/11\/07\/coronavirus-au-senegal-zero-nouveau-cas-positif-zero-deces\/#webpage\",\"url\":\"https:\/\/www.nettali.com\/2021\/11\/07\/coronavirus-au-senegal-zero-nouveau-cas-positif-zero-deces\/\",\"name\":\"CORONAVIRUS AU SENEGAL - Z\\u00e9ro nouveau cas positif, z\\u00e9ro d\\u00e9c\\u00e8s | Nettali.com\",\"isPartOf\":{\"@id\":\"https:\/\/www.nettali.com\/#website\"},\"primaryImageOfPage\":{\"@id\":\"https:\/\/www.nettali.com\/2021\/11\/07\/coronavirus-au-senegal-zero-nouveau-cas-positif-zero-deces\/#primaryimage\"},\"datePublished\":\"2021-11-07T14:45:15+00:00\",\"dateModified\":\"2021-11-07T14:45:15+00:00\",\"author\":{\"@id\":\"https:\/\/www.nettali.com\/#\/schema\/person\/bb147657c2986240405a608162b9bb23\"},\"breadcrumb\":{\"@id\":\"https:\/\/www.nettali.com\/2021\/11\/07\/coronavirus-au-senegal-zero-nouveau-cas-positif-zero-deces\/#breadcrumb\"},\"inLanguage\":\"fr-FR\",\"potentialAction\":[{\"@type\":\"ReadAction\",\"target\":[\"https:\/\/www.nettali.com\/2021\/11\/07\/coronavirus-au-senegal-zero-nouveau-cas-positif-zero-deces\/\"]}]},{\"@type\":\"BreadcrumbList\",\"@id\":\"https:\/\/www.nettali.com\/2021\/11\/07\/coronavirus-au-senegal-zero-nouveau-cas-positif-zero-deces\/#breadcrumb\",\"itemListElement\":[{\"@type\":\"ListItem\",\"position\":1,\"name\":\"Accueil\",\"item\":\"https:\/\/www.nettali.com\/\"},{\"@type\":\"ListItem\",\"position\":2,\"name\":\"CORONAVIRUS AU SENEGAL &#8211; Z\\u00e9ro nouveau cas positif, z\\u00e9ro d\\u00e9c\\u00e8s\"}]},{\"@type\":\"Person\",\"@id\":\"https:\/\/www.nettali.com\/#\/schema\/person\/bb147657c2986240405a608162b9bb23\",\"name\":\"Ibrahima\",\"image\":{\"@type\":\"ImageObject\",\"@id\":\"https:\/\/www.nettali.com\/#personlogo\",\"inLanguage\":\"fr-FR\",\"url\":\"https:\/\/secure.gravatar.com\/avatar\/26a8a81f09f0dd7624c9d5c36c9ba3a2?s=96&d=mm&r=g\",\"contentUrl\":\"https:\/\/secure.gravatar.com\/avatar\/26a8a81f09f0dd7624c9d5c36c9ba3a2?s=96&d=mm&r=g\",\"caption\":\"Ibrahima\"},\"sameAs\":[\"https:\/\/www.nettali.com\"]}]}<\/script>\n<!-- \/ Yoast SEO Premium plugin. -->","yoast_head_json":{"title":"CORONAVIRUS AU SENEGAL - Z\u00e9ro nouveau cas positif, z\u00e9ro d\u00e9c\u00e8s | Nettali.com","robots":{"index":"index","follow":"follow","max-snippet":"max-snippet:-1","max-image-preview":"max-image-preview:large","max-video-preview":"max-video-preview:-1"},"canonical":"https:\/\/www.nettali.com\/2021\/11\/07\/coronavirus-au-senegal-zero-nouveau-cas-positif-zero-deces\/","og_locale":"fr_FR","og_type":"article","og_title":"CORONAVIRUS AU SENEGAL - Z\u00e9ro nouveau cas positif, z\u00e9ro d\u00e9c\u00e8s","og_description":"NETTALI.COM - Le minist\u00e8re de la Sant\u00e9 et de l\u2019Action sociale a annonc\u00e9 ce dimanche, z\u00e9ro nouvelle infection li\u00e9e au coronavirus et z\u00e9ro d\u00e9c\u00e8s. \"Sur 1.554 tests effectu\u00e9s, aucun cas positif n'est revenu positif\", a fait savoir le minist\u00e8re de la Sant\u00e9 et de l\u2019Action sociale lors du point quotidien sur l\u2019\u00e9volution de la Covid-19. [&hellip;]","og_url":"https:\/\/www.nettali.com\/2021\/11\/07\/coronavirus-au-senegal-zero-nouveau-cas-positif-zero-deces\/","og_site_name":"Nettali.com","article_publisher":"https:\/\/www.facebook.com\/nettalicom","article_published_time":"2021-11-07T14:45:15+00:00","og_image":[{"width":800,"height":479,"url":"https:\/\/www.nettali.com\/wp-content\/uploads\/2021\/11\/58009239-42892143.jpg","type":"image\/jpeg"}],"twitter_card":"summary_large_image","twitter_misc":{"\u00c9crit par":"Ibrahima","Dur\u00e9e de lecture estim\u00e9e":"1 minute"},"schema":{"@context":"https:\/\/schema.org","@graph":[{"@type":"WebSite","@id":"https:\/\/www.nettali.com\/#website","url":"https:\/\/www.nettali.com\/","name":"Nettali.com","description":"Le rendez-vous critique du Net","potentialAction":[{"@type":"SearchAction","target":{"@type":"EntryPoint","urlTemplate":"https:\/\/www.nettali.com\/?s={search_term_string}"},"query-input":"required name=search_term_string"}],"inLanguage":"fr-FR"},{"@type":"ImageObject","@id":"https:\/\/www.nettali.com\/2021\/11\/07\/coronavirus-au-senegal-zero-nouveau-cas-positif-zero-deces\/#primaryimage","inLanguage":"fr-FR","url":"https:\/\/www.nettali.com\/wp-content\/uploads\/2021\/11\/58009239-42892143.jpg","contentUrl":"https:\/\/www.nettali.com\/wp-content\/uploads\/2021\/11\/58009239-42892143.jpg","width":800,"height":479},{"@type":"WebPage","@id":"https:\/\/www.nettali.com\/2021\/11\/07\/coronavirus-au-senegal-zero-nouveau-cas-positif-zero-deces\/#webpage","url":"https:\/\/www.nettali.com\/2021\/11\/07\/coronavirus-au-senegal-zero-nouveau-cas-positif-zero-deces\/","name":"CORONAVIRUS AU SENEGAL - Z\u00e9ro nouveau cas positif, z\u00e9ro d\u00e9c\u00e8s | Nettali.com","isPartOf":{"@id":"https:\/\/www.nettali.com\/#website"},"primaryImageOfPage":{"@id":"https:\/\/www.nettali.com\/2021\/11\/07\/coronavirus-au-senegal-zero-nouveau-cas-positif-zero-deces\/#primaryimage"},"datePublished":"2021-11-07T14:45:15+00:00","dateModified":"2021-11-07T14:45:15+00:00","author":{"@id":"https:\/\/www.nettali.com\/#\/schema\/person\/bb147657c2986240405a608162b9bb23"},"breadcrumb":{"@id":"https:\/\/www.nettali.com\/2021\/11\/07\/coronavirus-au-senegal-zero-nouveau-cas-positif-zero-deces\/#breadcrumb"},"inLanguage":"fr-FR","potentialAction":[{"@type":"ReadAction","target":["https:\/\/www.nettali.com\/2021\/11\/07\/coronavirus-au-senegal-zero-nouveau-cas-positif-zero-deces\/"]}]},{"@type":"BreadcrumbList","@id":"https:\/\/www.nettali.com\/2021\/11\/07\/coronavirus-au-senegal-zero-nouveau-cas-positif-zero-deces\/#breadcrumb","itemListElement":[{"@type":"ListItem","position":1,"name":"Accueil","item":"https:\/\/www.nettali.com\/"},{"@type":"ListItem","position":2,"name":"CORONAVIRUS AU SENEGAL &#8211; Z\u00e9ro nouveau cas positif, z\u00e9ro d\u00e9c\u00e8s"}]},{"@type":"Person","@id":"https:\/\/www.nettali.com\/#\/schema\/person\/bb147657c2986240405a608162b9bb23","name":"Ibrahima","image":{"@type":"ImageObject","@id":"https:\/\/www.nettali.com\/#personlogo","inLanguage":"fr-FR","url":"https:\/\/secure.gravatar.com\/avatar\/26a8a81f09f0dd7624c9d5c36c9ba3a2?s=96&d=mm&r=g","contentUrl":"https:\/\/secure.gravatar.com\/avatar\/26a8a81f09f0dd7624c9d5c36c9ba3a2?s=96&d=mm&r=g","caption":"Ibrahima"},"sameAs":["https:\/\/www.nettali.com"]}]}},"_links":{"self":[{"href":"https:\/\/www.nettali.com\/rest\/wp\/v2\/posts\/75152"}],"collection":[{"href":"https:\/\/www.nettali.com\/rest\/wp\/v2\/posts"}],"about":[{"href":"https:\/\/www.nettali.com\/rest\/wp\/v2\/types\/post"}],"author":[{"embeddable":true,"href":"https:\/\/www.nettali.com\/rest\/wp\/v2\/users\/5"}],"replies":[{"embeddable":true,"href":"https:\/\/www.nettali.com\/rest\/wp\/v2\/comments?post=75152"}],"version-history":[{"count":3,"href":"https:\/\/www.nettali.com\/rest\/wp\/v2\/posts\/75152\/revisions"}],"predecessor-version":[{"id":75159,"href":"https:\/\/www.nettali.com\/rest\/wp\/v2\/posts\/75152\/revisions\/75159"}],"wp:featuredmedia":[{"embeddable":true,"href":"https:\/\/www.nettali.com\/rest\/wp\/v2\/media\/75153"}],"wp:attachment":[{"href":"https:\/\/www.nettali.com\/rest\/wp\/v2\/media?parent=75152"}],"wp:term":[{"taxonomy":"category","embeddable":true,"href":"https:\/\/www.nettali.com\/rest\/wp\/v2\/categories?post=75152"},{"taxonomy":"post_tag","embeddable":true,"href":"https:\/\/www.nettali.com\/rest\/wp\/v2\/tags?post=75152"}],"curies":[{"name":"wp","href":"https:\/\/api.w.org\/{rel}","templated":true}]}}