{"id":75079,"date":"2021-11-06T10:02:21","date_gmt":"2021-11-06T10:02:21","guid":{"rendered":"https:\/\/www.nettali.com\/?p=75079"},"modified":"2021-11-06T16:47:03","modified_gmt":"2021-11-06T16:47:03","slug":"locales-2022-accuse-davoir-rejete-la-liste-de-yaw-mamadou-lamine-mane-prefet-du-departement-de-mbour-nie-tout","status":"publish","type":"post","link":"https:\/\/www.nettali.com\/2021\/11\/06\/locales-2022-accuse-davoir-rejete-la-liste-de-yaw-mamadou-lamine-mane-prefet-du-departement-de-mbour-nie-tout\/","title":{"rendered":"REJET DE LA LISTE DE YAW A MBOUR  - Le pr\u00e9fet nie tout"},"content":{"rendered":"<p><strong>NETTALI.COM - Le torchon br\u00fble entre les responsables de la liste de la Coalition YAW et le Pr\u00e9fet du d\u00e9partement de Mbour. 24 heures apr\u00e8s la cl\u00f4ture des d\u00e9p\u00f4ts de listes des diff\u00e9rentes formations politiques, Maitre Abdoulaye Tall et compagnie ont invit\u00e9 la presse pour d\u00e9noncer le rejet de leur liste par l\u2019autorit\u00e9 administrative. Hier (vendredi), le Pr\u00e9fet a rencontr\u00e9, \u00e0 son tour la presse, pour d\u00e9monter pi\u00e8ce par pi\u00e8ce toutes les accusations port\u00e9es contre lui.<\/strong><\/p>\n<p>La capitale de la petite c\u00f4te commence d\u00e9j\u00e0 \u00e0 vibrer au rythme des \u00e9lections locales, depuis la cl\u00f4ture des d\u00e9p\u00f4ts des listes, suivi du rejet de certaines listes. C\u2019est le candidat de la coalition Yewwi Askan Wi (YAW), Maitre Abdoulaye Tall, qui a ouvert les hostilit\u00e9s, lors d\u2019une conf\u00e9rence de presse organis\u00e9e nuitamment pour fustiger le rejet de leur liste sans v\u00e9rification de la part du Pr\u00e9fet. C\u2019est par la suite que l\u2019autorit\u00e9 d\u00e9partementale s\u2019est prononc\u00e9e pour battre en br\u00e8che les all\u00e9gations des politiciens. \u201cLe pr\u00e9fet a refus\u00e9, parce qu'il ne pouvait pas prendre un dossier incomplet sans pour autant demander au pr\u00e9alable que ce dossier soit mis \u00e0 sa disposition. Le dossier n'a pas \u00e9t\u00e9 remis au pr\u00e9fet qui n'a pas voulu le prendre\u201d, a d\u00e9clar\u00e9 Me Abdoulaye Tall, dans les colonnes de Enqu\u00eate ce samedi.<\/p>\n<p>Avant de continuer : \u201cil a dit clairement \u00e0 nos mandataires : \u201cSi vous avez le dossier complet, il n'y a pas de probl\u00e8me. Mais, si vous attendez quelque chose qui doit venir pour r\u00e9gulariser, consid\u00e9rez que votre dossier est rejet\u00e9\u201d. La pratique voudrait que, m\u00eame si le dossier est incomplet, ce qui n'est pas le cas pour notre Coalition, parce nous avions un dossier complet, d'habitude, on laisse au mandataire un d\u00e9lai de 48h voire 72h pour r\u00e9gulariser et r\u00e9gler les probl\u00e8mes d'in\u00e9ligibilit\u00e9, les omissions ou les erreurs mat\u00e9rielles. On n\u2019a pas donn\u00e9 cette occasion aux mandataires, parce que le pr\u00e9fet n'a m\u00eame pas voulu prendre connaissance du dossier, v\u00e9rifier les pi\u00e8ces jointes, aussi bien physiques que num\u00e9riques et en tirer toutes les cons\u00e9quences, mais, il s'est content\u00e9 de dire : \u201cJe ne prends pas\u201d. Pour le candidat de la coalition de YAW pour la mairie de Mbour, \u201cle pr\u00e9fet a cr\u00e9\u00e9 un pr\u00e9c\u00e9dent dangereux. Dans un Etat de droit, une administration o\u00f9 le principe de l'\u00e9crit est primordial, le pr\u00e9fet ne peut pas se contenter de d\u00e9clarer verbalement que le dossier est rejet\u00e9, laissant nos mandataires dans une situation inconfortable.\u201d Et de pr\u00e9ciser : \u201cun huissier a \u00e9t\u00e9 saisi. Il a constat\u00e9 que c'est le pr\u00e9fet qui a refus\u00e9 de prendre le dossier. La liste communale \u00e9tait compl\u00e8te. Le pr\u00e9fet n'entend pas prendre les listes de l'opposition. Nous avons constat\u00e9 qu'il y a une discrimination entre les candidats du pouvoir et ces alli\u00e9s et ceux de l'opposition.\u201d Ils ont m\u00eame promis de saisir la Cour d'appel de Thi\u00e8s pour qu'il statut sur le cas.<\/p>\n<p><strong>\u201cLe mandataire a pr\u00e9f\u00e9r\u00e9 d\u00e9sister et repartir sans d\u00e9poser les listes\u201d<\/strong><\/p>\n<p>La r\u00e9ponse de l\u2019autorit\u00e9 d\u00e9partementale ne s\u2019est pas fait attendre. Mamadou Lamine Man\u00e9 a apport\u00e9 un d\u00e9menti et balaie d\u2019un revers de main toutes les accusations port\u00e9es contre lui. Dans une d\u00e9claration qu\u2019il a faite devant la presse dans les locaux de la pr\u00e9fecture, le Pr\u00e9fet explique : \u201cTout s'est d\u00e9roul\u00e9 en pr\u00e9sence des deux d\u00e9l\u00e9gu\u00e9s de la CEDA, ici pr\u00e9sents et des 4 autres membres de la commission de r\u00e9ception qui, pendant cette p\u00e9riode, n'ont pas quitt\u00e9 la pr\u00e9fecture\u201d. Il informe qu\u2019il n\u2019a pas rejet\u00e9 de liste. Ce serait plut\u00f4t le mandataire qui aurait abandonn\u00e9, de son propre gr\u00e9, l\u2019op\u00e9ration de d\u00e9p\u00f4t.<\/p>\n<p>\u201cLeur mandataire pour la commune, M. Doudou Dieng, s'est pr\u00e9sent\u00e9 devant la commission avec un dossier largement incomplet, ce qu'il a admis devant la commission. Apr\u00e8s un contr\u00f4le sommaire et contradictoire avec la commission, et constatant que ledit dossier est incomplet, il a pr\u00e9f\u00e9r\u00e9 d\u00e9sister et repartir sans d\u00e9poser les listes\u201d, s\u2019est d\u00e9fendu l\u2019autorit\u00e9. Qui ajoute : \u201cpar ailleurs, je tiens \u00e0 pr\u00e9ciser qu'aucun huissier ne s'est pr\u00e9sent\u00e9 \u00e0 nous pour constater quoi que ce soit, et cela ne nous a pas \u00e9t\u00e9 rapport\u00e9 non plus.\u201d<\/p>\n<p>&nbsp;<\/p>\n<div class='share-to-whatsapp-wrapper'><div class='share-on-whsp'>PARTAGER SUR : <\/div><a data-text='REJET DE LA LISTE DE YAW A MBOUR  - Le pr\u00e9fet nie tout' data-link='https:\/\/www.nettali.com\/2021\/11\/06\/locales-2022-accuse-davoir-rejete-la-liste-de-yaw-mamadou-lamine-mane-prefet-du-departement-de-mbour-nie-tout\/' class='whatsapp-button whatsapp-share'>WhatsApp<\/a><div class='clear '><\/div><\/div>","protected":false},"excerpt":{"rendered":"<p>NETTALI.COM - Le torchon br\u00fble entre les responsables de la liste de la Coalition YAW et le Pr\u00e9fet du d\u00e9partement de Mbour. 24 heures apr\u00e8s la cl\u00f4ture des d\u00e9p\u00f4ts de listes des diff\u00e9rentes formations politiques, Maitre Abdoulaye Tall et compagnie ont invit\u00e9 la presse pour d\u00e9noncer le rejet de leur liste par l\u2019autorit\u00e9 administrative. Hier [&hellip;]<\/p>\n","protected":false},"author":11,"featured_media":75080,"comment_status":"open","ping_status":"open","sticky":false,"template":"","format":"standard","meta":{"_et_pb_use_builder":"","_et_pb_old_content":""},"categories":[2],"tags":[],"yoast_head":"<!-- This site is optimized with the Yoast SEO Premium plugin v17.8 (Yoast SEO v17.8) - https:\/\/yoast.com\/wordpress\/plugins\/seo\/ -->\n<title>REJET DE LA LISTE DE YAW A MBOUR - Le pr\u00e9fet nie tout | Nettali.com<\/title>\n<meta name=\"robots\" content=\"index, follow, max-snippet:-1, max-image-preview:large, max-video-preview:-1\" \/>\n<link rel=\"canonical\" href=\"https:\/\/www.nettali.com\/2021\/11\/06\/locales-2022-accuse-davoir-rejete-la-liste-de-yaw-mamadou-lamine-mane-prefet-du-departement-de-mbour-nie-tout\/\" \/>\n<meta property=\"og:locale\" content=\"fr_FR\" \/>\n<meta property=\"og:type\" content=\"article\" \/>\n<meta property=\"og:title\" content=\"REJET DE LA LISTE DE YAW A MBOUR - Le pr\u00e9fet nie tout\" \/>\n<meta property=\"og:description\" content=\"NETTALI.COM - Le torchon br\u00fble entre les responsables de la liste de la Coalition YAW et le Pr\u00e9fet du d\u00e9partement de Mbour. 24 heures apr\u00e8s la cl\u00f4ture des d\u00e9p\u00f4ts de listes des diff\u00e9rentes formations politiques, Maitre Abdoulaye Tall et compagnie ont invit\u00e9 la presse pour d\u00e9noncer le rejet de leur liste par l\u2019autorit\u00e9 administrative. Hier [&hellip;]\" \/>\n<meta property=\"og:url\" content=\"https:\/\/www.nettali.com\/2021\/11\/06\/locales-2022-accuse-davoir-rejete-la-liste-de-yaw-mamadou-lamine-mane-prefet-du-departement-de-mbour-nie-tout\/\" \/>\n<meta property=\"og:site_name\" content=\"Nettali.com\" \/>\n<meta property=\"article:publisher\" content=\"https:\/\/www.facebook.com\/nettalicom\" \/>\n<meta property=\"article:published_time\" content=\"2021-11-06T10:02:21+00:00\" \/>\n<meta property=\"article:modified_time\" content=\"2021-11-06T16:47:03+00:00\" \/>\n<meta property=\"og:image\" content=\"https:\/\/www.nettali.com\/wp-content\/uploads\/2021\/11\/mane-prefet.jpg\" \/>\n\t<meta property=\"og:image:width\" content=\"780\" \/>\n\t<meta property=\"og:image:height\" content=\"470\" \/>\n<meta name=\"twitter:card\" content=\"summary_large_image\" \/>\n<meta name=\"twitter:label1\" content=\"\u00c9crit par\" \/>\n\t<meta name=\"twitter:data1\" content=\"Thierno Diop\" \/>\n\t<meta name=\"twitter:label2\" content=\"Dur\u00e9e de lecture estim\u00e9e\" \/>\n\t<meta name=\"twitter:data2\" content=\"3 minutes\" \/>\n<script type=\"application\/ld+json\" class=\"yoast-schema-graph\">{\"@context\":\"https:\/\/schema.org\",\"@graph\":[{\"@type\":\"WebSite\",\"@id\":\"https:\/\/www.nettali.com\/#website\",\"url\":\"https:\/\/www.nettali.com\/\",\"name\":\"Nettali.com\",\"description\":\"Le rendez-vous critique du Net\",\"potentialAction\":[{\"@type\":\"SearchAction\",\"target\":{\"@type\":\"EntryPoint\",\"urlTemplate\":\"https:\/\/www.nettali.com\/?s={search_term_string}\"},\"query-input\":\"required name=search_term_string\"}],\"inLanguage\":\"fr-FR\"},{\"@type\":\"ImageObject\",\"@id\":\"https:\/\/www.nettali.com\/2021\/11\/06\/locales-2022-accuse-davoir-rejete-la-liste-de-yaw-mamadou-lamine-mane-prefet-du-departement-de-mbour-nie-tout\/#primaryimage\",\"inLanguage\":\"fr-FR\",\"url\":\"https:\/\/www.nettali.com\/wp-content\/uploads\/2021\/11\/mane-prefet.jpg\",\"contentUrl\":\"https:\/\/www.nettali.com\/wp-content\/uploads\/2021\/11\/mane-prefet.jpg\",\"width\":780,\"height\":470},{\"@type\":\"WebPage\",\"@id\":\"https:\/\/www.nettali.com\/2021\/11\/06\/locales-2022-accuse-davoir-rejete-la-liste-de-yaw-mamadou-lamine-mane-prefet-du-departement-de-mbour-nie-tout\/#webpage\",\"url\":\"https:\/\/www.nettali.com\/2021\/11\/06\/locales-2022-accuse-davoir-rejete-la-liste-de-yaw-mamadou-lamine-mane-prefet-du-departement-de-mbour-nie-tout\/\",\"name\":\"REJET DE LA LISTE DE YAW A MBOUR - Le pr\\u00e9fet nie tout | Nettali.com\",\"isPartOf\":{\"@id\":\"https:\/\/www.nettali.com\/#website\"},\"primaryImageOfPage\":{\"@id\":\"https:\/\/www.nettali.com\/2021\/11\/06\/locales-2022-accuse-davoir-rejete-la-liste-de-yaw-mamadou-lamine-mane-prefet-du-departement-de-mbour-nie-tout\/#primaryimage\"},\"datePublished\":\"2021-11-06T10:02:21+00:00\",\"dateModified\":\"2021-11-06T16:47:03+00:00\",\"author\":{\"@id\":\"https:\/\/www.nettali.com\/#\/schema\/person\/8a06c6bd7b19304cf4bf985862900b5b\"},\"breadcrumb\":{\"@id\":\"https:\/\/www.nettali.com\/2021\/11\/06\/locales-2022-accuse-davoir-rejete-la-liste-de-yaw-mamadou-lamine-mane-prefet-du-departement-de-mbour-nie-tout\/#breadcrumb\"},\"inLanguage\":\"fr-FR\",\"potentialAction\":[{\"@type\":\"ReadAction\",\"target\":[\"https:\/\/www.nettali.com\/2021\/11\/06\/locales-2022-accuse-davoir-rejete-la-liste-de-yaw-mamadou-lamine-mane-prefet-du-departement-de-mbour-nie-tout\/\"]}]},{\"@type\":\"BreadcrumbList\",\"@id\":\"https:\/\/www.nettali.com\/2021\/11\/06\/locales-2022-accuse-davoir-rejete-la-liste-de-yaw-mamadou-lamine-mane-prefet-du-departement-de-mbour-nie-tout\/#breadcrumb\",\"itemListElement\":[{\"@type\":\"ListItem\",\"position\":1,\"name\":\"Accueil\",\"item\":\"https:\/\/www.nettali.com\/\"},{\"@type\":\"ListItem\",\"position\":2,\"name\":\"REJET DE LA LISTE DE YAW A MBOUR &#8211; Le pr\\u00e9fet nie tout\"}]},{\"@type\":\"Person\",\"@id\":\"https:\/\/www.nettali.com\/#\/schema\/person\/8a06c6bd7b19304cf4bf985862900b5b\",\"name\":\"Thierno Diop\",\"image\":{\"@type\":\"ImageObject\",\"@id\":\"https:\/\/www.nettali.com\/#personlogo\",\"inLanguage\":\"fr-FR\",\"url\":\"https:\/\/secure.gravatar.com\/avatar\/c8ca58550c94fd2ac856d27391a6c866?s=96&d=mm&r=g\",\"contentUrl\":\"https:\/\/secure.gravatar.com\/avatar\/c8ca58550c94fd2ac856d27391a6c866?s=96&d=mm&r=g\",\"caption\":\"Thierno Diop\"},\"sameAs\":[\"https:\/\/nettali.com\"]}]}<\/script>\n<!-- \/ Yoast SEO Premium plugin. -->","yoast_head_json":{"title":"REJET DE LA LISTE DE YAW A MBOUR - Le pr\u00e9fet nie tout | Nettali.com","robots":{"index":"index","follow":"follow","max-snippet":"max-snippet:-1","max-image-preview":"max-image-preview:large","max-video-preview":"max-video-preview:-1"},"canonical":"https:\/\/www.nettali.com\/2021\/11\/06\/locales-2022-accuse-davoir-rejete-la-liste-de-yaw-mamadou-lamine-mane-prefet-du-departement-de-mbour-nie-tout\/","og_locale":"fr_FR","og_type":"article","og_title":"REJET DE LA LISTE DE YAW A MBOUR - Le pr\u00e9fet nie tout","og_description":"NETTALI.COM - Le torchon br\u00fble entre les responsables de la liste de la Coalition YAW et le Pr\u00e9fet du d\u00e9partement de Mbour. 24 heures apr\u00e8s la cl\u00f4ture des d\u00e9p\u00f4ts de listes des diff\u00e9rentes formations politiques, Maitre Abdoulaye Tall et compagnie ont invit\u00e9 la presse pour d\u00e9noncer le rejet de leur liste par l\u2019autorit\u00e9 administrative. Hier [&hellip;]","og_url":"https:\/\/www.nettali.com\/2021\/11\/06\/locales-2022-accuse-davoir-rejete-la-liste-de-yaw-mamadou-lamine-mane-prefet-du-departement-de-mbour-nie-tout\/","og_site_name":"Nettali.com","article_publisher":"https:\/\/www.facebook.com\/nettalicom","article_published_time":"2021-11-06T10:02:21+00:00","article_modified_time":"2021-11-06T16:47:03+00:00","og_image":[{"width":780,"height":470,"url":"https:\/\/www.nettali.com\/wp-content\/uploads\/2021\/11\/mane-prefet.jpg","type":"image\/jpeg"}],"twitter_card":"summary_large_image","twitter_misc":{"\u00c9crit par":"Thierno Diop","Dur\u00e9e de lecture estim\u00e9e":"3 minutes"},"schema":{"@context":"https:\/\/schema.org","@graph":[{"@type":"WebSite","@id":"https:\/\/www.nettali.com\/#website","url":"https:\/\/www.nettali.com\/","name":"Nettali.com","description":"Le rendez-vous critique du Net","potentialAction":[{"@type":"SearchAction","target":{"@type":"EntryPoint","urlTemplate":"https:\/\/www.nettali.com\/?s={search_term_string}"},"query-input":"required name=search_term_string"}],"inLanguage":"fr-FR"},{"@type":"ImageObject","@id":"https:\/\/www.nettali.com\/2021\/11\/06\/locales-2022-accuse-davoir-rejete-la-liste-de-yaw-mamadou-lamine-mane-prefet-du-departement-de-mbour-nie-tout\/#primaryimage","inLanguage":"fr-FR","url":"https:\/\/www.nettali.com\/wp-content\/uploads\/2021\/11\/mane-prefet.jpg","contentUrl":"https:\/\/www.nettali.com\/wp-content\/uploads\/2021\/11\/mane-prefet.jpg","width":780,"height":470},{"@type":"WebPage","@id":"https:\/\/www.nettali.com\/2021\/11\/06\/locales-2022-accuse-davoir-rejete-la-liste-de-yaw-mamadou-lamine-mane-prefet-du-departement-de-mbour-nie-tout\/#webpage","url":"https:\/\/www.nettali.com\/2021\/11\/06\/locales-2022-accuse-davoir-rejete-la-liste-de-yaw-mamadou-lamine-mane-prefet-du-departement-de-mbour-nie-tout\/","name":"REJET DE LA LISTE DE YAW A MBOUR - Le pr\u00e9fet nie tout | Nettali.com","isPartOf":{"@id":"https:\/\/www.nettali.com\/#website"},"primaryImageOfPage":{"@id":"https:\/\/www.nettali.com\/2021\/11\/06\/locales-2022-accuse-davoir-rejete-la-liste-de-yaw-mamadou-lamine-mane-prefet-du-departement-de-mbour-nie-tout\/#primaryimage"},"datePublished":"2021-11-06T10:02:21+00:00","dateModified":"2021-11-06T16:47:03+00:00","author":{"@id":"https:\/\/www.nettali.com\/#\/schema\/person\/8a06c6bd7b19304cf4bf985862900b5b"},"breadcrumb":{"@id":"https:\/\/www.nettali.com\/2021\/11\/06\/locales-2022-accuse-davoir-rejete-la-liste-de-yaw-mamadou-lamine-mane-prefet-du-departement-de-mbour-nie-tout\/#breadcrumb"},"inLanguage":"fr-FR","potentialAction":[{"@type":"ReadAction","target":["https:\/\/www.nettali.com\/2021\/11\/06\/locales-2022-accuse-davoir-rejete-la-liste-de-yaw-mamadou-lamine-mane-prefet-du-departement-de-mbour-nie-tout\/"]}]},{"@type":"BreadcrumbList","@id":"https:\/\/www.nettali.com\/2021\/11\/06\/locales-2022-accuse-davoir-rejete-la-liste-de-yaw-mamadou-lamine-mane-prefet-du-departement-de-mbour-nie-tout\/#breadcrumb","itemListElement":[{"@type":"ListItem","position":1,"name":"Accueil","item":"https:\/\/www.nettali.com\/"},{"@type":"ListItem","position":2,"name":"REJET DE LA LISTE DE YAW A MBOUR &#8211; Le pr\u00e9fet nie tout"}]},{"@type":"Person","@id":"https:\/\/www.nettali.com\/#\/schema\/person\/8a06c6bd7b19304cf4bf985862900b5b","name":"Thierno Diop","image":{"@type":"ImageObject","@id":"https:\/\/www.nettali.com\/#personlogo","inLanguage":"fr-FR","url":"https:\/\/secure.gravatar.com\/avatar\/c8ca58550c94fd2ac856d27391a6c866?s=96&d=mm&r=g","contentUrl":"https:\/\/secure.gravatar.com\/avatar\/c8ca58550c94fd2ac856d27391a6c866?s=96&d=mm&r=g","caption":"Thierno Diop"},"sameAs":["https:\/\/nettali.com"]}]}},"_links":{"self":[{"href":"https:\/\/www.nettali.com\/rest\/wp\/v2\/posts\/75079"}],"collection":[{"href":"https:\/\/www.nettali.com\/rest\/wp\/v2\/posts"}],"about":[{"href":"https:\/\/www.nettali.com\/rest\/wp\/v2\/types\/post"}],"author":[{"embeddable":true,"href":"https:\/\/www.nettali.com\/rest\/wp\/v2\/users\/11"}],"replies":[{"embeddable":true,"href":"https:\/\/www.nettali.com\/rest\/wp\/v2\/comments?post=75079"}],"version-history":[{"count":5,"href":"https:\/\/www.nettali.com\/rest\/wp\/v2\/posts\/75079\/revisions"}],"predecessor-version":[{"id":75088,"href":"https:\/\/www.nettali.com\/rest\/wp\/v2\/posts\/75079\/revisions\/75088"}],"wp:featuredmedia":[{"embeddable":true,"href":"https:\/\/www.nettali.com\/rest\/wp\/v2\/media\/75080"}],"wp:attachment":[{"href":"https:\/\/www.nettali.com\/rest\/wp\/v2\/media?parent=75079"}],"wp:term":[{"taxonomy":"category","embeddable":true,"href":"https:\/\/www.nettali.com\/rest\/wp\/v2\/categories?post=75079"},{"taxonomy":"post_tag","embeddable":true,"href":"https:\/\/www.nettali.com\/rest\/wp\/v2\/tags?post=75079"}],"curies":[{"name":"wp","href":"https:\/\/api.w.org\/{rel}","templated":true}]}}