{"id":75016,"date":"2021-11-05T09:17:57","date_gmt":"2021-11-05T09:17:57","guid":{"rendered":"https:\/\/www.nettali.com\/?p=75016"},"modified":"2021-11-05T09:17:57","modified_gmt":"2021-11-05T09:17:57","slug":"rehabilitation-annoncee-de-la-serie-infideles-jamra-sur-le-pied-de-guerre","status":"publish","type":"post","link":"https:\/\/www.nettali.com\/2021\/11\/05\/rehabilitation-annoncee-de-la-serie-infideles-jamra-sur-le-pied-de-guerre\/","title":{"rendered":"REHABILITATION ANNONCEE DE LA SERIE \u201cINFIDELES\u2019\u2019 \u2013 Jamra sur le pied de guerre"},"content":{"rendered":"<p><strong>NETTALI.COM - La r\u00e9habilitation annonc\u00e9e de la s\u00e9rie \u201cInfid\u00e8les\u2019\u2019, suite \u00e0 une encontre entre le patron du Cnra Babacar Diagne et les responsables de cette production, suscite la col\u00e8re de Jamra, en ordre de bataille.<\/strong><\/p>\n<p>Suite \u00e0 la r\u00e9habilitation annonc\u00e9e de la s\u00e9rie \u201cInfid\u00e8les\u2019\u2019, l\u2019organisation non gouvernementale Jamra se met en ordre de bataille.<\/p>\n<p>Pour rappel, une bande-annonce de cette fiction avait suscit\u00e9 en juillet dernier une vague d'indignation dans l'opinion, au point d'avoir pouss\u00e9 Jamra et ses 48 alli\u00e9s \u00e0 d\u00e9poser une plainte aupr\u00e8s du Conseil de r\u00e9gulation de l'audiovisuel (CNRA). Il s\u2019en est suivi une sanction des mis en cause. Le CNRA justifiait \u00e0 l\u2019\u00e9poque sa d\u00e9cision en l'\u00e9tayant dans sa note n\u00b0004 rendue publique le 21 juillet 2021, par une \u201cinterdiction faite aux t\u00e9l\u00e9visions de diffuser la bande-annonce de la saison 3 telle qu\u2019elle est propos\u00e9e sur Internet et tout contenu de la s\u00e9rie ''Infid\u00e8les''.<\/p>\n<p>Il \u00e9tait \u00e9galement vis\u00e9 l\u2019incitation \u2018\u2018\u00e0 des pratiques sexuelles jug\u00e9es d\u00e9viantes ou contraires \u00e0 la morale et aux bonnes m\u0153urs\u2019\u2019\u2026<\/p>\n<p>Mame Makhtar Gu\u00e8ye et ses alli\u00e9s, dans un communiqu\u00e9, disent ainsi prendre acte de la rencontre entre les responsables de cette s\u00e9rie \u00e0 \u201cpol\u00e9mique\u2019\u2019 et le pr\u00e9sident de l'organe de r\u00e9gulation, le CNRA, ce 2 novembre, pour solliciter la lev\u00e9e de cette sanction qui dure depuis pr\u00e8s de quatre mois. \u201cCes multir\u00e9cidivistes ont donc (encore) fait amende honorable, en promettant qu'on ne les y prendrait plus \u00e0 fouler aux pieds nos valeurs soci\u00e9tales, pour des profits bassement financiers. Le monitoring du CNRA et la commission de visionnage de Jamra remettent donc le pied \u00e0 l'\u00e9trier et les tiendront rigoureusement \u00e0 l'\u0153il\u2019\u2019, alerte encore Jamra.<\/p>\n<p>Les signataires du communiqu\u00e9 pr\u00e9cisent qu\u2019aucun producteur audiovisuel n'a le droit, sous pr\u00e9texte que \"ce n'est que de la fiction\", d'agresser des valeurs soci\u00e9tales ou de mettre en p\u00e9ril la sant\u00e9 mentale et l'\u00e9quilibre moral des adolescents, \u201cdans une rivalit\u00e9 malsaine de recherche de buzz et de gain d'argent facile, \u00e0 travers un mim\u00e9tisme aveugle des sous-cultures occidentales\u2019\u2019.<\/p>\n<p>A en croire l\u2019organisation, dans ces productions se c\u00f4toient des messages subliminaux de promotion de l'homosexualit\u00e9, de banalisation de la fornication et d'apologie de l'adult\u00e8re, sur fond de pornographie verbale. \u201cQue nos producteurs audiovisuels modernes s'inscrivent r\u00e9solument dans le noble sillage trac\u00e9 par les vaillants pr\u00e9curseurs de notre cin\u00e9ma, qui n'avaient de cesse d'inciter leurs compatriotes \u00e0 penser par eux-m\u00eames et pour eux-m\u00eames, \u00e0 l'instar d\u2019Ousmane Semb\u00e8ne, de Djibril Diop Mambety, de Moussa S\u00e8ne Absa, de Cheikh Tidiane Diop... et tant d'autres qui avaient l'art de divertir la jeunesse sans la pervertir !\u2019\u2019.<\/p>\n<div class='share-to-whatsapp-wrapper'><div class='share-on-whsp'>PARTAGER SUR : <\/div><a data-text='REHABILITATION ANNONCEE DE LA SERIE \u201cINFIDELES\u2019\u2019 \u2013 Jamra sur le pied de guerre' data-link='https:\/\/www.nettali.com\/2021\/11\/05\/rehabilitation-annoncee-de-la-serie-infideles-jamra-sur-le-pied-de-guerre\/' class='whatsapp-button whatsapp-share'>WhatsApp<\/a><div class='clear '><\/div><\/div>","protected":false},"excerpt":{"rendered":"<p>NETTALI.COM - La r\u00e9habilitation annonc\u00e9e de la s\u00e9rie \u201cInfid\u00e8les\u2019\u2019, suite \u00e0 une encontre entre le patron du Cnra Babacar Diagne et les responsables de cette production, suscite la col\u00e8re de Jamra, en ordre de bataille. Suite \u00e0 la r\u00e9habilitation annonc\u00e9e de la s\u00e9rie \u201cInfid\u00e8les\u2019\u2019, l\u2019organisation non gouvernementale Jamra se met en ordre de bataille. Pour [&hellip;]<\/p>\n","protected":false},"author":11,"featured_media":50798,"comment_status":"open","ping_status":"open","sticky":false,"template":"","format":"standard","meta":{"_et_pb_use_builder":"","_et_pb_old_content":""},"categories":[3],"tags":[],"yoast_head":"<!-- This site is optimized with the Yoast SEO Premium plugin v17.8 (Yoast SEO v17.8) - https:\/\/yoast.com\/wordpress\/plugins\/seo\/ -->\n<title>REHABILITATION ANNONCEE DE LA SERIE \u201cINFIDELES\u2019\u2019 \u2013 Jamra sur le pied de guerre | Nettali.com<\/title>\n<meta name=\"robots\" content=\"index, follow, max-snippet:-1, max-image-preview:large, max-video-preview:-1\" \/>\n<link rel=\"canonical\" href=\"https:\/\/www.nettali.com\/2021\/11\/05\/rehabilitation-annoncee-de-la-serie-infideles-jamra-sur-le-pied-de-guerre\/\" \/>\n<meta property=\"og:locale\" content=\"fr_FR\" \/>\n<meta property=\"og:type\" content=\"article\" \/>\n<meta property=\"og:title\" content=\"REHABILITATION ANNONCEE DE LA SERIE \u201cINFIDELES\u2019\u2019 \u2013 Jamra sur le pied de guerre\" \/>\n<meta property=\"og:description\" content=\"NETTALI.COM - La r\u00e9habilitation annonc\u00e9e de la s\u00e9rie \u201cInfid\u00e8les\u2019\u2019, suite \u00e0 une encontre entre le patron du Cnra Babacar Diagne et les responsables de cette production, suscite la col\u00e8re de Jamra, en ordre de bataille. Suite \u00e0 la r\u00e9habilitation annonc\u00e9e de la s\u00e9rie \u201cInfid\u00e8les\u2019\u2019, l\u2019organisation non gouvernementale Jamra se met en ordre de bataille. Pour [&hellip;]\" \/>\n<meta property=\"og:url\" content=\"https:\/\/www.nettali.com\/2021\/11\/05\/rehabilitation-annoncee-de-la-serie-infideles-jamra-sur-le-pied-de-guerre\/\" \/>\n<meta property=\"og:site_name\" content=\"Nettali.com\" \/>\n<meta property=\"article:publisher\" content=\"https:\/\/www.facebook.com\/nettalicom\" \/>\n<meta property=\"article:published_time\" content=\"2021-11-05T09:17:57+00:00\" \/>\n<meta property=\"og:image\" content=\"https:\/\/www.nettali.com\/wp-content\/uploads\/2020\/11\/jamra-1.jpg\" \/>\n\t<meta property=\"og:image:width\" content=\"533\" \/>\n\t<meta property=\"og:image:height\" content=\"516\" \/>\n<meta name=\"twitter:card\" content=\"summary_large_image\" \/>\n<meta name=\"twitter:label1\" content=\"\u00c9crit par\" \/>\n\t<meta name=\"twitter:data1\" content=\"Thierno Diop\" \/>\n\t<meta name=\"twitter:label2\" content=\"Dur\u00e9e de lecture estim\u00e9e\" \/>\n\t<meta name=\"twitter:data2\" content=\"2 minutes\" \/>\n<script type=\"application\/ld+json\" class=\"yoast-schema-graph\">{\"@context\":\"https:\/\/schema.org\",\"@graph\":[{\"@type\":\"WebSite\",\"@id\":\"https:\/\/www.nettali.com\/#website\",\"url\":\"https:\/\/www.nettali.com\/\",\"name\":\"Nettali.com\",\"description\":\"Le rendez-vous critique du Net\",\"potentialAction\":[{\"@type\":\"SearchAction\",\"target\":{\"@type\":\"EntryPoint\",\"urlTemplate\":\"https:\/\/www.nettali.com\/?s={search_term_string}\"},\"query-input\":\"required name=search_term_string\"}],\"inLanguage\":\"fr-FR\"},{\"@type\":\"ImageObject\",\"@id\":\"https:\/\/www.nettali.com\/2021\/11\/05\/rehabilitation-annoncee-de-la-serie-infideles-jamra-sur-le-pied-de-guerre\/#primaryimage\",\"inLanguage\":\"fr-FR\",\"url\":\"https:\/\/www.nettali.com\/wp-content\/uploads\/2020\/11\/jamra-1.jpg\",\"contentUrl\":\"https:\/\/www.nettali.com\/wp-content\/uploads\/2020\/11\/jamra-1.jpg\",\"width\":533,\"height\":516},{\"@type\":\"WebPage\",\"@id\":\"https:\/\/www.nettali.com\/2021\/11\/05\/rehabilitation-annoncee-de-la-serie-infideles-jamra-sur-le-pied-de-guerre\/#webpage\",\"url\":\"https:\/\/www.nettali.com\/2021\/11\/05\/rehabilitation-annoncee-de-la-serie-infideles-jamra-sur-le-pied-de-guerre\/\",\"name\":\"REHABILITATION ANNONCEE DE LA SERIE \\u201cINFIDELES\\u2019\\u2019 \\u2013 Jamra sur le pied de guerre | Nettali.com\",\"isPartOf\":{\"@id\":\"https:\/\/www.nettali.com\/#website\"},\"primaryImageOfPage\":{\"@id\":\"https:\/\/www.nettali.com\/2021\/11\/05\/rehabilitation-annoncee-de-la-serie-infideles-jamra-sur-le-pied-de-guerre\/#primaryimage\"},\"datePublished\":\"2021-11-05T09:17:57+00:00\",\"dateModified\":\"2021-11-05T09:17:57+00:00\",\"author\":{\"@id\":\"https:\/\/www.nettali.com\/#\/schema\/person\/8a06c6bd7b19304cf4bf985862900b5b\"},\"breadcrumb\":{\"@id\":\"https:\/\/www.nettali.com\/2021\/11\/05\/rehabilitation-annoncee-de-la-serie-infideles-jamra-sur-le-pied-de-guerre\/#breadcrumb\"},\"inLanguage\":\"fr-FR\",\"potentialAction\":[{\"@type\":\"ReadAction\",\"target\":[\"https:\/\/www.nettali.com\/2021\/11\/05\/rehabilitation-annoncee-de-la-serie-infideles-jamra-sur-le-pied-de-guerre\/\"]}]},{\"@type\":\"BreadcrumbList\",\"@id\":\"https:\/\/www.nettali.com\/2021\/11\/05\/rehabilitation-annoncee-de-la-serie-infideles-jamra-sur-le-pied-de-guerre\/#breadcrumb\",\"itemListElement\":[{\"@type\":\"ListItem\",\"position\":1,\"name\":\"Accueil\",\"item\":\"https:\/\/www.nettali.com\/\"},{\"@type\":\"ListItem\",\"position\":2,\"name\":\"REHABILITATION ANNONCEE DE LA SERIE \\u201cINFIDELES\\u2019\\u2019 \\u2013 Jamra sur le pied de guerre\"}]},{\"@type\":\"Person\",\"@id\":\"https:\/\/www.nettali.com\/#\/schema\/person\/8a06c6bd7b19304cf4bf985862900b5b\",\"name\":\"Thierno Diop\",\"image\":{\"@type\":\"ImageObject\",\"@id\":\"https:\/\/www.nettali.com\/#personlogo\",\"inLanguage\":\"fr-FR\",\"url\":\"https:\/\/secure.gravatar.com\/avatar\/c8ca58550c94fd2ac856d27391a6c866?s=96&d=mm&r=g\",\"contentUrl\":\"https:\/\/secure.gravatar.com\/avatar\/c8ca58550c94fd2ac856d27391a6c866?s=96&d=mm&r=g\",\"caption\":\"Thierno Diop\"},\"sameAs\":[\"https:\/\/nettali.com\"]}]}<\/script>\n<!-- \/ Yoast SEO Premium plugin. -->","yoast_head_json":{"title":"REHABILITATION ANNONCEE DE LA SERIE \u201cINFIDELES\u2019\u2019 \u2013 Jamra sur le pied de guerre | Nettali.com","robots":{"index":"index","follow":"follow","max-snippet":"max-snippet:-1","max-image-preview":"max-image-preview:large","max-video-preview":"max-video-preview:-1"},"canonical":"https:\/\/www.nettali.com\/2021\/11\/05\/rehabilitation-annoncee-de-la-serie-infideles-jamra-sur-le-pied-de-guerre\/","og_locale":"fr_FR","og_type":"article","og_title":"REHABILITATION ANNONCEE DE LA SERIE \u201cINFIDELES\u2019\u2019 \u2013 Jamra sur le pied de guerre","og_description":"NETTALI.COM - La r\u00e9habilitation annonc\u00e9e de la s\u00e9rie \u201cInfid\u00e8les\u2019\u2019, suite \u00e0 une encontre entre le patron du Cnra Babacar Diagne et les responsables de cette production, suscite la col\u00e8re de Jamra, en ordre de bataille. Suite \u00e0 la r\u00e9habilitation annonc\u00e9e de la s\u00e9rie \u201cInfid\u00e8les\u2019\u2019, l\u2019organisation non gouvernementale Jamra se met en ordre de bataille. Pour [&hellip;]","og_url":"https:\/\/www.nettali.com\/2021\/11\/05\/rehabilitation-annoncee-de-la-serie-infideles-jamra-sur-le-pied-de-guerre\/","og_site_name":"Nettali.com","article_publisher":"https:\/\/www.facebook.com\/nettalicom","article_published_time":"2021-11-05T09:17:57+00:00","og_image":[{"width":533,"height":516,"url":"https:\/\/www.nettali.com\/wp-content\/uploads\/2020\/11\/jamra-1.jpg","type":"image\/jpeg"}],"twitter_card":"summary_large_image","twitter_misc":{"\u00c9crit par":"Thierno Diop","Dur\u00e9e de lecture estim\u00e9e":"2 minutes"},"schema":{"@context":"https:\/\/schema.org","@graph":[{"@type":"WebSite","@id":"https:\/\/www.nettali.com\/#website","url":"https:\/\/www.nettali.com\/","name":"Nettali.com","description":"Le rendez-vous critique du Net","potentialAction":[{"@type":"SearchAction","target":{"@type":"EntryPoint","urlTemplate":"https:\/\/www.nettali.com\/?s={search_term_string}"},"query-input":"required name=search_term_string"}],"inLanguage":"fr-FR"},{"@type":"ImageObject","@id":"https:\/\/www.nettali.com\/2021\/11\/05\/rehabilitation-annoncee-de-la-serie-infideles-jamra-sur-le-pied-de-guerre\/#primaryimage","inLanguage":"fr-FR","url":"https:\/\/www.nettali.com\/wp-content\/uploads\/2020\/11\/jamra-1.jpg","contentUrl":"https:\/\/www.nettali.com\/wp-content\/uploads\/2020\/11\/jamra-1.jpg","width":533,"height":516},{"@type":"WebPage","@id":"https:\/\/www.nettali.com\/2021\/11\/05\/rehabilitation-annoncee-de-la-serie-infideles-jamra-sur-le-pied-de-guerre\/#webpage","url":"https:\/\/www.nettali.com\/2021\/11\/05\/rehabilitation-annoncee-de-la-serie-infideles-jamra-sur-le-pied-de-guerre\/","name":"REHABILITATION ANNONCEE DE LA SERIE \u201cINFIDELES\u2019\u2019 \u2013 Jamra sur le pied de guerre | Nettali.com","isPartOf":{"@id":"https:\/\/www.nettali.com\/#website"},"primaryImageOfPage":{"@id":"https:\/\/www.nettali.com\/2021\/11\/05\/rehabilitation-annoncee-de-la-serie-infideles-jamra-sur-le-pied-de-guerre\/#primaryimage"},"datePublished":"2021-11-05T09:17:57+00:00","dateModified":"2021-11-05T09:17:57+00:00","author":{"@id":"https:\/\/www.nettali.com\/#\/schema\/person\/8a06c6bd7b19304cf4bf985862900b5b"},"breadcrumb":{"@id":"https:\/\/www.nettali.com\/2021\/11\/05\/rehabilitation-annoncee-de-la-serie-infideles-jamra-sur-le-pied-de-guerre\/#breadcrumb"},"inLanguage":"fr-FR","potentialAction":[{"@type":"ReadAction","target":["https:\/\/www.nettali.com\/2021\/11\/05\/rehabilitation-annoncee-de-la-serie-infideles-jamra-sur-le-pied-de-guerre\/"]}]},{"@type":"BreadcrumbList","@id":"https:\/\/www.nettali.com\/2021\/11\/05\/rehabilitation-annoncee-de-la-serie-infideles-jamra-sur-le-pied-de-guerre\/#breadcrumb","itemListElement":[{"@type":"ListItem","position":1,"name":"Accueil","item":"https:\/\/www.nettali.com\/"},{"@type":"ListItem","position":2,"name":"REHABILITATION ANNONCEE DE LA SERIE \u201cINFIDELES\u2019\u2019 \u2013 Jamra sur le pied de guerre"}]},{"@type":"Person","@id":"https:\/\/www.nettali.com\/#\/schema\/person\/8a06c6bd7b19304cf4bf985862900b5b","name":"Thierno Diop","image":{"@type":"ImageObject","@id":"https:\/\/www.nettali.com\/#personlogo","inLanguage":"fr-FR","url":"https:\/\/secure.gravatar.com\/avatar\/c8ca58550c94fd2ac856d27391a6c866?s=96&d=mm&r=g","contentUrl":"https:\/\/secure.gravatar.com\/avatar\/c8ca58550c94fd2ac856d27391a6c866?s=96&d=mm&r=g","caption":"Thierno Diop"},"sameAs":["https:\/\/nettali.com"]}]}},"_links":{"self":[{"href":"https:\/\/www.nettali.com\/rest\/wp\/v2\/posts\/75016"}],"collection":[{"href":"https:\/\/www.nettali.com\/rest\/wp\/v2\/posts"}],"about":[{"href":"https:\/\/www.nettali.com\/rest\/wp\/v2\/types\/post"}],"author":[{"embeddable":true,"href":"https:\/\/www.nettali.com\/rest\/wp\/v2\/users\/11"}],"replies":[{"embeddable":true,"href":"https:\/\/www.nettali.com\/rest\/wp\/v2\/comments?post=75016"}],"version-history":[{"count":1,"href":"https:\/\/www.nettali.com\/rest\/wp\/v2\/posts\/75016\/revisions"}],"predecessor-version":[{"id":75017,"href":"https:\/\/www.nettali.com\/rest\/wp\/v2\/posts\/75016\/revisions\/75017"}],"wp:featuredmedia":[{"embeddable":true,"href":"https:\/\/www.nettali.com\/rest\/wp\/v2\/media\/50798"}],"wp:attachment":[{"href":"https:\/\/www.nettali.com\/rest\/wp\/v2\/media?parent=75016"}],"wp:term":[{"taxonomy":"category","embeddable":true,"href":"https:\/\/www.nettali.com\/rest\/wp\/v2\/categories?post=75016"},{"taxonomy":"post_tag","embeddable":true,"href":"https:\/\/www.nettali.com\/rest\/wp\/v2\/tags?post=75016"}],"curies":[{"name":"wp","href":"https:\/\/api.w.org\/{rel}","templated":true}]}}