{"id":74973,"date":"2021-11-04T14:20:19","date_gmt":"2021-11-04T14:20:19","guid":{"rendered":"https:\/\/www.nettali.com\/?p=74973"},"modified":"2021-11-05T00:33:30","modified_gmt":"2021-11-05T00:33:30","slug":"mairie-de-la-ville-de-dakar-lintersyndical-des-travailleurs-reclame-plus-de-consideration","status":"publish","type":"post","link":"https:\/\/www.nettali.com\/2021\/11\/04\/mairie-de-la-ville-de-dakar-lintersyndical-des-travailleurs-reclame-plus-de-consideration\/","title":{"rendered":"VILLE DE DAKAR - L\u2019intersyndical des travailleurs r\u00e9clame plus de consid\u00e9ration"},"content":{"rendered":"<p><strong>NETTALI.COM - L\u2019intersyndical des travailleurs de la mairie de Dakar r\u00e9clame une meilleure consid\u00e9ration pour sortir de la situation dans laquelle se trouvent les agents municipaux.<\/strong><\/p>\n<p>Le prochain maire de Dakar aura du pain sur la planche. A trois mois des \u00e9lections territoriales, des dol\u00e9ances commencent \u00e0 \u00eatre pos\u00e9es sur la table du futur \u00e9dile de la capitale. L\u2019intersyndical des travailleurs est mont\u00e9 au cr\u00e9neau pour r\u00e9clamer plus de consid\u00e9ration sur la situation socio-\u00e9conomique des agents municipaux.<\/p>\n<p>Ces travailleurs veulent une augmentation de leur salaire. A les croire, des programmes avaient \u00e9t\u00e9 d\u00e9clin\u00e9s et inscrits au budget 2021 de la mairie de Dakar pour soutenir les agents municipaux. Mais, constatent-ils pour le regretter, leur situation ne s\u2019am\u00e9liore pas. \u00ab <em>Nous aimerions qu\u2019on puisse am\u00e9liorer les prises en charge sociales sur la couverture maladie des retrait\u00e9s. Il faut qu\u2019il ait aussi des programmes sociaux de base<\/em> \u00bb, a plaid\u00e9 le Secr\u00e9taire g\u00e9n\u00e9ral de la F\u00e9d\u00e9ration g\u00e9n\u00e9rale des travailleurs du S\u00e9n\u00e9gal (Fgts), Sidya Ndiaye.<\/p>\n<p>Poursuivant son argumentaire, il alerte sur la situation financi\u00e8re difficile des agents municipaux. Ces derniers, poursuit-il, sont endett\u00e9s jusqu\u2019au cou. A son avis, il faut que le futur maire trouve des solutions \u00e0 ce probl\u00e8me. D\u2019apr\u00e8s le syndicaliste, cet endettement est du au fait que les salaires des agents sont tr\u00e8s bas.<\/p>\n<div class='share-to-whatsapp-wrapper'><div class='share-on-whsp'>PARTAGER SUR : <\/div><a data-text='VILLE DE DAKAR - L\u2019intersyndical des travailleurs r\u00e9clame plus de consid\u00e9ration' data-link='https:\/\/www.nettali.com\/2021\/11\/04\/mairie-de-la-ville-de-dakar-lintersyndical-des-travailleurs-reclame-plus-de-consideration\/' class='whatsapp-button whatsapp-share'>WhatsApp<\/a><div class='clear '><\/div><\/div>","protected":false},"excerpt":{"rendered":"<p>NETTALI.COM - L\u2019intersyndical des travailleurs de la mairie de Dakar r\u00e9clame une meilleure consid\u00e9ration pour sortir de la situation dans laquelle se trouvent les agents municipaux. Le prochain maire de Dakar aura du pain sur la planche. A trois mois des \u00e9lections territoriales, des dol\u00e9ances commencent \u00e0 \u00eatre pos\u00e9es sur la table du futur \u00e9dile [&hellip;]<\/p>\n","protected":false},"author":6,"featured_media":74976,"comment_status":"open","ping_status":"open","sticky":false,"template":"","format":"standard","meta":{"_et_pb_use_builder":"","_et_pb_old_content":""},"categories":[3],"tags":[],"yoast_head":"<!-- This site is optimized with the Yoast SEO Premium plugin v17.8 (Yoast SEO v17.8) - https:\/\/yoast.com\/wordpress\/plugins\/seo\/ -->\n<title>VILLE DE DAKAR - L\u2019intersyndical des travailleurs r\u00e9clame plus de consid\u00e9ration | Nettali.com<\/title>\n<meta name=\"robots\" content=\"index, follow, max-snippet:-1, max-image-preview:large, max-video-preview:-1\" \/>\n<link rel=\"canonical\" href=\"https:\/\/www.nettali.com\/2021\/11\/04\/mairie-de-la-ville-de-dakar-lintersyndical-des-travailleurs-reclame-plus-de-consideration\/\" \/>\n<meta property=\"og:locale\" content=\"fr_FR\" \/>\n<meta property=\"og:type\" content=\"article\" \/>\n<meta property=\"og:title\" content=\"VILLE DE DAKAR - L\u2019intersyndical des travailleurs r\u00e9clame plus de consid\u00e9ration\" \/>\n<meta property=\"og:description\" content=\"NETTALI.COM - L\u2019intersyndical des travailleurs de la mairie de Dakar r\u00e9clame une meilleure consid\u00e9ration pour sortir de la situation dans laquelle se trouvent les agents municipaux. Le prochain maire de Dakar aura du pain sur la planche. A trois mois des \u00e9lections territoriales, des dol\u00e9ances commencent \u00e0 \u00eatre pos\u00e9es sur la table du futur \u00e9dile [&hellip;]\" \/>\n<meta property=\"og:url\" content=\"https:\/\/www.nettali.com\/2021\/11\/04\/mairie-de-la-ville-de-dakar-lintersyndical-des-travailleurs-reclame-plus-de-consideration\/\" \/>\n<meta property=\"og:site_name\" content=\"Nettali.com\" \/>\n<meta property=\"article:publisher\" content=\"https:\/\/www.facebook.com\/nettalicom\" \/>\n<meta property=\"article:published_time\" content=\"2021-11-04T14:20:19+00:00\" \/>\n<meta property=\"article:modified_time\" content=\"2021-11-05T00:33:30+00:00\" \/>\n<meta property=\"og:image\" content=\"https:\/\/www.nettali.com\/wp-content\/uploads\/2021\/11\/sidiya-ndiaye.jpg\" \/>\n\t<meta property=\"og:image:width\" content=\"625\" \/>\n\t<meta property=\"og:image:height\" content=\"336\" \/>\n<meta name=\"twitter:card\" content=\"summary_large_image\" \/>\n<meta name=\"twitter:label1\" content=\"\u00c9crit par\" \/>\n\t<meta name=\"twitter:data1\" content=\"Fatou\" \/>\n\t<meta name=\"twitter:label2\" content=\"Dur\u00e9e de lecture estim\u00e9e\" \/>\n\t<meta name=\"twitter:data2\" content=\"1 minute\" \/>\n<script type=\"application\/ld+json\" class=\"yoast-schema-graph\">{\"@context\":\"https:\/\/schema.org\",\"@graph\":[{\"@type\":\"WebSite\",\"@id\":\"https:\/\/www.nettali.com\/#website\",\"url\":\"https:\/\/www.nettali.com\/\",\"name\":\"Nettali.com\",\"description\":\"Le rendez-vous critique du Net\",\"potentialAction\":[{\"@type\":\"SearchAction\",\"target\":{\"@type\":\"EntryPoint\",\"urlTemplate\":\"https:\/\/www.nettali.com\/?s={search_term_string}\"},\"query-input\":\"required name=search_term_string\"}],\"inLanguage\":\"fr-FR\"},{\"@type\":\"ImageObject\",\"@id\":\"https:\/\/www.nettali.com\/2021\/11\/04\/mairie-de-la-ville-de-dakar-lintersyndical-des-travailleurs-reclame-plus-de-consideration\/#primaryimage\",\"inLanguage\":\"fr-FR\",\"url\":\"https:\/\/www.nettali.com\/wp-content\/uploads\/2021\/11\/sidiya-ndiaye.jpg\",\"contentUrl\":\"https:\/\/www.nettali.com\/wp-content\/uploads\/2021\/11\/sidiya-ndiaye.jpg\",\"width\":625,\"height\":336},{\"@type\":\"WebPage\",\"@id\":\"https:\/\/www.nettali.com\/2021\/11\/04\/mairie-de-la-ville-de-dakar-lintersyndical-des-travailleurs-reclame-plus-de-consideration\/#webpage\",\"url\":\"https:\/\/www.nettali.com\/2021\/11\/04\/mairie-de-la-ville-de-dakar-lintersyndical-des-travailleurs-reclame-plus-de-consideration\/\",\"name\":\"VILLE DE DAKAR - L\\u2019intersyndical des travailleurs r\\u00e9clame plus de consid\\u00e9ration | Nettali.com\",\"isPartOf\":{\"@id\":\"https:\/\/www.nettali.com\/#website\"},\"primaryImageOfPage\":{\"@id\":\"https:\/\/www.nettali.com\/2021\/11\/04\/mairie-de-la-ville-de-dakar-lintersyndical-des-travailleurs-reclame-plus-de-consideration\/#primaryimage\"},\"datePublished\":\"2021-11-04T14:20:19+00:00\",\"dateModified\":\"2021-11-05T00:33:30+00:00\",\"author\":{\"@id\":\"https:\/\/www.nettali.com\/#\/schema\/person\/418274a86bdf87caff7a3ef476bd0bbf\"},\"breadcrumb\":{\"@id\":\"https:\/\/www.nettali.com\/2021\/11\/04\/mairie-de-la-ville-de-dakar-lintersyndical-des-travailleurs-reclame-plus-de-consideration\/#breadcrumb\"},\"inLanguage\":\"fr-FR\",\"potentialAction\":[{\"@type\":\"ReadAction\",\"target\":[\"https:\/\/www.nettali.com\/2021\/11\/04\/mairie-de-la-ville-de-dakar-lintersyndical-des-travailleurs-reclame-plus-de-consideration\/\"]}]},{\"@type\":\"BreadcrumbList\",\"@id\":\"https:\/\/www.nettali.com\/2021\/11\/04\/mairie-de-la-ville-de-dakar-lintersyndical-des-travailleurs-reclame-plus-de-consideration\/#breadcrumb\",\"itemListElement\":[{\"@type\":\"ListItem\",\"position\":1,\"name\":\"Accueil\",\"item\":\"https:\/\/www.nettali.com\/\"},{\"@type\":\"ListItem\",\"position\":2,\"name\":\"VILLE DE DAKAR &#8211; L\\u2019intersyndical des travailleurs r\\u00e9clame plus de consid\\u00e9ration\"}]},{\"@type\":\"Person\",\"@id\":\"https:\/\/www.nettali.com\/#\/schema\/person\/418274a86bdf87caff7a3ef476bd0bbf\",\"name\":\"Fatou\",\"image\":{\"@type\":\"ImageObject\",\"@id\":\"https:\/\/www.nettali.com\/#personlogo\",\"inLanguage\":\"fr-FR\",\"url\":\"https:\/\/secure.gravatar.com\/avatar\/5a9442a2bee7b4dcf167cab035858e9a?s=96&d=mm&r=g\",\"contentUrl\":\"https:\/\/secure.gravatar.com\/avatar\/5a9442a2bee7b4dcf167cab035858e9a?s=96&d=mm&r=g\",\"caption\":\"Fatou\"},\"sameAs\":[\"https:\/\/www.nettali.com\"]}]}<\/script>\n<!-- \/ Yoast SEO Premium plugin. -->","yoast_head_json":{"title":"VILLE DE DAKAR - L\u2019intersyndical des travailleurs r\u00e9clame plus de consid\u00e9ration | Nettali.com","robots":{"index":"index","follow":"follow","max-snippet":"max-snippet:-1","max-image-preview":"max-image-preview:large","max-video-preview":"max-video-preview:-1"},"canonical":"https:\/\/www.nettali.com\/2021\/11\/04\/mairie-de-la-ville-de-dakar-lintersyndical-des-travailleurs-reclame-plus-de-consideration\/","og_locale":"fr_FR","og_type":"article","og_title":"VILLE DE DAKAR - L\u2019intersyndical des travailleurs r\u00e9clame plus de consid\u00e9ration","og_description":"NETTALI.COM - L\u2019intersyndical des travailleurs de la mairie de Dakar r\u00e9clame une meilleure consid\u00e9ration pour sortir de la situation dans laquelle se trouvent les agents municipaux. Le prochain maire de Dakar aura du pain sur la planche. A trois mois des \u00e9lections territoriales, des dol\u00e9ances commencent \u00e0 \u00eatre pos\u00e9es sur la table du futur \u00e9dile [&hellip;]","og_url":"https:\/\/www.nettali.com\/2021\/11\/04\/mairie-de-la-ville-de-dakar-lintersyndical-des-travailleurs-reclame-plus-de-consideration\/","og_site_name":"Nettali.com","article_publisher":"https:\/\/www.facebook.com\/nettalicom","article_published_time":"2021-11-04T14:20:19+00:00","article_modified_time":"2021-11-05T00:33:30+00:00","og_image":[{"width":625,"height":336,"url":"https:\/\/www.nettali.com\/wp-content\/uploads\/2021\/11\/sidiya-ndiaye.jpg","type":"image\/jpeg"}],"twitter_card":"summary_large_image","twitter_misc":{"\u00c9crit par":"Fatou","Dur\u00e9e de lecture estim\u00e9e":"1 minute"},"schema":{"@context":"https:\/\/schema.org","@graph":[{"@type":"WebSite","@id":"https:\/\/www.nettali.com\/#website","url":"https:\/\/www.nettali.com\/","name":"Nettali.com","description":"Le rendez-vous critique du Net","potentialAction":[{"@type":"SearchAction","target":{"@type":"EntryPoint","urlTemplate":"https:\/\/www.nettali.com\/?s={search_term_string}"},"query-input":"required name=search_term_string"}],"inLanguage":"fr-FR"},{"@type":"ImageObject","@id":"https:\/\/www.nettali.com\/2021\/11\/04\/mairie-de-la-ville-de-dakar-lintersyndical-des-travailleurs-reclame-plus-de-consideration\/#primaryimage","inLanguage":"fr-FR","url":"https:\/\/www.nettali.com\/wp-content\/uploads\/2021\/11\/sidiya-ndiaye.jpg","contentUrl":"https:\/\/www.nettali.com\/wp-content\/uploads\/2021\/11\/sidiya-ndiaye.jpg","width":625,"height":336},{"@type":"WebPage","@id":"https:\/\/www.nettali.com\/2021\/11\/04\/mairie-de-la-ville-de-dakar-lintersyndical-des-travailleurs-reclame-plus-de-consideration\/#webpage","url":"https:\/\/www.nettali.com\/2021\/11\/04\/mairie-de-la-ville-de-dakar-lintersyndical-des-travailleurs-reclame-plus-de-consideration\/","name":"VILLE DE DAKAR - L\u2019intersyndical des travailleurs r\u00e9clame plus de consid\u00e9ration | Nettali.com","isPartOf":{"@id":"https:\/\/www.nettali.com\/#website"},"primaryImageOfPage":{"@id":"https:\/\/www.nettali.com\/2021\/11\/04\/mairie-de-la-ville-de-dakar-lintersyndical-des-travailleurs-reclame-plus-de-consideration\/#primaryimage"},"datePublished":"2021-11-04T14:20:19+00:00","dateModified":"2021-11-05T00:33:30+00:00","author":{"@id":"https:\/\/www.nettali.com\/#\/schema\/person\/418274a86bdf87caff7a3ef476bd0bbf"},"breadcrumb":{"@id":"https:\/\/www.nettali.com\/2021\/11\/04\/mairie-de-la-ville-de-dakar-lintersyndical-des-travailleurs-reclame-plus-de-consideration\/#breadcrumb"},"inLanguage":"fr-FR","potentialAction":[{"@type":"ReadAction","target":["https:\/\/www.nettali.com\/2021\/11\/04\/mairie-de-la-ville-de-dakar-lintersyndical-des-travailleurs-reclame-plus-de-consideration\/"]}]},{"@type":"BreadcrumbList","@id":"https:\/\/www.nettali.com\/2021\/11\/04\/mairie-de-la-ville-de-dakar-lintersyndical-des-travailleurs-reclame-plus-de-consideration\/#breadcrumb","itemListElement":[{"@type":"ListItem","position":1,"name":"Accueil","item":"https:\/\/www.nettali.com\/"},{"@type":"ListItem","position":2,"name":"VILLE DE DAKAR &#8211; L\u2019intersyndical des travailleurs r\u00e9clame plus de consid\u00e9ration"}]},{"@type":"Person","@id":"https:\/\/www.nettali.com\/#\/schema\/person\/418274a86bdf87caff7a3ef476bd0bbf","name":"Fatou","image":{"@type":"ImageObject","@id":"https:\/\/www.nettali.com\/#personlogo","inLanguage":"fr-FR","url":"https:\/\/secure.gravatar.com\/avatar\/5a9442a2bee7b4dcf167cab035858e9a?s=96&d=mm&r=g","contentUrl":"https:\/\/secure.gravatar.com\/avatar\/5a9442a2bee7b4dcf167cab035858e9a?s=96&d=mm&r=g","caption":"Fatou"},"sameAs":["https:\/\/www.nettali.com"]}]}},"_links":{"self":[{"href":"https:\/\/www.nettali.com\/rest\/wp\/v2\/posts\/74973"}],"collection":[{"href":"https:\/\/www.nettali.com\/rest\/wp\/v2\/posts"}],"about":[{"href":"https:\/\/www.nettali.com\/rest\/wp\/v2\/types\/post"}],"author":[{"embeddable":true,"href":"https:\/\/www.nettali.com\/rest\/wp\/v2\/users\/6"}],"replies":[{"embeddable":true,"href":"https:\/\/www.nettali.com\/rest\/wp\/v2\/comments?post=74973"}],"version-history":[{"count":4,"href":"https:\/\/www.nettali.com\/rest\/wp\/v2\/posts\/74973\/revisions"}],"predecessor-version":[{"id":75008,"href":"https:\/\/www.nettali.com\/rest\/wp\/v2\/posts\/74973\/revisions\/75008"}],"wp:featuredmedia":[{"embeddable":true,"href":"https:\/\/www.nettali.com\/rest\/wp\/v2\/media\/74976"}],"wp:attachment":[{"href":"https:\/\/www.nettali.com\/rest\/wp\/v2\/media?parent=74973"}],"wp:term":[{"taxonomy":"category","embeddable":true,"href":"https:\/\/www.nettali.com\/rest\/wp\/v2\/categories?post=74973"},{"taxonomy":"post_tag","embeddable":true,"href":"https:\/\/www.nettali.com\/rest\/wp\/v2\/tags?post=74973"}],"curies":[{"name":"wp","href":"https:\/\/api.w.org\/{rel}","templated":true}]}}