{"id":74886,"date":"2021-11-03T09:10:46","date_gmt":"2021-11-03T09:10:46","guid":{"rendered":"https:\/\/www.nettali.com\/?p=74886"},"modified":"2021-11-03T09:10:46","modified_gmt":"2021-11-03T09:10:46","slug":"flambee-des-prix-du-ble-la-contre-attaque-des-meuniers-industriels-du-senegal","status":"publish","type":"post","link":"https:\/\/www.nettali.com\/2021\/11\/03\/flambee-des-prix-du-ble-la-contre-attaque-des-meuniers-industriels-du-senegal\/","title":{"rendered":"FLAMBEE DES PRIX DU BLE \u2013 La contre-attaque des meuniers industriels du S\u00e9n\u00e9gal"},"content":{"rendered":"<p><strong>NETTTALI.COM - La flamb\u00e9e des prix du bl\u00e9 am\u00e8ne l\u2019Association des meuniers industriels du S\u00e9n\u00e9gal (Amis) \u00e0 op\u00e9rer une r\u00e9duction p\u00e9riodique et collective de la production de la farine. Cela, \u00e0 l\u2019effet de pousser le gouvernement \u00e0 revoir le prix du sac de 50 kg de farine de bl\u00e9.<\/strong><\/p>\n<p>En conf\u00e9rence de presse, hier, le pr\u00e9sident de l\u2019Association des meuniers industriels du S\u00e9n\u00e9gal, Claude Demba Diop, a inform\u00e9 qu\u2019ils ont d\u00e9cid\u00e9 d\u2019op\u00e9rer une r\u00e9duction p\u00e9riodique et collective de la production. Cela, \u00e0 l\u2019effet de \u201cfreiner le niveau des pertes enregistr\u00e9es quotidiennement, ce jusqu\u2019\u00e0 ce qu\u2019une r\u00e9ponse assurant la survie des meuniers soit clairement apport\u00e9e\u2019\u2019.<\/p>\n<p>\u201cNous ralentissons le ch\u00f4mage technique, in\u00e9luctable dans les prochaines semaines, au regard des enjeux de sauvegarde de l\u2019emploi pr\u00e9alable aux options de licenciement \u00e9conomique. Par ce proc\u00e9d\u00e9, nous rappelons que les distributeurs de farine ne peuvent l\u00e9galement pas apporter une augmentation du prix du sac de 50 kg, compte tenu du prix de vente pratiqu\u00e9 \u00e0 ce jour par les meuniers industriels\u2019\u2019, a d\u00e9clar\u00e9 Claude Demba Diop.<\/p>\n<p>Ainsi, les sept industries qui composent ce groupement entendent \u00e9galement exhorter les autorit\u00e9s gouvernementales \u00e0 veiller \u00e0 la stabilit\u00e9 du march\u00e9, dans l\u2019int\u00e9r\u00eat de la fili\u00e8re et \u00e0 apporter une r\u00e9ponse \u00e0 la hauteur des enjeux.<\/p>\n<p>A ce propos, rench\u00e9rit M. Diop\u00a0: \u201cLes mesures que nous venons d\u2019annoncer ont vocation \u00e0 \u00eatre reconduites \u00e0 l\u2019initiative des meuniers industriels du S\u00e9n\u00e9gal, tant qu\u2019une r\u00e9ponse d\u00e9finitive n\u2019est pas trouv\u00e9e\u2019\u2019.<\/p>\n<p>Pour rappel, le14septembredernier, les industriels avaient annonc\u00e9 que la situation de l\u2019industrie meuni\u00e8re s\u00e9n\u00e9galaise \u00e9tait grave, pr\u00e9occupante et que les acteurs \u00e9taient \u201c\u00e0 genoux\u2019\u2019. Il y a la crise sanitaire g\u00e9n\u00e9rale et le d\u00e9r\u00e8glement climatique qui ont provoqu\u00e9 une profonde d\u00e9stabilisation des march\u00e9s mondiaux et surtout des prix des mati\u00e8res premi\u00e8res, en particulier le bl\u00e9. \u201cPartout dans le monde, et chez nous en Afrique, les \u00e9conomies nationales sont oblig\u00e9es de s\u2019ajuster par rapport \u00e0 la flamb\u00e9e des prix des c\u00e9r\u00e9ales et au doublement des prix du fret maritime\u2019\u2019, a expliqu\u00e9 le porte-parole du jour. Il souligne que l\u2019article30 de la loi du n\u00b094-63 du 22 ao\u00fbt (sur les prix de la concurrence et le contentieux \u00e9conomique) interdit formellement de vendre \u00e0 perte.<\/p>\n<p>\u201cNous rappelons que le d\u00e9cret du 14 janvier 2021 impose un prix de vente \u00e0 1 600 F que le prix du bl\u00e9 \u00e9tait de 270 euros par tonne. Actuellement, la flamb\u00e9e des prix du bl\u00e9 est ignor\u00e9e par les autorit\u00e9s. En avril, puis en juillet, l\u2019Amis a alert\u00e9 le minist\u00e8re du Commerce. Mais malgr\u00e9 ces alertes, le prix de revient de la farine vendue au S\u00e9n\u00e9gal est bien au-dessus du prix de vente impos\u00e9 par les autorit\u00e9s gouvernementales. En septembre2021, nous avions sollicit\u00e9 en urgence une prise de d\u00e9cision rapide pour revoir le prix de la farine. Mais c\u2019est en vain. De sorte que chaque sac livr\u00e9 depuis nos unit\u00e9s de production constitue une infraction flagrante \u00e0 la loi s\u00e9n\u00e9galaise, en plus d\u2019amplifier les pertes de nos entreprises\u2019\u2019, d\u00e9plore Claude Demba Diop.<\/p>\n<div class='share-to-whatsapp-wrapper'><div class='share-on-whsp'>PARTAGER SUR : <\/div><a data-text='FLAMBEE DES PRIX DU BLE \u2013 La contre-attaque des meuniers industriels du S\u00e9n\u00e9gal' data-link='https:\/\/www.nettali.com\/2021\/11\/03\/flambee-des-prix-du-ble-la-contre-attaque-des-meuniers-industriels-du-senegal\/' class='whatsapp-button whatsapp-share'>WhatsApp<\/a><div class='clear '><\/div><\/div>","protected":false},"excerpt":{"rendered":"<p>NETTTALI.COM - La flamb\u00e9e des prix du bl\u00e9 am\u00e8ne l\u2019Association des meuniers industriels du S\u00e9n\u00e9gal (Amis) \u00e0 op\u00e9rer une r\u00e9duction p\u00e9riodique et collective de la production de la farine. Cela, \u00e0 l\u2019effet de pousser le gouvernement \u00e0 revoir le prix du sac de 50 kg de farine de bl\u00e9. En conf\u00e9rence de presse, hier, le [&hellip;]<\/p>\n","protected":false},"author":11,"featured_media":6601,"comment_status":"open","ping_status":"open","sticky":false,"template":"","format":"standard","meta":{"_et_pb_use_builder":"","_et_pb_old_content":""},"categories":[3],"tags":[],"yoast_head":"<!-- This site is optimized with the Yoast SEO Premium plugin v17.8 (Yoast SEO v17.8) - https:\/\/yoast.com\/wordpress\/plugins\/seo\/ -->\n<title>FLAMBEE DES PRIX DU BLE \u2013 La contre-attaque des meuniers industriels du S\u00e9n\u00e9gal | Nettali.com<\/title>\n<meta name=\"robots\" content=\"index, follow, max-snippet:-1, max-image-preview:large, max-video-preview:-1\" \/>\n<link rel=\"canonical\" href=\"https:\/\/www.nettali.com\/2021\/11\/03\/flambee-des-prix-du-ble-la-contre-attaque-des-meuniers-industriels-du-senegal\/\" \/>\n<meta property=\"og:locale\" content=\"fr_FR\" \/>\n<meta property=\"og:type\" content=\"article\" \/>\n<meta property=\"og:title\" content=\"FLAMBEE DES PRIX DU BLE \u2013 La contre-attaque des meuniers industriels du S\u00e9n\u00e9gal\" \/>\n<meta property=\"og:description\" content=\"NETTTALI.COM - La flamb\u00e9e des prix du bl\u00e9 am\u00e8ne l\u2019Association des meuniers industriels du S\u00e9n\u00e9gal (Amis) \u00e0 op\u00e9rer une r\u00e9duction p\u00e9riodique et collective de la production de la farine. Cela, \u00e0 l\u2019effet de pousser le gouvernement \u00e0 revoir le prix du sac de 50 kg de farine de bl\u00e9. En conf\u00e9rence de presse, hier, le [&hellip;]\" \/>\n<meta property=\"og:url\" content=\"https:\/\/www.nettali.com\/2021\/11\/03\/flambee-des-prix-du-ble-la-contre-attaque-des-meuniers-industriels-du-senegal\/\" \/>\n<meta property=\"og:site_name\" content=\"Nettali.com\" \/>\n<meta property=\"article:publisher\" content=\"https:\/\/www.facebook.com\/nettalicom\" \/>\n<meta property=\"article:published_time\" content=\"2021-11-03T09:10:46+00:00\" \/>\n<meta property=\"og:image\" content=\"https:\/\/www.nettali.com\/wp-content\/uploads\/2019\/04\/pain_senegal.jpg\" \/>\n\t<meta property=\"og:image:width\" content=\"770\" \/>\n\t<meta property=\"og:image:height\" content=\"470\" \/>\n<meta name=\"twitter:card\" content=\"summary_large_image\" \/>\n<meta name=\"twitter:label1\" content=\"\u00c9crit par\" \/>\n\t<meta name=\"twitter:data1\" content=\"Thierno Diop\" \/>\n\t<meta name=\"twitter:label2\" content=\"Dur\u00e9e de lecture estim\u00e9e\" \/>\n\t<meta name=\"twitter:data2\" content=\"3 minutes\" \/>\n<script type=\"application\/ld+json\" class=\"yoast-schema-graph\">{\"@context\":\"https:\/\/schema.org\",\"@graph\":[{\"@type\":\"WebSite\",\"@id\":\"https:\/\/www.nettali.com\/#website\",\"url\":\"https:\/\/www.nettali.com\/\",\"name\":\"Nettali.com\",\"description\":\"Le rendez-vous critique du Net\",\"potentialAction\":[{\"@type\":\"SearchAction\",\"target\":{\"@type\":\"EntryPoint\",\"urlTemplate\":\"https:\/\/www.nettali.com\/?s={search_term_string}\"},\"query-input\":\"required name=search_term_string\"}],\"inLanguage\":\"fr-FR\"},{\"@type\":\"ImageObject\",\"@id\":\"https:\/\/www.nettali.com\/2021\/11\/03\/flambee-des-prix-du-ble-la-contre-attaque-des-meuniers-industriels-du-senegal\/#primaryimage\",\"inLanguage\":\"fr-FR\",\"url\":\"https:\/\/www.nettali.com\/wp-content\/uploads\/2019\/04\/pain_senegal.jpg\",\"contentUrl\":\"https:\/\/www.nettali.com\/wp-content\/uploads\/2019\/04\/pain_senegal.jpg\",\"width\":770,\"height\":470},{\"@type\":\"WebPage\",\"@id\":\"https:\/\/www.nettali.com\/2021\/11\/03\/flambee-des-prix-du-ble-la-contre-attaque-des-meuniers-industriels-du-senegal\/#webpage\",\"url\":\"https:\/\/www.nettali.com\/2021\/11\/03\/flambee-des-prix-du-ble-la-contre-attaque-des-meuniers-industriels-du-senegal\/\",\"name\":\"FLAMBEE DES PRIX DU BLE \\u2013 La contre-attaque des meuniers industriels du S\\u00e9n\\u00e9gal | Nettali.com\",\"isPartOf\":{\"@id\":\"https:\/\/www.nettali.com\/#website\"},\"primaryImageOfPage\":{\"@id\":\"https:\/\/www.nettali.com\/2021\/11\/03\/flambee-des-prix-du-ble-la-contre-attaque-des-meuniers-industriels-du-senegal\/#primaryimage\"},\"datePublished\":\"2021-11-03T09:10:46+00:00\",\"dateModified\":\"2021-11-03T09:10:46+00:00\",\"author\":{\"@id\":\"https:\/\/www.nettali.com\/#\/schema\/person\/8a06c6bd7b19304cf4bf985862900b5b\"},\"breadcrumb\":{\"@id\":\"https:\/\/www.nettali.com\/2021\/11\/03\/flambee-des-prix-du-ble-la-contre-attaque-des-meuniers-industriels-du-senegal\/#breadcrumb\"},\"inLanguage\":\"fr-FR\",\"potentialAction\":[{\"@type\":\"ReadAction\",\"target\":[\"https:\/\/www.nettali.com\/2021\/11\/03\/flambee-des-prix-du-ble-la-contre-attaque-des-meuniers-industriels-du-senegal\/\"]}]},{\"@type\":\"BreadcrumbList\",\"@id\":\"https:\/\/www.nettali.com\/2021\/11\/03\/flambee-des-prix-du-ble-la-contre-attaque-des-meuniers-industriels-du-senegal\/#breadcrumb\",\"itemListElement\":[{\"@type\":\"ListItem\",\"position\":1,\"name\":\"Accueil\",\"item\":\"https:\/\/www.nettali.com\/\"},{\"@type\":\"ListItem\",\"position\":2,\"name\":\"FLAMBEE DES PRIX DU BLE \\u2013 La contre-attaque des meuniers industriels du S\\u00e9n\\u00e9gal\"}]},{\"@type\":\"Person\",\"@id\":\"https:\/\/www.nettali.com\/#\/schema\/person\/8a06c6bd7b19304cf4bf985862900b5b\",\"name\":\"Thierno Diop\",\"image\":{\"@type\":\"ImageObject\",\"@id\":\"https:\/\/www.nettali.com\/#personlogo\",\"inLanguage\":\"fr-FR\",\"url\":\"https:\/\/secure.gravatar.com\/avatar\/c8ca58550c94fd2ac856d27391a6c866?s=96&d=mm&r=g\",\"contentUrl\":\"https:\/\/secure.gravatar.com\/avatar\/c8ca58550c94fd2ac856d27391a6c866?s=96&d=mm&r=g\",\"caption\":\"Thierno Diop\"},\"sameAs\":[\"https:\/\/nettali.com\"]}]}<\/script>\n<!-- \/ Yoast SEO Premium plugin. -->","yoast_head_json":{"title":"FLAMBEE DES PRIX DU BLE \u2013 La contre-attaque des meuniers industriels du S\u00e9n\u00e9gal | Nettali.com","robots":{"index":"index","follow":"follow","max-snippet":"max-snippet:-1","max-image-preview":"max-image-preview:large","max-video-preview":"max-video-preview:-1"},"canonical":"https:\/\/www.nettali.com\/2021\/11\/03\/flambee-des-prix-du-ble-la-contre-attaque-des-meuniers-industriels-du-senegal\/","og_locale":"fr_FR","og_type":"article","og_title":"FLAMBEE DES PRIX DU BLE \u2013 La contre-attaque des meuniers industriels du S\u00e9n\u00e9gal","og_description":"NETTTALI.COM - La flamb\u00e9e des prix du bl\u00e9 am\u00e8ne l\u2019Association des meuniers industriels du S\u00e9n\u00e9gal (Amis) \u00e0 op\u00e9rer une r\u00e9duction p\u00e9riodique et collective de la production de la farine. Cela, \u00e0 l\u2019effet de pousser le gouvernement \u00e0 revoir le prix du sac de 50 kg de farine de bl\u00e9. En conf\u00e9rence de presse, hier, le [&hellip;]","og_url":"https:\/\/www.nettali.com\/2021\/11\/03\/flambee-des-prix-du-ble-la-contre-attaque-des-meuniers-industriels-du-senegal\/","og_site_name":"Nettali.com","article_publisher":"https:\/\/www.facebook.com\/nettalicom","article_published_time":"2021-11-03T09:10:46+00:00","og_image":[{"width":770,"height":470,"url":"https:\/\/www.nettali.com\/wp-content\/uploads\/2019\/04\/pain_senegal.jpg","type":"image\/jpeg"}],"twitter_card":"summary_large_image","twitter_misc":{"\u00c9crit par":"Thierno Diop","Dur\u00e9e de lecture estim\u00e9e":"3 minutes"},"schema":{"@context":"https:\/\/schema.org","@graph":[{"@type":"WebSite","@id":"https:\/\/www.nettali.com\/#website","url":"https:\/\/www.nettali.com\/","name":"Nettali.com","description":"Le rendez-vous critique du Net","potentialAction":[{"@type":"SearchAction","target":{"@type":"EntryPoint","urlTemplate":"https:\/\/www.nettali.com\/?s={search_term_string}"},"query-input":"required name=search_term_string"}],"inLanguage":"fr-FR"},{"@type":"ImageObject","@id":"https:\/\/www.nettali.com\/2021\/11\/03\/flambee-des-prix-du-ble-la-contre-attaque-des-meuniers-industriels-du-senegal\/#primaryimage","inLanguage":"fr-FR","url":"https:\/\/www.nettali.com\/wp-content\/uploads\/2019\/04\/pain_senegal.jpg","contentUrl":"https:\/\/www.nettali.com\/wp-content\/uploads\/2019\/04\/pain_senegal.jpg","width":770,"height":470},{"@type":"WebPage","@id":"https:\/\/www.nettali.com\/2021\/11\/03\/flambee-des-prix-du-ble-la-contre-attaque-des-meuniers-industriels-du-senegal\/#webpage","url":"https:\/\/www.nettali.com\/2021\/11\/03\/flambee-des-prix-du-ble-la-contre-attaque-des-meuniers-industriels-du-senegal\/","name":"FLAMBEE DES PRIX DU BLE \u2013 La contre-attaque des meuniers industriels du S\u00e9n\u00e9gal | Nettali.com","isPartOf":{"@id":"https:\/\/www.nettali.com\/#website"},"primaryImageOfPage":{"@id":"https:\/\/www.nettali.com\/2021\/11\/03\/flambee-des-prix-du-ble-la-contre-attaque-des-meuniers-industriels-du-senegal\/#primaryimage"},"datePublished":"2021-11-03T09:10:46+00:00","dateModified":"2021-11-03T09:10:46+00:00","author":{"@id":"https:\/\/www.nettali.com\/#\/schema\/person\/8a06c6bd7b19304cf4bf985862900b5b"},"breadcrumb":{"@id":"https:\/\/www.nettali.com\/2021\/11\/03\/flambee-des-prix-du-ble-la-contre-attaque-des-meuniers-industriels-du-senegal\/#breadcrumb"},"inLanguage":"fr-FR","potentialAction":[{"@type":"ReadAction","target":["https:\/\/www.nettali.com\/2021\/11\/03\/flambee-des-prix-du-ble-la-contre-attaque-des-meuniers-industriels-du-senegal\/"]}]},{"@type":"BreadcrumbList","@id":"https:\/\/www.nettali.com\/2021\/11\/03\/flambee-des-prix-du-ble-la-contre-attaque-des-meuniers-industriels-du-senegal\/#breadcrumb","itemListElement":[{"@type":"ListItem","position":1,"name":"Accueil","item":"https:\/\/www.nettali.com\/"},{"@type":"ListItem","position":2,"name":"FLAMBEE DES PRIX DU BLE \u2013 La contre-attaque des meuniers industriels du S\u00e9n\u00e9gal"}]},{"@type":"Person","@id":"https:\/\/www.nettali.com\/#\/schema\/person\/8a06c6bd7b19304cf4bf985862900b5b","name":"Thierno Diop","image":{"@type":"ImageObject","@id":"https:\/\/www.nettali.com\/#personlogo","inLanguage":"fr-FR","url":"https:\/\/secure.gravatar.com\/avatar\/c8ca58550c94fd2ac856d27391a6c866?s=96&d=mm&r=g","contentUrl":"https:\/\/secure.gravatar.com\/avatar\/c8ca58550c94fd2ac856d27391a6c866?s=96&d=mm&r=g","caption":"Thierno Diop"},"sameAs":["https:\/\/nettali.com"]}]}},"_links":{"self":[{"href":"https:\/\/www.nettali.com\/rest\/wp\/v2\/posts\/74886"}],"collection":[{"href":"https:\/\/www.nettali.com\/rest\/wp\/v2\/posts"}],"about":[{"href":"https:\/\/www.nettali.com\/rest\/wp\/v2\/types\/post"}],"author":[{"embeddable":true,"href":"https:\/\/www.nettali.com\/rest\/wp\/v2\/users\/11"}],"replies":[{"embeddable":true,"href":"https:\/\/www.nettali.com\/rest\/wp\/v2\/comments?post=74886"}],"version-history":[{"count":1,"href":"https:\/\/www.nettali.com\/rest\/wp\/v2\/posts\/74886\/revisions"}],"predecessor-version":[{"id":74890,"href":"https:\/\/www.nettali.com\/rest\/wp\/v2\/posts\/74886\/revisions\/74890"}],"wp:featuredmedia":[{"embeddable":true,"href":"https:\/\/www.nettali.com\/rest\/wp\/v2\/media\/6601"}],"wp:attachment":[{"href":"https:\/\/www.nettali.com\/rest\/wp\/v2\/media?parent=74886"}],"wp:term":[{"taxonomy":"category","embeddable":true,"href":"https:\/\/www.nettali.com\/rest\/wp\/v2\/categories?post=74886"},{"taxonomy":"post_tag","embeddable":true,"href":"https:\/\/www.nettali.com\/rest\/wp\/v2\/tags?post=74886"}],"curies":[{"name":"wp","href":"https:\/\/api.w.org\/{rel}","templated":true}]}}