{"id":74884,"date":"2021-11-03T09:06:26","date_gmt":"2021-11-03T09:06:26","guid":{"rendered":"https:\/\/www.nettali.com\/?p=74884"},"modified":"2021-11-03T09:06:26","modified_gmt":"2021-11-03T09:06:26","slug":"elections-locales-babacar-diagne-somme-ndoye-bane-ameth-aidara-et-cie-de-se-retirer-des-antennes","status":"publish","type":"post","link":"https:\/\/www.nettali.com\/2021\/11\/03\/elections-locales-babacar-diagne-somme-ndoye-bane-ameth-aidara-et-cie-de-se-retirer-des-antennes\/","title":{"rendered":"Elections locales : Babacar Diagne somme Ndoye Bane, Ameth A\u00efdara et Cie de se retirer des antennes"},"content":{"rendered":"<p><strong>NETTALI.COM - Les journalistes, animateurs, chroniqueurs candidats aux \u00e9lections locales de janvier doivent se mettre en retrait de leurs m\u00e9dias durant toute la campagne \u00e9lectorale, a indiqu\u00e9, mardi, le pr\u00e9sident du Conseil national de r\u00e9gulation de l\u2019audiovisuel (CNRA).<\/strong><\/p>\n<p><em>\"Nous avons dit que tous les journalistes, animateurs, chroniqueurs qui sont candidats au poste de maire, pr\u00e9sident de conseil d\u00e9partemental ou conseiller municipal seront oblig\u00e9s de laisser tomber leur profession de journaliste et \u00eatre des politiciens purs durant toute la campagne\"<\/em>, a-t-il dit.<\/p>\n<p>M.\u00a0Diagne intervenait lors de la conf\u00e9rence de presse coanim\u00e9e par le Conseil national de r\u00e9gulation de l\u2019audiovisuel (CNRA) et la maison de production Even Prod productrice de la s\u00e9rie \u00e0 pol\u00e9mique \"Infid\u00e8les\".<\/p>\n<p>Selon lui, toutes les les cha\u00eenes <em>\"qui ne respecteront pas cette directive seront sanctionn\u00e9es\"<\/em>.<br \/>\nLe CNRA va \u00eatre \"ferme\" sur cette question, a dit Diagne, soulignant que plus de 99% des confr\u00e8res qu\u2019il a rencontr\u00e9s ont reconnu que <em>\"non seulement le CNRA a raison, mais que les concern\u00e9s auraient d\u00fb eux-m\u00eames prendre la d\u00e9cision de laisser tomber leurs \u00e9missions\".<\/em><br \/>\n<em>\"Certains s\u2019obstinent encore, parce que j\u2019en vois des gens qui continuent alors qu\u2019ils sont candidats. Vous ne pouvez pas \u00eatre candidat, \u00eatre employ\u00e9 dans une cha\u00eene et taper sur votre concurrent tous les jours. Il y a un probl\u00e8me d\u2019\u00e9quit\u00e9, car votre adversaire n\u2019a pas acc\u00e8s \u00e0 la cha\u00eene\"<\/em>, a fait savoir Babacar Diagne.<\/p>\n<p>Le CNRA se veut clair sur ce point, a-t-il dit, soulignant que \u2019\u2019d\u00e8s que les listes seront d\u00e9pos\u00e9es et accept\u00e9es et que les concern\u00e9s sont \u00e9difi\u00e9s sur leur sort, ils seront oblig\u00e9s de laisser tomber leur travail\".<\/p>\n<p><em>\"Il nous faudra faire preuve d\u2019\u00e9quilibre. Nous sommes des professionnels et nous devons nous respecter, mais aussi faire respecter notre m\u00e9tier\"<\/em>, a-t-il insist\u00e9.<br \/>\nconcernant la saison 3 de la s\u00e9rie \"Infid\u00e8les\", le CNRA et le producteur ont estim\u00e9 qu\u2019elle ne sera pas conforme aux deux pr\u00e9c\u00e9dentes. Selon eux, il n\u2019existe aussi pas de bande annonce au sujet d\u2019une troisi\u00e8me saison.<\/p>\n<div class='share-to-whatsapp-wrapper'><div class='share-on-whsp'>PARTAGER SUR : <\/div><a data-text='Elections locales : Babacar Diagne somme Ndoye Bane, Ameth A\u00efdara et Cie de se retirer des antennes' data-link='https:\/\/www.nettali.com\/2021\/11\/03\/elections-locales-babacar-diagne-somme-ndoye-bane-ameth-aidara-et-cie-de-se-retirer-des-antennes\/' class='whatsapp-button whatsapp-share'>WhatsApp<\/a><div class='clear '><\/div><\/div>","protected":false},"excerpt":{"rendered":"<p>NETTALI.COM - Les journalistes, animateurs, chroniqueurs candidats aux \u00e9lections locales de janvier doivent se mettre en retrait de leurs m\u00e9dias durant toute la campagne \u00e9lectorale, a indiqu\u00e9, mardi, le pr\u00e9sident du Conseil national de r\u00e9gulation de l\u2019audiovisuel (CNRA). \"Nous avons dit que tous les journalistes, animateurs, chroniqueurs qui sont candidats au poste de maire, pr\u00e9sident [&hellip;]<\/p>\n","protected":false},"author":4,"featured_media":26265,"comment_status":"open","ping_status":"open","sticky":false,"template":"","format":"standard","meta":{"_et_pb_use_builder":"","_et_pb_old_content":""},"categories":[3],"tags":[],"yoast_head":"<!-- This site is optimized with the Yoast SEO Premium plugin v17.8 (Yoast SEO v17.8) - https:\/\/yoast.com\/wordpress\/plugins\/seo\/ -->\n<title>Elections locales : Babacar Diagne somme Ndoye Bane, Ameth A\u00efdara et Cie de se retirer des antennes | Nettali.com<\/title>\n<meta name=\"robots\" content=\"index, follow, max-snippet:-1, max-image-preview:large, max-video-preview:-1\" \/>\n<link rel=\"canonical\" href=\"https:\/\/www.nettali.com\/2021\/11\/03\/elections-locales-babacar-diagne-somme-ndoye-bane-ameth-aidara-et-cie-de-se-retirer-des-antennes\/\" \/>\n<meta property=\"og:locale\" content=\"fr_FR\" \/>\n<meta property=\"og:type\" content=\"article\" \/>\n<meta property=\"og:title\" content=\"Elections locales : Babacar Diagne somme Ndoye Bane, Ameth A\u00efdara et Cie de se retirer des antennes\" \/>\n<meta property=\"og:description\" content=\"NETTALI.COM - Les journalistes, animateurs, chroniqueurs candidats aux \u00e9lections locales de janvier doivent se mettre en retrait de leurs m\u00e9dias durant toute la campagne \u00e9lectorale, a indiqu\u00e9, mardi, le pr\u00e9sident du Conseil national de r\u00e9gulation de l\u2019audiovisuel (CNRA). &quot;Nous avons dit que tous les journalistes, animateurs, chroniqueurs qui sont candidats au poste de maire, pr\u00e9sident [&hellip;]\" \/>\n<meta property=\"og:url\" content=\"https:\/\/www.nettali.com\/2021\/11\/03\/elections-locales-babacar-diagne-somme-ndoye-bane-ameth-aidara-et-cie-de-se-retirer-des-antennes\/\" \/>\n<meta property=\"og:site_name\" content=\"Nettali.com\" \/>\n<meta property=\"article:publisher\" content=\"https:\/\/www.facebook.com\/nettalicom\" \/>\n<meta property=\"article:published_time\" content=\"2021-11-03T09:06:26+00:00\" \/>\n<meta property=\"og:image\" content=\"https:\/\/www.nettali.com\/wp-content\/uploads\/2020\/01\/Babacar-Diagne-e1577976144853.jpg\" \/>\n\t<meta property=\"og:image:width\" content=\"676\" \/>\n\t<meta property=\"og:image:height\" content=\"499\" \/>\n<meta name=\"twitter:card\" content=\"summary_large_image\" \/>\n<meta name=\"twitter:label1\" content=\"\u00c9crit par\" \/>\n\t<meta name=\"twitter:data1\" content=\"Daouda\" \/>\n\t<meta name=\"twitter:label2\" content=\"Dur\u00e9e de lecture estim\u00e9e\" \/>\n\t<meta name=\"twitter:data2\" content=\"2 minutes\" \/>\n<script type=\"application\/ld+json\" class=\"yoast-schema-graph\">{\"@context\":\"https:\/\/schema.org\",\"@graph\":[{\"@type\":\"WebSite\",\"@id\":\"https:\/\/www.nettali.com\/#website\",\"url\":\"https:\/\/www.nettali.com\/\",\"name\":\"Nettali.com\",\"description\":\"Le rendez-vous critique du Net\",\"potentialAction\":[{\"@type\":\"SearchAction\",\"target\":{\"@type\":\"EntryPoint\",\"urlTemplate\":\"https:\/\/www.nettali.com\/?s={search_term_string}\"},\"query-input\":\"required name=search_term_string\"}],\"inLanguage\":\"fr-FR\"},{\"@type\":\"ImageObject\",\"@id\":\"https:\/\/www.nettali.com\/2021\/11\/03\/elections-locales-babacar-diagne-somme-ndoye-bane-ameth-aidara-et-cie-de-se-retirer-des-antennes\/#primaryimage\",\"inLanguage\":\"fr-FR\",\"url\":\"https:\/\/www.nettali.com\/wp-content\/uploads\/2020\/01\/Babacar-Diagne-e1577976144853.jpg\",\"contentUrl\":\"https:\/\/www.nettali.com\/wp-content\/uploads\/2020\/01\/Babacar-Diagne-e1577976144853.jpg\",\"width\":676,\"height\":499},{\"@type\":\"WebPage\",\"@id\":\"https:\/\/www.nettali.com\/2021\/11\/03\/elections-locales-babacar-diagne-somme-ndoye-bane-ameth-aidara-et-cie-de-se-retirer-des-antennes\/#webpage\",\"url\":\"https:\/\/www.nettali.com\/2021\/11\/03\/elections-locales-babacar-diagne-somme-ndoye-bane-ameth-aidara-et-cie-de-se-retirer-des-antennes\/\",\"name\":\"Elections locales : Babacar Diagne somme Ndoye Bane, Ameth A\\u00efdara et Cie de se retirer des antennes | Nettali.com\",\"isPartOf\":{\"@id\":\"https:\/\/www.nettali.com\/#website\"},\"primaryImageOfPage\":{\"@id\":\"https:\/\/www.nettali.com\/2021\/11\/03\/elections-locales-babacar-diagne-somme-ndoye-bane-ameth-aidara-et-cie-de-se-retirer-des-antennes\/#primaryimage\"},\"datePublished\":\"2021-11-03T09:06:26+00:00\",\"dateModified\":\"2021-11-03T09:06:26+00:00\",\"author\":{\"@id\":\"https:\/\/www.nettali.com\/#\/schema\/person\/3317e0bb3aa1da309fbf7b2780901bf4\"},\"breadcrumb\":{\"@id\":\"https:\/\/www.nettali.com\/2021\/11\/03\/elections-locales-babacar-diagne-somme-ndoye-bane-ameth-aidara-et-cie-de-se-retirer-des-antennes\/#breadcrumb\"},\"inLanguage\":\"fr-FR\",\"potentialAction\":[{\"@type\":\"ReadAction\",\"target\":[\"https:\/\/www.nettali.com\/2021\/11\/03\/elections-locales-babacar-diagne-somme-ndoye-bane-ameth-aidara-et-cie-de-se-retirer-des-antennes\/\"]}]},{\"@type\":\"BreadcrumbList\",\"@id\":\"https:\/\/www.nettali.com\/2021\/11\/03\/elections-locales-babacar-diagne-somme-ndoye-bane-ameth-aidara-et-cie-de-se-retirer-des-antennes\/#breadcrumb\",\"itemListElement\":[{\"@type\":\"ListItem\",\"position\":1,\"name\":\"Accueil\",\"item\":\"https:\/\/www.nettali.com\/\"},{\"@type\":\"ListItem\",\"position\":2,\"name\":\"Elections locales : Babacar Diagne somme Ndoye Bane, Ameth A\\u00efdara et Cie de se retirer des antennes\"}]},{\"@type\":\"Person\",\"@id\":\"https:\/\/www.nettali.com\/#\/schema\/person\/3317e0bb3aa1da309fbf7b2780901bf4\",\"name\":\"Daouda\",\"image\":{\"@type\":\"ImageObject\",\"@id\":\"https:\/\/www.nettali.com\/#personlogo\",\"inLanguage\":\"fr-FR\",\"url\":\"https:\/\/secure.gravatar.com\/avatar\/8d143b5a49345098ddcfee1c49c2f47c?s=96&d=mm&r=g\",\"contentUrl\":\"https:\/\/secure.gravatar.com\/avatar\/8d143b5a49345098ddcfee1c49c2f47c?s=96&d=mm&r=g\",\"caption\":\"Daouda\"},\"sameAs\":[\"https:\/\/www.nettali.com\"]}]}<\/script>\n<!-- \/ Yoast SEO Premium plugin. -->","yoast_head_json":{"title":"Elections locales : Babacar Diagne somme Ndoye Bane, Ameth A\u00efdara et Cie de se retirer des antennes | Nettali.com","robots":{"index":"index","follow":"follow","max-snippet":"max-snippet:-1","max-image-preview":"max-image-preview:large","max-video-preview":"max-video-preview:-1"},"canonical":"https:\/\/www.nettali.com\/2021\/11\/03\/elections-locales-babacar-diagne-somme-ndoye-bane-ameth-aidara-et-cie-de-se-retirer-des-antennes\/","og_locale":"fr_FR","og_type":"article","og_title":"Elections locales : Babacar Diagne somme Ndoye Bane, Ameth A\u00efdara et Cie de se retirer des antennes","og_description":"NETTALI.COM - Les journalistes, animateurs, chroniqueurs candidats aux \u00e9lections locales de janvier doivent se mettre en retrait de leurs m\u00e9dias durant toute la campagne \u00e9lectorale, a indiqu\u00e9, mardi, le pr\u00e9sident du Conseil national de r\u00e9gulation de l\u2019audiovisuel (CNRA). \"Nous avons dit que tous les journalistes, animateurs, chroniqueurs qui sont candidats au poste de maire, pr\u00e9sident [&hellip;]","og_url":"https:\/\/www.nettali.com\/2021\/11\/03\/elections-locales-babacar-diagne-somme-ndoye-bane-ameth-aidara-et-cie-de-se-retirer-des-antennes\/","og_site_name":"Nettali.com","article_publisher":"https:\/\/www.facebook.com\/nettalicom","article_published_time":"2021-11-03T09:06:26+00:00","og_image":[{"width":676,"height":499,"url":"https:\/\/www.nettali.com\/wp-content\/uploads\/2020\/01\/Babacar-Diagne-e1577976144853.jpg","type":"image\/jpeg"}],"twitter_card":"summary_large_image","twitter_misc":{"\u00c9crit par":"Daouda","Dur\u00e9e de lecture estim\u00e9e":"2 minutes"},"schema":{"@context":"https:\/\/schema.org","@graph":[{"@type":"WebSite","@id":"https:\/\/www.nettali.com\/#website","url":"https:\/\/www.nettali.com\/","name":"Nettali.com","description":"Le rendez-vous critique du Net","potentialAction":[{"@type":"SearchAction","target":{"@type":"EntryPoint","urlTemplate":"https:\/\/www.nettali.com\/?s={search_term_string}"},"query-input":"required name=search_term_string"}],"inLanguage":"fr-FR"},{"@type":"ImageObject","@id":"https:\/\/www.nettali.com\/2021\/11\/03\/elections-locales-babacar-diagne-somme-ndoye-bane-ameth-aidara-et-cie-de-se-retirer-des-antennes\/#primaryimage","inLanguage":"fr-FR","url":"https:\/\/www.nettali.com\/wp-content\/uploads\/2020\/01\/Babacar-Diagne-e1577976144853.jpg","contentUrl":"https:\/\/www.nettali.com\/wp-content\/uploads\/2020\/01\/Babacar-Diagne-e1577976144853.jpg","width":676,"height":499},{"@type":"WebPage","@id":"https:\/\/www.nettali.com\/2021\/11\/03\/elections-locales-babacar-diagne-somme-ndoye-bane-ameth-aidara-et-cie-de-se-retirer-des-antennes\/#webpage","url":"https:\/\/www.nettali.com\/2021\/11\/03\/elections-locales-babacar-diagne-somme-ndoye-bane-ameth-aidara-et-cie-de-se-retirer-des-antennes\/","name":"Elections locales : Babacar Diagne somme Ndoye Bane, Ameth A\u00efdara et Cie de se retirer des antennes | Nettali.com","isPartOf":{"@id":"https:\/\/www.nettali.com\/#website"},"primaryImageOfPage":{"@id":"https:\/\/www.nettali.com\/2021\/11\/03\/elections-locales-babacar-diagne-somme-ndoye-bane-ameth-aidara-et-cie-de-se-retirer-des-antennes\/#primaryimage"},"datePublished":"2021-11-03T09:06:26+00:00","dateModified":"2021-11-03T09:06:26+00:00","author":{"@id":"https:\/\/www.nettali.com\/#\/schema\/person\/3317e0bb3aa1da309fbf7b2780901bf4"},"breadcrumb":{"@id":"https:\/\/www.nettali.com\/2021\/11\/03\/elections-locales-babacar-diagne-somme-ndoye-bane-ameth-aidara-et-cie-de-se-retirer-des-antennes\/#breadcrumb"},"inLanguage":"fr-FR","potentialAction":[{"@type":"ReadAction","target":["https:\/\/www.nettali.com\/2021\/11\/03\/elections-locales-babacar-diagne-somme-ndoye-bane-ameth-aidara-et-cie-de-se-retirer-des-antennes\/"]}]},{"@type":"BreadcrumbList","@id":"https:\/\/www.nettali.com\/2021\/11\/03\/elections-locales-babacar-diagne-somme-ndoye-bane-ameth-aidara-et-cie-de-se-retirer-des-antennes\/#breadcrumb","itemListElement":[{"@type":"ListItem","position":1,"name":"Accueil","item":"https:\/\/www.nettali.com\/"},{"@type":"ListItem","position":2,"name":"Elections locales : Babacar Diagne somme Ndoye Bane, Ameth A\u00efdara et Cie de se retirer des antennes"}]},{"@type":"Person","@id":"https:\/\/www.nettali.com\/#\/schema\/person\/3317e0bb3aa1da309fbf7b2780901bf4","name":"Daouda","image":{"@type":"ImageObject","@id":"https:\/\/www.nettali.com\/#personlogo","inLanguage":"fr-FR","url":"https:\/\/secure.gravatar.com\/avatar\/8d143b5a49345098ddcfee1c49c2f47c?s=96&d=mm&r=g","contentUrl":"https:\/\/secure.gravatar.com\/avatar\/8d143b5a49345098ddcfee1c49c2f47c?s=96&d=mm&r=g","caption":"Daouda"},"sameAs":["https:\/\/www.nettali.com"]}]}},"_links":{"self":[{"href":"https:\/\/www.nettali.com\/rest\/wp\/v2\/posts\/74884"}],"collection":[{"href":"https:\/\/www.nettali.com\/rest\/wp\/v2\/posts"}],"about":[{"href":"https:\/\/www.nettali.com\/rest\/wp\/v2\/types\/post"}],"author":[{"embeddable":true,"href":"https:\/\/www.nettali.com\/rest\/wp\/v2\/users\/4"}],"replies":[{"embeddable":true,"href":"https:\/\/www.nettali.com\/rest\/wp\/v2\/comments?post=74884"}],"version-history":[{"count":1,"href":"https:\/\/www.nettali.com\/rest\/wp\/v2\/posts\/74884\/revisions"}],"predecessor-version":[{"id":74889,"href":"https:\/\/www.nettali.com\/rest\/wp\/v2\/posts\/74884\/revisions\/74889"}],"wp:featuredmedia":[{"embeddable":true,"href":"https:\/\/www.nettali.com\/rest\/wp\/v2\/media\/26265"}],"wp:attachment":[{"href":"https:\/\/www.nettali.com\/rest\/wp\/v2\/media?parent=74884"}],"wp:term":[{"taxonomy":"category","embeddable":true,"href":"https:\/\/www.nettali.com\/rest\/wp\/v2\/categories?post=74884"},{"taxonomy":"post_tag","embeddable":true,"href":"https:\/\/www.nettali.com\/rest\/wp\/v2\/tags?post=74884"}],"curies":[{"name":"wp","href":"https:\/\/api.w.org\/{rel}","templated":true}]}}