{"id":74830,"date":"2021-11-02T10:39:54","date_gmt":"2021-11-02T10:39:54","guid":{"rendered":"https:\/\/www.nettali.com\/?p=74830"},"modified":"2021-11-02T10:39:54","modified_gmt":"2021-11-02T10:39:54","slug":"perte-dans-la-vente-de-farine-les-meuniers-du-senegal-au-bord-du-gouffre","status":"publish","type":"post","link":"https:\/\/www.nettali.com\/2021\/11\/02\/perte-dans-la-vente-de-farine-les-meuniers-du-senegal-au-bord-du-gouffre\/","title":{"rendered":"PERTE DANS LA VENTE DE FARINE- Les meuniers du S\u00e9n\u00e9gal au bord du gouffre"},"content":{"rendered":"<p><strong>NETTALI.COM - Les S\u00e9n\u00e9galais risquent de ne pas avoir de pain tr\u00e8s prochainement. Pour cause, les meuniers du S\u00e9n\u00e9gal, au bord du gouffre, ont d\u00e9cid\u00e9 de baisser leur production \u00e0 moiti\u00e9.<\/strong><\/p>\n<p>\u00ab <em>C\u2019est avec regret et respect que nous vous annon\u00e7ons que l\u2019Association des Meuniers Industriels du S\u00e9n\u00e9gal engage ses 7 membres dans une d\u00e9marche de survie sans pr\u00e9c\u00e9dent dans l\u2019histoire industrielle du S\u00e9n\u00e9gal. Les Meuniers ne peuvent plus continuer de vendre \u00e0 perte et d\u00e9clarent officiellement leur situation de faillite programm\u00e9e<\/em> \u00bb, rapporte le communiqu\u00e9. Selon les meuniers, il est \u00e0 pr\u00e9sent urgent de statuer sur l\u2019ultime levier d\u2019ajustement en r\u00e9visant le prix du sac de 50 kg de farine de bl\u00e9. \u00ab <em>Suivant la structure des prix, la farine se vendra \u00e0 19 193 FCFA par sac. Cependant, afin de garantir une stabilit\u00e9 du prix du march\u00e9, en compl\u00e9ment de la TVA \u00e0 0% et des droits de douane sur le bl\u00e9 \u00e0 0%, les autorit\u00e9s doivent prendre la d\u00e9cision additionnelle de diminuer les imp\u00f4ts afin de compenser les pertes entre le prix de 19 193 F et celui qui est pratiqu\u00e9 depuis d\u00e9but octobre<\/em> \u00bb, explique le communiqu\u00e9.<\/p>\n<p>Selon les meuniers, la flamb\u00e9e des prix du bl\u00e9 est ignor\u00e9e par les autorit\u00e9s. En avril puis en juillet ils ont alert\u00e9 le Minist\u00e8re du Commerce, mais malgr\u00e9 ces alertes, le prix de revient de la farine vendue au S\u00e9n\u00e9gal est bien au-dessus du prix de vente impos\u00e9 par les autorit\u00e9s gouvernementales. \u00ab<em> En Septembre 2021, nous avions sollicit\u00e9 en urgence une prise de d\u00e9cision rapide pour revoir le prix de la farine. Mais c\u2019est en vain. De sorte que chaque sac livr\u00e9 depuis nos unit\u00e9s de production constitue une infraction flagrante \u00e0 la loi s\u00e9n\u00e9galaise en plus d\u2019amplifier les pertes de nos entreprises<\/em> \u00bb font savoir les meuniers.<\/p>\n<div class='share-to-whatsapp-wrapper'><div class='share-on-whsp'>PARTAGER SUR : <\/div><a data-text='PERTE DANS LA VENTE DE FARINE- Les meuniers du S\u00e9n\u00e9gal au bord du gouffre' data-link='https:\/\/www.nettali.com\/2021\/11\/02\/perte-dans-la-vente-de-farine-les-meuniers-du-senegal-au-bord-du-gouffre\/' class='whatsapp-button whatsapp-share'>WhatsApp<\/a><div class='clear '><\/div><\/div>","protected":false},"excerpt":{"rendered":"<p>NETTALI.COM - Les S\u00e9n\u00e9galais risquent de ne pas avoir de pain tr\u00e8s prochainement. Pour cause, les meuniers du S\u00e9n\u00e9gal, au bord du gouffre, ont d\u00e9cid\u00e9 de baisser leur production \u00e0 moiti\u00e9. \u00ab C\u2019est avec regret et respect que nous vous annon\u00e7ons que l\u2019Association des Meuniers Industriels du S\u00e9n\u00e9gal engage ses 7 membres dans une d\u00e9marche [&hellip;]<\/p>\n","protected":false},"author":6,"featured_media":74835,"comment_status":"open","ping_status":"open","sticky":false,"template":"","format":"standard","meta":{"_et_pb_use_builder":"","_et_pb_old_content":""},"categories":[4],"tags":[],"yoast_head":"<!-- This site is optimized with the Yoast SEO Premium plugin v17.8 (Yoast SEO v17.8) - https:\/\/yoast.com\/wordpress\/plugins\/seo\/ -->\n<title>PERTE DANS LA VENTE DE FARINE- Les meuniers du S\u00e9n\u00e9gal au bord du gouffre | Nettali.com<\/title>\n<meta name=\"robots\" content=\"index, follow, max-snippet:-1, max-image-preview:large, max-video-preview:-1\" \/>\n<link rel=\"canonical\" href=\"https:\/\/www.nettali.com\/2021\/11\/02\/perte-dans-la-vente-de-farine-les-meuniers-du-senegal-au-bord-du-gouffre\/\" \/>\n<meta property=\"og:locale\" content=\"fr_FR\" \/>\n<meta property=\"og:type\" content=\"article\" \/>\n<meta property=\"og:title\" content=\"PERTE DANS LA VENTE DE FARINE- Les meuniers du S\u00e9n\u00e9gal au bord du gouffre\" \/>\n<meta property=\"og:description\" content=\"NETTALI.COM - Les S\u00e9n\u00e9galais risquent de ne pas avoir de pain tr\u00e8s prochainement. Pour cause, les meuniers du S\u00e9n\u00e9gal, au bord du gouffre, ont d\u00e9cid\u00e9 de baisser leur production \u00e0 moiti\u00e9. \u00ab C\u2019est avec regret et respect que nous vous annon\u00e7ons que l\u2019Association des Meuniers Industriels du S\u00e9n\u00e9gal engage ses 7 membres dans une d\u00e9marche [&hellip;]\" \/>\n<meta property=\"og:url\" content=\"https:\/\/www.nettali.com\/2021\/11\/02\/perte-dans-la-vente-de-farine-les-meuniers-du-senegal-au-bord-du-gouffre\/\" \/>\n<meta property=\"og:site_name\" content=\"Nettali.com\" \/>\n<meta property=\"article:publisher\" content=\"https:\/\/www.facebook.com\/nettalicom\" \/>\n<meta property=\"article:published_time\" content=\"2021-11-02T10:39:54+00:00\" \/>\n<meta property=\"og:image\" content=\"https:\/\/www.nettali.com\/wp-content\/uploads\/2021\/11\/10331513-16893865.jpg\" \/>\n\t<meta property=\"og:image:width\" content=\"1280\" \/>\n\t<meta property=\"og:image:height\" content=\"853\" \/>\n<meta name=\"twitter:card\" content=\"summary_large_image\" \/>\n<meta name=\"twitter:label1\" content=\"\u00c9crit par\" \/>\n\t<meta name=\"twitter:data1\" content=\"Fatou\" \/>\n\t<meta name=\"twitter:label2\" content=\"Dur\u00e9e de lecture estim\u00e9e\" \/>\n\t<meta name=\"twitter:data2\" content=\"2 minutes\" \/>\n<script type=\"application\/ld+json\" class=\"yoast-schema-graph\">{\"@context\":\"https:\/\/schema.org\",\"@graph\":[{\"@type\":\"WebSite\",\"@id\":\"https:\/\/www.nettali.com\/#website\",\"url\":\"https:\/\/www.nettali.com\/\",\"name\":\"Nettali.com\",\"description\":\"Le rendez-vous critique du Net\",\"potentialAction\":[{\"@type\":\"SearchAction\",\"target\":{\"@type\":\"EntryPoint\",\"urlTemplate\":\"https:\/\/www.nettali.com\/?s={search_term_string}\"},\"query-input\":\"required name=search_term_string\"}],\"inLanguage\":\"fr-FR\"},{\"@type\":\"ImageObject\",\"@id\":\"https:\/\/www.nettali.com\/2021\/11\/02\/perte-dans-la-vente-de-farine-les-meuniers-du-senegal-au-bord-du-gouffre\/#primaryimage\",\"inLanguage\":\"fr-FR\",\"url\":\"https:\/\/www.nettali.com\/wp-content\/uploads\/2021\/11\/10331513-16893865.jpg\",\"contentUrl\":\"https:\/\/www.nettali.com\/wp-content\/uploads\/2021\/11\/10331513-16893865.jpg\",\"width\":1280,\"height\":853},{\"@type\":\"WebPage\",\"@id\":\"https:\/\/www.nettali.com\/2021\/11\/02\/perte-dans-la-vente-de-farine-les-meuniers-du-senegal-au-bord-du-gouffre\/#webpage\",\"url\":\"https:\/\/www.nettali.com\/2021\/11\/02\/perte-dans-la-vente-de-farine-les-meuniers-du-senegal-au-bord-du-gouffre\/\",\"name\":\"PERTE DANS LA VENTE DE FARINE- Les meuniers du S\\u00e9n\\u00e9gal au bord du gouffre | Nettali.com\",\"isPartOf\":{\"@id\":\"https:\/\/www.nettali.com\/#website\"},\"primaryImageOfPage\":{\"@id\":\"https:\/\/www.nettali.com\/2021\/11\/02\/perte-dans-la-vente-de-farine-les-meuniers-du-senegal-au-bord-du-gouffre\/#primaryimage\"},\"datePublished\":\"2021-11-02T10:39:54+00:00\",\"dateModified\":\"2021-11-02T10:39:54+00:00\",\"author\":{\"@id\":\"https:\/\/www.nettali.com\/#\/schema\/person\/418274a86bdf87caff7a3ef476bd0bbf\"},\"breadcrumb\":{\"@id\":\"https:\/\/www.nettali.com\/2021\/11\/02\/perte-dans-la-vente-de-farine-les-meuniers-du-senegal-au-bord-du-gouffre\/#breadcrumb\"},\"inLanguage\":\"fr-FR\",\"potentialAction\":[{\"@type\":\"ReadAction\",\"target\":[\"https:\/\/www.nettali.com\/2021\/11\/02\/perte-dans-la-vente-de-farine-les-meuniers-du-senegal-au-bord-du-gouffre\/\"]}]},{\"@type\":\"BreadcrumbList\",\"@id\":\"https:\/\/www.nettali.com\/2021\/11\/02\/perte-dans-la-vente-de-farine-les-meuniers-du-senegal-au-bord-du-gouffre\/#breadcrumb\",\"itemListElement\":[{\"@type\":\"ListItem\",\"position\":1,\"name\":\"Accueil\",\"item\":\"https:\/\/www.nettali.com\/\"},{\"@type\":\"ListItem\",\"position\":2,\"name\":\"PERTE DANS LA VENTE DE FARINE- Les meuniers du S\\u00e9n\\u00e9gal au bord du gouffre\"}]},{\"@type\":\"Person\",\"@id\":\"https:\/\/www.nettali.com\/#\/schema\/person\/418274a86bdf87caff7a3ef476bd0bbf\",\"name\":\"Fatou\",\"image\":{\"@type\":\"ImageObject\",\"@id\":\"https:\/\/www.nettali.com\/#personlogo\",\"inLanguage\":\"fr-FR\",\"url\":\"https:\/\/secure.gravatar.com\/avatar\/5a9442a2bee7b4dcf167cab035858e9a?s=96&d=mm&r=g\",\"contentUrl\":\"https:\/\/secure.gravatar.com\/avatar\/5a9442a2bee7b4dcf167cab035858e9a?s=96&d=mm&r=g\",\"caption\":\"Fatou\"},\"sameAs\":[\"https:\/\/www.nettali.com\"]}]}<\/script>\n<!-- \/ Yoast SEO Premium plugin. -->","yoast_head_json":{"title":"PERTE DANS LA VENTE DE FARINE- Les meuniers du S\u00e9n\u00e9gal au bord du gouffre | Nettali.com","robots":{"index":"index","follow":"follow","max-snippet":"max-snippet:-1","max-image-preview":"max-image-preview:large","max-video-preview":"max-video-preview:-1"},"canonical":"https:\/\/www.nettali.com\/2021\/11\/02\/perte-dans-la-vente-de-farine-les-meuniers-du-senegal-au-bord-du-gouffre\/","og_locale":"fr_FR","og_type":"article","og_title":"PERTE DANS LA VENTE DE FARINE- Les meuniers du S\u00e9n\u00e9gal au bord du gouffre","og_description":"NETTALI.COM - Les S\u00e9n\u00e9galais risquent de ne pas avoir de pain tr\u00e8s prochainement. Pour cause, les meuniers du S\u00e9n\u00e9gal, au bord du gouffre, ont d\u00e9cid\u00e9 de baisser leur production \u00e0 moiti\u00e9. \u00ab C\u2019est avec regret et respect que nous vous annon\u00e7ons que l\u2019Association des Meuniers Industriels du S\u00e9n\u00e9gal engage ses 7 membres dans une d\u00e9marche [&hellip;]","og_url":"https:\/\/www.nettali.com\/2021\/11\/02\/perte-dans-la-vente-de-farine-les-meuniers-du-senegal-au-bord-du-gouffre\/","og_site_name":"Nettali.com","article_publisher":"https:\/\/www.facebook.com\/nettalicom","article_published_time":"2021-11-02T10:39:54+00:00","og_image":[{"width":1280,"height":853,"url":"https:\/\/www.nettali.com\/wp-content\/uploads\/2021\/11\/10331513-16893865.jpg","type":"image\/jpeg"}],"twitter_card":"summary_large_image","twitter_misc":{"\u00c9crit par":"Fatou","Dur\u00e9e de lecture estim\u00e9e":"2 minutes"},"schema":{"@context":"https:\/\/schema.org","@graph":[{"@type":"WebSite","@id":"https:\/\/www.nettali.com\/#website","url":"https:\/\/www.nettali.com\/","name":"Nettali.com","description":"Le rendez-vous critique du Net","potentialAction":[{"@type":"SearchAction","target":{"@type":"EntryPoint","urlTemplate":"https:\/\/www.nettali.com\/?s={search_term_string}"},"query-input":"required name=search_term_string"}],"inLanguage":"fr-FR"},{"@type":"ImageObject","@id":"https:\/\/www.nettali.com\/2021\/11\/02\/perte-dans-la-vente-de-farine-les-meuniers-du-senegal-au-bord-du-gouffre\/#primaryimage","inLanguage":"fr-FR","url":"https:\/\/www.nettali.com\/wp-content\/uploads\/2021\/11\/10331513-16893865.jpg","contentUrl":"https:\/\/www.nettali.com\/wp-content\/uploads\/2021\/11\/10331513-16893865.jpg","width":1280,"height":853},{"@type":"WebPage","@id":"https:\/\/www.nettali.com\/2021\/11\/02\/perte-dans-la-vente-de-farine-les-meuniers-du-senegal-au-bord-du-gouffre\/#webpage","url":"https:\/\/www.nettali.com\/2021\/11\/02\/perte-dans-la-vente-de-farine-les-meuniers-du-senegal-au-bord-du-gouffre\/","name":"PERTE DANS LA VENTE DE FARINE- Les meuniers du S\u00e9n\u00e9gal au bord du gouffre | Nettali.com","isPartOf":{"@id":"https:\/\/www.nettali.com\/#website"},"primaryImageOfPage":{"@id":"https:\/\/www.nettali.com\/2021\/11\/02\/perte-dans-la-vente-de-farine-les-meuniers-du-senegal-au-bord-du-gouffre\/#primaryimage"},"datePublished":"2021-11-02T10:39:54+00:00","dateModified":"2021-11-02T10:39:54+00:00","author":{"@id":"https:\/\/www.nettali.com\/#\/schema\/person\/418274a86bdf87caff7a3ef476bd0bbf"},"breadcrumb":{"@id":"https:\/\/www.nettali.com\/2021\/11\/02\/perte-dans-la-vente-de-farine-les-meuniers-du-senegal-au-bord-du-gouffre\/#breadcrumb"},"inLanguage":"fr-FR","potentialAction":[{"@type":"ReadAction","target":["https:\/\/www.nettali.com\/2021\/11\/02\/perte-dans-la-vente-de-farine-les-meuniers-du-senegal-au-bord-du-gouffre\/"]}]},{"@type":"BreadcrumbList","@id":"https:\/\/www.nettali.com\/2021\/11\/02\/perte-dans-la-vente-de-farine-les-meuniers-du-senegal-au-bord-du-gouffre\/#breadcrumb","itemListElement":[{"@type":"ListItem","position":1,"name":"Accueil","item":"https:\/\/www.nettali.com\/"},{"@type":"ListItem","position":2,"name":"PERTE DANS LA VENTE DE FARINE- Les meuniers du S\u00e9n\u00e9gal au bord du gouffre"}]},{"@type":"Person","@id":"https:\/\/www.nettali.com\/#\/schema\/person\/418274a86bdf87caff7a3ef476bd0bbf","name":"Fatou","image":{"@type":"ImageObject","@id":"https:\/\/www.nettali.com\/#personlogo","inLanguage":"fr-FR","url":"https:\/\/secure.gravatar.com\/avatar\/5a9442a2bee7b4dcf167cab035858e9a?s=96&d=mm&r=g","contentUrl":"https:\/\/secure.gravatar.com\/avatar\/5a9442a2bee7b4dcf167cab035858e9a?s=96&d=mm&r=g","caption":"Fatou"},"sameAs":["https:\/\/www.nettali.com"]}]}},"_links":{"self":[{"href":"https:\/\/www.nettali.com\/rest\/wp\/v2\/posts\/74830"}],"collection":[{"href":"https:\/\/www.nettali.com\/rest\/wp\/v2\/posts"}],"about":[{"href":"https:\/\/www.nettali.com\/rest\/wp\/v2\/types\/post"}],"author":[{"embeddable":true,"href":"https:\/\/www.nettali.com\/rest\/wp\/v2\/users\/6"}],"replies":[{"embeddable":true,"href":"https:\/\/www.nettali.com\/rest\/wp\/v2\/comments?post=74830"}],"version-history":[{"count":3,"href":"https:\/\/www.nettali.com\/rest\/wp\/v2\/posts\/74830\/revisions"}],"predecessor-version":[{"id":74838,"href":"https:\/\/www.nettali.com\/rest\/wp\/v2\/posts\/74830\/revisions\/74838"}],"wp:featuredmedia":[{"embeddable":true,"href":"https:\/\/www.nettali.com\/rest\/wp\/v2\/media\/74835"}],"wp:attachment":[{"href":"https:\/\/www.nettali.com\/rest\/wp\/v2\/media?parent=74830"}],"wp:term":[{"taxonomy":"category","embeddable":true,"href":"https:\/\/www.nettali.com\/rest\/wp\/v2\/categories?post=74830"},{"taxonomy":"post_tag","embeddable":true,"href":"https:\/\/www.nettali.com\/rest\/wp\/v2\/tags?post=74830"}],"curies":[{"name":"wp","href":"https:\/\/api.w.org\/{rel}","templated":true}]}}