{"id":74700,"date":"2021-10-31T01:58:37","date_gmt":"2021-10-31T01:58:37","guid":{"rendered":"https:\/\/www.nettali.com\/?p=74700"},"modified":"2021-10-31T18:31:33","modified_gmt":"2021-10-31T18:31:33","slug":"locales-a-mbour-duel-fratricide-entre-cheikh-issa-sall-et-me-tall-de-pastef","status":"publish","type":"post","link":"https:\/\/www.nettali.com\/2021\/10\/31\/locales-a-mbour-duel-fratricide-entre-cheikh-issa-sall-et-me-tall-de-pastef\/","title":{"rendered":"LOCALES A MBOUR - Duel fratricide entre Cheikh Issa Sall et Me Tall de Pastef"},"content":{"rendered":"<p><strong>NETTALI.COM\u00a0 - En d\u00e9pit des remous que son investiture a cr\u00e9\u00e9 au sein de Pastef, Me Abdoulaye Tall sera le candidat de Yewwi askan wi dans le commune de Mbour. Le porte-parole national du parti d'Ousmane Sonko vient de l'annoncer.<\/strong><\/p>\n<p>A Mbour, les prochaines \u00e9lections municipales risquent de virer \u00e0 un duel fratricide. Investi t\u00eate de Benno Bokk Yakaar dans la commune, le magistrat Cheikh Issa Sall fera face \u00e0 son \"jeune fr\u00e8re\", l'avocat Me Abdoulaye Tall. Ce dernier aime rappeler que Cheikh Issa Sall qui l'a accueilli et h\u00e9berg\u00e9 \u00e0 Dakar apr\u00e8s l'obtention du Bac. Grand ami d'Ousmane Sonko, c'est m\u00eame Issa Sall qui a pr\u00e9sent\u00e9 Me Tall \u00e0 celui qui, quelques ann\u00e9es plus tard, allait devenir chef de Pastef et plus farouche opposant \u00e0 Macky Sall qui vient de l'investiture \u00e0 Mbour. C'est aussi le m\u00eame Cheikh Issa Sall qui \u00e9tait cit\u00e9 dans la fameuse affaire des audio entre Mansour Faye et Ousmane Sonko. On l'accuse d'avoir pr\u00e9sent\u00e9 son ami au beau-fr\u00e8re de Macky Sall avant de le trahir. Autant dire alors que le combat de Mbour ne sera pas facile.<\/p>\n<p>En attendant, Me Tall savoure son investiture et se pr\u00e9pare au combat. \"<em>C'est avec une joie renouvel\u00e9e et une s\u00e9r\u00e9nit\u00e9 sans commune mesure que je partage avec vous le choix que la coalition Yewwi Askan Wi a port\u00e9 sur ma modeste personne pour solliciter les suffrages des mbourois au niveau communal.\u00a0Je mesure la solennit\u00e9 de l'instant ainsi que l'immensit\u00e9 des attentes et des espoirs longtemps d\u00e9\u00e7us.\u00a0 Mais je puis vous assurer que l'\u00e9quipe et moi ne m\u00e9nagerons aucun effort pour porter, tr\u00e8s haut, le flambeau de l'espoir suscit\u00e9 par la dynamique politique de notre coalition. Cet espoir trouve son fondement dans la gestion gab\u00e9gique de nos ressources locales, l'inexistence d'une politique infrastructurelle au niveau communal sans compter un d\u00e9sir inextinguible de renouvellement de la classe politique<\/em>\", a r\u00e9agi le porte-parole de Pastef. Avant d'ajouter\u00a0 : \"<em>C'est l'occasion pour moi d'inviter tous mes fr\u00e8res et s\u0153urs \u00e0 travailler sans rel\u00e2che, pour qu'au soir du 23 janvier 2022, notre victoire soit l'acte premier du changement irr\u00e9versible en direction de 2024<\/em>.\"<\/p>\n<div class='share-to-whatsapp-wrapper'><div class='share-on-whsp'>PARTAGER SUR : <\/div><a data-text='LOCALES A MBOUR - Duel fratricide entre Cheikh Issa Sall et Me Tall de Pastef' data-link='https:\/\/www.nettali.com\/2021\/10\/31\/locales-a-mbour-duel-fratricide-entre-cheikh-issa-sall-et-me-tall-de-pastef\/' class='whatsapp-button whatsapp-share'>WhatsApp<\/a><div class='clear '><\/div><\/div>","protected":false},"excerpt":{"rendered":"<p>NETTALI.COM\u00a0 - En d\u00e9pit des remous que son investiture a cr\u00e9\u00e9 au sein de Pastef, Me Abdoulaye Tall sera le candidat de Yewwi askan wi dans le commune de Mbour. Le porte-parole national du parti d'Ousmane Sonko vient de l'annoncer. A Mbour, les prochaines \u00e9lections municipales risquent de virer \u00e0 un duel fratricide. Investi t\u00eate [&hellip;]<\/p>\n","protected":false},"author":3,"featured_media":74701,"comment_status":"open","ping_status":"open","sticky":false,"template":"","format":"standard","meta":{"_et_pb_use_builder":"","_et_pb_old_content":""},"categories":[3878,2],"tags":[],"yoast_head":"<!-- This site is optimized with the Yoast SEO Premium plugin v17.8 (Yoast SEO v17.8) - https:\/\/yoast.com\/wordpress\/plugins\/seo\/ -->\n<title>LOCALES A MBOUR - Duel fratricide entre Cheikh Issa Sall et Me Tall de Pastef | Nettali.com<\/title>\n<meta name=\"robots\" content=\"index, follow, max-snippet:-1, max-image-preview:large, max-video-preview:-1\" \/>\n<link rel=\"canonical\" href=\"https:\/\/www.nettali.com\/2021\/10\/31\/locales-a-mbour-duel-fratricide-entre-cheikh-issa-sall-et-me-tall-de-pastef\/\" \/>\n<meta property=\"og:locale\" content=\"fr_FR\" \/>\n<meta property=\"og:type\" content=\"article\" \/>\n<meta property=\"og:title\" content=\"LOCALES A MBOUR - Duel fratricide entre Cheikh Issa Sall et Me Tall de Pastef\" \/>\n<meta property=\"og:description\" content=\"NETTALI.COM\u00a0 - En d\u00e9pit des remous que son investiture a cr\u00e9\u00e9 au sein de Pastef, Me Abdoulaye Tall sera le candidat de Yewwi askan wi dans le commune de Mbour. Le porte-parole national du parti d&#039;Ousmane Sonko vient de l&#039;annoncer. A Mbour, les prochaines \u00e9lections municipales risquent de virer \u00e0 un duel fratricide. Investi t\u00eate [&hellip;]\" \/>\n<meta property=\"og:url\" content=\"https:\/\/www.nettali.com\/2021\/10\/31\/locales-a-mbour-duel-fratricide-entre-cheikh-issa-sall-et-me-tall-de-pastef\/\" \/>\n<meta property=\"og:site_name\" content=\"Nettali.com\" \/>\n<meta property=\"article:publisher\" content=\"https:\/\/www.facebook.com\/nettalicom\" \/>\n<meta property=\"article:published_time\" content=\"2021-10-31T01:58:37+00:00\" \/>\n<meta property=\"article:modified_time\" content=\"2021-10-31T18:31:33+00:00\" \/>\n<meta property=\"og:image\" content=\"https:\/\/www.nettali.com\/wp-content\/uploads\/2021\/10\/FB_IMG_1635644267034.jpg\" \/>\n\t<meta property=\"og:image:width\" content=\"486\" \/>\n\t<meta property=\"og:image:height\" content=\"719\" \/>\n<meta name=\"twitter:card\" content=\"summary_large_image\" \/>\n<meta name=\"twitter:label1\" content=\"\u00c9crit par\" \/>\n\t<meta name=\"twitter:data1\" content=\"Moustapha\" \/>\n\t<meta name=\"twitter:label2\" content=\"Dur\u00e9e de lecture estim\u00e9e\" \/>\n\t<meta name=\"twitter:data2\" content=\"2 minutes\" \/>\n<script type=\"application\/ld+json\" class=\"yoast-schema-graph\">{\"@context\":\"https:\/\/schema.org\",\"@graph\":[{\"@type\":\"WebSite\",\"@id\":\"https:\/\/www.nettali.com\/#website\",\"url\":\"https:\/\/www.nettali.com\/\",\"name\":\"Nettali.com\",\"description\":\"Le rendez-vous critique du Net\",\"potentialAction\":[{\"@type\":\"SearchAction\",\"target\":{\"@type\":\"EntryPoint\",\"urlTemplate\":\"https:\/\/www.nettali.com\/?s={search_term_string}\"},\"query-input\":\"required name=search_term_string\"}],\"inLanguage\":\"fr-FR\"},{\"@type\":\"ImageObject\",\"@id\":\"https:\/\/www.nettali.com\/2021\/10\/31\/locales-a-mbour-duel-fratricide-entre-cheikh-issa-sall-et-me-tall-de-pastef\/#primaryimage\",\"inLanguage\":\"fr-FR\",\"url\":\"https:\/\/www.nettali.com\/wp-content\/uploads\/2021\/10\/FB_IMG_1635644267034.jpg\",\"contentUrl\":\"https:\/\/www.nettali.com\/wp-content\/uploads\/2021\/10\/FB_IMG_1635644267034.jpg\",\"width\":486,\"height\":719},{\"@type\":\"WebPage\",\"@id\":\"https:\/\/www.nettali.com\/2021\/10\/31\/locales-a-mbour-duel-fratricide-entre-cheikh-issa-sall-et-me-tall-de-pastef\/#webpage\",\"url\":\"https:\/\/www.nettali.com\/2021\/10\/31\/locales-a-mbour-duel-fratricide-entre-cheikh-issa-sall-et-me-tall-de-pastef\/\",\"name\":\"LOCALES A MBOUR - Duel fratricide entre Cheikh Issa Sall et Me Tall de Pastef | Nettali.com\",\"isPartOf\":{\"@id\":\"https:\/\/www.nettali.com\/#website\"},\"primaryImageOfPage\":{\"@id\":\"https:\/\/www.nettali.com\/2021\/10\/31\/locales-a-mbour-duel-fratricide-entre-cheikh-issa-sall-et-me-tall-de-pastef\/#primaryimage\"},\"datePublished\":\"2021-10-31T01:58:37+00:00\",\"dateModified\":\"2021-10-31T18:31:33+00:00\",\"author\":{\"@id\":\"https:\/\/www.nettali.com\/#\/schema\/person\/7962a12a6e0267f88f0ffa544c36469a\"},\"breadcrumb\":{\"@id\":\"https:\/\/www.nettali.com\/2021\/10\/31\/locales-a-mbour-duel-fratricide-entre-cheikh-issa-sall-et-me-tall-de-pastef\/#breadcrumb\"},\"inLanguage\":\"fr-FR\",\"potentialAction\":[{\"@type\":\"ReadAction\",\"target\":[\"https:\/\/www.nettali.com\/2021\/10\/31\/locales-a-mbour-duel-fratricide-entre-cheikh-issa-sall-et-me-tall-de-pastef\/\"]}]},{\"@type\":\"BreadcrumbList\",\"@id\":\"https:\/\/www.nettali.com\/2021\/10\/31\/locales-a-mbour-duel-fratricide-entre-cheikh-issa-sall-et-me-tall-de-pastef\/#breadcrumb\",\"itemListElement\":[{\"@type\":\"ListItem\",\"position\":1,\"name\":\"Accueil\",\"item\":\"https:\/\/www.nettali.com\/\"},{\"@type\":\"ListItem\",\"position\":2,\"name\":\"LOCALES A MBOUR &#8211; Duel fratricide entre Cheikh Issa Sall et Me Tall de Pastef\"}]},{\"@type\":\"Person\",\"@id\":\"https:\/\/www.nettali.com\/#\/schema\/person\/7962a12a6e0267f88f0ffa544c36469a\",\"name\":\"Moustapha\",\"image\":{\"@type\":\"ImageObject\",\"@id\":\"https:\/\/www.nettali.com\/#personlogo\",\"inLanguage\":\"fr-FR\",\"url\":\"https:\/\/secure.gravatar.com\/avatar\/10fdf6a071cccdcf374e3dbe45159590?s=96&d=mm&r=g\",\"contentUrl\":\"https:\/\/secure.gravatar.com\/avatar\/10fdf6a071cccdcf374e3dbe45159590?s=96&d=mm&r=g\",\"caption\":\"Moustapha\"},\"sameAs\":[\"https:\/\/www.nettali.com\"]}]}<\/script>\n<!-- \/ Yoast SEO Premium plugin. -->","yoast_head_json":{"title":"LOCALES A MBOUR - Duel fratricide entre Cheikh Issa Sall et Me Tall de Pastef | Nettali.com","robots":{"index":"index","follow":"follow","max-snippet":"max-snippet:-1","max-image-preview":"max-image-preview:large","max-video-preview":"max-video-preview:-1"},"canonical":"https:\/\/www.nettali.com\/2021\/10\/31\/locales-a-mbour-duel-fratricide-entre-cheikh-issa-sall-et-me-tall-de-pastef\/","og_locale":"fr_FR","og_type":"article","og_title":"LOCALES A MBOUR - Duel fratricide entre Cheikh Issa Sall et Me Tall de Pastef","og_description":"NETTALI.COM\u00a0 - En d\u00e9pit des remous que son investiture a cr\u00e9\u00e9 au sein de Pastef, Me Abdoulaye Tall sera le candidat de Yewwi askan wi dans le commune de Mbour. Le porte-parole national du parti d'Ousmane Sonko vient de l'annoncer. A Mbour, les prochaines \u00e9lections municipales risquent de virer \u00e0 un duel fratricide. Investi t\u00eate [&hellip;]","og_url":"https:\/\/www.nettali.com\/2021\/10\/31\/locales-a-mbour-duel-fratricide-entre-cheikh-issa-sall-et-me-tall-de-pastef\/","og_site_name":"Nettali.com","article_publisher":"https:\/\/www.facebook.com\/nettalicom","article_published_time":"2021-10-31T01:58:37+00:00","article_modified_time":"2021-10-31T18:31:33+00:00","og_image":[{"width":486,"height":719,"url":"https:\/\/www.nettali.com\/wp-content\/uploads\/2021\/10\/FB_IMG_1635644267034.jpg","type":"image\/jpeg"}],"twitter_card":"summary_large_image","twitter_misc":{"\u00c9crit par":"Moustapha","Dur\u00e9e de lecture estim\u00e9e":"2 minutes"},"schema":{"@context":"https:\/\/schema.org","@graph":[{"@type":"WebSite","@id":"https:\/\/www.nettali.com\/#website","url":"https:\/\/www.nettali.com\/","name":"Nettali.com","description":"Le rendez-vous critique du Net","potentialAction":[{"@type":"SearchAction","target":{"@type":"EntryPoint","urlTemplate":"https:\/\/www.nettali.com\/?s={search_term_string}"},"query-input":"required name=search_term_string"}],"inLanguage":"fr-FR"},{"@type":"ImageObject","@id":"https:\/\/www.nettali.com\/2021\/10\/31\/locales-a-mbour-duel-fratricide-entre-cheikh-issa-sall-et-me-tall-de-pastef\/#primaryimage","inLanguage":"fr-FR","url":"https:\/\/www.nettali.com\/wp-content\/uploads\/2021\/10\/FB_IMG_1635644267034.jpg","contentUrl":"https:\/\/www.nettali.com\/wp-content\/uploads\/2021\/10\/FB_IMG_1635644267034.jpg","width":486,"height":719},{"@type":"WebPage","@id":"https:\/\/www.nettali.com\/2021\/10\/31\/locales-a-mbour-duel-fratricide-entre-cheikh-issa-sall-et-me-tall-de-pastef\/#webpage","url":"https:\/\/www.nettali.com\/2021\/10\/31\/locales-a-mbour-duel-fratricide-entre-cheikh-issa-sall-et-me-tall-de-pastef\/","name":"LOCALES A MBOUR - Duel fratricide entre Cheikh Issa Sall et Me Tall de Pastef | Nettali.com","isPartOf":{"@id":"https:\/\/www.nettali.com\/#website"},"primaryImageOfPage":{"@id":"https:\/\/www.nettali.com\/2021\/10\/31\/locales-a-mbour-duel-fratricide-entre-cheikh-issa-sall-et-me-tall-de-pastef\/#primaryimage"},"datePublished":"2021-10-31T01:58:37+00:00","dateModified":"2021-10-31T18:31:33+00:00","author":{"@id":"https:\/\/www.nettali.com\/#\/schema\/person\/7962a12a6e0267f88f0ffa544c36469a"},"breadcrumb":{"@id":"https:\/\/www.nettali.com\/2021\/10\/31\/locales-a-mbour-duel-fratricide-entre-cheikh-issa-sall-et-me-tall-de-pastef\/#breadcrumb"},"inLanguage":"fr-FR","potentialAction":[{"@type":"ReadAction","target":["https:\/\/www.nettali.com\/2021\/10\/31\/locales-a-mbour-duel-fratricide-entre-cheikh-issa-sall-et-me-tall-de-pastef\/"]}]},{"@type":"BreadcrumbList","@id":"https:\/\/www.nettali.com\/2021\/10\/31\/locales-a-mbour-duel-fratricide-entre-cheikh-issa-sall-et-me-tall-de-pastef\/#breadcrumb","itemListElement":[{"@type":"ListItem","position":1,"name":"Accueil","item":"https:\/\/www.nettali.com\/"},{"@type":"ListItem","position":2,"name":"LOCALES A MBOUR &#8211; Duel fratricide entre Cheikh Issa Sall et Me Tall de Pastef"}]},{"@type":"Person","@id":"https:\/\/www.nettali.com\/#\/schema\/person\/7962a12a6e0267f88f0ffa544c36469a","name":"Moustapha","image":{"@type":"ImageObject","@id":"https:\/\/www.nettali.com\/#personlogo","inLanguage":"fr-FR","url":"https:\/\/secure.gravatar.com\/avatar\/10fdf6a071cccdcf374e3dbe45159590?s=96&d=mm&r=g","contentUrl":"https:\/\/secure.gravatar.com\/avatar\/10fdf6a071cccdcf374e3dbe45159590?s=96&d=mm&r=g","caption":"Moustapha"},"sameAs":["https:\/\/www.nettali.com"]}]}},"_links":{"self":[{"href":"https:\/\/www.nettali.com\/rest\/wp\/v2\/posts\/74700"}],"collection":[{"href":"https:\/\/www.nettali.com\/rest\/wp\/v2\/posts"}],"about":[{"href":"https:\/\/www.nettali.com\/rest\/wp\/v2\/types\/post"}],"author":[{"embeddable":true,"href":"https:\/\/www.nettali.com\/rest\/wp\/v2\/users\/3"}],"replies":[{"embeddable":true,"href":"https:\/\/www.nettali.com\/rest\/wp\/v2\/comments?post=74700"}],"version-history":[{"count":1,"href":"https:\/\/www.nettali.com\/rest\/wp\/v2\/posts\/74700\/revisions"}],"predecessor-version":[{"id":74702,"href":"https:\/\/www.nettali.com\/rest\/wp\/v2\/posts\/74700\/revisions\/74702"}],"wp:featuredmedia":[{"embeddable":true,"href":"https:\/\/www.nettali.com\/rest\/wp\/v2\/media\/74701"}],"wp:attachment":[{"href":"https:\/\/www.nettali.com\/rest\/wp\/v2\/media?parent=74700"}],"wp:term":[{"taxonomy":"category","embeddable":true,"href":"https:\/\/www.nettali.com\/rest\/wp\/v2\/categories?post=74700"},{"taxonomy":"post_tag","embeddable":true,"href":"https:\/\/www.nettali.com\/rest\/wp\/v2\/tags?post=74700"}],"curies":[{"name":"wp","href":"https:\/\/api.w.org\/{rel}","templated":true}]}}