{"id":74686,"date":"2021-10-30T20:22:09","date_gmt":"2021-10-30T20:22:09","guid":{"rendered":"https:\/\/www.nettali.com\/?p=74686"},"modified":"2021-10-31T12:18:58","modified_gmt":"2021-10-31T12:18:58","slug":"ousmane-sonko-je-suis-candidat-a-la-mairie-de-ziguinchor","status":"publish","type":"post","link":"https:\/\/www.nettali.com\/2021\/10\/30\/ousmane-sonko-je-suis-candidat-a-la-mairie-de-ziguinchor\/","title":{"rendered":"OUSMANE SONKO  - \"Je suis candidat \u00e0 la mairie de Ziguinchor\""},"content":{"rendered":"<p><strong>NETTALI.COM\u00a0 - Le verdict vient de tomber. Ousmane Sonko Sonko est le candidat de \"Yewwi askan wi\" \u00e0 la mairie de Ziguinchor. Le leader de Pastef vient de l'annoncer au cours d'un meeting ce samedi 30 octobre dans la capitale du Sud.\u00a0<\/strong><\/p>\n<p>\"<em>Ce qui se passe ici est historique. On n'a jamais vu une d\u00e9claration de candidature \u00e0 une commune comme celle-ci.<\/em>\" C'est en ces termes que Ousmane Sonko a d\u00e9clar\u00e9 sa candidature \u00e0 la mairie de Ziguinchor. \"<em>In Sha Allah, au soir du 23 janvier 2022, Ziguinchor aura son sixi\u00e8me maire qui sera Ousmane Sonko<\/em>\", a dit le leader de Pastef.<\/p>\n<p>A l'en croire, son r\u00eave d\u00e9passe la seule ville de Ziguinchor. \"<em>Ziguinchor est un tremplin. Nous voulons \u00eatre un maire pour toute la Casamance dans le cadre d'une intercommunalit\u00e9<\/em>\", a soulign\u00e9 le leader de Pastef. Qui ajoute : \"<em>Une relation extr\u00eamement profonde me lie \u00e0 la Casamance. Et nous voulons toutes les communes de la Casamance. Nous avons un programme pour Ziguinchor, pour la Casamance. J'attends de vous un engagement citoyen sans faille. J'ai besoin de vous, pas de l'Etat du S\u00e9n\u00e9gal. Nous allons exp\u00e9rimenter \u00e0 Ziguinchor ce que nous voulons faire pour le S\u00e9n\u00e9gal<\/em>.\"<\/p>\n<p>Cependant, Ousmane Sonko a tenu \u00e0 pr\u00e9ciser que ses ambitions pr\u00e9sidentielles restent intactes. \"<em>Je veux \u00eatre le maire de Ziguinchor pour tous les S\u00e9n\u00e9galais<\/em>\", a-t-il laiss\u00e9 entendre. Avant d'ajouter : \"<em>Si je deviens maire de Ziguinchor, nous ferons des choses extraordinaires avec ou sans l'Etat central.<\/em>\"<\/p>\n<p>A en croire le leader de Pastef, Dakar et Ziguinchor constituent les principaux enjeux des prochaines locales. \"<em>Dakar parce que c'est la capitale et Ziguinchor parce que c'est la ville du principal opposant de Macky Sall<\/em>\", dit-il.<\/p>\n<p>Faisant le bilan du maire Abdoulaye Bald\u00e9 qui est \u00e0 la t\u00eate de la commune de Ziguinchor depuis 2014, Ousmane Sonko lui donne un 3%. Parce que, selon lui, les promesses faites en 2014 n'ont pas \u00e9t\u00e9 r\u00e9alis\u00e9es. Il cite la culture, le sport, l'\u00e9ducation, la voirie, le transport... o\u00f9 l'\u00e9quipe de Bald\u00e9 a, selon lui, \u00e9chou\u00e9. Pourtant, estime-t-il, \"<em>Abdoulaye Bald\u00e9 n'est pas un mauvais maire. C'est un bon maire<\/em>\". Mais, laisse-t-il entendre, \"<em>la d\u00e9centralisation est faite de sorte qu'aucun acteur politique n'\u00e9merge \u00e0 partir de la gestion des collectivit\u00e9s locales<\/em>\". Il promet, d'ailleurs, un livre co-\u00e9crit avec Balla Fofana, un S\u00e9n\u00e9galais de la diaspora, pour expliquer sa vision de la d\u00e9centralisation.<\/p>\n<p>Pour rappel, c'est au cours d'un meeting organis\u00e9 ce samedi par la Jeunesse patriotique du S\u00e9n\u00e9gal (Jps) de Ziguinchor que Sonko a annonc\u00e9 sa candidature \u00e0 la mairie. Le 23 janvier 2022, il sera notamment oppos\u00e9 au maire sortant Abdoulaye Bald\u00e9 et \u00e0 Beno\u00eet Sambou de l'Alliance pour la r\u00e9publique (Apr), candidat de Benno Bokk Yakaar.<\/p>\n<div class='share-to-whatsapp-wrapper'><div class='share-on-whsp'>PARTAGER SUR : <\/div><a data-text='OUSMANE SONKO  - \"Je suis candidat \u00e0 la mairie de Ziguinchor\"' data-link='https:\/\/www.nettali.com\/2021\/10\/30\/ousmane-sonko-je-suis-candidat-a-la-mairie-de-ziguinchor\/' class='whatsapp-button whatsapp-share'>WhatsApp<\/a><div class='clear '><\/div><\/div>","protected":false},"excerpt":{"rendered":"<p>NETTALI.COM\u00a0 - Le verdict vient de tomber. Ousmane Sonko Sonko est le candidat de \"Yewwi askan wi\" \u00e0 la mairie de Ziguinchor. Le leader de Pastef vient de l'annoncer au cours d'un meeting ce samedi 30 octobre dans la capitale du Sud.\u00a0 \"Ce qui se passe ici est historique. On n'a jamais vu une d\u00e9claration [&hellip;]<\/p>\n","protected":false},"author":3,"featured_media":74690,"comment_status":"open","ping_status":"open","sticky":false,"template":"","format":"standard","meta":{"_et_pb_use_builder":"","_et_pb_old_content":""},"categories":[2],"tags":[],"yoast_head":"<!-- This site is optimized with the Yoast SEO Premium plugin v17.8 (Yoast SEO v17.8) - https:\/\/yoast.com\/wordpress\/plugins\/seo\/ -->\n<title>OUSMANE SONKO - &quot;Je suis candidat \u00e0 la mairie de Ziguinchor&quot; | Nettali.com<\/title>\n<meta name=\"robots\" content=\"index, follow, max-snippet:-1, max-image-preview:large, max-video-preview:-1\" \/>\n<link rel=\"canonical\" href=\"https:\/\/www.nettali.com\/2021\/10\/30\/ousmane-sonko-je-suis-candidat-a-la-mairie-de-ziguinchor\/\" \/>\n<meta property=\"og:locale\" content=\"fr_FR\" \/>\n<meta property=\"og:type\" content=\"article\" \/>\n<meta property=\"og:title\" content=\"OUSMANE SONKO - &quot;Je suis candidat \u00e0 la mairie de Ziguinchor&quot;\" \/>\n<meta property=\"og:description\" content=\"NETTALI.COM\u00a0 - Le verdict vient de tomber. Ousmane Sonko Sonko est le candidat de &quot;Yewwi askan wi&quot; \u00e0 la mairie de Ziguinchor. Le leader de Pastef vient de l&#039;annoncer au cours d&#039;un meeting ce samedi 30 octobre dans la capitale du Sud.\u00a0 &quot;Ce qui se passe ici est historique. On n&#039;a jamais vu une d\u00e9claration [&hellip;]\" \/>\n<meta property=\"og:url\" content=\"https:\/\/www.nettali.com\/2021\/10\/30\/ousmane-sonko-je-suis-candidat-a-la-mairie-de-ziguinchor\/\" \/>\n<meta property=\"og:site_name\" content=\"Nettali.com\" \/>\n<meta property=\"article:publisher\" content=\"https:\/\/www.facebook.com\/nettalicom\" \/>\n<meta property=\"article:published_time\" content=\"2021-10-30T20:22:09+00:00\" \/>\n<meta property=\"article:modified_time\" content=\"2021-10-31T12:18:58+00:00\" \/>\n<meta property=\"og:image\" content=\"https:\/\/www.nettali.com\/wp-content\/uploads\/2021\/10\/FB_IMG_1635627555505.jpg\" \/>\n\t<meta property=\"og:image:width\" content=\"720\" \/>\n\t<meta property=\"og:image:height\" content=\"405\" \/>\n<meta name=\"twitter:card\" content=\"summary_large_image\" \/>\n<meta name=\"twitter:label1\" content=\"\u00c9crit par\" \/>\n\t<meta name=\"twitter:data1\" content=\"Moustapha\" \/>\n\t<meta name=\"twitter:label2\" content=\"Dur\u00e9e de lecture estim\u00e9e\" \/>\n\t<meta name=\"twitter:data2\" content=\"2 minutes\" \/>\n<script type=\"application\/ld+json\" class=\"yoast-schema-graph\">{\"@context\":\"https:\/\/schema.org\",\"@graph\":[{\"@type\":\"WebSite\",\"@id\":\"https:\/\/www.nettali.com\/#website\",\"url\":\"https:\/\/www.nettali.com\/\",\"name\":\"Nettali.com\",\"description\":\"Le rendez-vous critique du Net\",\"potentialAction\":[{\"@type\":\"SearchAction\",\"target\":{\"@type\":\"EntryPoint\",\"urlTemplate\":\"https:\/\/www.nettali.com\/?s={search_term_string}\"},\"query-input\":\"required name=search_term_string\"}],\"inLanguage\":\"fr-FR\"},{\"@type\":\"ImageObject\",\"@id\":\"https:\/\/www.nettali.com\/2021\/10\/30\/ousmane-sonko-je-suis-candidat-a-la-mairie-de-ziguinchor\/#primaryimage\",\"inLanguage\":\"fr-FR\",\"url\":\"https:\/\/www.nettali.com\/wp-content\/uploads\/2021\/10\/FB_IMG_1635627555505.jpg\",\"contentUrl\":\"https:\/\/www.nettali.com\/wp-content\/uploads\/2021\/10\/FB_IMG_1635627555505.jpg\",\"width\":720,\"height\":405},{\"@type\":\"WebPage\",\"@id\":\"https:\/\/www.nettali.com\/2021\/10\/30\/ousmane-sonko-je-suis-candidat-a-la-mairie-de-ziguinchor\/#webpage\",\"url\":\"https:\/\/www.nettali.com\/2021\/10\/30\/ousmane-sonko-je-suis-candidat-a-la-mairie-de-ziguinchor\/\",\"name\":\"OUSMANE SONKO - \\\"Je suis candidat \\u00e0 la mairie de Ziguinchor\\\" | Nettali.com\",\"isPartOf\":{\"@id\":\"https:\/\/www.nettali.com\/#website\"},\"primaryImageOfPage\":{\"@id\":\"https:\/\/www.nettali.com\/2021\/10\/30\/ousmane-sonko-je-suis-candidat-a-la-mairie-de-ziguinchor\/#primaryimage\"},\"datePublished\":\"2021-10-30T20:22:09+00:00\",\"dateModified\":\"2021-10-31T12:18:58+00:00\",\"author\":{\"@id\":\"https:\/\/www.nettali.com\/#\/schema\/person\/7962a12a6e0267f88f0ffa544c36469a\"},\"breadcrumb\":{\"@id\":\"https:\/\/www.nettali.com\/2021\/10\/30\/ousmane-sonko-je-suis-candidat-a-la-mairie-de-ziguinchor\/#breadcrumb\"},\"inLanguage\":\"fr-FR\",\"potentialAction\":[{\"@type\":\"ReadAction\",\"target\":[\"https:\/\/www.nettali.com\/2021\/10\/30\/ousmane-sonko-je-suis-candidat-a-la-mairie-de-ziguinchor\/\"]}]},{\"@type\":\"BreadcrumbList\",\"@id\":\"https:\/\/www.nettali.com\/2021\/10\/30\/ousmane-sonko-je-suis-candidat-a-la-mairie-de-ziguinchor\/#breadcrumb\",\"itemListElement\":[{\"@type\":\"ListItem\",\"position\":1,\"name\":\"Accueil\",\"item\":\"https:\/\/www.nettali.com\/\"},{\"@type\":\"ListItem\",\"position\":2,\"name\":\"OUSMANE SONKO &#8211; \\u00ab\\u00a0Je suis candidat \\u00e0 la mairie de Ziguinchor\\u00a0\\u00bb\"}]},{\"@type\":\"Person\",\"@id\":\"https:\/\/www.nettali.com\/#\/schema\/person\/7962a12a6e0267f88f0ffa544c36469a\",\"name\":\"Moustapha\",\"image\":{\"@type\":\"ImageObject\",\"@id\":\"https:\/\/www.nettali.com\/#personlogo\",\"inLanguage\":\"fr-FR\",\"url\":\"https:\/\/secure.gravatar.com\/avatar\/10fdf6a071cccdcf374e3dbe45159590?s=96&d=mm&r=g\",\"contentUrl\":\"https:\/\/secure.gravatar.com\/avatar\/10fdf6a071cccdcf374e3dbe45159590?s=96&d=mm&r=g\",\"caption\":\"Moustapha\"},\"sameAs\":[\"https:\/\/www.nettali.com\"]}]}<\/script>\n<!-- \/ Yoast SEO Premium plugin. -->","yoast_head_json":{"title":"OUSMANE SONKO - \"Je suis candidat \u00e0 la mairie de Ziguinchor\" | Nettali.com","robots":{"index":"index","follow":"follow","max-snippet":"max-snippet:-1","max-image-preview":"max-image-preview:large","max-video-preview":"max-video-preview:-1"},"canonical":"https:\/\/www.nettali.com\/2021\/10\/30\/ousmane-sonko-je-suis-candidat-a-la-mairie-de-ziguinchor\/","og_locale":"fr_FR","og_type":"article","og_title":"OUSMANE SONKO - \"Je suis candidat \u00e0 la mairie de Ziguinchor\"","og_description":"NETTALI.COM\u00a0 - Le verdict vient de tomber. Ousmane Sonko Sonko est le candidat de \"Yewwi askan wi\" \u00e0 la mairie de Ziguinchor. Le leader de Pastef vient de l'annoncer au cours d'un meeting ce samedi 30 octobre dans la capitale du Sud.\u00a0 \"Ce qui se passe ici est historique. On n'a jamais vu une d\u00e9claration [&hellip;]","og_url":"https:\/\/www.nettali.com\/2021\/10\/30\/ousmane-sonko-je-suis-candidat-a-la-mairie-de-ziguinchor\/","og_site_name":"Nettali.com","article_publisher":"https:\/\/www.facebook.com\/nettalicom","article_published_time":"2021-10-30T20:22:09+00:00","article_modified_time":"2021-10-31T12:18:58+00:00","og_image":[{"width":720,"height":405,"url":"https:\/\/www.nettali.com\/wp-content\/uploads\/2021\/10\/FB_IMG_1635627555505.jpg","type":"image\/jpeg"}],"twitter_card":"summary_large_image","twitter_misc":{"\u00c9crit par":"Moustapha","Dur\u00e9e de lecture estim\u00e9e":"2 minutes"},"schema":{"@context":"https:\/\/schema.org","@graph":[{"@type":"WebSite","@id":"https:\/\/www.nettali.com\/#website","url":"https:\/\/www.nettali.com\/","name":"Nettali.com","description":"Le rendez-vous critique du Net","potentialAction":[{"@type":"SearchAction","target":{"@type":"EntryPoint","urlTemplate":"https:\/\/www.nettali.com\/?s={search_term_string}"},"query-input":"required name=search_term_string"}],"inLanguage":"fr-FR"},{"@type":"ImageObject","@id":"https:\/\/www.nettali.com\/2021\/10\/30\/ousmane-sonko-je-suis-candidat-a-la-mairie-de-ziguinchor\/#primaryimage","inLanguage":"fr-FR","url":"https:\/\/www.nettali.com\/wp-content\/uploads\/2021\/10\/FB_IMG_1635627555505.jpg","contentUrl":"https:\/\/www.nettali.com\/wp-content\/uploads\/2021\/10\/FB_IMG_1635627555505.jpg","width":720,"height":405},{"@type":"WebPage","@id":"https:\/\/www.nettali.com\/2021\/10\/30\/ousmane-sonko-je-suis-candidat-a-la-mairie-de-ziguinchor\/#webpage","url":"https:\/\/www.nettali.com\/2021\/10\/30\/ousmane-sonko-je-suis-candidat-a-la-mairie-de-ziguinchor\/","name":"OUSMANE SONKO - \"Je suis candidat \u00e0 la mairie de Ziguinchor\" | Nettali.com","isPartOf":{"@id":"https:\/\/www.nettali.com\/#website"},"primaryImageOfPage":{"@id":"https:\/\/www.nettali.com\/2021\/10\/30\/ousmane-sonko-je-suis-candidat-a-la-mairie-de-ziguinchor\/#primaryimage"},"datePublished":"2021-10-30T20:22:09+00:00","dateModified":"2021-10-31T12:18:58+00:00","author":{"@id":"https:\/\/www.nettali.com\/#\/schema\/person\/7962a12a6e0267f88f0ffa544c36469a"},"breadcrumb":{"@id":"https:\/\/www.nettali.com\/2021\/10\/30\/ousmane-sonko-je-suis-candidat-a-la-mairie-de-ziguinchor\/#breadcrumb"},"inLanguage":"fr-FR","potentialAction":[{"@type":"ReadAction","target":["https:\/\/www.nettali.com\/2021\/10\/30\/ousmane-sonko-je-suis-candidat-a-la-mairie-de-ziguinchor\/"]}]},{"@type":"BreadcrumbList","@id":"https:\/\/www.nettali.com\/2021\/10\/30\/ousmane-sonko-je-suis-candidat-a-la-mairie-de-ziguinchor\/#breadcrumb","itemListElement":[{"@type":"ListItem","position":1,"name":"Accueil","item":"https:\/\/www.nettali.com\/"},{"@type":"ListItem","position":2,"name":"OUSMANE SONKO &#8211; \u00ab\u00a0Je suis candidat \u00e0 la mairie de Ziguinchor\u00a0\u00bb"}]},{"@type":"Person","@id":"https:\/\/www.nettali.com\/#\/schema\/person\/7962a12a6e0267f88f0ffa544c36469a","name":"Moustapha","image":{"@type":"ImageObject","@id":"https:\/\/www.nettali.com\/#personlogo","inLanguage":"fr-FR","url":"https:\/\/secure.gravatar.com\/avatar\/10fdf6a071cccdcf374e3dbe45159590?s=96&d=mm&r=g","contentUrl":"https:\/\/secure.gravatar.com\/avatar\/10fdf6a071cccdcf374e3dbe45159590?s=96&d=mm&r=g","caption":"Moustapha"},"sameAs":["https:\/\/www.nettali.com"]}]}},"_links":{"self":[{"href":"https:\/\/www.nettali.com\/rest\/wp\/v2\/posts\/74686"}],"collection":[{"href":"https:\/\/www.nettali.com\/rest\/wp\/v2\/posts"}],"about":[{"href":"https:\/\/www.nettali.com\/rest\/wp\/v2\/types\/post"}],"author":[{"embeddable":true,"href":"https:\/\/www.nettali.com\/rest\/wp\/v2\/users\/3"}],"replies":[{"embeddable":true,"href":"https:\/\/www.nettali.com\/rest\/wp\/v2\/comments?post=74686"}],"version-history":[{"count":5,"href":"https:\/\/www.nettali.com\/rest\/wp\/v2\/posts\/74686\/revisions"}],"predecessor-version":[{"id":74709,"href":"https:\/\/www.nettali.com\/rest\/wp\/v2\/posts\/74686\/revisions\/74709"}],"wp:featuredmedia":[{"embeddable":true,"href":"https:\/\/www.nettali.com\/rest\/wp\/v2\/media\/74690"}],"wp:attachment":[{"href":"https:\/\/www.nettali.com\/rest\/wp\/v2\/media?parent=74686"}],"wp:term":[{"taxonomy":"category","embeddable":true,"href":"https:\/\/www.nettali.com\/rest\/wp\/v2\/categories?post=74686"},{"taxonomy":"post_tag","embeddable":true,"href":"https:\/\/www.nettali.com\/rest\/wp\/v2\/tags?post=74686"}],"curies":[{"name":"wp","href":"https:\/\/api.w.org\/{rel}","templated":true}]}}