{"id":74648,"date":"2021-10-30T11:32:53","date_gmt":"2021-10-30T11:32:53","guid":{"rendered":"https:\/\/www.nettali.com\/?p=74648"},"modified":"2021-10-30T11:32:53","modified_gmt":"2021-10-30T11:32:53","slug":"elections-locales-aissata-tall-sall-renonce-a-la-mairie-de-podor","status":"publish","type":"post","link":"https:\/\/www.nettali.com\/2021\/10\/30\/elections-locales-aissata-tall-sall-renonce-a-la-mairie-de-podor\/","title":{"rendered":"ELECTIONS LOCALES  - A\u00efssata Tall Sall renonce \u00e0 la mairie de Podor"},"content":{"rendered":"<div dir=\"auto\"><strong>NETTALI.COM -Apr\u00e8s12 ann\u00e9es pass\u00e9es \u00e0 la t\u00eate de la municipalit\u00e9 de Podor,\u00a0 le ministre des Affaires \u00e9trang\u00e8res et des S\u00e9n\u00e9galais de l\u2019ext\u00e9rieur, Me A\u00efssata Tall Sall, a d\u00e9cid\u00e9 de ne pas se pr\u00e9senter \u00e0 sa propre succession pour les \u00e9lections territoriales du 23 janvier 2022. Voici sa d\u00e9claration.<\/strong><\/div>\n<div dir=\"auto\"><\/div>\n<div dir=\"auto\">\u00ab Apr\u00e8s 12 ans de magist\u00e8re \u00e0 la t\u00eate de la commune de Podor, j\u2019ai pris librement la d\u00e9cision de ne pas me repr\u00e9senter. En effet suite \u00e0 l\u2019entretien que j\u2019ai eu avec le Pr\u00e9sident Macky Sall, chef de la majorit\u00e9\u00a0 pr\u00e9sidentielle, j\u2019ai exprim\u00e9 le v\u0153u que la liste de Benno Bok Yakaar de la commune de Podor soit une liste consensuelle ouverte \u00e0 toutes les forces politiques en pr\u00e9sence dans la ville. Ce qu\u2019il a accept\u00e9.<\/div>\n<div dir=\"auto\">En cons\u00e9quence, j\u2019ai d\u00e9cid\u00e9 de m\u2019en remettre \u00e0 son libre choix pour ce qui est de la d\u00e9signation de la t\u00eate de liste majoritaire devant nous conduire \u00e0 la victoire.<\/div>\n<div dir=\"auto\">Pour finir je voudrais exhorter l\u2019ensemble des militants Benno Bok Yakaar de la commune de Podor \u00e0 relever le d\u00e9fi de l\u2019unit\u00e9 et de la victoire\u00a0\u00bb.<\/div>\n<div dir=\"auto\"><\/div>\n<div dir=\"auto\"><strong>Aissata Tall Sall, Maire de Podor<\/strong><\/div>\n<div class='share-to-whatsapp-wrapper'><div class='share-on-whsp'>PARTAGER SUR : <\/div><a data-text='ELECTIONS LOCALES  - A\u00efssata Tall Sall renonce \u00e0 la mairie de Podor' data-link='https:\/\/www.nettali.com\/2021\/10\/30\/elections-locales-aissata-tall-sall-renonce-a-la-mairie-de-podor\/' class='whatsapp-button whatsapp-share'>WhatsApp<\/a><div class='clear '><\/div><\/div>","protected":false},"excerpt":{"rendered":"<p>NETTALI.COM -Apr\u00e8s12 ann\u00e9es pass\u00e9es \u00e0 la t\u00eate de la municipalit\u00e9 de Podor,\u00a0 le ministre des Affaires \u00e9trang\u00e8res et des S\u00e9n\u00e9galais de l\u2019ext\u00e9rieur, Me A\u00efssata Tall Sall, a d\u00e9cid\u00e9 de ne pas se pr\u00e9senter \u00e0 sa propre succession pour les \u00e9lections territoriales du 23 janvier 2022. Voici sa d\u00e9claration. \u00ab Apr\u00e8s 12 ans de magist\u00e8re \u00e0 [&hellip;]<\/p>\n","protected":false},"author":4,"featured_media":1033,"comment_status":"open","ping_status":"open","sticky":false,"template":"","format":"standard","meta":{"_et_pb_use_builder":"","_et_pb_old_content":""},"categories":[2],"tags":[],"yoast_head":"<!-- This site is optimized with the Yoast SEO Premium plugin v17.8 (Yoast SEO v17.8) - https:\/\/yoast.com\/wordpress\/plugins\/seo\/ -->\n<title>ELECTIONS LOCALES - A\u00efssata Tall Sall renonce \u00e0 la mairie de Podor | Nettali.com<\/title>\n<meta name=\"robots\" content=\"index, follow, max-snippet:-1, max-image-preview:large, max-video-preview:-1\" \/>\n<link rel=\"canonical\" href=\"https:\/\/www.nettali.com\/2021\/10\/30\/elections-locales-aissata-tall-sall-renonce-a-la-mairie-de-podor\/\" \/>\n<meta property=\"og:locale\" content=\"fr_FR\" \/>\n<meta property=\"og:type\" content=\"article\" \/>\n<meta property=\"og:title\" content=\"ELECTIONS LOCALES - A\u00efssata Tall Sall renonce \u00e0 la mairie de Podor\" \/>\n<meta property=\"og:description\" content=\"NETTALI.COM -Apr\u00e8s12 ann\u00e9es pass\u00e9es \u00e0 la t\u00eate de la municipalit\u00e9 de Podor,\u00a0 le ministre des Affaires \u00e9trang\u00e8res et des S\u00e9n\u00e9galais de l\u2019ext\u00e9rieur, Me A\u00efssata Tall Sall, a d\u00e9cid\u00e9 de ne pas se pr\u00e9senter \u00e0 sa propre succession pour les \u00e9lections territoriales du 23 janvier 2022. Voici sa d\u00e9claration. \u00ab Apr\u00e8s 12 ans de magist\u00e8re \u00e0 [&hellip;]\" \/>\n<meta property=\"og:url\" content=\"https:\/\/www.nettali.com\/2021\/10\/30\/elections-locales-aissata-tall-sall-renonce-a-la-mairie-de-podor\/\" \/>\n<meta property=\"og:site_name\" content=\"Nettali.com\" \/>\n<meta property=\"article:publisher\" content=\"https:\/\/www.facebook.com\/nettalicom\" \/>\n<meta property=\"article:published_time\" content=\"2021-10-30T11:32:53+00:00\" \/>\n<meta property=\"og:image\" content=\"https:\/\/www.nettali.com\/wp-content\/uploads\/2019\/03\/AISSATA-TALL-SALL-1.jpg\" \/>\n\t<meta property=\"og:image:width\" content=\"800\" \/>\n\t<meta property=\"og:image:height\" content=\"480\" \/>\n<meta name=\"twitter:card\" content=\"summary_large_image\" \/>\n<meta name=\"twitter:label1\" content=\"\u00c9crit par\" \/>\n\t<meta name=\"twitter:data1\" content=\"Daouda\" \/>\n\t<meta name=\"twitter:label2\" content=\"Dur\u00e9e de lecture estim\u00e9e\" \/>\n\t<meta name=\"twitter:data2\" content=\"1 minute\" \/>\n<script type=\"application\/ld+json\" class=\"yoast-schema-graph\">{\"@context\":\"https:\/\/schema.org\",\"@graph\":[{\"@type\":\"WebSite\",\"@id\":\"https:\/\/www.nettali.com\/#website\",\"url\":\"https:\/\/www.nettali.com\/\",\"name\":\"Nettali.com\",\"description\":\"Le rendez-vous critique du Net\",\"potentialAction\":[{\"@type\":\"SearchAction\",\"target\":{\"@type\":\"EntryPoint\",\"urlTemplate\":\"https:\/\/www.nettali.com\/?s={search_term_string}\"},\"query-input\":\"required name=search_term_string\"}],\"inLanguage\":\"fr-FR\"},{\"@type\":\"ImageObject\",\"@id\":\"https:\/\/www.nettali.com\/2021\/10\/30\/elections-locales-aissata-tall-sall-renonce-a-la-mairie-de-podor\/#primaryimage\",\"inLanguage\":\"fr-FR\",\"url\":\"https:\/\/www.nettali.com\/wp-content\/uploads\/2019\/03\/AISSATA-TALL-SALL-1.jpg\",\"contentUrl\":\"https:\/\/www.nettali.com\/wp-content\/uploads\/2019\/03\/AISSATA-TALL-SALL-1.jpg\",\"width\":800,\"height\":480},{\"@type\":\"WebPage\",\"@id\":\"https:\/\/www.nettali.com\/2021\/10\/30\/elections-locales-aissata-tall-sall-renonce-a-la-mairie-de-podor\/#webpage\",\"url\":\"https:\/\/www.nettali.com\/2021\/10\/30\/elections-locales-aissata-tall-sall-renonce-a-la-mairie-de-podor\/\",\"name\":\"ELECTIONS LOCALES - A\\u00efssata Tall Sall renonce \\u00e0 la mairie de Podor | Nettali.com\",\"isPartOf\":{\"@id\":\"https:\/\/www.nettali.com\/#website\"},\"primaryImageOfPage\":{\"@id\":\"https:\/\/www.nettali.com\/2021\/10\/30\/elections-locales-aissata-tall-sall-renonce-a-la-mairie-de-podor\/#primaryimage\"},\"datePublished\":\"2021-10-30T11:32:53+00:00\",\"dateModified\":\"2021-10-30T11:32:53+00:00\",\"author\":{\"@id\":\"https:\/\/www.nettali.com\/#\/schema\/person\/3317e0bb3aa1da309fbf7b2780901bf4\"},\"breadcrumb\":{\"@id\":\"https:\/\/www.nettali.com\/2021\/10\/30\/elections-locales-aissata-tall-sall-renonce-a-la-mairie-de-podor\/#breadcrumb\"},\"inLanguage\":\"fr-FR\",\"potentialAction\":[{\"@type\":\"ReadAction\",\"target\":[\"https:\/\/www.nettali.com\/2021\/10\/30\/elections-locales-aissata-tall-sall-renonce-a-la-mairie-de-podor\/\"]}]},{\"@type\":\"BreadcrumbList\",\"@id\":\"https:\/\/www.nettali.com\/2021\/10\/30\/elections-locales-aissata-tall-sall-renonce-a-la-mairie-de-podor\/#breadcrumb\",\"itemListElement\":[{\"@type\":\"ListItem\",\"position\":1,\"name\":\"Accueil\",\"item\":\"https:\/\/www.nettali.com\/\"},{\"@type\":\"ListItem\",\"position\":2,\"name\":\"ELECTIONS LOCALES &#8211; A\\u00efssata Tall Sall renonce \\u00e0 la mairie de Podor\"}]},{\"@type\":\"Person\",\"@id\":\"https:\/\/www.nettali.com\/#\/schema\/person\/3317e0bb3aa1da309fbf7b2780901bf4\",\"name\":\"Daouda\",\"image\":{\"@type\":\"ImageObject\",\"@id\":\"https:\/\/www.nettali.com\/#personlogo\",\"inLanguage\":\"fr-FR\",\"url\":\"https:\/\/secure.gravatar.com\/avatar\/8d143b5a49345098ddcfee1c49c2f47c?s=96&d=mm&r=g\",\"contentUrl\":\"https:\/\/secure.gravatar.com\/avatar\/8d143b5a49345098ddcfee1c49c2f47c?s=96&d=mm&r=g\",\"caption\":\"Daouda\"},\"sameAs\":[\"https:\/\/www.nettali.com\"]}]}<\/script>\n<!-- \/ Yoast SEO Premium plugin. -->","yoast_head_json":{"title":"ELECTIONS LOCALES - A\u00efssata Tall Sall renonce \u00e0 la mairie de Podor | Nettali.com","robots":{"index":"index","follow":"follow","max-snippet":"max-snippet:-1","max-image-preview":"max-image-preview:large","max-video-preview":"max-video-preview:-1"},"canonical":"https:\/\/www.nettali.com\/2021\/10\/30\/elections-locales-aissata-tall-sall-renonce-a-la-mairie-de-podor\/","og_locale":"fr_FR","og_type":"article","og_title":"ELECTIONS LOCALES - A\u00efssata Tall Sall renonce \u00e0 la mairie de Podor","og_description":"NETTALI.COM -Apr\u00e8s12 ann\u00e9es pass\u00e9es \u00e0 la t\u00eate de la municipalit\u00e9 de Podor,\u00a0 le ministre des Affaires \u00e9trang\u00e8res et des S\u00e9n\u00e9galais de l\u2019ext\u00e9rieur, Me A\u00efssata Tall Sall, a d\u00e9cid\u00e9 de ne pas se pr\u00e9senter \u00e0 sa propre succession pour les \u00e9lections territoriales du 23 janvier 2022. Voici sa d\u00e9claration. \u00ab Apr\u00e8s 12 ans de magist\u00e8re \u00e0 [&hellip;]","og_url":"https:\/\/www.nettali.com\/2021\/10\/30\/elections-locales-aissata-tall-sall-renonce-a-la-mairie-de-podor\/","og_site_name":"Nettali.com","article_publisher":"https:\/\/www.facebook.com\/nettalicom","article_published_time":"2021-10-30T11:32:53+00:00","og_image":[{"width":800,"height":480,"url":"https:\/\/www.nettali.com\/wp-content\/uploads\/2019\/03\/AISSATA-TALL-SALL-1.jpg","type":"image\/jpeg"}],"twitter_card":"summary_large_image","twitter_misc":{"\u00c9crit par":"Daouda","Dur\u00e9e de lecture estim\u00e9e":"1 minute"},"schema":{"@context":"https:\/\/schema.org","@graph":[{"@type":"WebSite","@id":"https:\/\/www.nettali.com\/#website","url":"https:\/\/www.nettali.com\/","name":"Nettali.com","description":"Le rendez-vous critique du Net","potentialAction":[{"@type":"SearchAction","target":{"@type":"EntryPoint","urlTemplate":"https:\/\/www.nettali.com\/?s={search_term_string}"},"query-input":"required name=search_term_string"}],"inLanguage":"fr-FR"},{"@type":"ImageObject","@id":"https:\/\/www.nettali.com\/2021\/10\/30\/elections-locales-aissata-tall-sall-renonce-a-la-mairie-de-podor\/#primaryimage","inLanguage":"fr-FR","url":"https:\/\/www.nettali.com\/wp-content\/uploads\/2019\/03\/AISSATA-TALL-SALL-1.jpg","contentUrl":"https:\/\/www.nettali.com\/wp-content\/uploads\/2019\/03\/AISSATA-TALL-SALL-1.jpg","width":800,"height":480},{"@type":"WebPage","@id":"https:\/\/www.nettali.com\/2021\/10\/30\/elections-locales-aissata-tall-sall-renonce-a-la-mairie-de-podor\/#webpage","url":"https:\/\/www.nettali.com\/2021\/10\/30\/elections-locales-aissata-tall-sall-renonce-a-la-mairie-de-podor\/","name":"ELECTIONS LOCALES - A\u00efssata Tall Sall renonce \u00e0 la mairie de Podor | Nettali.com","isPartOf":{"@id":"https:\/\/www.nettali.com\/#website"},"primaryImageOfPage":{"@id":"https:\/\/www.nettali.com\/2021\/10\/30\/elections-locales-aissata-tall-sall-renonce-a-la-mairie-de-podor\/#primaryimage"},"datePublished":"2021-10-30T11:32:53+00:00","dateModified":"2021-10-30T11:32:53+00:00","author":{"@id":"https:\/\/www.nettali.com\/#\/schema\/person\/3317e0bb3aa1da309fbf7b2780901bf4"},"breadcrumb":{"@id":"https:\/\/www.nettali.com\/2021\/10\/30\/elections-locales-aissata-tall-sall-renonce-a-la-mairie-de-podor\/#breadcrumb"},"inLanguage":"fr-FR","potentialAction":[{"@type":"ReadAction","target":["https:\/\/www.nettali.com\/2021\/10\/30\/elections-locales-aissata-tall-sall-renonce-a-la-mairie-de-podor\/"]}]},{"@type":"BreadcrumbList","@id":"https:\/\/www.nettali.com\/2021\/10\/30\/elections-locales-aissata-tall-sall-renonce-a-la-mairie-de-podor\/#breadcrumb","itemListElement":[{"@type":"ListItem","position":1,"name":"Accueil","item":"https:\/\/www.nettali.com\/"},{"@type":"ListItem","position":2,"name":"ELECTIONS LOCALES &#8211; A\u00efssata Tall Sall renonce \u00e0 la mairie de Podor"}]},{"@type":"Person","@id":"https:\/\/www.nettali.com\/#\/schema\/person\/3317e0bb3aa1da309fbf7b2780901bf4","name":"Daouda","image":{"@type":"ImageObject","@id":"https:\/\/www.nettali.com\/#personlogo","inLanguage":"fr-FR","url":"https:\/\/secure.gravatar.com\/avatar\/8d143b5a49345098ddcfee1c49c2f47c?s=96&d=mm&r=g","contentUrl":"https:\/\/secure.gravatar.com\/avatar\/8d143b5a49345098ddcfee1c49c2f47c?s=96&d=mm&r=g","caption":"Daouda"},"sameAs":["https:\/\/www.nettali.com"]}]}},"_links":{"self":[{"href":"https:\/\/www.nettali.com\/rest\/wp\/v2\/posts\/74648"}],"collection":[{"href":"https:\/\/www.nettali.com\/rest\/wp\/v2\/posts"}],"about":[{"href":"https:\/\/www.nettali.com\/rest\/wp\/v2\/types\/post"}],"author":[{"embeddable":true,"href":"https:\/\/www.nettali.com\/rest\/wp\/v2\/users\/4"}],"replies":[{"embeddable":true,"href":"https:\/\/www.nettali.com\/rest\/wp\/v2\/comments?post=74648"}],"version-history":[{"count":1,"href":"https:\/\/www.nettali.com\/rest\/wp\/v2\/posts\/74648\/revisions"}],"predecessor-version":[{"id":74649,"href":"https:\/\/www.nettali.com\/rest\/wp\/v2\/posts\/74648\/revisions\/74649"}],"wp:featuredmedia":[{"embeddable":true,"href":"https:\/\/www.nettali.com\/rest\/wp\/v2\/media\/1033"}],"wp:attachment":[{"href":"https:\/\/www.nettali.com\/rest\/wp\/v2\/media?parent=74648"}],"wp:term":[{"taxonomy":"category","embeddable":true,"href":"https:\/\/www.nettali.com\/rest\/wp\/v2\/categories?post=74648"},{"taxonomy":"post_tag","embeddable":true,"href":"https:\/\/www.nettali.com\/rest\/wp\/v2\/tags?post=74648"}],"curies":[{"name":"wp","href":"https:\/\/api.w.org\/{rel}","templated":true}]}}