{"id":74612,"date":"2021-10-29T10:01:45","date_gmt":"2021-10-29T10:01:45","guid":{"rendered":"https:\/\/www.nettali.com\/?p=74612"},"modified":"2021-10-29T10:01:45","modified_gmt":"2021-10-29T10:01:45","slug":"covid-19-a-cause-dun-nouveau-variant-le-senegal-renforce-le-dispositif-de-surveillance","status":"publish","type":"post","link":"https:\/\/www.nettali.com\/2021\/10\/29\/covid-19-a-cause-dun-nouveau-variant-le-senegal-renforce-le-dispositif-de-surveillance\/","title":{"rendered":"COVID-19 - A cause d'un nouveau variant, le S\u00e9n\u00e9gal renforce le dispositif de surveillance"},"content":{"rendered":"<p><strong>NETTALI.COM - Sous-variant de Delta et potentiellement plus transmissible, selon le Royaume-Uni, \u00abAY4.2\u00bb inqui\u00e8te les autorit\u00e9s s\u00e9n\u00e9galaises. <\/strong><\/p>\n<p><strong>\u00a0<\/strong>Le Coronavirus n\u2019aurait pas encore fini de d\u00e9rouler son cours au S\u00e9n\u00e9gal. Alors que la fin du variant Delta est projet\u00e9, l\u2019Organisation mondiale de la sant\u00e9 (Oms) alerte sur un sous-variant d\u00e9nomm\u00e9 AY4.2.<br \/>\nCette nouvelle forme du Sars-Cov-2, d\u00e9tect\u00e9 pour la premi\u00e8re fois en Suisse, repr\u00e9sente pour l\u2019instant seulement 6% des cas britanniques. Mais elle progresse, ce qui laisse penser qu\u2019il peut \u00eatre plus contagieux que Delta.<\/p>\n<p>AY4.2 est pass\u00e9 de moins de 2 % des d\u00e9pistages analys\u00e9s en juillet \u00e0 plus de 6 % en octobre. S\u2019il prolif\u00e8re, c\u2019est potentiellement le signe qu\u2019il a un avantage compar\u00e9 aux autres variants en circulation. \u00ab Cela vaut la peine de garder un \u0153il sur lui \u00bb, a indiqu\u00e9 l\u2019\u00e9pid\u00e9miologiste Fran\u00e7ois Balloux, sur Twitter, la semaine derni\u00e8re.<\/p>\n<p>En alerte maximale, le S\u00e9n\u00e9gal, selon Le Soleil qui donne l'information, a renforc\u00e9 la surveillance aussi bien pour tous les variants du coronavirus et les autres maladies.<\/p>\n<div class='share-to-whatsapp-wrapper'><div class='share-on-whsp'>PARTAGER SUR : <\/div><a data-text='COVID-19 - A cause d'un nouveau variant, le S\u00e9n\u00e9gal renforce le dispositif de surveillance' data-link='https:\/\/www.nettali.com\/2021\/10\/29\/covid-19-a-cause-dun-nouveau-variant-le-senegal-renforce-le-dispositif-de-surveillance\/' class='whatsapp-button whatsapp-share'>WhatsApp<\/a><div class='clear '><\/div><\/div>","protected":false},"excerpt":{"rendered":"<p>NETTALI.COM - Sous-variant de Delta et potentiellement plus transmissible, selon le Royaume-Uni, \u00abAY4.2\u00bb inqui\u00e8te les autorit\u00e9s s\u00e9n\u00e9galaises. \u00a0Le Coronavirus n\u2019aurait pas encore fini de d\u00e9rouler son cours au S\u00e9n\u00e9gal. Alors que la fin du variant Delta est projet\u00e9, l\u2019Organisation mondiale de la sant\u00e9 (Oms) alerte sur un sous-variant d\u00e9nomm\u00e9 AY4.2. Cette nouvelle forme du Sars-Cov-2, [&hellip;]<\/p>\n","protected":false},"author":11,"featured_media":32478,"comment_status":"open","ping_status":"open","sticky":false,"template":"","format":"standard","meta":{"_et_pb_use_builder":"","_et_pb_old_content":""},"categories":[22],"tags":[],"yoast_head":"<!-- This site is optimized with the Yoast SEO Premium plugin v17.8 (Yoast SEO v17.8) - https:\/\/yoast.com\/wordpress\/plugins\/seo\/ -->\n<title>COVID-19 - A cause d&#039;un nouveau variant, le S\u00e9n\u00e9gal renforce le dispositif de surveillance | Nettali.com<\/title>\n<meta name=\"robots\" content=\"index, follow, max-snippet:-1, max-image-preview:large, max-video-preview:-1\" \/>\n<link rel=\"canonical\" href=\"https:\/\/www.nettali.com\/2021\/10\/29\/covid-19-a-cause-dun-nouveau-variant-le-senegal-renforce-le-dispositif-de-surveillance\/\" \/>\n<meta property=\"og:locale\" content=\"fr_FR\" \/>\n<meta property=\"og:type\" content=\"article\" \/>\n<meta property=\"og:title\" content=\"COVID-19 - A cause d&#039;un nouveau variant, le S\u00e9n\u00e9gal renforce le dispositif de surveillance\" \/>\n<meta property=\"og:description\" content=\"NETTALI.COM - Sous-variant de Delta et potentiellement plus transmissible, selon le Royaume-Uni, \u00abAY4.2\u00bb inqui\u00e8te les autorit\u00e9s s\u00e9n\u00e9galaises. \u00a0Le Coronavirus n\u2019aurait pas encore fini de d\u00e9rouler son cours au S\u00e9n\u00e9gal. Alors que la fin du variant Delta est projet\u00e9, l\u2019Organisation mondiale de la sant\u00e9 (Oms) alerte sur un sous-variant d\u00e9nomm\u00e9 AY4.2. Cette nouvelle forme du Sars-Cov-2, [&hellip;]\" \/>\n<meta property=\"og:url\" content=\"https:\/\/www.nettali.com\/2021\/10\/29\/covid-19-a-cause-dun-nouveau-variant-le-senegal-renforce-le-dispositif-de-surveillance\/\" \/>\n<meta property=\"og:site_name\" content=\"Nettali.com\" \/>\n<meta property=\"article:publisher\" content=\"https:\/\/www.facebook.com\/nettalicom\" \/>\n<meta property=\"article:published_time\" content=\"2021-10-29T10:01:45+00:00\" \/>\n<meta property=\"og:image\" content=\"https:\/\/www.nettali.com\/wp-content\/uploads\/2020\/03\/Senegal-Covid-19.jpg\" \/>\n\t<meta property=\"og:image:width\" content=\"1080\" \/>\n\t<meta property=\"og:image:height\" content=\"720\" \/>\n<meta name=\"twitter:card\" content=\"summary_large_image\" \/>\n<meta name=\"twitter:label1\" content=\"\u00c9crit par\" \/>\n\t<meta name=\"twitter:data1\" content=\"Thierno Diop\" \/>\n\t<meta name=\"twitter:label2\" content=\"Dur\u00e9e de lecture estim\u00e9e\" \/>\n\t<meta name=\"twitter:data2\" content=\"1 minute\" \/>\n<script type=\"application\/ld+json\" class=\"yoast-schema-graph\">{\"@context\":\"https:\/\/schema.org\",\"@graph\":[{\"@type\":\"WebSite\",\"@id\":\"https:\/\/www.nettali.com\/#website\",\"url\":\"https:\/\/www.nettali.com\/\",\"name\":\"Nettali.com\",\"description\":\"Le rendez-vous critique du Net\",\"potentialAction\":[{\"@type\":\"SearchAction\",\"target\":{\"@type\":\"EntryPoint\",\"urlTemplate\":\"https:\/\/www.nettali.com\/?s={search_term_string}\"},\"query-input\":\"required name=search_term_string\"}],\"inLanguage\":\"fr-FR\"},{\"@type\":\"ImageObject\",\"@id\":\"https:\/\/www.nettali.com\/2021\/10\/29\/covid-19-a-cause-dun-nouveau-variant-le-senegal-renforce-le-dispositif-de-surveillance\/#primaryimage\",\"inLanguage\":\"fr-FR\",\"url\":\"https:\/\/www.nettali.com\/wp-content\/uploads\/2020\/03\/Senegal-Covid-19.jpg\",\"contentUrl\":\"https:\/\/www.nettali.com\/wp-content\/uploads\/2020\/03\/Senegal-Covid-19.jpg\",\"width\":1080,\"height\":720},{\"@type\":\"WebPage\",\"@id\":\"https:\/\/www.nettali.com\/2021\/10\/29\/covid-19-a-cause-dun-nouveau-variant-le-senegal-renforce-le-dispositif-de-surveillance\/#webpage\",\"url\":\"https:\/\/www.nettali.com\/2021\/10\/29\/covid-19-a-cause-dun-nouveau-variant-le-senegal-renforce-le-dispositif-de-surveillance\/\",\"name\":\"COVID-19 - A cause d'un nouveau variant, le S\\u00e9n\\u00e9gal renforce le dispositif de surveillance | Nettali.com\",\"isPartOf\":{\"@id\":\"https:\/\/www.nettali.com\/#website\"},\"primaryImageOfPage\":{\"@id\":\"https:\/\/www.nettali.com\/2021\/10\/29\/covid-19-a-cause-dun-nouveau-variant-le-senegal-renforce-le-dispositif-de-surveillance\/#primaryimage\"},\"datePublished\":\"2021-10-29T10:01:45+00:00\",\"dateModified\":\"2021-10-29T10:01:45+00:00\",\"author\":{\"@id\":\"https:\/\/www.nettali.com\/#\/schema\/person\/8a06c6bd7b19304cf4bf985862900b5b\"},\"breadcrumb\":{\"@id\":\"https:\/\/www.nettali.com\/2021\/10\/29\/covid-19-a-cause-dun-nouveau-variant-le-senegal-renforce-le-dispositif-de-surveillance\/#breadcrumb\"},\"inLanguage\":\"fr-FR\",\"potentialAction\":[{\"@type\":\"ReadAction\",\"target\":[\"https:\/\/www.nettali.com\/2021\/10\/29\/covid-19-a-cause-dun-nouveau-variant-le-senegal-renforce-le-dispositif-de-surveillance\/\"]}]},{\"@type\":\"BreadcrumbList\",\"@id\":\"https:\/\/www.nettali.com\/2021\/10\/29\/covid-19-a-cause-dun-nouveau-variant-le-senegal-renforce-le-dispositif-de-surveillance\/#breadcrumb\",\"itemListElement\":[{\"@type\":\"ListItem\",\"position\":1,\"name\":\"Accueil\",\"item\":\"https:\/\/www.nettali.com\/\"},{\"@type\":\"ListItem\",\"position\":2,\"name\":\"COVID-19 &#8211; A cause d&rsquo;un nouveau variant, le S\\u00e9n\\u00e9gal renforce le dispositif de surveillance\"}]},{\"@type\":\"Person\",\"@id\":\"https:\/\/www.nettali.com\/#\/schema\/person\/8a06c6bd7b19304cf4bf985862900b5b\",\"name\":\"Thierno Diop\",\"image\":{\"@type\":\"ImageObject\",\"@id\":\"https:\/\/www.nettali.com\/#personlogo\",\"inLanguage\":\"fr-FR\",\"url\":\"https:\/\/secure.gravatar.com\/avatar\/c8ca58550c94fd2ac856d27391a6c866?s=96&d=mm&r=g\",\"contentUrl\":\"https:\/\/secure.gravatar.com\/avatar\/c8ca58550c94fd2ac856d27391a6c866?s=96&d=mm&r=g\",\"caption\":\"Thierno Diop\"},\"sameAs\":[\"https:\/\/nettali.com\"]}]}<\/script>\n<!-- \/ Yoast SEO Premium plugin. -->","yoast_head_json":{"title":"COVID-19 - A cause d'un nouveau variant, le S\u00e9n\u00e9gal renforce le dispositif de surveillance | Nettali.com","robots":{"index":"index","follow":"follow","max-snippet":"max-snippet:-1","max-image-preview":"max-image-preview:large","max-video-preview":"max-video-preview:-1"},"canonical":"https:\/\/www.nettali.com\/2021\/10\/29\/covid-19-a-cause-dun-nouveau-variant-le-senegal-renforce-le-dispositif-de-surveillance\/","og_locale":"fr_FR","og_type":"article","og_title":"COVID-19 - A cause d'un nouveau variant, le S\u00e9n\u00e9gal renforce le dispositif de surveillance","og_description":"NETTALI.COM - Sous-variant de Delta et potentiellement plus transmissible, selon le Royaume-Uni, \u00abAY4.2\u00bb inqui\u00e8te les autorit\u00e9s s\u00e9n\u00e9galaises. \u00a0Le Coronavirus n\u2019aurait pas encore fini de d\u00e9rouler son cours au S\u00e9n\u00e9gal. Alors que la fin du variant Delta est projet\u00e9, l\u2019Organisation mondiale de la sant\u00e9 (Oms) alerte sur un sous-variant d\u00e9nomm\u00e9 AY4.2. Cette nouvelle forme du Sars-Cov-2, [&hellip;]","og_url":"https:\/\/www.nettali.com\/2021\/10\/29\/covid-19-a-cause-dun-nouveau-variant-le-senegal-renforce-le-dispositif-de-surveillance\/","og_site_name":"Nettali.com","article_publisher":"https:\/\/www.facebook.com\/nettalicom","article_published_time":"2021-10-29T10:01:45+00:00","og_image":[{"width":1080,"height":720,"url":"https:\/\/www.nettali.com\/wp-content\/uploads\/2020\/03\/Senegal-Covid-19.jpg","type":"image\/jpeg"}],"twitter_card":"summary_large_image","twitter_misc":{"\u00c9crit par":"Thierno Diop","Dur\u00e9e de lecture estim\u00e9e":"1 minute"},"schema":{"@context":"https:\/\/schema.org","@graph":[{"@type":"WebSite","@id":"https:\/\/www.nettali.com\/#website","url":"https:\/\/www.nettali.com\/","name":"Nettali.com","description":"Le rendez-vous critique du Net","potentialAction":[{"@type":"SearchAction","target":{"@type":"EntryPoint","urlTemplate":"https:\/\/www.nettali.com\/?s={search_term_string}"},"query-input":"required name=search_term_string"}],"inLanguage":"fr-FR"},{"@type":"ImageObject","@id":"https:\/\/www.nettali.com\/2021\/10\/29\/covid-19-a-cause-dun-nouveau-variant-le-senegal-renforce-le-dispositif-de-surveillance\/#primaryimage","inLanguage":"fr-FR","url":"https:\/\/www.nettali.com\/wp-content\/uploads\/2020\/03\/Senegal-Covid-19.jpg","contentUrl":"https:\/\/www.nettali.com\/wp-content\/uploads\/2020\/03\/Senegal-Covid-19.jpg","width":1080,"height":720},{"@type":"WebPage","@id":"https:\/\/www.nettali.com\/2021\/10\/29\/covid-19-a-cause-dun-nouveau-variant-le-senegal-renforce-le-dispositif-de-surveillance\/#webpage","url":"https:\/\/www.nettali.com\/2021\/10\/29\/covid-19-a-cause-dun-nouveau-variant-le-senegal-renforce-le-dispositif-de-surveillance\/","name":"COVID-19 - A cause d'un nouveau variant, le S\u00e9n\u00e9gal renforce le dispositif de surveillance | Nettali.com","isPartOf":{"@id":"https:\/\/www.nettali.com\/#website"},"primaryImageOfPage":{"@id":"https:\/\/www.nettali.com\/2021\/10\/29\/covid-19-a-cause-dun-nouveau-variant-le-senegal-renforce-le-dispositif-de-surveillance\/#primaryimage"},"datePublished":"2021-10-29T10:01:45+00:00","dateModified":"2021-10-29T10:01:45+00:00","author":{"@id":"https:\/\/www.nettali.com\/#\/schema\/person\/8a06c6bd7b19304cf4bf985862900b5b"},"breadcrumb":{"@id":"https:\/\/www.nettali.com\/2021\/10\/29\/covid-19-a-cause-dun-nouveau-variant-le-senegal-renforce-le-dispositif-de-surveillance\/#breadcrumb"},"inLanguage":"fr-FR","potentialAction":[{"@type":"ReadAction","target":["https:\/\/www.nettali.com\/2021\/10\/29\/covid-19-a-cause-dun-nouveau-variant-le-senegal-renforce-le-dispositif-de-surveillance\/"]}]},{"@type":"BreadcrumbList","@id":"https:\/\/www.nettali.com\/2021\/10\/29\/covid-19-a-cause-dun-nouveau-variant-le-senegal-renforce-le-dispositif-de-surveillance\/#breadcrumb","itemListElement":[{"@type":"ListItem","position":1,"name":"Accueil","item":"https:\/\/www.nettali.com\/"},{"@type":"ListItem","position":2,"name":"COVID-19 &#8211; A cause d&rsquo;un nouveau variant, le S\u00e9n\u00e9gal renforce le dispositif de surveillance"}]},{"@type":"Person","@id":"https:\/\/www.nettali.com\/#\/schema\/person\/8a06c6bd7b19304cf4bf985862900b5b","name":"Thierno Diop","image":{"@type":"ImageObject","@id":"https:\/\/www.nettali.com\/#personlogo","inLanguage":"fr-FR","url":"https:\/\/secure.gravatar.com\/avatar\/c8ca58550c94fd2ac856d27391a6c866?s=96&d=mm&r=g","contentUrl":"https:\/\/secure.gravatar.com\/avatar\/c8ca58550c94fd2ac856d27391a6c866?s=96&d=mm&r=g","caption":"Thierno Diop"},"sameAs":["https:\/\/nettali.com"]}]}},"_links":{"self":[{"href":"https:\/\/www.nettali.com\/rest\/wp\/v2\/posts\/74612"}],"collection":[{"href":"https:\/\/www.nettali.com\/rest\/wp\/v2\/posts"}],"about":[{"href":"https:\/\/www.nettali.com\/rest\/wp\/v2\/types\/post"}],"author":[{"embeddable":true,"href":"https:\/\/www.nettali.com\/rest\/wp\/v2\/users\/11"}],"replies":[{"embeddable":true,"href":"https:\/\/www.nettali.com\/rest\/wp\/v2\/comments?post=74612"}],"version-history":[{"count":1,"href":"https:\/\/www.nettali.com\/rest\/wp\/v2\/posts\/74612\/revisions"}],"predecessor-version":[{"id":74613,"href":"https:\/\/www.nettali.com\/rest\/wp\/v2\/posts\/74612\/revisions\/74613"}],"wp:featuredmedia":[{"embeddable":true,"href":"https:\/\/www.nettali.com\/rest\/wp\/v2\/media\/32478"}],"wp:attachment":[{"href":"https:\/\/www.nettali.com\/rest\/wp\/v2\/media?parent=74612"}],"wp:term":[{"taxonomy":"category","embeddable":true,"href":"https:\/\/www.nettali.com\/rest\/wp\/v2\/categories?post=74612"},{"taxonomy":"post_tag","embeddable":true,"href":"https:\/\/www.nettali.com\/rest\/wp\/v2\/tags?post=74612"}],"curies":[{"name":"wp","href":"https:\/\/api.w.org\/{rel}","templated":true}]}}