{"id":74590,"date":"2021-10-28T21:57:57","date_gmt":"2021-10-28T21:57:57","guid":{"rendered":"https:\/\/www.nettali.com\/?p=74590"},"modified":"2021-10-28T21:57:57","modified_gmt":"2021-10-28T21:57:57","slug":"le-groupe-facebook-changement-de-nom-le-groupe-fecebook-devient-meta","status":"publish","type":"post","link":"https:\/\/www.nettali.com\/2021\/10\/28\/le-groupe-facebook-changement-de-nom-le-groupe-fecebook-devient-meta\/","title":{"rendered":"LE GROUPE FACEBOOK CHANGEMENT DE NOM - Le groupe Fecebook devient Meta"},"content":{"rendered":"<p><strong>NETTALI.COM - M<\/strong><strong>ark Zuckerberg l'a annonc\u00e9 ce 28 octobre lors d'une conf\u00e9rence de presse. Le groupe va prendre le nom de son projet d'internet du futur. Un choix strat\u00e9gique, alors le g\u00e9ant du hi-tech traverse l'une des plus grosses crises de r\u00e9putation de son histoire.\u00a0Le nom de ses diff\u00e9rents r\u00e9seaux sociaux sera inchang\u00e9.<\/strong><\/p>\n<p>Le groupe Facebook va d\u00e9sormais s'appeler Meta, a annonc\u00e9 jeudi son cofondateur et PDG, Mark Zuckerberg, une d\u00e9marche destin\u00e9e \u00e0 souligner la nouvelle priorit\u00e9 du g\u00e9ant du num\u00e9rique, le 'm\u00e9tavers', un univers en ligne o\u00f9 les utilisateurs interagissent dans des espaces virtuels partag\u00e9s.\u00a0Plus t\u00f4t cette semaine, lors de la publication de ses r\u00e9sultats trimestriels, Facebook a annonc\u00e9 sa volont\u00e9 d'investir massivement pour b\u00e2tir le 'm\u00e9tavers'.<\/p>\n<p>ette annonce intervient dans un contexte de critiques croissantes d'\u00e9lus am\u00e9ricains et de r\u00e9gulateurs sur la puissance de march\u00e9 du g\u00e9ant du num\u00e9rique et le laxisme pr\u00e9sum\u00e9 de celui-ci dans la lutte contre les abus sur ses plateformes. Elle\u00a0 intervient aussi\u00a0<a href=\"https:\/\/www.challenges.fr\/economie\/facebook-en-pleine-crise-de-reputation-engrange-des-profits-solides_786335\">en pleine affaire des \u00ab\u00a0Facebook Papers \u00bb<\/a>, r\u00e9v\u00e9lations de documents massives sur la fa\u00e7on dont Facebook a ignor\u00e9 des rapports internes et avertissements sur les dommages cr\u00e9\u00e9s par le r\u00e9seau social.<\/p>\n<p>Les diff\u00e9rentes applications et technologies du groupe vont d\u00e9sormais \u00eatre r\u00e9unies sous cette nouvelle marque. Aucun changement n'est apport\u00e9 \u00e0 la structure corporative.<\/p>\n<p>Le titre Facebook gagnait 3,7% dans les \u00e9changes \u00e0 Wall Street jeudi apr\u00e8s-midi.<\/p>\n<p>Plus t\u00f4t cette semaine, lors de la publication de ses r\u00e9sultats trimestriels, Facebook a annonc\u00e9 sa volont\u00e9 d'investir massivement pour b\u00e2tir le 'm\u00e9tavers'.<\/p>\n<p><strong>Nouveau nom, nouveau logo<\/strong><\/p>\n<p>S'exprimant lors d'une conf\u00e9rence virtuelle diffus\u00e9e en direct par son entreprise, Mark Zuckerberg a d\u00e9clar\u00e9 que le changement de nom refl\u00e9tait la nouvelle priorit\u00e9 du g\u00e9ant technologique - le 'm\u00e9tavers' plut\u00f4t que le r\u00e9seau social comptant environ 2,9 milliards d'utilisateurs dans le monde. \"A l'heure actuelle, notre marque est tellement li\u00e9e \u00e0 un seul produit qu'il lui est impossible de repr\u00e9senter tout ce que nous faisons aujourd'hui, et encore moins ce que nous ferons \u00e0 l'avenir\", a-t-il dit.<\/p>\n<p>Un nouveau logo a aussi \u00e9t\u00e9 d\u00e9voil\u00e9 depuis le si\u00e8ge de l'entreprise, \u00e0 Menlo Park en Californie, le \"pouce lev\u00e9\" laissant place \u00e0 un logo bleu repr\u00e9sentant l'infini.<\/p>\n<p>Dans un message publi\u00e9 sur son blog, l'entreprise a indiqu\u00e9 que son changement de nom serait effectif en Bourse \u00e0 compter du 1er d\u00e9cembre avec le titre \"MVRS\".<\/p>\n<p>&nbsp;<\/p>\n<p>&nbsp;<\/p>\n<div class='share-to-whatsapp-wrapper'><div class='share-on-whsp'>PARTAGER SUR : <\/div><a data-text='LE GROUPE FACEBOOK CHANGEMENT DE NOM - Le groupe Fecebook devient Meta' data-link='https:\/\/www.nettali.com\/2021\/10\/28\/le-groupe-facebook-changement-de-nom-le-groupe-fecebook-devient-meta\/' class='whatsapp-button whatsapp-share'>WhatsApp<\/a><div class='clear '><\/div><\/div>","protected":false},"excerpt":{"rendered":"<p>NETTALI.COM - Mark Zuckerberg l'a annonc\u00e9 ce 28 octobre lors d'une conf\u00e9rence de presse. Le groupe va prendre le nom de son projet d'internet du futur. Un choix strat\u00e9gique, alors le g\u00e9ant du hi-tech traverse l'une des plus grosses crises de r\u00e9putation de son histoire.\u00a0Le nom de ses diff\u00e9rents r\u00e9seaux sociaux sera inchang\u00e9. Le groupe [&hellip;]<\/p>\n","protected":false},"author":11,"featured_media":8517,"comment_status":"open","ping_status":"open","sticky":false,"template":"","format":"standard","meta":{"_et_pb_use_builder":"","_et_pb_old_content":""},"categories":[8],"tags":[],"yoast_head":"<!-- This site is optimized with the Yoast SEO Premium plugin v17.8 (Yoast SEO v17.8) - https:\/\/yoast.com\/wordpress\/plugins\/seo\/ -->\n<title>LE GROUPE FACEBOOK CHANGEMENT DE NOM - Le groupe Fecebook devient Meta | Nettali.com<\/title>\n<meta name=\"robots\" content=\"index, follow, max-snippet:-1, max-image-preview:large, max-video-preview:-1\" \/>\n<link rel=\"canonical\" href=\"https:\/\/www.nettali.com\/2021\/10\/28\/le-groupe-facebook-changement-de-nom-le-groupe-fecebook-devient-meta\/\" \/>\n<meta property=\"og:locale\" content=\"fr_FR\" \/>\n<meta property=\"og:type\" content=\"article\" \/>\n<meta property=\"og:title\" content=\"LE GROUPE FACEBOOK CHANGEMENT DE NOM - Le groupe Fecebook devient Meta\" \/>\n<meta property=\"og:description\" content=\"NETTALI.COM - Mark Zuckerberg l&#039;a annonc\u00e9 ce 28 octobre lors d&#039;une conf\u00e9rence de presse. Le groupe va prendre le nom de son projet d&#039;internet du futur. Un choix strat\u00e9gique, alors le g\u00e9ant du hi-tech traverse l&#039;une des plus grosses crises de r\u00e9putation de son histoire.\u00a0Le nom de ses diff\u00e9rents r\u00e9seaux sociaux sera inchang\u00e9. Le groupe [&hellip;]\" \/>\n<meta property=\"og:url\" content=\"https:\/\/www.nettali.com\/2021\/10\/28\/le-groupe-facebook-changement-de-nom-le-groupe-fecebook-devient-meta\/\" \/>\n<meta property=\"og:site_name\" content=\"Nettali.com\" \/>\n<meta property=\"article:publisher\" content=\"https:\/\/www.facebook.com\/nettalicom\" \/>\n<meta property=\"article:published_time\" content=\"2021-10-28T21:57:57+00:00\" \/>\n<meta property=\"og:image\" content=\"https:\/\/www.nettali.com\/wp-content\/uploads\/2019\/05\/facebook-57f53a243df78c690ff35914.png\" \/>\n\t<meta property=\"og:image:width\" content=\"768\" \/>\n\t<meta property=\"og:image:height\" content=\"768\" \/>\n<meta name=\"twitter:card\" content=\"summary_large_image\" \/>\n<meta name=\"twitter:label1\" content=\"\u00c9crit par\" \/>\n\t<meta name=\"twitter:data1\" content=\"Thierno Diop\" \/>\n\t<meta name=\"twitter:label2\" content=\"Dur\u00e9e de lecture estim\u00e9e\" \/>\n\t<meta name=\"twitter:data2\" content=\"2 minutes\" \/>\n<script type=\"application\/ld+json\" class=\"yoast-schema-graph\">{\"@context\":\"https:\/\/schema.org\",\"@graph\":[{\"@type\":\"WebSite\",\"@id\":\"https:\/\/www.nettali.com\/#website\",\"url\":\"https:\/\/www.nettali.com\/\",\"name\":\"Nettali.com\",\"description\":\"Le rendez-vous critique du Net\",\"potentialAction\":[{\"@type\":\"SearchAction\",\"target\":{\"@type\":\"EntryPoint\",\"urlTemplate\":\"https:\/\/www.nettali.com\/?s={search_term_string}\"},\"query-input\":\"required name=search_term_string\"}],\"inLanguage\":\"fr-FR\"},{\"@type\":\"ImageObject\",\"@id\":\"https:\/\/www.nettali.com\/2021\/10\/28\/le-groupe-facebook-changement-de-nom-le-groupe-fecebook-devient-meta\/#primaryimage\",\"inLanguage\":\"fr-FR\",\"url\":\"https:\/\/www.nettali.com\/wp-content\/uploads\/2019\/05\/facebook-57f53a243df78c690ff35914.png\",\"contentUrl\":\"https:\/\/www.nettali.com\/wp-content\/uploads\/2019\/05\/facebook-57f53a243df78c690ff35914.png\",\"width\":768,\"height\":768},{\"@type\":\"WebPage\",\"@id\":\"https:\/\/www.nettali.com\/2021\/10\/28\/le-groupe-facebook-changement-de-nom-le-groupe-fecebook-devient-meta\/#webpage\",\"url\":\"https:\/\/www.nettali.com\/2021\/10\/28\/le-groupe-facebook-changement-de-nom-le-groupe-fecebook-devient-meta\/\",\"name\":\"LE GROUPE FACEBOOK CHANGEMENT DE NOM - Le groupe Fecebook devient Meta | Nettali.com\",\"isPartOf\":{\"@id\":\"https:\/\/www.nettali.com\/#website\"},\"primaryImageOfPage\":{\"@id\":\"https:\/\/www.nettali.com\/2021\/10\/28\/le-groupe-facebook-changement-de-nom-le-groupe-fecebook-devient-meta\/#primaryimage\"},\"datePublished\":\"2021-10-28T21:57:57+00:00\",\"dateModified\":\"2021-10-28T21:57:57+00:00\",\"author\":{\"@id\":\"https:\/\/www.nettali.com\/#\/schema\/person\/8a06c6bd7b19304cf4bf985862900b5b\"},\"breadcrumb\":{\"@id\":\"https:\/\/www.nettali.com\/2021\/10\/28\/le-groupe-facebook-changement-de-nom-le-groupe-fecebook-devient-meta\/#breadcrumb\"},\"inLanguage\":\"fr-FR\",\"potentialAction\":[{\"@type\":\"ReadAction\",\"target\":[\"https:\/\/www.nettali.com\/2021\/10\/28\/le-groupe-facebook-changement-de-nom-le-groupe-fecebook-devient-meta\/\"]}]},{\"@type\":\"BreadcrumbList\",\"@id\":\"https:\/\/www.nettali.com\/2021\/10\/28\/le-groupe-facebook-changement-de-nom-le-groupe-fecebook-devient-meta\/#breadcrumb\",\"itemListElement\":[{\"@type\":\"ListItem\",\"position\":1,\"name\":\"Accueil\",\"item\":\"https:\/\/www.nettali.com\/\"},{\"@type\":\"ListItem\",\"position\":2,\"name\":\"LE GROUPE FACEBOOK CHANGEMENT DE NOM &#8211; Le groupe Fecebook devient Meta\"}]},{\"@type\":\"Person\",\"@id\":\"https:\/\/www.nettali.com\/#\/schema\/person\/8a06c6bd7b19304cf4bf985862900b5b\",\"name\":\"Thierno Diop\",\"image\":{\"@type\":\"ImageObject\",\"@id\":\"https:\/\/www.nettali.com\/#personlogo\",\"inLanguage\":\"fr-FR\",\"url\":\"https:\/\/secure.gravatar.com\/avatar\/c8ca58550c94fd2ac856d27391a6c866?s=96&d=mm&r=g\",\"contentUrl\":\"https:\/\/secure.gravatar.com\/avatar\/c8ca58550c94fd2ac856d27391a6c866?s=96&d=mm&r=g\",\"caption\":\"Thierno Diop\"},\"sameAs\":[\"https:\/\/nettali.com\"]}]}<\/script>\n<!-- \/ Yoast SEO Premium plugin. -->","yoast_head_json":{"title":"LE GROUPE FACEBOOK CHANGEMENT DE NOM - Le groupe Fecebook devient Meta | Nettali.com","robots":{"index":"index","follow":"follow","max-snippet":"max-snippet:-1","max-image-preview":"max-image-preview:large","max-video-preview":"max-video-preview:-1"},"canonical":"https:\/\/www.nettali.com\/2021\/10\/28\/le-groupe-facebook-changement-de-nom-le-groupe-fecebook-devient-meta\/","og_locale":"fr_FR","og_type":"article","og_title":"LE GROUPE FACEBOOK CHANGEMENT DE NOM - Le groupe Fecebook devient Meta","og_description":"NETTALI.COM - Mark Zuckerberg l'a annonc\u00e9 ce 28 octobre lors d'une conf\u00e9rence de presse. Le groupe va prendre le nom de son projet d'internet du futur. Un choix strat\u00e9gique, alors le g\u00e9ant du hi-tech traverse l'une des plus grosses crises de r\u00e9putation de son histoire.\u00a0Le nom de ses diff\u00e9rents r\u00e9seaux sociaux sera inchang\u00e9. Le groupe [&hellip;]","og_url":"https:\/\/www.nettali.com\/2021\/10\/28\/le-groupe-facebook-changement-de-nom-le-groupe-fecebook-devient-meta\/","og_site_name":"Nettali.com","article_publisher":"https:\/\/www.facebook.com\/nettalicom","article_published_time":"2021-10-28T21:57:57+00:00","og_image":[{"width":768,"height":768,"url":"https:\/\/www.nettali.com\/wp-content\/uploads\/2019\/05\/facebook-57f53a243df78c690ff35914.png","type":"image\/png"}],"twitter_card":"summary_large_image","twitter_misc":{"\u00c9crit par":"Thierno Diop","Dur\u00e9e de lecture estim\u00e9e":"2 minutes"},"schema":{"@context":"https:\/\/schema.org","@graph":[{"@type":"WebSite","@id":"https:\/\/www.nettali.com\/#website","url":"https:\/\/www.nettali.com\/","name":"Nettali.com","description":"Le rendez-vous critique du Net","potentialAction":[{"@type":"SearchAction","target":{"@type":"EntryPoint","urlTemplate":"https:\/\/www.nettali.com\/?s={search_term_string}"},"query-input":"required name=search_term_string"}],"inLanguage":"fr-FR"},{"@type":"ImageObject","@id":"https:\/\/www.nettali.com\/2021\/10\/28\/le-groupe-facebook-changement-de-nom-le-groupe-fecebook-devient-meta\/#primaryimage","inLanguage":"fr-FR","url":"https:\/\/www.nettali.com\/wp-content\/uploads\/2019\/05\/facebook-57f53a243df78c690ff35914.png","contentUrl":"https:\/\/www.nettali.com\/wp-content\/uploads\/2019\/05\/facebook-57f53a243df78c690ff35914.png","width":768,"height":768},{"@type":"WebPage","@id":"https:\/\/www.nettali.com\/2021\/10\/28\/le-groupe-facebook-changement-de-nom-le-groupe-fecebook-devient-meta\/#webpage","url":"https:\/\/www.nettali.com\/2021\/10\/28\/le-groupe-facebook-changement-de-nom-le-groupe-fecebook-devient-meta\/","name":"LE GROUPE FACEBOOK CHANGEMENT DE NOM - Le groupe Fecebook devient Meta | Nettali.com","isPartOf":{"@id":"https:\/\/www.nettali.com\/#website"},"primaryImageOfPage":{"@id":"https:\/\/www.nettali.com\/2021\/10\/28\/le-groupe-facebook-changement-de-nom-le-groupe-fecebook-devient-meta\/#primaryimage"},"datePublished":"2021-10-28T21:57:57+00:00","dateModified":"2021-10-28T21:57:57+00:00","author":{"@id":"https:\/\/www.nettali.com\/#\/schema\/person\/8a06c6bd7b19304cf4bf985862900b5b"},"breadcrumb":{"@id":"https:\/\/www.nettali.com\/2021\/10\/28\/le-groupe-facebook-changement-de-nom-le-groupe-fecebook-devient-meta\/#breadcrumb"},"inLanguage":"fr-FR","potentialAction":[{"@type":"ReadAction","target":["https:\/\/www.nettali.com\/2021\/10\/28\/le-groupe-facebook-changement-de-nom-le-groupe-fecebook-devient-meta\/"]}]},{"@type":"BreadcrumbList","@id":"https:\/\/www.nettali.com\/2021\/10\/28\/le-groupe-facebook-changement-de-nom-le-groupe-fecebook-devient-meta\/#breadcrumb","itemListElement":[{"@type":"ListItem","position":1,"name":"Accueil","item":"https:\/\/www.nettali.com\/"},{"@type":"ListItem","position":2,"name":"LE GROUPE FACEBOOK CHANGEMENT DE NOM &#8211; Le groupe Fecebook devient Meta"}]},{"@type":"Person","@id":"https:\/\/www.nettali.com\/#\/schema\/person\/8a06c6bd7b19304cf4bf985862900b5b","name":"Thierno Diop","image":{"@type":"ImageObject","@id":"https:\/\/www.nettali.com\/#personlogo","inLanguage":"fr-FR","url":"https:\/\/secure.gravatar.com\/avatar\/c8ca58550c94fd2ac856d27391a6c866?s=96&d=mm&r=g","contentUrl":"https:\/\/secure.gravatar.com\/avatar\/c8ca58550c94fd2ac856d27391a6c866?s=96&d=mm&r=g","caption":"Thierno Diop"},"sameAs":["https:\/\/nettali.com"]}]}},"_links":{"self":[{"href":"https:\/\/www.nettali.com\/rest\/wp\/v2\/posts\/74590"}],"collection":[{"href":"https:\/\/www.nettali.com\/rest\/wp\/v2\/posts"}],"about":[{"href":"https:\/\/www.nettali.com\/rest\/wp\/v2\/types\/post"}],"author":[{"embeddable":true,"href":"https:\/\/www.nettali.com\/rest\/wp\/v2\/users\/11"}],"replies":[{"embeddable":true,"href":"https:\/\/www.nettali.com\/rest\/wp\/v2\/comments?post=74590"}],"version-history":[{"count":1,"href":"https:\/\/www.nettali.com\/rest\/wp\/v2\/posts\/74590\/revisions"}],"predecessor-version":[{"id":74591,"href":"https:\/\/www.nettali.com\/rest\/wp\/v2\/posts\/74590\/revisions\/74591"}],"wp:featuredmedia":[{"embeddable":true,"href":"https:\/\/www.nettali.com\/rest\/wp\/v2\/media\/8517"}],"wp:attachment":[{"href":"https:\/\/www.nettali.com\/rest\/wp\/v2\/media?parent=74590"}],"wp:term":[{"taxonomy":"category","embeddable":true,"href":"https:\/\/www.nettali.com\/rest\/wp\/v2\/categories?post=74590"},{"taxonomy":"post_tag","embeddable":true,"href":"https:\/\/www.nettali.com\/rest\/wp\/v2\/tags?post=74590"}],"curies":[{"name":"wp","href":"https:\/\/api.w.org\/{rel}","templated":true}]}}