{"id":74570,"date":"2021-10-28T12:48:36","date_gmt":"2021-10-28T12:48:36","guid":{"rendered":"https:\/\/www.nettali.com\/?p=74570"},"modified":"2021-10-29T08:33:49","modified_gmt":"2021-10-29T08:33:49","slug":"commission-ad-hoc-demission-de-cheikh-abdou-mbacke","status":"publish","type":"post","link":"https:\/\/www.nettali.com\/2021\/10\/28\/commission-ad-hoc-demission-de-cheikh-abdou-mbacke\/","title":{"rendered":"COMMISSION AD HOC \u2013 D\u00e9mission de Cheikh Abdou Mback\u00e9"},"content":{"rendered":"<p><strong>NETTALI.COM \u2013 D\u00e9plorant le comportement du pr\u00e9sident Aym\u00e9rou Gningue, qui aurait refus\u00e9 de lui transmettre le dossier, Cheikh Abdou Mback\u00e9 a quitt\u00e9 la commission Ad hoc, visant \u00e0 lever l\u2019immunit\u00e9 parlementaire des d\u00e9put\u00e9s Mamadou Sall et Boubacar Biaye cit\u00e9s dans le trafic suppos\u00e9 de passeports diplomatiques.<\/strong><\/p>\n<p>Jeudi, Cheikh Abdou Mback\u00e9 a quitt\u00e9 la commission Ad hoc, visant \u00e0 lever l\u2019immunit\u00e9 parlementaire des d\u00e9put\u00e9s Mamadou Sall et Boubacar Biaye cit\u00e9s dans le trafic suppos\u00e9 de passeports diplomatiques. Le d\u00e9put\u00e9 de Bokk Gis Gis ne souscrit pas au mode de fonctionnement de ladite commission.<\/p>\n<p>A en croire le d\u00e9missionnaire, \"<em>une seule r\u00e9union a \u00e9t\u00e9 tenue. Elle a \u00e9t\u00e9 consacr\u00e9e \u00e0 l\u2019agenda de ladite commission, et ce malgr\u00e9 l\u2019absence de consensus ainsi constat\u00e9. Lors de cette r\u00e9union, le Pr\u00e9sident Aymerou Gningue a fait une lecture en moins de 5 minutes des \u00e9l\u00e9ments du dossier<\/em>\".<\/p>\n<p>Le parlementaire explique \u00e9galement que les \u00e9l\u00e9ments du dossier ne sont pas mis \u00e0 la disposition de tous les membres de la commission tel que convenu alors qu\u2019aucune \"<em>disposition de l\u2019Assembl\u00e9e ne l\u2019interdit\".<\/em> \"<em>Le pr\u00e9sident de la commission (Aym\u00e9rou Gningue) a tout bonnement refus\u00e9 de nous soumettre le dossier. Seulement, il a pr\u00e9f\u00e9r\u00e9 nous inviter \u00e0 passer les consulter dans son bureau tout en pr\u00e9cisant qu\u2019aucune photocopie ne nous sera remise<\/em>\", d\u00e9plore Cheikh Mback\u00e9, non sans justifier qu\u2019il est incapable de \"<em>pouvoir valablement repr\u00e9senter les S\u00e9n\u00e9galais<\/em>\".<\/p>\n<p>&nbsp;<\/p>\n<div class='share-to-whatsapp-wrapper'><div class='share-on-whsp'>PARTAGER SUR : <\/div><a data-text='COMMISSION AD HOC \u2013 D\u00e9mission de Cheikh Abdou Mback\u00e9' data-link='https:\/\/www.nettali.com\/2021\/10\/28\/commission-ad-hoc-demission-de-cheikh-abdou-mbacke\/' class='whatsapp-button whatsapp-share'>WhatsApp<\/a><div class='clear '><\/div><\/div>","protected":false},"excerpt":{"rendered":"<p>NETTALI.COM \u2013 D\u00e9plorant le comportement du pr\u00e9sident Aym\u00e9rou Gningue, qui aurait refus\u00e9 de lui transmettre le dossier, Cheikh Abdou Mback\u00e9 a quitt\u00e9 la commission Ad hoc, visant \u00e0 lever l\u2019immunit\u00e9 parlementaire des d\u00e9put\u00e9s Mamadou Sall et Boubacar Biaye cit\u00e9s dans le trafic suppos\u00e9 de passeports diplomatiques. Jeudi, Cheikh Abdou Mback\u00e9 a quitt\u00e9 la commission Ad [&hellip;]<\/p>\n","protected":false},"author":11,"featured_media":60519,"comment_status":"open","ping_status":"open","sticky":false,"template":"","format":"standard","meta":{"_et_pb_use_builder":"","_et_pb_old_content":""},"categories":[2],"tags":[],"yoast_head":"<!-- This site is optimized with the Yoast SEO Premium plugin v17.8 (Yoast SEO v17.8) - https:\/\/yoast.com\/wordpress\/plugins\/seo\/ -->\n<title>COMMISSION AD HOC \u2013 D\u00e9mission de Cheikh Abdou Mback\u00e9 | Nettali.com<\/title>\n<meta name=\"robots\" content=\"index, follow, max-snippet:-1, max-image-preview:large, max-video-preview:-1\" \/>\n<link rel=\"canonical\" href=\"https:\/\/www.nettali.com\/2021\/10\/28\/commission-ad-hoc-demission-de-cheikh-abdou-mbacke\/\" \/>\n<meta property=\"og:locale\" content=\"fr_FR\" \/>\n<meta property=\"og:type\" content=\"article\" \/>\n<meta property=\"og:title\" content=\"COMMISSION AD HOC \u2013 D\u00e9mission de Cheikh Abdou Mback\u00e9\" \/>\n<meta property=\"og:description\" content=\"NETTALI.COM \u2013 D\u00e9plorant le comportement du pr\u00e9sident Aym\u00e9rou Gningue, qui aurait refus\u00e9 de lui transmettre le dossier, Cheikh Abdou Mback\u00e9 a quitt\u00e9 la commission Ad hoc, visant \u00e0 lever l\u2019immunit\u00e9 parlementaire des d\u00e9put\u00e9s Mamadou Sall et Boubacar Biaye cit\u00e9s dans le trafic suppos\u00e9 de passeports diplomatiques. Jeudi, Cheikh Abdou Mback\u00e9 a quitt\u00e9 la commission Ad [&hellip;]\" \/>\n<meta property=\"og:url\" content=\"https:\/\/www.nettali.com\/2021\/10\/28\/commission-ad-hoc-demission-de-cheikh-abdou-mbacke\/\" \/>\n<meta property=\"og:site_name\" content=\"Nettali.com\" \/>\n<meta property=\"article:publisher\" content=\"https:\/\/www.facebook.com\/nettalicom\" \/>\n<meta property=\"article:published_time\" content=\"2021-10-28T12:48:36+00:00\" \/>\n<meta property=\"article:modified_time\" content=\"2021-10-29T08:33:49+00:00\" \/>\n<meta property=\"og:image\" content=\"https:\/\/www.nettali.com\/wp-content\/uploads\/2021\/03\/Cheikh-Abdou-Bara-Dolly-Mbacke.jpg\" \/>\n\t<meta property=\"og:image:width\" content=\"640\" \/>\n\t<meta property=\"og:image:height\" content=\"345\" \/>\n<meta name=\"twitter:card\" content=\"summary_large_image\" \/>\n<meta name=\"twitter:label1\" content=\"\u00c9crit par\" \/>\n\t<meta name=\"twitter:data1\" content=\"Thierno Diop\" \/>\n\t<meta name=\"twitter:label2\" content=\"Dur\u00e9e de lecture estim\u00e9e\" \/>\n\t<meta name=\"twitter:data2\" content=\"1 minute\" \/>\n<script type=\"application\/ld+json\" class=\"yoast-schema-graph\">{\"@context\":\"https:\/\/schema.org\",\"@graph\":[{\"@type\":\"WebSite\",\"@id\":\"https:\/\/www.nettali.com\/#website\",\"url\":\"https:\/\/www.nettali.com\/\",\"name\":\"Nettali.com\",\"description\":\"Le rendez-vous critique du Net\",\"potentialAction\":[{\"@type\":\"SearchAction\",\"target\":{\"@type\":\"EntryPoint\",\"urlTemplate\":\"https:\/\/www.nettali.com\/?s={search_term_string}\"},\"query-input\":\"required name=search_term_string\"}],\"inLanguage\":\"fr-FR\"},{\"@type\":\"ImageObject\",\"@id\":\"https:\/\/www.nettali.com\/2021\/10\/28\/commission-ad-hoc-demission-de-cheikh-abdou-mbacke\/#primaryimage\",\"inLanguage\":\"fr-FR\",\"url\":\"https:\/\/www.nettali.com\/wp-content\/uploads\/2021\/03\/Cheikh-Abdou-Bara-Dolly-Mbacke.jpg\",\"contentUrl\":\"https:\/\/www.nettali.com\/wp-content\/uploads\/2021\/03\/Cheikh-Abdou-Bara-Dolly-Mbacke.jpg\",\"width\":640,\"height\":345},{\"@type\":\"WebPage\",\"@id\":\"https:\/\/www.nettali.com\/2021\/10\/28\/commission-ad-hoc-demission-de-cheikh-abdou-mbacke\/#webpage\",\"url\":\"https:\/\/www.nettali.com\/2021\/10\/28\/commission-ad-hoc-demission-de-cheikh-abdou-mbacke\/\",\"name\":\"COMMISSION AD HOC \\u2013 D\\u00e9mission de Cheikh Abdou Mback\\u00e9 | Nettali.com\",\"isPartOf\":{\"@id\":\"https:\/\/www.nettali.com\/#website\"},\"primaryImageOfPage\":{\"@id\":\"https:\/\/www.nettali.com\/2021\/10\/28\/commission-ad-hoc-demission-de-cheikh-abdou-mbacke\/#primaryimage\"},\"datePublished\":\"2021-10-28T12:48:36+00:00\",\"dateModified\":\"2021-10-29T08:33:49+00:00\",\"author\":{\"@id\":\"https:\/\/www.nettali.com\/#\/schema\/person\/8a06c6bd7b19304cf4bf985862900b5b\"},\"breadcrumb\":{\"@id\":\"https:\/\/www.nettali.com\/2021\/10\/28\/commission-ad-hoc-demission-de-cheikh-abdou-mbacke\/#breadcrumb\"},\"inLanguage\":\"fr-FR\",\"potentialAction\":[{\"@type\":\"ReadAction\",\"target\":[\"https:\/\/www.nettali.com\/2021\/10\/28\/commission-ad-hoc-demission-de-cheikh-abdou-mbacke\/\"]}]},{\"@type\":\"BreadcrumbList\",\"@id\":\"https:\/\/www.nettali.com\/2021\/10\/28\/commission-ad-hoc-demission-de-cheikh-abdou-mbacke\/#breadcrumb\",\"itemListElement\":[{\"@type\":\"ListItem\",\"position\":1,\"name\":\"Accueil\",\"item\":\"https:\/\/www.nettali.com\/\"},{\"@type\":\"ListItem\",\"position\":2,\"name\":\"COMMISSION AD HOC \\u2013 D\\u00e9mission de Cheikh Abdou Mback\\u00e9\"}]},{\"@type\":\"Person\",\"@id\":\"https:\/\/www.nettali.com\/#\/schema\/person\/8a06c6bd7b19304cf4bf985862900b5b\",\"name\":\"Thierno Diop\",\"image\":{\"@type\":\"ImageObject\",\"@id\":\"https:\/\/www.nettali.com\/#personlogo\",\"inLanguage\":\"fr-FR\",\"url\":\"https:\/\/secure.gravatar.com\/avatar\/c8ca58550c94fd2ac856d27391a6c866?s=96&d=mm&r=g\",\"contentUrl\":\"https:\/\/secure.gravatar.com\/avatar\/c8ca58550c94fd2ac856d27391a6c866?s=96&d=mm&r=g\",\"caption\":\"Thierno Diop\"},\"sameAs\":[\"https:\/\/nettali.com\"]}]}<\/script>\n<!-- \/ Yoast SEO Premium plugin. -->","yoast_head_json":{"title":"COMMISSION AD HOC \u2013 D\u00e9mission de Cheikh Abdou Mback\u00e9 | Nettali.com","robots":{"index":"index","follow":"follow","max-snippet":"max-snippet:-1","max-image-preview":"max-image-preview:large","max-video-preview":"max-video-preview:-1"},"canonical":"https:\/\/www.nettali.com\/2021\/10\/28\/commission-ad-hoc-demission-de-cheikh-abdou-mbacke\/","og_locale":"fr_FR","og_type":"article","og_title":"COMMISSION AD HOC \u2013 D\u00e9mission de Cheikh Abdou Mback\u00e9","og_description":"NETTALI.COM \u2013 D\u00e9plorant le comportement du pr\u00e9sident Aym\u00e9rou Gningue, qui aurait refus\u00e9 de lui transmettre le dossier, Cheikh Abdou Mback\u00e9 a quitt\u00e9 la commission Ad hoc, visant \u00e0 lever l\u2019immunit\u00e9 parlementaire des d\u00e9put\u00e9s Mamadou Sall et Boubacar Biaye cit\u00e9s dans le trafic suppos\u00e9 de passeports diplomatiques. Jeudi, Cheikh Abdou Mback\u00e9 a quitt\u00e9 la commission Ad [&hellip;]","og_url":"https:\/\/www.nettali.com\/2021\/10\/28\/commission-ad-hoc-demission-de-cheikh-abdou-mbacke\/","og_site_name":"Nettali.com","article_publisher":"https:\/\/www.facebook.com\/nettalicom","article_published_time":"2021-10-28T12:48:36+00:00","article_modified_time":"2021-10-29T08:33:49+00:00","og_image":[{"width":640,"height":345,"url":"https:\/\/www.nettali.com\/wp-content\/uploads\/2021\/03\/Cheikh-Abdou-Bara-Dolly-Mbacke.jpg","type":"image\/jpeg"}],"twitter_card":"summary_large_image","twitter_misc":{"\u00c9crit par":"Thierno Diop","Dur\u00e9e de lecture estim\u00e9e":"1 minute"},"schema":{"@context":"https:\/\/schema.org","@graph":[{"@type":"WebSite","@id":"https:\/\/www.nettali.com\/#website","url":"https:\/\/www.nettali.com\/","name":"Nettali.com","description":"Le rendez-vous critique du Net","potentialAction":[{"@type":"SearchAction","target":{"@type":"EntryPoint","urlTemplate":"https:\/\/www.nettali.com\/?s={search_term_string}"},"query-input":"required name=search_term_string"}],"inLanguage":"fr-FR"},{"@type":"ImageObject","@id":"https:\/\/www.nettali.com\/2021\/10\/28\/commission-ad-hoc-demission-de-cheikh-abdou-mbacke\/#primaryimage","inLanguage":"fr-FR","url":"https:\/\/www.nettali.com\/wp-content\/uploads\/2021\/03\/Cheikh-Abdou-Bara-Dolly-Mbacke.jpg","contentUrl":"https:\/\/www.nettali.com\/wp-content\/uploads\/2021\/03\/Cheikh-Abdou-Bara-Dolly-Mbacke.jpg","width":640,"height":345},{"@type":"WebPage","@id":"https:\/\/www.nettali.com\/2021\/10\/28\/commission-ad-hoc-demission-de-cheikh-abdou-mbacke\/#webpage","url":"https:\/\/www.nettali.com\/2021\/10\/28\/commission-ad-hoc-demission-de-cheikh-abdou-mbacke\/","name":"COMMISSION AD HOC \u2013 D\u00e9mission de Cheikh Abdou Mback\u00e9 | Nettali.com","isPartOf":{"@id":"https:\/\/www.nettali.com\/#website"},"primaryImageOfPage":{"@id":"https:\/\/www.nettali.com\/2021\/10\/28\/commission-ad-hoc-demission-de-cheikh-abdou-mbacke\/#primaryimage"},"datePublished":"2021-10-28T12:48:36+00:00","dateModified":"2021-10-29T08:33:49+00:00","author":{"@id":"https:\/\/www.nettali.com\/#\/schema\/person\/8a06c6bd7b19304cf4bf985862900b5b"},"breadcrumb":{"@id":"https:\/\/www.nettali.com\/2021\/10\/28\/commission-ad-hoc-demission-de-cheikh-abdou-mbacke\/#breadcrumb"},"inLanguage":"fr-FR","potentialAction":[{"@type":"ReadAction","target":["https:\/\/www.nettali.com\/2021\/10\/28\/commission-ad-hoc-demission-de-cheikh-abdou-mbacke\/"]}]},{"@type":"BreadcrumbList","@id":"https:\/\/www.nettali.com\/2021\/10\/28\/commission-ad-hoc-demission-de-cheikh-abdou-mbacke\/#breadcrumb","itemListElement":[{"@type":"ListItem","position":1,"name":"Accueil","item":"https:\/\/www.nettali.com\/"},{"@type":"ListItem","position":2,"name":"COMMISSION AD HOC \u2013 D\u00e9mission de Cheikh Abdou Mback\u00e9"}]},{"@type":"Person","@id":"https:\/\/www.nettali.com\/#\/schema\/person\/8a06c6bd7b19304cf4bf985862900b5b","name":"Thierno Diop","image":{"@type":"ImageObject","@id":"https:\/\/www.nettali.com\/#personlogo","inLanguage":"fr-FR","url":"https:\/\/secure.gravatar.com\/avatar\/c8ca58550c94fd2ac856d27391a6c866?s=96&d=mm&r=g","contentUrl":"https:\/\/secure.gravatar.com\/avatar\/c8ca58550c94fd2ac856d27391a6c866?s=96&d=mm&r=g","caption":"Thierno Diop"},"sameAs":["https:\/\/nettali.com"]}]}},"_links":{"self":[{"href":"https:\/\/www.nettali.com\/rest\/wp\/v2\/posts\/74570"}],"collection":[{"href":"https:\/\/www.nettali.com\/rest\/wp\/v2\/posts"}],"about":[{"href":"https:\/\/www.nettali.com\/rest\/wp\/v2\/types\/post"}],"author":[{"embeddable":true,"href":"https:\/\/www.nettali.com\/rest\/wp\/v2\/users\/11"}],"replies":[{"embeddable":true,"href":"https:\/\/www.nettali.com\/rest\/wp\/v2\/comments?post=74570"}],"version-history":[{"count":3,"href":"https:\/\/www.nettali.com\/rest\/wp\/v2\/posts\/74570\/revisions"}],"predecessor-version":[{"id":74580,"href":"https:\/\/www.nettali.com\/rest\/wp\/v2\/posts\/74570\/revisions\/74580"}],"wp:featuredmedia":[{"embeddable":true,"href":"https:\/\/www.nettali.com\/rest\/wp\/v2\/media\/60519"}],"wp:attachment":[{"href":"https:\/\/www.nettali.com\/rest\/wp\/v2\/media?parent=74570"}],"wp:term":[{"taxonomy":"category","embeddable":true,"href":"https:\/\/www.nettali.com\/rest\/wp\/v2\/categories?post=74570"},{"taxonomy":"post_tag","embeddable":true,"href":"https:\/\/www.nettali.com\/rest\/wp\/v2\/tags?post=74570"}],"curies":[{"name":"wp","href":"https:\/\/api.w.org\/{rel}","templated":true}]}}