{"id":74565,"date":"2021-10-28T12:53:36","date_gmt":"2021-10-28T12:53:36","guid":{"rendered":"https:\/\/www.nettali.com\/?p=74565"},"modified":"2021-10-28T12:53:36","modified_gmt":"2021-10-28T12:53:36","slug":"football-accord-trouve-entre-xavi-et-le-fc-barcelone","status":"publish","type":"post","link":"https:\/\/www.nettali.com\/2021\/10\/28\/football-accord-trouve-entre-xavi-et-le-fc-barcelone\/","title":{"rendered":"FOOTBALL - Accord trouv\u00e9 entre Xavi et le FC Barcelone !"},"content":{"rendered":"<p dir=\"ltr\"><strong>NETTALI.COM - Xavi va devenir dans les prochaines heures le nouvel entra\u00eeneur du FC Barcelone. L'ancien milieu de terrain a trouv\u00e9 un accord avec les Blaugranas.<\/strong><\/p>\n<p dir=\"ltr\">Ronald Koeman n'est plus l'entra\u00eeneur du Bar\u00e7a depuis quelques heures. L'information a \u00e9t\u00e9 communiqu\u00e9e dans la nuit, peu de temps apr\u00e8s la nouvelle d\u00e9faite catalane sur la pelouse du Rayo Vallecano (1-0). Tr\u00e8s rapidement, un nom est apparu comme le grand favori pour prendre la suite, Xavi, actuellement poste au Qatar, dans le club d'Al Sadd. D'apr\u00e8s Sport, l'ancien milieu de terrain a m\u00eame d\u00e9j\u00e0 trouv\u00e9 un accord pour revenir au club et prendre en main l'\u00e9quipe premi\u00e8re.<\/p>\n<p dir=\"ltr\">Le m\u00e9dia ne pr\u00e9cise pas la dur\u00e9e de contrat du coach de 41 ans mais donne quelques informations suppl\u00e9mentaires. En effet, au-del\u00e0 de l'accord conclu avec Xavi, le Bar\u00e7a va devoir indemniser le club qatari \u00e0 hauteur d'un million d'euros. C'est le montant de la clause lib\u00e9ratoire. Satisfait des r\u00e9sultats obtenus, le vainqueur du dernier championnat avait fait prolonger son technicien en mai dernier pour deux saisons de plus, soit jusqu'en 2023.<\/p>\n<p dir=\"ltr\"><strong>Le Bar\u00e7a va devoir payer la clause de Xavi<\/strong><\/p>\n<p dir=\"ltr\">Malgr\u00e9 les difficult\u00e9s financi\u00e8res travers\u00e9es actuellement par les Cul\u00e9s, l'argent ne serait pas un probl\u00e8me, du moins pas \u00e0 ce montant-l\u00e0. Tout devrait aller tr\u00e8s vite m\u00eame car, pour Sport, l'officialisation du retour de Xavi sera annonc\u00e9e dans les prochaines heures, peut-\u00eatre m\u00eame d\u00e8s aujourd'hui. Preuve que tout sera bouscul\u00e9 avant m\u00eame le prochain match, le staff technique qui va accompagner le nouveau coach est d\u00e9j\u00e0 connu.<\/p>\n<p dir=\"ltr\">Xavi va d\u00e9barquer avec trois autres membres dans ses bagages. Son fr\u00e8re, Oscar Hernandez, et Sergio Alegre, qui \u00e9taient d\u00e9j\u00e0 ses assistants au Qatar, seront de la partie, ainsi qu'Ivan Torres, le pr\u00e9parateur physique de cette \u00e9quipe. C'est avec eux que l'ancien m\u00e9tronome (1998-2015) form\u00e9 au club va devoir rectifier une situation sportive tr\u00e8s compliqu\u00e9e puisqu'apr\u00e8s la d\u00e9faite d'hier soir, le Bar\u00e7a est 9e de Liga et est loin d'\u00eatre qualifi\u00e9 pour les 8es de finale de Ligue des Champions.<\/p>\n<p dir=\"ltr\">Avec Footmercato<\/p>\n<div class='share-to-whatsapp-wrapper'><div class='share-on-whsp'>PARTAGER SUR : <\/div><a data-text='FOOTBALL - Accord trouv\u00e9 entre Xavi et le FC Barcelone !' data-link='https:\/\/www.nettali.com\/2021\/10\/28\/football-accord-trouve-entre-xavi-et-le-fc-barcelone\/' class='whatsapp-button whatsapp-share'>WhatsApp<\/a><div class='clear '><\/div><\/div>","protected":false},"excerpt":{"rendered":"<p>NETTALI.COM - Xavi va devenir dans les prochaines heures le nouvel entra\u00eeneur du FC Barcelone. L'ancien milieu de terrain a trouv\u00e9 un accord avec les Blaugranas. Ronald Koeman n'est plus l'entra\u00eeneur du Bar\u00e7a depuis quelques heures. L'information a \u00e9t\u00e9 communiqu\u00e9e dans la nuit, peu de temps apr\u00e8s la nouvelle d\u00e9faite catalane sur la pelouse du [&hellip;]<\/p>\n","protected":false},"author":5,"featured_media":74566,"comment_status":"open","ping_status":"open","sticky":false,"template":"","format":"standard","meta":{"_et_pb_use_builder":"","_et_pb_old_content":""},"categories":[6],"tags":[],"yoast_head":"<!-- This site is optimized with the Yoast SEO Premium plugin v17.8 (Yoast SEO v17.8) - https:\/\/yoast.com\/wordpress\/plugins\/seo\/ -->\n<title>FOOTBALL - Accord trouv\u00e9 entre Xavi et le FC Barcelone ! | Nettali.com<\/title>\n<meta name=\"robots\" content=\"index, follow, max-snippet:-1, max-image-preview:large, max-video-preview:-1\" \/>\n<link rel=\"canonical\" href=\"https:\/\/www.nettali.com\/2021\/10\/28\/football-accord-trouve-entre-xavi-et-le-fc-barcelone\/\" \/>\n<meta property=\"og:locale\" content=\"fr_FR\" \/>\n<meta property=\"og:type\" content=\"article\" \/>\n<meta property=\"og:title\" content=\"FOOTBALL - Accord trouv\u00e9 entre Xavi et le FC Barcelone !\" \/>\n<meta property=\"og:description\" content=\"NETTALI.COM - Xavi va devenir dans les prochaines heures le nouvel entra\u00eeneur du FC Barcelone. L&#039;ancien milieu de terrain a trouv\u00e9 un accord avec les Blaugranas. Ronald Koeman n&#039;est plus l&#039;entra\u00eeneur du Bar\u00e7a depuis quelques heures. L&#039;information a \u00e9t\u00e9 communiqu\u00e9e dans la nuit, peu de temps apr\u00e8s la nouvelle d\u00e9faite catalane sur la pelouse du [&hellip;]\" \/>\n<meta property=\"og:url\" content=\"https:\/\/www.nettali.com\/2021\/10\/28\/football-accord-trouve-entre-xavi-et-le-fc-barcelone\/\" \/>\n<meta property=\"og:site_name\" content=\"Nettali.com\" \/>\n<meta property=\"article:publisher\" content=\"https:\/\/www.facebook.com\/nettalicom\" \/>\n<meta property=\"article:published_time\" content=\"2021-10-28T12:53:36+00:00\" \/>\n<meta property=\"og:image\" content=\"https:\/\/www.nettali.com\/wp-content\/uploads\/2021\/10\/Xavi.jpg\" \/>\n\t<meta property=\"og:image:width\" content=\"1920\" \/>\n\t<meta property=\"og:image:height\" content=\"1080\" \/>\n<meta name=\"twitter:card\" content=\"summary_large_image\" \/>\n<meta name=\"twitter:label1\" content=\"\u00c9crit par\" \/>\n\t<meta name=\"twitter:data1\" content=\"Ibrahima\" \/>\n\t<meta name=\"twitter:label2\" content=\"Dur\u00e9e de lecture estim\u00e9e\" \/>\n\t<meta name=\"twitter:data2\" content=\"2 minutes\" \/>\n<script type=\"application\/ld+json\" class=\"yoast-schema-graph\">{\"@context\":\"https:\/\/schema.org\",\"@graph\":[{\"@type\":\"WebSite\",\"@id\":\"https:\/\/www.nettali.com\/#website\",\"url\":\"https:\/\/www.nettali.com\/\",\"name\":\"Nettali.com\",\"description\":\"Le rendez-vous critique du Net\",\"potentialAction\":[{\"@type\":\"SearchAction\",\"target\":{\"@type\":\"EntryPoint\",\"urlTemplate\":\"https:\/\/www.nettali.com\/?s={search_term_string}\"},\"query-input\":\"required name=search_term_string\"}],\"inLanguage\":\"fr-FR\"},{\"@type\":\"ImageObject\",\"@id\":\"https:\/\/www.nettali.com\/2021\/10\/28\/football-accord-trouve-entre-xavi-et-le-fc-barcelone\/#primaryimage\",\"inLanguage\":\"fr-FR\",\"url\":\"https:\/\/www.nettali.com\/wp-content\/uploads\/2021\/10\/Xavi.jpg\",\"contentUrl\":\"https:\/\/www.nettali.com\/wp-content\/uploads\/2021\/10\/Xavi.jpg\",\"width\":1920,\"height\":1080},{\"@type\":\"WebPage\",\"@id\":\"https:\/\/www.nettali.com\/2021\/10\/28\/football-accord-trouve-entre-xavi-et-le-fc-barcelone\/#webpage\",\"url\":\"https:\/\/www.nettali.com\/2021\/10\/28\/football-accord-trouve-entre-xavi-et-le-fc-barcelone\/\",\"name\":\"FOOTBALL - Accord trouv\\u00e9 entre Xavi et le FC Barcelone ! | Nettali.com\",\"isPartOf\":{\"@id\":\"https:\/\/www.nettali.com\/#website\"},\"primaryImageOfPage\":{\"@id\":\"https:\/\/www.nettali.com\/2021\/10\/28\/football-accord-trouve-entre-xavi-et-le-fc-barcelone\/#primaryimage\"},\"datePublished\":\"2021-10-28T12:53:36+00:00\",\"dateModified\":\"2021-10-28T12:53:36+00:00\",\"author\":{\"@id\":\"https:\/\/www.nettali.com\/#\/schema\/person\/bb147657c2986240405a608162b9bb23\"},\"breadcrumb\":{\"@id\":\"https:\/\/www.nettali.com\/2021\/10\/28\/football-accord-trouve-entre-xavi-et-le-fc-barcelone\/#breadcrumb\"},\"inLanguage\":\"fr-FR\",\"potentialAction\":[{\"@type\":\"ReadAction\",\"target\":[\"https:\/\/www.nettali.com\/2021\/10\/28\/football-accord-trouve-entre-xavi-et-le-fc-barcelone\/\"]}]},{\"@type\":\"BreadcrumbList\",\"@id\":\"https:\/\/www.nettali.com\/2021\/10\/28\/football-accord-trouve-entre-xavi-et-le-fc-barcelone\/#breadcrumb\",\"itemListElement\":[{\"@type\":\"ListItem\",\"position\":1,\"name\":\"Accueil\",\"item\":\"https:\/\/www.nettali.com\/\"},{\"@type\":\"ListItem\",\"position\":2,\"name\":\"FOOTBALL &#8211; Accord trouv\\u00e9 entre Xavi et le FC Barcelone !\"}]},{\"@type\":\"Person\",\"@id\":\"https:\/\/www.nettali.com\/#\/schema\/person\/bb147657c2986240405a608162b9bb23\",\"name\":\"Ibrahima\",\"image\":{\"@type\":\"ImageObject\",\"@id\":\"https:\/\/www.nettali.com\/#personlogo\",\"inLanguage\":\"fr-FR\",\"url\":\"https:\/\/secure.gravatar.com\/avatar\/26a8a81f09f0dd7624c9d5c36c9ba3a2?s=96&d=mm&r=g\",\"contentUrl\":\"https:\/\/secure.gravatar.com\/avatar\/26a8a81f09f0dd7624c9d5c36c9ba3a2?s=96&d=mm&r=g\",\"caption\":\"Ibrahima\"},\"sameAs\":[\"https:\/\/www.nettali.com\"]}]}<\/script>\n<!-- \/ Yoast SEO Premium plugin. -->","yoast_head_json":{"title":"FOOTBALL - Accord trouv\u00e9 entre Xavi et le FC Barcelone ! | Nettali.com","robots":{"index":"index","follow":"follow","max-snippet":"max-snippet:-1","max-image-preview":"max-image-preview:large","max-video-preview":"max-video-preview:-1"},"canonical":"https:\/\/www.nettali.com\/2021\/10\/28\/football-accord-trouve-entre-xavi-et-le-fc-barcelone\/","og_locale":"fr_FR","og_type":"article","og_title":"FOOTBALL - Accord trouv\u00e9 entre Xavi et le FC Barcelone !","og_description":"NETTALI.COM - Xavi va devenir dans les prochaines heures le nouvel entra\u00eeneur du FC Barcelone. L'ancien milieu de terrain a trouv\u00e9 un accord avec les Blaugranas. Ronald Koeman n'est plus l'entra\u00eeneur du Bar\u00e7a depuis quelques heures. L'information a \u00e9t\u00e9 communiqu\u00e9e dans la nuit, peu de temps apr\u00e8s la nouvelle d\u00e9faite catalane sur la pelouse du [&hellip;]","og_url":"https:\/\/www.nettali.com\/2021\/10\/28\/football-accord-trouve-entre-xavi-et-le-fc-barcelone\/","og_site_name":"Nettali.com","article_publisher":"https:\/\/www.facebook.com\/nettalicom","article_published_time":"2021-10-28T12:53:36+00:00","og_image":[{"width":1920,"height":1080,"url":"https:\/\/www.nettali.com\/wp-content\/uploads\/2021\/10\/Xavi.jpg","type":"image\/jpeg"}],"twitter_card":"summary_large_image","twitter_misc":{"\u00c9crit par":"Ibrahima","Dur\u00e9e de lecture estim\u00e9e":"2 minutes"},"schema":{"@context":"https:\/\/schema.org","@graph":[{"@type":"WebSite","@id":"https:\/\/www.nettali.com\/#website","url":"https:\/\/www.nettali.com\/","name":"Nettali.com","description":"Le rendez-vous critique du Net","potentialAction":[{"@type":"SearchAction","target":{"@type":"EntryPoint","urlTemplate":"https:\/\/www.nettali.com\/?s={search_term_string}"},"query-input":"required name=search_term_string"}],"inLanguage":"fr-FR"},{"@type":"ImageObject","@id":"https:\/\/www.nettali.com\/2021\/10\/28\/football-accord-trouve-entre-xavi-et-le-fc-barcelone\/#primaryimage","inLanguage":"fr-FR","url":"https:\/\/www.nettali.com\/wp-content\/uploads\/2021\/10\/Xavi.jpg","contentUrl":"https:\/\/www.nettali.com\/wp-content\/uploads\/2021\/10\/Xavi.jpg","width":1920,"height":1080},{"@type":"WebPage","@id":"https:\/\/www.nettali.com\/2021\/10\/28\/football-accord-trouve-entre-xavi-et-le-fc-barcelone\/#webpage","url":"https:\/\/www.nettali.com\/2021\/10\/28\/football-accord-trouve-entre-xavi-et-le-fc-barcelone\/","name":"FOOTBALL - Accord trouv\u00e9 entre Xavi et le FC Barcelone ! | Nettali.com","isPartOf":{"@id":"https:\/\/www.nettali.com\/#website"},"primaryImageOfPage":{"@id":"https:\/\/www.nettali.com\/2021\/10\/28\/football-accord-trouve-entre-xavi-et-le-fc-barcelone\/#primaryimage"},"datePublished":"2021-10-28T12:53:36+00:00","dateModified":"2021-10-28T12:53:36+00:00","author":{"@id":"https:\/\/www.nettali.com\/#\/schema\/person\/bb147657c2986240405a608162b9bb23"},"breadcrumb":{"@id":"https:\/\/www.nettali.com\/2021\/10\/28\/football-accord-trouve-entre-xavi-et-le-fc-barcelone\/#breadcrumb"},"inLanguage":"fr-FR","potentialAction":[{"@type":"ReadAction","target":["https:\/\/www.nettali.com\/2021\/10\/28\/football-accord-trouve-entre-xavi-et-le-fc-barcelone\/"]}]},{"@type":"BreadcrumbList","@id":"https:\/\/www.nettali.com\/2021\/10\/28\/football-accord-trouve-entre-xavi-et-le-fc-barcelone\/#breadcrumb","itemListElement":[{"@type":"ListItem","position":1,"name":"Accueil","item":"https:\/\/www.nettali.com\/"},{"@type":"ListItem","position":2,"name":"FOOTBALL &#8211; Accord trouv\u00e9 entre Xavi et le FC Barcelone !"}]},{"@type":"Person","@id":"https:\/\/www.nettali.com\/#\/schema\/person\/bb147657c2986240405a608162b9bb23","name":"Ibrahima","image":{"@type":"ImageObject","@id":"https:\/\/www.nettali.com\/#personlogo","inLanguage":"fr-FR","url":"https:\/\/secure.gravatar.com\/avatar\/26a8a81f09f0dd7624c9d5c36c9ba3a2?s=96&d=mm&r=g","contentUrl":"https:\/\/secure.gravatar.com\/avatar\/26a8a81f09f0dd7624c9d5c36c9ba3a2?s=96&d=mm&r=g","caption":"Ibrahima"},"sameAs":["https:\/\/www.nettali.com"]}]}},"_links":{"self":[{"href":"https:\/\/www.nettali.com\/rest\/wp\/v2\/posts\/74565"}],"collection":[{"href":"https:\/\/www.nettali.com\/rest\/wp\/v2\/posts"}],"about":[{"href":"https:\/\/www.nettali.com\/rest\/wp\/v2\/types\/post"}],"author":[{"embeddable":true,"href":"https:\/\/www.nettali.com\/rest\/wp\/v2\/users\/5"}],"replies":[{"embeddable":true,"href":"https:\/\/www.nettali.com\/rest\/wp\/v2\/comments?post=74565"}],"version-history":[{"count":1,"href":"https:\/\/www.nettali.com\/rest\/wp\/v2\/posts\/74565\/revisions"}],"predecessor-version":[{"id":74567,"href":"https:\/\/www.nettali.com\/rest\/wp\/v2\/posts\/74565\/revisions\/74567"}],"wp:featuredmedia":[{"embeddable":true,"href":"https:\/\/www.nettali.com\/rest\/wp\/v2\/media\/74566"}],"wp:attachment":[{"href":"https:\/\/www.nettali.com\/rest\/wp\/v2\/media?parent=74565"}],"wp:term":[{"taxonomy":"category","embeddable":true,"href":"https:\/\/www.nettali.com\/rest\/wp\/v2\/categories?post=74565"},{"taxonomy":"post_tag","embeddable":true,"href":"https:\/\/www.nettali.com\/rest\/wp\/v2\/tags?post=74565"}],"curies":[{"name":"wp","href":"https:\/\/api.w.org\/{rel}","templated":true}]}}