{"id":74545,"date":"2021-10-28T09:05:20","date_gmt":"2021-10-28T09:05:20","guid":{"rendered":"https:\/\/www.nettali.com\/?p=74545"},"modified":"2021-10-28T21:37:26","modified_gmt":"2021-10-28T21:37:26","slug":"locales-2002-a-ziguinchor-abdoulaye-balde-pret-pour-la-grande-bataille","status":"publish","type":"post","link":"https:\/\/www.nettali.com\/2021\/10\/28\/locales-2002-a-ziguinchor-abdoulaye-balde-pret-pour-la-grande-bataille\/","title":{"rendered":"LOCALES 2022 \u00c0 ZIGUINCHOR - Abdoulaye Bald\u00e9 pr\u00eat pour \u201cla grande bataille\u2019\u2019"},"content":{"rendered":"<p><strong>NETTALI.COM - Moins de vingt-quatre heures seulement apr\u00e8s le divorce avec Macky Sall, Abdoulaye Bald\u00e9 a r\u00e9v\u00e9l\u00e9 qu\u2019il mettra en place \u201cune grande coalition\u2019\u2019 et a demand\u00e9 \u00e0 ses militants de se tenir pr\u00eats pour \u201cla grande bataille\u2019\u2019.<\/strong><\/p>\n<p>La bataille de Ziguinchor aura bel et bien lieu. En attendant la sortie d\u2019Ousmane Sonko, ce dimanche \u00e0 l\u2019occasion d\u2019un meeting qu\u2019il doit organiser, le maire sortant de la capitale m\u00e9ridionale du pays annonce que la liste de sa coalition dans laquelle figure des responsables de l\u2019opposition et du pouvoir \u201cfera mal au camp d\u2019en face\u2019\u2019. La d\u00e9claration a \u00e9t\u00e9 faite hier, \u00e0 Ziguinchor, en pr\u00e9sence de nombreux militants, mais \u00e9galement de maires de commune acquis \u00e0 sa cause. Cette liste, selon Enqu\u00eate, sera d\u00e9pos\u00e9e, ce jeudi, et les contours de cette coalition seront connus, au plus tard, ce samedi, a r\u00e9v\u00e9l\u00e9 le pr\u00e9sident de l'Union des centristes du S\u00e9n\u00e9gal (UCS) qui a demand\u00e9 \u00e0 ses militants de se tenir pr\u00eats pour la \u201cgrande bataille\u2019.<\/p>\n<p>Abdoulaye Bald\u00e9 a aussi annonc\u00e9 la mise en place d\u2019une \u201cgrande coalition\u2019\u2019. \u201cJe rends gr\u00e2ce \u00e0 Dieu. Des gens ont pleur\u00e9 toute la nuit, suite \u00e0 ma non-reconduction. Je veux leur demander de rendre gr\u00e2ce \u00e0 Dieu. Parce que nous sommes en train de b\u00e2tir une coalition. Et quand tout sera pr\u00eat, \u00e7a va chauffer et tout sera clair\u2019\u2019, a averti le maire de Ziguinchor qui a \u00e9t\u00e9 mis hors-course par Macky Sall au profit de Benoit Sambou et de Seydou San\u00e9, premier adjoint au maire Abdoulaye Bald\u00e9 et pr\u00e9sident du Casa Sport.<\/p>\n<p>L\u2019\u00e9dile de Ziguinchor a, par ailleurs, soulign\u00e9 qu\u2019il y a beaucoup de contrev\u00e9rit\u00e9s \u00e0 propos de sa rencontre avec le pr\u00e9sident de la R\u00e9publique Macky Sall. \u201cLe pr\u00e9sident m'a promis un poste que je devais occuper apr\u00e8s les \u00e9lections. Je ne sais m\u00eame pas quoi c'\u00e9tait. Tout cela n'est pas important. \u00c0 l'heure actuelle, il faut juste savoir que le combat qui nous attend est immense. Et le 23 janvier, nous allons remporter ces \u00e9lections et vous allez savourer cette victoire jusqu'au petit matin\u2019\u2019, a clam\u00e9, haut et fort, Abdoulaye Bald\u00e9 pour expliquer ce qu\u2019il qualifie de \u201ctrahison\u2019\u2019 de la part de Macky Sall.<\/p>\n<p>Selon lui, la mairie est une \u00e9tape fondamentale qui le m\u00e8nera, avec ses militants, \u00e0 la pr\u00e9sidence de la R\u00e9publique. Son seul et unique objectif final.<\/p>\n<div class='share-to-whatsapp-wrapper'><div class='share-on-whsp'>PARTAGER SUR : <\/div><a data-text='LOCALES 2022 \u00c0 ZIGUINCHOR - Abdoulaye Bald\u00e9 pr\u00eat pour \u201cla grande bataille\u2019\u2019' data-link='https:\/\/www.nettali.com\/2021\/10\/28\/locales-2002-a-ziguinchor-abdoulaye-balde-pret-pour-la-grande-bataille\/' class='whatsapp-button whatsapp-share'>WhatsApp<\/a><div class='clear '><\/div><\/div>","protected":false},"excerpt":{"rendered":"<p>NETTALI.COM - Moins de vingt-quatre heures seulement apr\u00e8s le divorce avec Macky Sall, Abdoulaye Bald\u00e9 a r\u00e9v\u00e9l\u00e9 qu\u2019il mettra en place \u201cune grande coalition\u2019\u2019 et a demand\u00e9 \u00e0 ses militants de se tenir pr\u00eats pour \u201cla grande bataille\u2019\u2019. La bataille de Ziguinchor aura bel et bien lieu. En attendant la sortie d\u2019Ousmane Sonko, ce dimanche [&hellip;]<\/p>\n","protected":false},"author":11,"featured_media":17731,"comment_status":"open","ping_status":"open","sticky":false,"template":"","format":"standard","meta":{"_et_pb_use_builder":"","_et_pb_old_content":""},"categories":[2],"tags":[],"yoast_head":"<!-- This site is optimized with the Yoast SEO Premium plugin v17.8 (Yoast SEO v17.8) - https:\/\/yoast.com\/wordpress\/plugins\/seo\/ -->\n<title>LOCALES 2022 \u00c0 ZIGUINCHOR - Abdoulaye Bald\u00e9 pr\u00eat pour \u201cla grande bataille\u2019\u2019 | Nettali.com<\/title>\n<meta name=\"robots\" content=\"index, follow, max-snippet:-1, max-image-preview:large, max-video-preview:-1\" \/>\n<link rel=\"canonical\" href=\"https:\/\/www.nettali.com\/2021\/10\/28\/locales-2002-a-ziguinchor-abdoulaye-balde-pret-pour-la-grande-bataille\/\" \/>\n<meta property=\"og:locale\" content=\"fr_FR\" \/>\n<meta property=\"og:type\" content=\"article\" \/>\n<meta property=\"og:title\" content=\"LOCALES 2022 \u00c0 ZIGUINCHOR - Abdoulaye Bald\u00e9 pr\u00eat pour \u201cla grande bataille\u2019\u2019\" \/>\n<meta property=\"og:description\" content=\"NETTALI.COM - Moins de vingt-quatre heures seulement apr\u00e8s le divorce avec Macky Sall, Abdoulaye Bald\u00e9 a r\u00e9v\u00e9l\u00e9 qu\u2019il mettra en place \u201cune grande coalition\u2019\u2019 et a demand\u00e9 \u00e0 ses militants de se tenir pr\u00eats pour \u201cla grande bataille\u2019\u2019. La bataille de Ziguinchor aura bel et bien lieu. En attendant la sortie d\u2019Ousmane Sonko, ce dimanche [&hellip;]\" \/>\n<meta property=\"og:url\" content=\"https:\/\/www.nettali.com\/2021\/10\/28\/locales-2002-a-ziguinchor-abdoulaye-balde-pret-pour-la-grande-bataille\/\" \/>\n<meta property=\"og:site_name\" content=\"Nettali.com\" \/>\n<meta property=\"article:publisher\" content=\"https:\/\/www.facebook.com\/nettalicom\" \/>\n<meta property=\"article:published_time\" content=\"2021-10-28T09:05:20+00:00\" \/>\n<meta property=\"article:modified_time\" content=\"2021-10-28T21:37:26+00:00\" \/>\n<meta property=\"og:image\" content=\"https:\/\/www.nettali.com\/wp-content\/uploads\/2019\/09\/Abdoulaye-Balde-e1568465329376.jpg\" \/>\n\t<meta property=\"og:image:width\" content=\"600\" \/>\n\t<meta property=\"og:image:height\" content=\"423\" \/>\n<meta name=\"twitter:card\" content=\"summary_large_image\" \/>\n<meta name=\"twitter:label1\" content=\"\u00c9crit par\" \/>\n\t<meta name=\"twitter:data1\" content=\"Thierno Diop\" \/>\n\t<meta name=\"twitter:label2\" content=\"Dur\u00e9e de lecture estim\u00e9e\" \/>\n\t<meta name=\"twitter:data2\" content=\"2 minutes\" \/>\n<script type=\"application\/ld+json\" class=\"yoast-schema-graph\">{\"@context\":\"https:\/\/schema.org\",\"@graph\":[{\"@type\":\"WebSite\",\"@id\":\"https:\/\/www.nettali.com\/#website\",\"url\":\"https:\/\/www.nettali.com\/\",\"name\":\"Nettali.com\",\"description\":\"Le rendez-vous critique du Net\",\"potentialAction\":[{\"@type\":\"SearchAction\",\"target\":{\"@type\":\"EntryPoint\",\"urlTemplate\":\"https:\/\/www.nettali.com\/?s={search_term_string}\"},\"query-input\":\"required name=search_term_string\"}],\"inLanguage\":\"fr-FR\"},{\"@type\":\"ImageObject\",\"@id\":\"https:\/\/www.nettali.com\/2021\/10\/28\/locales-2002-a-ziguinchor-abdoulaye-balde-pret-pour-la-grande-bataille\/#primaryimage\",\"inLanguage\":\"fr-FR\",\"url\":\"https:\/\/www.nettali.com\/wp-content\/uploads\/2019\/09\/Abdoulaye-Balde-e1568465329376.jpg\",\"contentUrl\":\"https:\/\/www.nettali.com\/wp-content\/uploads\/2019\/09\/Abdoulaye-Balde-e1568465329376.jpg\",\"width\":600,\"height\":423},{\"@type\":\"WebPage\",\"@id\":\"https:\/\/www.nettali.com\/2021\/10\/28\/locales-2002-a-ziguinchor-abdoulaye-balde-pret-pour-la-grande-bataille\/#webpage\",\"url\":\"https:\/\/www.nettali.com\/2021\/10\/28\/locales-2002-a-ziguinchor-abdoulaye-balde-pret-pour-la-grande-bataille\/\",\"name\":\"LOCALES 2022 \\u00c0 ZIGUINCHOR - Abdoulaye Bald\\u00e9 pr\\u00eat pour \\u201cla grande bataille\\u2019\\u2019 | Nettali.com\",\"isPartOf\":{\"@id\":\"https:\/\/www.nettali.com\/#website\"},\"primaryImageOfPage\":{\"@id\":\"https:\/\/www.nettali.com\/2021\/10\/28\/locales-2002-a-ziguinchor-abdoulaye-balde-pret-pour-la-grande-bataille\/#primaryimage\"},\"datePublished\":\"2021-10-28T09:05:20+00:00\",\"dateModified\":\"2021-10-28T21:37:26+00:00\",\"author\":{\"@id\":\"https:\/\/www.nettali.com\/#\/schema\/person\/8a06c6bd7b19304cf4bf985862900b5b\"},\"breadcrumb\":{\"@id\":\"https:\/\/www.nettali.com\/2021\/10\/28\/locales-2002-a-ziguinchor-abdoulaye-balde-pret-pour-la-grande-bataille\/#breadcrumb\"},\"inLanguage\":\"fr-FR\",\"potentialAction\":[{\"@type\":\"ReadAction\",\"target\":[\"https:\/\/www.nettali.com\/2021\/10\/28\/locales-2002-a-ziguinchor-abdoulaye-balde-pret-pour-la-grande-bataille\/\"]}]},{\"@type\":\"BreadcrumbList\",\"@id\":\"https:\/\/www.nettali.com\/2021\/10\/28\/locales-2002-a-ziguinchor-abdoulaye-balde-pret-pour-la-grande-bataille\/#breadcrumb\",\"itemListElement\":[{\"@type\":\"ListItem\",\"position\":1,\"name\":\"Accueil\",\"item\":\"https:\/\/www.nettali.com\/\"},{\"@type\":\"ListItem\",\"position\":2,\"name\":\"LOCALES 2022 \\u00c0 ZIGUINCHOR &#8211; Abdoulaye Bald\\u00e9 pr\\u00eat pour \\u201cla grande bataille\\u2019\\u2019\"}]},{\"@type\":\"Person\",\"@id\":\"https:\/\/www.nettali.com\/#\/schema\/person\/8a06c6bd7b19304cf4bf985862900b5b\",\"name\":\"Thierno Diop\",\"image\":{\"@type\":\"ImageObject\",\"@id\":\"https:\/\/www.nettali.com\/#personlogo\",\"inLanguage\":\"fr-FR\",\"url\":\"https:\/\/secure.gravatar.com\/avatar\/c8ca58550c94fd2ac856d27391a6c866?s=96&d=mm&r=g\",\"contentUrl\":\"https:\/\/secure.gravatar.com\/avatar\/c8ca58550c94fd2ac856d27391a6c866?s=96&d=mm&r=g\",\"caption\":\"Thierno Diop\"},\"sameAs\":[\"https:\/\/nettali.com\"]}]}<\/script>\n<!-- \/ Yoast SEO Premium plugin. -->","yoast_head_json":{"title":"LOCALES 2022 \u00c0 ZIGUINCHOR - Abdoulaye Bald\u00e9 pr\u00eat pour \u201cla grande bataille\u2019\u2019 | Nettali.com","robots":{"index":"index","follow":"follow","max-snippet":"max-snippet:-1","max-image-preview":"max-image-preview:large","max-video-preview":"max-video-preview:-1"},"canonical":"https:\/\/www.nettali.com\/2021\/10\/28\/locales-2002-a-ziguinchor-abdoulaye-balde-pret-pour-la-grande-bataille\/","og_locale":"fr_FR","og_type":"article","og_title":"LOCALES 2022 \u00c0 ZIGUINCHOR - Abdoulaye Bald\u00e9 pr\u00eat pour \u201cla grande bataille\u2019\u2019","og_description":"NETTALI.COM - Moins de vingt-quatre heures seulement apr\u00e8s le divorce avec Macky Sall, Abdoulaye Bald\u00e9 a r\u00e9v\u00e9l\u00e9 qu\u2019il mettra en place \u201cune grande coalition\u2019\u2019 et a demand\u00e9 \u00e0 ses militants de se tenir pr\u00eats pour \u201cla grande bataille\u2019\u2019. La bataille de Ziguinchor aura bel et bien lieu. En attendant la sortie d\u2019Ousmane Sonko, ce dimanche [&hellip;]","og_url":"https:\/\/www.nettali.com\/2021\/10\/28\/locales-2002-a-ziguinchor-abdoulaye-balde-pret-pour-la-grande-bataille\/","og_site_name":"Nettali.com","article_publisher":"https:\/\/www.facebook.com\/nettalicom","article_published_time":"2021-10-28T09:05:20+00:00","article_modified_time":"2021-10-28T21:37:26+00:00","og_image":[{"width":600,"height":423,"url":"https:\/\/www.nettali.com\/wp-content\/uploads\/2019\/09\/Abdoulaye-Balde-e1568465329376.jpg","type":"image\/jpeg"}],"twitter_card":"summary_large_image","twitter_misc":{"\u00c9crit par":"Thierno Diop","Dur\u00e9e de lecture estim\u00e9e":"2 minutes"},"schema":{"@context":"https:\/\/schema.org","@graph":[{"@type":"WebSite","@id":"https:\/\/www.nettali.com\/#website","url":"https:\/\/www.nettali.com\/","name":"Nettali.com","description":"Le rendez-vous critique du Net","potentialAction":[{"@type":"SearchAction","target":{"@type":"EntryPoint","urlTemplate":"https:\/\/www.nettali.com\/?s={search_term_string}"},"query-input":"required name=search_term_string"}],"inLanguage":"fr-FR"},{"@type":"ImageObject","@id":"https:\/\/www.nettali.com\/2021\/10\/28\/locales-2002-a-ziguinchor-abdoulaye-balde-pret-pour-la-grande-bataille\/#primaryimage","inLanguage":"fr-FR","url":"https:\/\/www.nettali.com\/wp-content\/uploads\/2019\/09\/Abdoulaye-Balde-e1568465329376.jpg","contentUrl":"https:\/\/www.nettali.com\/wp-content\/uploads\/2019\/09\/Abdoulaye-Balde-e1568465329376.jpg","width":600,"height":423},{"@type":"WebPage","@id":"https:\/\/www.nettali.com\/2021\/10\/28\/locales-2002-a-ziguinchor-abdoulaye-balde-pret-pour-la-grande-bataille\/#webpage","url":"https:\/\/www.nettali.com\/2021\/10\/28\/locales-2002-a-ziguinchor-abdoulaye-balde-pret-pour-la-grande-bataille\/","name":"LOCALES 2022 \u00c0 ZIGUINCHOR - Abdoulaye Bald\u00e9 pr\u00eat pour \u201cla grande bataille\u2019\u2019 | Nettali.com","isPartOf":{"@id":"https:\/\/www.nettali.com\/#website"},"primaryImageOfPage":{"@id":"https:\/\/www.nettali.com\/2021\/10\/28\/locales-2002-a-ziguinchor-abdoulaye-balde-pret-pour-la-grande-bataille\/#primaryimage"},"datePublished":"2021-10-28T09:05:20+00:00","dateModified":"2021-10-28T21:37:26+00:00","author":{"@id":"https:\/\/www.nettali.com\/#\/schema\/person\/8a06c6bd7b19304cf4bf985862900b5b"},"breadcrumb":{"@id":"https:\/\/www.nettali.com\/2021\/10\/28\/locales-2002-a-ziguinchor-abdoulaye-balde-pret-pour-la-grande-bataille\/#breadcrumb"},"inLanguage":"fr-FR","potentialAction":[{"@type":"ReadAction","target":["https:\/\/www.nettali.com\/2021\/10\/28\/locales-2002-a-ziguinchor-abdoulaye-balde-pret-pour-la-grande-bataille\/"]}]},{"@type":"BreadcrumbList","@id":"https:\/\/www.nettali.com\/2021\/10\/28\/locales-2002-a-ziguinchor-abdoulaye-balde-pret-pour-la-grande-bataille\/#breadcrumb","itemListElement":[{"@type":"ListItem","position":1,"name":"Accueil","item":"https:\/\/www.nettali.com\/"},{"@type":"ListItem","position":2,"name":"LOCALES 2022 \u00c0 ZIGUINCHOR &#8211; Abdoulaye Bald\u00e9 pr\u00eat pour \u201cla grande bataille\u2019\u2019"}]},{"@type":"Person","@id":"https:\/\/www.nettali.com\/#\/schema\/person\/8a06c6bd7b19304cf4bf985862900b5b","name":"Thierno Diop","image":{"@type":"ImageObject","@id":"https:\/\/www.nettali.com\/#personlogo","inLanguage":"fr-FR","url":"https:\/\/secure.gravatar.com\/avatar\/c8ca58550c94fd2ac856d27391a6c866?s=96&d=mm&r=g","contentUrl":"https:\/\/secure.gravatar.com\/avatar\/c8ca58550c94fd2ac856d27391a6c866?s=96&d=mm&r=g","caption":"Thierno Diop"},"sameAs":["https:\/\/nettali.com"]}]}},"_links":{"self":[{"href":"https:\/\/www.nettali.com\/rest\/wp\/v2\/posts\/74545"}],"collection":[{"href":"https:\/\/www.nettali.com\/rest\/wp\/v2\/posts"}],"about":[{"href":"https:\/\/www.nettali.com\/rest\/wp\/v2\/types\/post"}],"author":[{"embeddable":true,"href":"https:\/\/www.nettali.com\/rest\/wp\/v2\/users\/11"}],"replies":[{"embeddable":true,"href":"https:\/\/www.nettali.com\/rest\/wp\/v2\/comments?post=74545"}],"version-history":[{"count":2,"href":"https:\/\/www.nettali.com\/rest\/wp\/v2\/posts\/74545\/revisions"}],"predecessor-version":[{"id":74578,"href":"https:\/\/www.nettali.com\/rest\/wp\/v2\/posts\/74545\/revisions\/74578"}],"wp:featuredmedia":[{"embeddable":true,"href":"https:\/\/www.nettali.com\/rest\/wp\/v2\/media\/17731"}],"wp:attachment":[{"href":"https:\/\/www.nettali.com\/rest\/wp\/v2\/media?parent=74545"}],"wp:term":[{"taxonomy":"category","embeddable":true,"href":"https:\/\/www.nettali.com\/rest\/wp\/v2\/categories?post=74545"},{"taxonomy":"post_tag","embeddable":true,"href":"https:\/\/www.nettali.com\/rest\/wp\/v2\/tags?post=74545"}],"curies":[{"name":"wp","href":"https:\/\/api.w.org\/{rel}","templated":true}]}}