{"id":74535,"date":"2021-10-28T01:46:04","date_gmt":"2021-10-28T01:46:04","guid":{"rendered":"https:\/\/www.nettali.com\/?p=74535"},"modified":"2021-10-28T01:50:05","modified_gmt":"2021-10-28T01:50:05","slug":"benin-le-senegalais-boubacar-camara-nomme-n2-des-douanes","status":"publish","type":"post","link":"https:\/\/www.nettali.com\/2021\/10\/28\/benin-le-senegalais-boubacar-camara-nomme-n2-des-douanes\/","title":{"rendered":"BENIN \u2013 Le S\u00e9n\u00e9galais Boubacar Camara nomm\u00e9 n\u00b02 des Douanes"},"content":{"rendered":"<p><strong>NETTALI.COM \u2013 Il est S\u00e9n\u00e9galais, mais il est d\u00e9sormais le Directeur g\u00e9n\u00e9ral adjoint des Douanes du B\u00e9nin. Lui, c\u2019est Boubacar Camara dont la nomination par le Pr\u00e9sident Patrice Talon a \u00e9t\u00e9 annonc\u00e9e mercredi en Conseil des ministres. Au B\u00e9nin, le site d\u2019informations Beninwebtv.com a tent\u00e9 de dresser le portrait du nouveau n\u00b02 des douanes b\u00e9ninoises. <\/strong><\/p>\n<p><strong>\u00a0<\/strong><\/p>\n<p>Docteur en droit, Inspecteur g\u00e9n\u00e9ral d\u2019Etat en retraite anticip\u00e9e sur sa demande, ancien Directeur g\u00e9n\u00e9ral des Douanes du S\u00e9n\u00e9gal, avocat au Barreau de Paris en omission volontaire, expert maritime, ancien Secr\u00e9taire g\u00e9n\u00e9ral du Minist\u00e8re de la Coop\u00e9ration internationale, des Infrastructures, des Transports a\u00e9riens et de l\u2019Energie et ancien Pr\u00e9sident du Conseil d\u2019Administration de SOCOCIM Industries, Boubacar Camara dirige le Cabinet Carex sp\u00e9cialis\u00e9 en Douane, Commerce international et Partenariat public-priv\u00e9. N\u00e9 le 26 juin 1958 \u00e0 Dakar, il a grandi entre la Sicap rue 10 et la banlieue dakaroise, \u00e0\u00a0<strong>Grand Yoff<\/strong>. Il est dipl\u00f4m\u00e9 de l\u2019\u00c9cole nationale de Formation maritime de Dakar avant de rejoindre la\u00a0<strong>Marine nationale<\/strong>. Il fut soldat de 2\u00e8me classe. En mai 2005, il est dipl\u00f4me de l\u2019Universit\u00e9 Pierre Mend\u00e8s France de Grenoble et y soutient sa th\u00e8se de doctorat en droit avec la mention \"Tr\u00e8s honorable avec f\u00e9licitations du jury et autorisation de reproduction\" sur \"Le Contentieux douanier au S\u00e9n\u00e9gal : R\u00e9flexions sur la place du juge dans le traitement des infractions\". L\u2019ouvrage fut publi\u00e9 en d\u00e9cembre 2005.<\/p>\n<p>Le nouveau Directeur g\u00e9n\u00e9ral adjoint des Douanes du B\u00e9nin est aussi dipl\u00f4m\u00e9 de l\u2019Ecole de Formation du Barreau \u00e0 Paris o\u00f9 il a obtenu le certificat d\u2019aptitude \u00e0 la profession d\u2019avocat en octobre 2008 et inspection G\u00e9n\u00e9rale d\u2019Etat (Ordre des Experts Maritime et Cargaisons).<\/p>\n<p><strong>\u00a0<\/strong><\/p>\n<p><strong>Parcours professionnel<\/strong><\/p>\n<p>Boubacar Camara est Pr\u00e9sident du Conseil d\u2019administration de Sococim Industries, soci\u00e9t\u00e9 du Groupe Vicat et fleuron de l\u2019industrie cimenti\u00e8re en Afrique de l\u2019Ouest. A la faveur de l\u2019acquisition par la Douane s\u00e9n\u00e9galaise de deux patrouilleurs de surveillance maritime, le Diambar et le Dialor\u00e9, Monsieur Camara se pr\u00e9sente au concours des agents brevet\u00e9s des Douanes. Il fut admis major et devient commandant de navire, avant d\u2019\u00eatre nomm\u00e9 Chef de la Brigade de Haute mer \u00e0 la fin de sa formation de contr\u00f4leur \u00e0 l\u2019\u00c9cole des Douanes. En 1991, il obtient une ma\u00eetrise de droit public option administration, un DEA g\u00e9n\u00e9ral de droit public en 1992 et un DEAS d\u2019enseignement en 1995. Il est agr\u00e9\u00e9 comme expert maritime cargaison en novembre 1994. Il obtient ensuite le Brevet de l\u2019\u00c9cole nationale d\u2019administration et de magistrature (Enam) en qualit\u00e9 d\u2019Inspecteur des douanes, et en sort comme major de promotion. Apr\u00e8s la surveillance maritime douani\u00e8re, il est nomm\u00e9 successivement Chef de visite du Bureau de la Zone Franche Industrielle, v\u00e9rificateur des op\u00e9rations commerciales au Bureau des douanes de l\u2019a\u00e9roport international L\u00e9opold S\u00e9dar Senghor, v\u00e9rificateur au bureau de la valeur en douane et secr\u00e9taire permanent de la Mutuelle des Douanes.<\/p>\n<p>Bien au fait des technologies de l\u2019Information et de la Communication et ma\u00eetrisant les proc\u00e9dures douani\u00e8res, il participe, dans le cadre du Trade Point S\u00e9n\u00e9gal, \u00e0 la conception de l\u2019application de collecte \u00e9lectronique des documents, le syst\u00e8me Orbus 2000, compl\u00e9ment du syst\u00e8me Ga\u00efnd\u00e9 2000 qui ont valu \u00e0 la Douane s\u00e9n\u00e9galaise des performances remarquables.<\/p>\n<p>En f\u00e9vrier 2000, il est major de sa promotion au concours de l\u2019Inspection g\u00e9n\u00e9rale d\u2019\u00c9tat. Il est nomm\u00e9 Directeur g\u00e9n\u00e9ral des Douanes en mai 2000. Son passage \u00e0 la Douane s\u00e9n\u00e9galaise laisse le souvenir de profondes r\u00e9formes pour la modernisation et d\u2019un engagement pour la promotion de l\u2019\u00e9thique. En 2006, il obtient une disponibilit\u00e9 et se lance dans la consultation dans le domaine douanier et du commerce international. Il parcourt de nombreux pays africains pour partager son exp\u00e9rience.<\/p>\n<p>Inscrit au Barreau en France comme avocat \u00e0 la Cour d\u2019appel de Paris, il se d\u00e9place constamment au S\u00e9n\u00e9gal et en Afrique. En mai 2009, il est appel\u00e9 comme secr\u00e9taire g\u00e9n\u00e9ral du Minist\u00e8re de la Coop\u00e9ration internationale, des Transports a\u00e9riens, des Infrastructures et de l\u2019\u00c9nergie de R\u00e9publique du S\u00e9n\u00e9gal. En mai 2011, il est d\u00e9sign\u00e9 Pr\u00e9sident du Conseil d\u2019administration de la compagnie a\u00e9rienne S\u00e9n\u00e9gal Airlines comme repr\u00e9sentant du minist\u00e8re de tutelle. En juin 2012, il reprend une disponibilit\u00e9 pour activit\u00e9 priv\u00e9e et monte un cabinet de consultation. Il conseille de grands groupes internationaux et des pays africains dans les domaines de l\u2019\u00e9nergie solaire, des hydrocarbures, du partenariat public priv\u00e9, de la douane et du commerce international. Boubacar Camara a pris une retraite anticip\u00e9e de l\u2019inspection g\u00e9n\u00e9rale d\u2019\u00c9tat, sur sa demande, depuis le 1<sup>er<\/sup> juin 2015.<\/p>\n<p>&nbsp;<\/p>\n<div class='share-to-whatsapp-wrapper'><div class='share-on-whsp'>PARTAGER SUR : <\/div><a data-text='BENIN \u2013 Le S\u00e9n\u00e9galais Boubacar Camara nomm\u00e9 n\u00b02 des Douanes' data-link='https:\/\/www.nettali.com\/2021\/10\/28\/benin-le-senegalais-boubacar-camara-nomme-n2-des-douanes\/' class='whatsapp-button whatsapp-share'>WhatsApp<\/a><div class='clear '><\/div><\/div>","protected":false},"excerpt":{"rendered":"<p>NETTALI.COM \u2013 Il est S\u00e9n\u00e9galais, mais il est d\u00e9sormais le Directeur g\u00e9n\u00e9ral adjoint des Douanes du B\u00e9nin. Lui, c\u2019est Boubacar Camara dont la nomination par le Pr\u00e9sident Patrice Talon a \u00e9t\u00e9 annonc\u00e9e mercredi en Conseil des ministres. Au B\u00e9nin, le site d\u2019informations Beninwebtv.com a tent\u00e9 de dresser le portrait du nouveau n\u00b02 des douanes b\u00e9ninoises. [&hellip;]<\/p>\n","protected":false},"author":3,"featured_media":74536,"comment_status":"open","ping_status":"open","sticky":false,"template":"","format":"standard","meta":{"_et_pb_use_builder":"","_et_pb_old_content":""},"categories":[4],"tags":[],"yoast_head":"<!-- This site is optimized with the Yoast SEO Premium plugin v17.8 (Yoast SEO v17.8) - https:\/\/yoast.com\/wordpress\/plugins\/seo\/ -->\n<title>BENIN \u2013 Le S\u00e9n\u00e9galais Boubacar Camara nomm\u00e9 n\u00b02 des Douanes | Nettali.com<\/title>\n<meta name=\"robots\" content=\"index, follow, max-snippet:-1, max-image-preview:large, max-video-preview:-1\" \/>\n<link rel=\"canonical\" href=\"https:\/\/www.nettali.com\/2021\/10\/28\/benin-le-senegalais-boubacar-camara-nomme-n2-des-douanes\/\" \/>\n<meta property=\"og:locale\" content=\"fr_FR\" \/>\n<meta property=\"og:type\" content=\"article\" \/>\n<meta property=\"og:title\" content=\"BENIN \u2013 Le S\u00e9n\u00e9galais Boubacar Camara nomm\u00e9 n\u00b02 des Douanes\" \/>\n<meta property=\"og:description\" content=\"NETTALI.COM \u2013 Il est S\u00e9n\u00e9galais, mais il est d\u00e9sormais le Directeur g\u00e9n\u00e9ral adjoint des Douanes du B\u00e9nin. Lui, c\u2019est Boubacar Camara dont la nomination par le Pr\u00e9sident Patrice Talon a \u00e9t\u00e9 annonc\u00e9e mercredi en Conseil des ministres. Au B\u00e9nin, le site d\u2019informations Beninwebtv.com a tent\u00e9 de dresser le portrait du nouveau n\u00b02 des douanes b\u00e9ninoises. [&hellip;]\" \/>\n<meta property=\"og:url\" content=\"https:\/\/www.nettali.com\/2021\/10\/28\/benin-le-senegalais-boubacar-camara-nomme-n2-des-douanes\/\" \/>\n<meta property=\"og:site_name\" content=\"Nettali.com\" \/>\n<meta property=\"article:publisher\" content=\"https:\/\/www.facebook.com\/nettalicom\" \/>\n<meta property=\"article:published_time\" content=\"2021-10-28T01:46:04+00:00\" \/>\n<meta property=\"article:modified_time\" content=\"2021-10-28T01:50:05+00:00\" \/>\n<meta property=\"og:image\" content=\"https:\/\/www.nettali.com\/wp-content\/uploads\/2021\/10\/boubacar-camara.jpg\" \/>\n\t<meta property=\"og:image:width\" content=\"671\" \/>\n\t<meta property=\"og:image:height\" content=\"448\" \/>\n<meta name=\"twitter:card\" content=\"summary_large_image\" \/>\n<meta name=\"twitter:label1\" content=\"\u00c9crit par\" \/>\n\t<meta name=\"twitter:data1\" content=\"Moustapha\" \/>\n\t<meta name=\"twitter:label2\" content=\"Dur\u00e9e de lecture estim\u00e9e\" \/>\n\t<meta name=\"twitter:data2\" content=\"4 minutes\" \/>\n<script type=\"application\/ld+json\" class=\"yoast-schema-graph\">{\"@context\":\"https:\/\/schema.org\",\"@graph\":[{\"@type\":\"WebSite\",\"@id\":\"https:\/\/www.nettali.com\/#website\",\"url\":\"https:\/\/www.nettali.com\/\",\"name\":\"Nettali.com\",\"description\":\"Le rendez-vous critique du Net\",\"potentialAction\":[{\"@type\":\"SearchAction\",\"target\":{\"@type\":\"EntryPoint\",\"urlTemplate\":\"https:\/\/www.nettali.com\/?s={search_term_string}\"},\"query-input\":\"required name=search_term_string\"}],\"inLanguage\":\"fr-FR\"},{\"@type\":\"ImageObject\",\"@id\":\"https:\/\/www.nettali.com\/2021\/10\/28\/benin-le-senegalais-boubacar-camara-nomme-n2-des-douanes\/#primaryimage\",\"inLanguage\":\"fr-FR\",\"url\":\"https:\/\/www.nettali.com\/wp-content\/uploads\/2021\/10\/boubacar-camara.jpg\",\"contentUrl\":\"https:\/\/www.nettali.com\/wp-content\/uploads\/2021\/10\/boubacar-camara.jpg\",\"width\":671,\"height\":448},{\"@type\":\"WebPage\",\"@id\":\"https:\/\/www.nettali.com\/2021\/10\/28\/benin-le-senegalais-boubacar-camara-nomme-n2-des-douanes\/#webpage\",\"url\":\"https:\/\/www.nettali.com\/2021\/10\/28\/benin-le-senegalais-boubacar-camara-nomme-n2-des-douanes\/\",\"name\":\"BENIN \\u2013 Le S\\u00e9n\\u00e9galais Boubacar Camara nomm\\u00e9 n\\u00b02 des Douanes | Nettali.com\",\"isPartOf\":{\"@id\":\"https:\/\/www.nettali.com\/#website\"},\"primaryImageOfPage\":{\"@id\":\"https:\/\/www.nettali.com\/2021\/10\/28\/benin-le-senegalais-boubacar-camara-nomme-n2-des-douanes\/#primaryimage\"},\"datePublished\":\"2021-10-28T01:46:04+00:00\",\"dateModified\":\"2021-10-28T01:50:05+00:00\",\"author\":{\"@id\":\"https:\/\/www.nettali.com\/#\/schema\/person\/7962a12a6e0267f88f0ffa544c36469a\"},\"breadcrumb\":{\"@id\":\"https:\/\/www.nettali.com\/2021\/10\/28\/benin-le-senegalais-boubacar-camara-nomme-n2-des-douanes\/#breadcrumb\"},\"inLanguage\":\"fr-FR\",\"potentialAction\":[{\"@type\":\"ReadAction\",\"target\":[\"https:\/\/www.nettali.com\/2021\/10\/28\/benin-le-senegalais-boubacar-camara-nomme-n2-des-douanes\/\"]}]},{\"@type\":\"BreadcrumbList\",\"@id\":\"https:\/\/www.nettali.com\/2021\/10\/28\/benin-le-senegalais-boubacar-camara-nomme-n2-des-douanes\/#breadcrumb\",\"itemListElement\":[{\"@type\":\"ListItem\",\"position\":1,\"name\":\"Accueil\",\"item\":\"https:\/\/www.nettali.com\/\"},{\"@type\":\"ListItem\",\"position\":2,\"name\":\"BENIN \\u2013 Le S\\u00e9n\\u00e9galais Boubacar Camara nomm\\u00e9 n\\u00b02 des Douanes\"}]},{\"@type\":\"Person\",\"@id\":\"https:\/\/www.nettali.com\/#\/schema\/person\/7962a12a6e0267f88f0ffa544c36469a\",\"name\":\"Moustapha\",\"image\":{\"@type\":\"ImageObject\",\"@id\":\"https:\/\/www.nettali.com\/#personlogo\",\"inLanguage\":\"fr-FR\",\"url\":\"https:\/\/secure.gravatar.com\/avatar\/10fdf6a071cccdcf374e3dbe45159590?s=96&d=mm&r=g\",\"contentUrl\":\"https:\/\/secure.gravatar.com\/avatar\/10fdf6a071cccdcf374e3dbe45159590?s=96&d=mm&r=g\",\"caption\":\"Moustapha\"},\"sameAs\":[\"https:\/\/www.nettali.com\"]}]}<\/script>\n<!-- \/ Yoast SEO Premium plugin. -->","yoast_head_json":{"title":"BENIN \u2013 Le S\u00e9n\u00e9galais Boubacar Camara nomm\u00e9 n\u00b02 des Douanes | Nettali.com","robots":{"index":"index","follow":"follow","max-snippet":"max-snippet:-1","max-image-preview":"max-image-preview:large","max-video-preview":"max-video-preview:-1"},"canonical":"https:\/\/www.nettali.com\/2021\/10\/28\/benin-le-senegalais-boubacar-camara-nomme-n2-des-douanes\/","og_locale":"fr_FR","og_type":"article","og_title":"BENIN \u2013 Le S\u00e9n\u00e9galais Boubacar Camara nomm\u00e9 n\u00b02 des Douanes","og_description":"NETTALI.COM \u2013 Il est S\u00e9n\u00e9galais, mais il est d\u00e9sormais le Directeur g\u00e9n\u00e9ral adjoint des Douanes du B\u00e9nin. Lui, c\u2019est Boubacar Camara dont la nomination par le Pr\u00e9sident Patrice Talon a \u00e9t\u00e9 annonc\u00e9e mercredi en Conseil des ministres. Au B\u00e9nin, le site d\u2019informations Beninwebtv.com a tent\u00e9 de dresser le portrait du nouveau n\u00b02 des douanes b\u00e9ninoises. [&hellip;]","og_url":"https:\/\/www.nettali.com\/2021\/10\/28\/benin-le-senegalais-boubacar-camara-nomme-n2-des-douanes\/","og_site_name":"Nettali.com","article_publisher":"https:\/\/www.facebook.com\/nettalicom","article_published_time":"2021-10-28T01:46:04+00:00","article_modified_time":"2021-10-28T01:50:05+00:00","og_image":[{"width":671,"height":448,"url":"https:\/\/www.nettali.com\/wp-content\/uploads\/2021\/10\/boubacar-camara.jpg","type":"image\/jpeg"}],"twitter_card":"summary_large_image","twitter_misc":{"\u00c9crit par":"Moustapha","Dur\u00e9e de lecture estim\u00e9e":"4 minutes"},"schema":{"@context":"https:\/\/schema.org","@graph":[{"@type":"WebSite","@id":"https:\/\/www.nettali.com\/#website","url":"https:\/\/www.nettali.com\/","name":"Nettali.com","description":"Le rendez-vous critique du Net","potentialAction":[{"@type":"SearchAction","target":{"@type":"EntryPoint","urlTemplate":"https:\/\/www.nettali.com\/?s={search_term_string}"},"query-input":"required name=search_term_string"}],"inLanguage":"fr-FR"},{"@type":"ImageObject","@id":"https:\/\/www.nettali.com\/2021\/10\/28\/benin-le-senegalais-boubacar-camara-nomme-n2-des-douanes\/#primaryimage","inLanguage":"fr-FR","url":"https:\/\/www.nettali.com\/wp-content\/uploads\/2021\/10\/boubacar-camara.jpg","contentUrl":"https:\/\/www.nettali.com\/wp-content\/uploads\/2021\/10\/boubacar-camara.jpg","width":671,"height":448},{"@type":"WebPage","@id":"https:\/\/www.nettali.com\/2021\/10\/28\/benin-le-senegalais-boubacar-camara-nomme-n2-des-douanes\/#webpage","url":"https:\/\/www.nettali.com\/2021\/10\/28\/benin-le-senegalais-boubacar-camara-nomme-n2-des-douanes\/","name":"BENIN \u2013 Le S\u00e9n\u00e9galais Boubacar Camara nomm\u00e9 n\u00b02 des Douanes | Nettali.com","isPartOf":{"@id":"https:\/\/www.nettali.com\/#website"},"primaryImageOfPage":{"@id":"https:\/\/www.nettali.com\/2021\/10\/28\/benin-le-senegalais-boubacar-camara-nomme-n2-des-douanes\/#primaryimage"},"datePublished":"2021-10-28T01:46:04+00:00","dateModified":"2021-10-28T01:50:05+00:00","author":{"@id":"https:\/\/www.nettali.com\/#\/schema\/person\/7962a12a6e0267f88f0ffa544c36469a"},"breadcrumb":{"@id":"https:\/\/www.nettali.com\/2021\/10\/28\/benin-le-senegalais-boubacar-camara-nomme-n2-des-douanes\/#breadcrumb"},"inLanguage":"fr-FR","potentialAction":[{"@type":"ReadAction","target":["https:\/\/www.nettali.com\/2021\/10\/28\/benin-le-senegalais-boubacar-camara-nomme-n2-des-douanes\/"]}]},{"@type":"BreadcrumbList","@id":"https:\/\/www.nettali.com\/2021\/10\/28\/benin-le-senegalais-boubacar-camara-nomme-n2-des-douanes\/#breadcrumb","itemListElement":[{"@type":"ListItem","position":1,"name":"Accueil","item":"https:\/\/www.nettali.com\/"},{"@type":"ListItem","position":2,"name":"BENIN \u2013 Le S\u00e9n\u00e9galais Boubacar Camara nomm\u00e9 n\u00b02 des Douanes"}]},{"@type":"Person","@id":"https:\/\/www.nettali.com\/#\/schema\/person\/7962a12a6e0267f88f0ffa544c36469a","name":"Moustapha","image":{"@type":"ImageObject","@id":"https:\/\/www.nettali.com\/#personlogo","inLanguage":"fr-FR","url":"https:\/\/secure.gravatar.com\/avatar\/10fdf6a071cccdcf374e3dbe45159590?s=96&d=mm&r=g","contentUrl":"https:\/\/secure.gravatar.com\/avatar\/10fdf6a071cccdcf374e3dbe45159590?s=96&d=mm&r=g","caption":"Moustapha"},"sameAs":["https:\/\/www.nettali.com"]}]}},"_links":{"self":[{"href":"https:\/\/www.nettali.com\/rest\/wp\/v2\/posts\/74535"}],"collection":[{"href":"https:\/\/www.nettali.com\/rest\/wp\/v2\/posts"}],"about":[{"href":"https:\/\/www.nettali.com\/rest\/wp\/v2\/types\/post"}],"author":[{"embeddable":true,"href":"https:\/\/www.nettali.com\/rest\/wp\/v2\/users\/3"}],"replies":[{"embeddable":true,"href":"https:\/\/www.nettali.com\/rest\/wp\/v2\/comments?post=74535"}],"version-history":[{"count":2,"href":"https:\/\/www.nettali.com\/rest\/wp\/v2\/posts\/74535\/revisions"}],"predecessor-version":[{"id":74538,"href":"https:\/\/www.nettali.com\/rest\/wp\/v2\/posts\/74535\/revisions\/74538"}],"wp:featuredmedia":[{"embeddable":true,"href":"https:\/\/www.nettali.com\/rest\/wp\/v2\/media\/74536"}],"wp:attachment":[{"href":"https:\/\/www.nettali.com\/rest\/wp\/v2\/media?parent=74535"}],"wp:term":[{"taxonomy":"category","embeddable":true,"href":"https:\/\/www.nettali.com\/rest\/wp\/v2\/categories?post=74535"},{"taxonomy":"post_tag","embeddable":true,"href":"https:\/\/www.nettali.com\/rest\/wp\/v2\/tags?post=74535"}],"curies":[{"name":"wp","href":"https:\/\/api.w.org\/{rel}","templated":true}]}}