{"id":74514,"date":"2021-10-27T19:28:21","date_gmt":"2021-10-27T19:28:21","guid":{"rendered":"https:\/\/www.nettali.com\/?p=74514"},"modified":"2021-10-28T09:07:17","modified_gmt":"2021-10-28T09:07:17","slug":"ville-de-dakar-des-conseillers-municipaux-a-la-rescousse-de-wardini","status":"publish","type":"post","link":"https:\/\/www.nettali.com\/2021\/10\/27\/ville-de-dakar-des-conseillers-municipaux-a-la-rescousse-de-wardini\/","title":{"rendered":"VILLE DE DAKAR \u2013 Des conseillers municipaux \u00e0 la rescousse de Wardini"},"content":{"rendered":"<p><strong>NETTALI.COM - Des conseillers municipaux de Taxawu Dakar signent une motion de soutien en faveur de la maire Soham El Wardini, d\u00e9fi\u00e9e par Barthelemy Dias.<\/strong><\/p>\n<p>La pol\u00e9mique enfle toujours au sein de Taxawu Dakar. Apr\u00e8s que le camp de Barth\u00e9l\u00e9my Dias a r\u00e9affirm\u00e9 hier la candidature du maire de Mermoz-Sacr\u00e9-C\u0153ur, un groupe de conseillers municipaux de Taxawu Dakar, a, ce mardi, apport\u00e9 son soutien\u00a0 \u00e0 la maire Soham El Wardini.<\/p>\n<p>Ont assist\u00e9 \u00e0 cette rencontre ouverte \u00e0 la presse les conseillers municipaux Nafissatou Wade, conseill\u00e8re municipale aux Hlm, Fatou Kin\u00e9 Niang, Aby Mengua, conseill\u00e8re municipale \u00e0 la M\u00e9dina, Ibrahima Diam\u00e9 de la Patte \u00a0d\u2019Oie, Aminata Diallo, conseill\u00e8re municipale \u00e0 Grand-Yoff, Aminata Ndiaye, Parcelles Assainies, Abdou Birahim Diop, directeur du d\u00e9veloppement urbain de la ville de Dakar, Abdoulaye Badiane et d'autres \u00a0conseillers municipaux qui ont tous manifest\u00e9 leur d\u00e9sir de soutenir la continuit\u00e9 avec le maire Soham El Wardini.<\/p>\n<p>Depuis quelque temps, une gu\u00e9guerre s\u2019est install\u00e9e au sein de Taxawu S\u00e9n\u00e9gal engag\u00e9e dans une autre grande coalition (Yewwi Askan Wi) dans la reconqu\u00eate de la capitale s\u00e9n\u00e9galaise. Cette municipalit\u00e9, g\u00e9r\u00e9e par int\u00e9rim, depuis 2018, par la progressiste Soham El Wardini, est aujourd\u2019hui convoit\u00e9e par un autre responsable, en la personne de Barth\u00e9l\u00e9my Dias. De ce fait, des membres de la coalition ne parlent plus le m\u00eame langage<\/p>\n<div class='share-to-whatsapp-wrapper'><div class='share-on-whsp'>PARTAGER SUR : <\/div><a data-text='VILLE DE DAKAR \u2013 Des conseillers municipaux \u00e0 la rescousse de Wardini' data-link='https:\/\/www.nettali.com\/2021\/10\/27\/ville-de-dakar-des-conseillers-municipaux-a-la-rescousse-de-wardini\/' class='whatsapp-button whatsapp-share'>WhatsApp<\/a><div class='clear '><\/div><\/div>","protected":false},"excerpt":{"rendered":"<p>NETTALI.COM - Des conseillers municipaux de Taxawu Dakar signent une motion de soutien en faveur de la maire Soham El Wardini, d\u00e9fi\u00e9e par Barthelemy Dias. La pol\u00e9mique enfle toujours au sein de Taxawu Dakar. Apr\u00e8s que le camp de Barth\u00e9l\u00e9my Dias a r\u00e9affirm\u00e9 hier la candidature du maire de Mermoz-Sacr\u00e9-C\u0153ur, un groupe de conseillers municipaux [&hellip;]<\/p>\n","protected":false},"author":11,"featured_media":74316,"comment_status":"open","ping_status":"open","sticky":false,"template":"","format":"standard","meta":{"_et_pb_use_builder":"","_et_pb_old_content":""},"categories":[2],"tags":[],"yoast_head":"<!-- This site is optimized with the Yoast SEO Premium plugin v17.8 (Yoast SEO v17.8) - https:\/\/yoast.com\/wordpress\/plugins\/seo\/ -->\n<title>VILLE DE DAKAR \u2013 Des conseillers municipaux \u00e0 la rescousse de Wardini | Nettali.com<\/title>\n<meta name=\"robots\" content=\"index, follow, max-snippet:-1, max-image-preview:large, max-video-preview:-1\" \/>\n<link rel=\"canonical\" href=\"https:\/\/www.nettali.com\/2021\/10\/27\/ville-de-dakar-des-conseillers-municipaux-a-la-rescousse-de-wardini\/\" \/>\n<meta property=\"og:locale\" content=\"fr_FR\" \/>\n<meta property=\"og:type\" content=\"article\" \/>\n<meta property=\"og:title\" content=\"VILLE DE DAKAR \u2013 Des conseillers municipaux \u00e0 la rescousse de Wardini\" \/>\n<meta property=\"og:description\" content=\"NETTALI.COM - Des conseillers municipaux de Taxawu Dakar signent une motion de soutien en faveur de la maire Soham El Wardini, d\u00e9fi\u00e9e par Barthelemy Dias. La pol\u00e9mique enfle toujours au sein de Taxawu Dakar. Apr\u00e8s que le camp de Barth\u00e9l\u00e9my Dias a r\u00e9affirm\u00e9 hier la candidature du maire de Mermoz-Sacr\u00e9-C\u0153ur, un groupe de conseillers municipaux [&hellip;]\" \/>\n<meta property=\"og:url\" content=\"https:\/\/www.nettali.com\/2021\/10\/27\/ville-de-dakar-des-conseillers-municipaux-a-la-rescousse-de-wardini\/\" \/>\n<meta property=\"og:site_name\" content=\"Nettali.com\" \/>\n<meta property=\"article:publisher\" content=\"https:\/\/www.facebook.com\/nettalicom\" \/>\n<meta property=\"article:published_time\" content=\"2021-10-27T19:28:21+00:00\" \/>\n<meta property=\"article:modified_time\" content=\"2021-10-28T09:07:17+00:00\" \/>\n<meta property=\"og:image\" content=\"https:\/\/www.nettali.com\/wp-content\/uploads\/2021\/10\/sac.jpg\" \/>\n\t<meta property=\"og:image:width\" content=\"780\" \/>\n\t<meta property=\"og:image:height\" content=\"470\" \/>\n<meta name=\"twitter:card\" content=\"summary_large_image\" \/>\n<meta name=\"twitter:label1\" content=\"\u00c9crit par\" \/>\n\t<meta name=\"twitter:data1\" content=\"Thierno Diop\" \/>\n\t<meta name=\"twitter:label2\" content=\"Dur\u00e9e de lecture estim\u00e9e\" \/>\n\t<meta name=\"twitter:data2\" content=\"1 minute\" \/>\n<script type=\"application\/ld+json\" class=\"yoast-schema-graph\">{\"@context\":\"https:\/\/schema.org\",\"@graph\":[{\"@type\":\"WebSite\",\"@id\":\"https:\/\/www.nettali.com\/#website\",\"url\":\"https:\/\/www.nettali.com\/\",\"name\":\"Nettali.com\",\"description\":\"Le rendez-vous critique du Net\",\"potentialAction\":[{\"@type\":\"SearchAction\",\"target\":{\"@type\":\"EntryPoint\",\"urlTemplate\":\"https:\/\/www.nettali.com\/?s={search_term_string}\"},\"query-input\":\"required name=search_term_string\"}],\"inLanguage\":\"fr-FR\"},{\"@type\":\"ImageObject\",\"@id\":\"https:\/\/www.nettali.com\/2021\/10\/27\/ville-de-dakar-des-conseillers-municipaux-a-la-rescousse-de-wardini\/#primaryimage\",\"inLanguage\":\"fr-FR\",\"url\":\"https:\/\/www.nettali.com\/wp-content\/uploads\/2021\/10\/sac.jpg\",\"contentUrl\":\"https:\/\/www.nettali.com\/wp-content\/uploads\/2021\/10\/sac.jpg\",\"width\":780,\"height\":470},{\"@type\":\"WebPage\",\"@id\":\"https:\/\/www.nettali.com\/2021\/10\/27\/ville-de-dakar-des-conseillers-municipaux-a-la-rescousse-de-wardini\/#webpage\",\"url\":\"https:\/\/www.nettali.com\/2021\/10\/27\/ville-de-dakar-des-conseillers-municipaux-a-la-rescousse-de-wardini\/\",\"name\":\"VILLE DE DAKAR \\u2013 Des conseillers municipaux \\u00e0 la rescousse de Wardini | Nettali.com\",\"isPartOf\":{\"@id\":\"https:\/\/www.nettali.com\/#website\"},\"primaryImageOfPage\":{\"@id\":\"https:\/\/www.nettali.com\/2021\/10\/27\/ville-de-dakar-des-conseillers-municipaux-a-la-rescousse-de-wardini\/#primaryimage\"},\"datePublished\":\"2021-10-27T19:28:21+00:00\",\"dateModified\":\"2021-10-28T09:07:17+00:00\",\"author\":{\"@id\":\"https:\/\/www.nettali.com\/#\/schema\/person\/8a06c6bd7b19304cf4bf985862900b5b\"},\"breadcrumb\":{\"@id\":\"https:\/\/www.nettali.com\/2021\/10\/27\/ville-de-dakar-des-conseillers-municipaux-a-la-rescousse-de-wardini\/#breadcrumb\"},\"inLanguage\":\"fr-FR\",\"potentialAction\":[{\"@type\":\"ReadAction\",\"target\":[\"https:\/\/www.nettali.com\/2021\/10\/27\/ville-de-dakar-des-conseillers-municipaux-a-la-rescousse-de-wardini\/\"]}]},{\"@type\":\"BreadcrumbList\",\"@id\":\"https:\/\/www.nettali.com\/2021\/10\/27\/ville-de-dakar-des-conseillers-municipaux-a-la-rescousse-de-wardini\/#breadcrumb\",\"itemListElement\":[{\"@type\":\"ListItem\",\"position\":1,\"name\":\"Accueil\",\"item\":\"https:\/\/www.nettali.com\/\"},{\"@type\":\"ListItem\",\"position\":2,\"name\":\"VILLE DE DAKAR \\u2013 Des conseillers municipaux \\u00e0 la rescousse de Wardini\"}]},{\"@type\":\"Person\",\"@id\":\"https:\/\/www.nettali.com\/#\/schema\/person\/8a06c6bd7b19304cf4bf985862900b5b\",\"name\":\"Thierno Diop\",\"image\":{\"@type\":\"ImageObject\",\"@id\":\"https:\/\/www.nettali.com\/#personlogo\",\"inLanguage\":\"fr-FR\",\"url\":\"https:\/\/secure.gravatar.com\/avatar\/c8ca58550c94fd2ac856d27391a6c866?s=96&d=mm&r=g\",\"contentUrl\":\"https:\/\/secure.gravatar.com\/avatar\/c8ca58550c94fd2ac856d27391a6c866?s=96&d=mm&r=g\",\"caption\":\"Thierno Diop\"},\"sameAs\":[\"https:\/\/nettali.com\"]}]}<\/script>\n<!-- \/ Yoast SEO Premium plugin. -->","yoast_head_json":{"title":"VILLE DE DAKAR \u2013 Des conseillers municipaux \u00e0 la rescousse de Wardini | Nettali.com","robots":{"index":"index","follow":"follow","max-snippet":"max-snippet:-1","max-image-preview":"max-image-preview:large","max-video-preview":"max-video-preview:-1"},"canonical":"https:\/\/www.nettali.com\/2021\/10\/27\/ville-de-dakar-des-conseillers-municipaux-a-la-rescousse-de-wardini\/","og_locale":"fr_FR","og_type":"article","og_title":"VILLE DE DAKAR \u2013 Des conseillers municipaux \u00e0 la rescousse de Wardini","og_description":"NETTALI.COM - Des conseillers municipaux de Taxawu Dakar signent une motion de soutien en faveur de la maire Soham El Wardini, d\u00e9fi\u00e9e par Barthelemy Dias. La pol\u00e9mique enfle toujours au sein de Taxawu Dakar. Apr\u00e8s que le camp de Barth\u00e9l\u00e9my Dias a r\u00e9affirm\u00e9 hier la candidature du maire de Mermoz-Sacr\u00e9-C\u0153ur, un groupe de conseillers municipaux [&hellip;]","og_url":"https:\/\/www.nettali.com\/2021\/10\/27\/ville-de-dakar-des-conseillers-municipaux-a-la-rescousse-de-wardini\/","og_site_name":"Nettali.com","article_publisher":"https:\/\/www.facebook.com\/nettalicom","article_published_time":"2021-10-27T19:28:21+00:00","article_modified_time":"2021-10-28T09:07:17+00:00","og_image":[{"width":780,"height":470,"url":"https:\/\/www.nettali.com\/wp-content\/uploads\/2021\/10\/sac.jpg","type":"image\/jpeg"}],"twitter_card":"summary_large_image","twitter_misc":{"\u00c9crit par":"Thierno Diop","Dur\u00e9e de lecture estim\u00e9e":"1 minute"},"schema":{"@context":"https:\/\/schema.org","@graph":[{"@type":"WebSite","@id":"https:\/\/www.nettali.com\/#website","url":"https:\/\/www.nettali.com\/","name":"Nettali.com","description":"Le rendez-vous critique du Net","potentialAction":[{"@type":"SearchAction","target":{"@type":"EntryPoint","urlTemplate":"https:\/\/www.nettali.com\/?s={search_term_string}"},"query-input":"required name=search_term_string"}],"inLanguage":"fr-FR"},{"@type":"ImageObject","@id":"https:\/\/www.nettali.com\/2021\/10\/27\/ville-de-dakar-des-conseillers-municipaux-a-la-rescousse-de-wardini\/#primaryimage","inLanguage":"fr-FR","url":"https:\/\/www.nettali.com\/wp-content\/uploads\/2021\/10\/sac.jpg","contentUrl":"https:\/\/www.nettali.com\/wp-content\/uploads\/2021\/10\/sac.jpg","width":780,"height":470},{"@type":"WebPage","@id":"https:\/\/www.nettali.com\/2021\/10\/27\/ville-de-dakar-des-conseillers-municipaux-a-la-rescousse-de-wardini\/#webpage","url":"https:\/\/www.nettali.com\/2021\/10\/27\/ville-de-dakar-des-conseillers-municipaux-a-la-rescousse-de-wardini\/","name":"VILLE DE DAKAR \u2013 Des conseillers municipaux \u00e0 la rescousse de Wardini | Nettali.com","isPartOf":{"@id":"https:\/\/www.nettali.com\/#website"},"primaryImageOfPage":{"@id":"https:\/\/www.nettali.com\/2021\/10\/27\/ville-de-dakar-des-conseillers-municipaux-a-la-rescousse-de-wardini\/#primaryimage"},"datePublished":"2021-10-27T19:28:21+00:00","dateModified":"2021-10-28T09:07:17+00:00","author":{"@id":"https:\/\/www.nettali.com\/#\/schema\/person\/8a06c6bd7b19304cf4bf985862900b5b"},"breadcrumb":{"@id":"https:\/\/www.nettali.com\/2021\/10\/27\/ville-de-dakar-des-conseillers-municipaux-a-la-rescousse-de-wardini\/#breadcrumb"},"inLanguage":"fr-FR","potentialAction":[{"@type":"ReadAction","target":["https:\/\/www.nettali.com\/2021\/10\/27\/ville-de-dakar-des-conseillers-municipaux-a-la-rescousse-de-wardini\/"]}]},{"@type":"BreadcrumbList","@id":"https:\/\/www.nettali.com\/2021\/10\/27\/ville-de-dakar-des-conseillers-municipaux-a-la-rescousse-de-wardini\/#breadcrumb","itemListElement":[{"@type":"ListItem","position":1,"name":"Accueil","item":"https:\/\/www.nettali.com\/"},{"@type":"ListItem","position":2,"name":"VILLE DE DAKAR \u2013 Des conseillers municipaux \u00e0 la rescousse de Wardini"}]},{"@type":"Person","@id":"https:\/\/www.nettali.com\/#\/schema\/person\/8a06c6bd7b19304cf4bf985862900b5b","name":"Thierno Diop","image":{"@type":"ImageObject","@id":"https:\/\/www.nettali.com\/#personlogo","inLanguage":"fr-FR","url":"https:\/\/secure.gravatar.com\/avatar\/c8ca58550c94fd2ac856d27391a6c866?s=96&d=mm&r=g","contentUrl":"https:\/\/secure.gravatar.com\/avatar\/c8ca58550c94fd2ac856d27391a6c866?s=96&d=mm&r=g","caption":"Thierno Diop"},"sameAs":["https:\/\/nettali.com"]}]}},"_links":{"self":[{"href":"https:\/\/www.nettali.com\/rest\/wp\/v2\/posts\/74514"}],"collection":[{"href":"https:\/\/www.nettali.com\/rest\/wp\/v2\/posts"}],"about":[{"href":"https:\/\/www.nettali.com\/rest\/wp\/v2\/types\/post"}],"author":[{"embeddable":true,"href":"https:\/\/www.nettali.com\/rest\/wp\/v2\/users\/11"}],"replies":[{"embeddable":true,"href":"https:\/\/www.nettali.com\/rest\/wp\/v2\/comments?post=74514"}],"version-history":[{"count":1,"href":"https:\/\/www.nettali.com\/rest\/wp\/v2\/posts\/74514\/revisions"}],"predecessor-version":[{"id":74515,"href":"https:\/\/www.nettali.com\/rest\/wp\/v2\/posts\/74514\/revisions\/74515"}],"wp:featuredmedia":[{"embeddable":true,"href":"https:\/\/www.nettali.com\/rest\/wp\/v2\/media\/74316"}],"wp:attachment":[{"href":"https:\/\/www.nettali.com\/rest\/wp\/v2\/media?parent=74514"}],"wp:term":[{"taxonomy":"category","embeddable":true,"href":"https:\/\/www.nettali.com\/rest\/wp\/v2\/categories?post=74514"},{"taxonomy":"post_tag","embeddable":true,"href":"https:\/\/www.nettali.com\/rest\/wp\/v2\/tags?post=74514"}],"curies":[{"name":"wp","href":"https:\/\/api.w.org\/{rel}","templated":true}]}}