{"id":74492,"date":"2021-10-27T09:04:45","date_gmt":"2021-10-27T09:04:45","guid":{"rendered":"https:\/\/www.nettali.com\/?p=74492"},"modified":"2021-10-27T09:04:45","modified_gmt":"2021-10-27T09:04:45","slug":"passeports-diplomatiques-les-deputes-sall-et-biay-entendus-vendredi-prochain","status":"publish","type":"post","link":"https:\/\/www.nettali.com\/2021\/10\/27\/passeports-diplomatiques-les-deputes-sall-et-biay-entendus-vendredi-prochain\/","title":{"rendered":"PASSEPORTS DIPLOMATIQUES - Les d\u00e9put\u00e9s Sall et Biay entendus vendredi prochain"},"content":{"rendered":"<p><strong>NETTALI.COM \u2013 Au c\u0153ur de l\u2019affaire dite des passeports diplomatiques, les d\u00e9put\u00e9s El Hadj Mamadou Sall et Boubacar Villiemmbo Biay seront entendus vendredi prochain par leurs coll\u00e8gues. <\/strong><\/p>\n<p>Cit\u00e9s dans une affaire pr\u00e9sum\u00e9e de trafic de passeports diplomatiques s\u00e9n\u00e9galais, les d\u00e9put\u00e9s El Hadj Mamadou Sall et Boubacar Villiemmbo Biaye seront entendus, vendredi prochain, par leurs coll\u00e8gues.<\/p>\n<p>En clair, la commission ad hoc charg\u00e9e d'examiner la demande de lev\u00e9e de l'immunit\u00e9 parlementaire s'est r\u00e9unie, hier, \u00e0 10 h et a pris connaissance des documents communiqu\u00e9s par le garde des Sceaux. Le ministre de la Justice, Me Malick Sall, avait transmis au pr\u00e9sident de l\u2019Assembl\u00e9e nationale, le 4 octobre 2021, la demande de lev\u00e9e de l\u2019Immunit\u00e9 parlementaire des deux honorables d\u00e9put\u00e9s. Une demande formul\u00e9e par le juge comp\u00e9tent, selon l\u2019h\u00e9micycle.<\/p>\n<p>Pour m\u00e9moire, El Hadj Mamadou Sall et Boubacar Villiemmbo Biaye sont cit\u00e9s dans un trafic de passeports diplomatiques dont l\u2019obtention passait par l\u2019\u00e9tablissement de faux documents d\u2019\u00e9tat civil, des extraits de naissance et autres actes de mariages fictifs. Ils passeront leur audition \u00e0 l\u2019Assembl\u00e9e nationale vendredi \u00e0 partir de 10 h. L\u2019enqu\u00eate men\u00e9e par la Direction des investigations criminelles (Dic) a d\u00e9j\u00e0 permis l\u2019arrestation d\u2019El Hadj Diadie Cond\u00e9, pr\u00e9sent\u00e9 comme le cerveau pr\u00e9sum\u00e9 de ce r\u00e9seau de faussaires.<\/p>\n<div class='share-to-whatsapp-wrapper'><div class='share-on-whsp'>PARTAGER SUR : <\/div><a data-text='PASSEPORTS DIPLOMATIQUES - Les d\u00e9put\u00e9s Sall et Biay entendus vendredi prochain' data-link='https:\/\/www.nettali.com\/2021\/10\/27\/passeports-diplomatiques-les-deputes-sall-et-biay-entendus-vendredi-prochain\/' class='whatsapp-button whatsapp-share'>WhatsApp<\/a><div class='clear '><\/div><\/div>","protected":false},"excerpt":{"rendered":"<p>NETTALI.COM \u2013 Au c\u0153ur de l\u2019affaire dite des passeports diplomatiques, les d\u00e9put\u00e9s El Hadj Mamadou Sall et Boubacar Villiemmbo Biay seront entendus vendredi prochain par leurs coll\u00e8gues. Cit\u00e9s dans une affaire pr\u00e9sum\u00e9e de trafic de passeports diplomatiques s\u00e9n\u00e9galais, les d\u00e9put\u00e9s El Hadj Mamadou Sall et Boubacar Villiemmbo Biaye seront entendus, vendredi prochain, par leurs coll\u00e8gues. [&hellip;]<\/p>\n","protected":false},"author":11,"featured_media":73766,"comment_status":"open","ping_status":"open","sticky":false,"template":"","format":"standard","meta":{"_et_pb_use_builder":"","_et_pb_old_content":""},"categories":[2],"tags":[],"yoast_head":"<!-- This site is optimized with the Yoast SEO Premium plugin v17.8 (Yoast SEO v17.8) - https:\/\/yoast.com\/wordpress\/plugins\/seo\/ -->\n<title>PASSEPORTS DIPLOMATIQUES - Les d\u00e9put\u00e9s Sall et Biay entendus vendredi prochain | Nettali.com<\/title>\n<meta name=\"robots\" content=\"index, follow, max-snippet:-1, max-image-preview:large, max-video-preview:-1\" \/>\n<link rel=\"canonical\" href=\"https:\/\/www.nettali.com\/2021\/10\/27\/passeports-diplomatiques-les-deputes-sall-et-biay-entendus-vendredi-prochain\/\" \/>\n<meta property=\"og:locale\" content=\"fr_FR\" \/>\n<meta property=\"og:type\" content=\"article\" \/>\n<meta property=\"og:title\" content=\"PASSEPORTS DIPLOMATIQUES - Les d\u00e9put\u00e9s Sall et Biay entendus vendredi prochain\" \/>\n<meta property=\"og:description\" content=\"NETTALI.COM \u2013 Au c\u0153ur de l\u2019affaire dite des passeports diplomatiques, les d\u00e9put\u00e9s El Hadj Mamadou Sall et Boubacar Villiemmbo Biay seront entendus vendredi prochain par leurs coll\u00e8gues. Cit\u00e9s dans une affaire pr\u00e9sum\u00e9e de trafic de passeports diplomatiques s\u00e9n\u00e9galais, les d\u00e9put\u00e9s El Hadj Mamadou Sall et Boubacar Villiemmbo Biaye seront entendus, vendredi prochain, par leurs coll\u00e8gues. [&hellip;]\" \/>\n<meta property=\"og:url\" content=\"https:\/\/www.nettali.com\/2021\/10\/27\/passeports-diplomatiques-les-deputes-sall-et-biay-entendus-vendredi-prochain\/\" \/>\n<meta property=\"og:site_name\" content=\"Nettali.com\" \/>\n<meta property=\"article:publisher\" content=\"https:\/\/www.facebook.com\/nettalicom\" \/>\n<meta property=\"article:published_time\" content=\"2021-10-27T09:04:45+00:00\" \/>\n<meta property=\"og:image\" content=\"https:\/\/www.nettali.com\/wp-content\/uploads\/2021\/10\/voici-les-deux-deputes-cites-dans-laffaire-de-trafic-de-passeports-696x445-1.jpg\" \/>\n\t<meta property=\"og:image:width\" content=\"696\" \/>\n\t<meta property=\"og:image:height\" content=\"445\" \/>\n<meta name=\"twitter:card\" content=\"summary_large_image\" \/>\n<meta name=\"twitter:label1\" content=\"\u00c9crit par\" \/>\n\t<meta name=\"twitter:data1\" content=\"Thierno Diop\" \/>\n\t<meta name=\"twitter:label2\" content=\"Dur\u00e9e de lecture estim\u00e9e\" \/>\n\t<meta name=\"twitter:data2\" content=\"1 minute\" \/>\n<script type=\"application\/ld+json\" class=\"yoast-schema-graph\">{\"@context\":\"https:\/\/schema.org\",\"@graph\":[{\"@type\":\"WebSite\",\"@id\":\"https:\/\/www.nettali.com\/#website\",\"url\":\"https:\/\/www.nettali.com\/\",\"name\":\"Nettali.com\",\"description\":\"Le rendez-vous critique du Net\",\"potentialAction\":[{\"@type\":\"SearchAction\",\"target\":{\"@type\":\"EntryPoint\",\"urlTemplate\":\"https:\/\/www.nettali.com\/?s={search_term_string}\"},\"query-input\":\"required name=search_term_string\"}],\"inLanguage\":\"fr-FR\"},{\"@type\":\"ImageObject\",\"@id\":\"https:\/\/www.nettali.com\/2021\/10\/27\/passeports-diplomatiques-les-deputes-sall-et-biay-entendus-vendredi-prochain\/#primaryimage\",\"inLanguage\":\"fr-FR\",\"url\":\"https:\/\/www.nettali.com\/wp-content\/uploads\/2021\/10\/voici-les-deux-deputes-cites-dans-laffaire-de-trafic-de-passeports-696x445-1.jpg\",\"contentUrl\":\"https:\/\/www.nettali.com\/wp-content\/uploads\/2021\/10\/voici-les-deux-deputes-cites-dans-laffaire-de-trafic-de-passeports-696x445-1.jpg\",\"width\":696,\"height\":445},{\"@type\":\"WebPage\",\"@id\":\"https:\/\/www.nettali.com\/2021\/10\/27\/passeports-diplomatiques-les-deputes-sall-et-biay-entendus-vendredi-prochain\/#webpage\",\"url\":\"https:\/\/www.nettali.com\/2021\/10\/27\/passeports-diplomatiques-les-deputes-sall-et-biay-entendus-vendredi-prochain\/\",\"name\":\"PASSEPORTS DIPLOMATIQUES - Les d\\u00e9put\\u00e9s Sall et Biay entendus vendredi prochain | Nettali.com\",\"isPartOf\":{\"@id\":\"https:\/\/www.nettali.com\/#website\"},\"primaryImageOfPage\":{\"@id\":\"https:\/\/www.nettali.com\/2021\/10\/27\/passeports-diplomatiques-les-deputes-sall-et-biay-entendus-vendredi-prochain\/#primaryimage\"},\"datePublished\":\"2021-10-27T09:04:45+00:00\",\"dateModified\":\"2021-10-27T09:04:45+00:00\",\"author\":{\"@id\":\"https:\/\/www.nettali.com\/#\/schema\/person\/8a06c6bd7b19304cf4bf985862900b5b\"},\"breadcrumb\":{\"@id\":\"https:\/\/www.nettali.com\/2021\/10\/27\/passeports-diplomatiques-les-deputes-sall-et-biay-entendus-vendredi-prochain\/#breadcrumb\"},\"inLanguage\":\"fr-FR\",\"potentialAction\":[{\"@type\":\"ReadAction\",\"target\":[\"https:\/\/www.nettali.com\/2021\/10\/27\/passeports-diplomatiques-les-deputes-sall-et-biay-entendus-vendredi-prochain\/\"]}]},{\"@type\":\"BreadcrumbList\",\"@id\":\"https:\/\/www.nettali.com\/2021\/10\/27\/passeports-diplomatiques-les-deputes-sall-et-biay-entendus-vendredi-prochain\/#breadcrumb\",\"itemListElement\":[{\"@type\":\"ListItem\",\"position\":1,\"name\":\"Accueil\",\"item\":\"https:\/\/www.nettali.com\/\"},{\"@type\":\"ListItem\",\"position\":2,\"name\":\"PASSEPORTS DIPLOMATIQUES &#8211; Les d\\u00e9put\\u00e9s Sall et Biay entendus vendredi prochain\"}]},{\"@type\":\"Person\",\"@id\":\"https:\/\/www.nettali.com\/#\/schema\/person\/8a06c6bd7b19304cf4bf985862900b5b\",\"name\":\"Thierno Diop\",\"image\":{\"@type\":\"ImageObject\",\"@id\":\"https:\/\/www.nettali.com\/#personlogo\",\"inLanguage\":\"fr-FR\",\"url\":\"https:\/\/secure.gravatar.com\/avatar\/c8ca58550c94fd2ac856d27391a6c866?s=96&d=mm&r=g\",\"contentUrl\":\"https:\/\/secure.gravatar.com\/avatar\/c8ca58550c94fd2ac856d27391a6c866?s=96&d=mm&r=g\",\"caption\":\"Thierno Diop\"},\"sameAs\":[\"https:\/\/nettali.com\"]}]}<\/script>\n<!-- \/ Yoast SEO Premium plugin. -->","yoast_head_json":{"title":"PASSEPORTS DIPLOMATIQUES - Les d\u00e9put\u00e9s Sall et Biay entendus vendredi prochain | Nettali.com","robots":{"index":"index","follow":"follow","max-snippet":"max-snippet:-1","max-image-preview":"max-image-preview:large","max-video-preview":"max-video-preview:-1"},"canonical":"https:\/\/www.nettali.com\/2021\/10\/27\/passeports-diplomatiques-les-deputes-sall-et-biay-entendus-vendredi-prochain\/","og_locale":"fr_FR","og_type":"article","og_title":"PASSEPORTS DIPLOMATIQUES - Les d\u00e9put\u00e9s Sall et Biay entendus vendredi prochain","og_description":"NETTALI.COM \u2013 Au c\u0153ur de l\u2019affaire dite des passeports diplomatiques, les d\u00e9put\u00e9s El Hadj Mamadou Sall et Boubacar Villiemmbo Biay seront entendus vendredi prochain par leurs coll\u00e8gues. Cit\u00e9s dans une affaire pr\u00e9sum\u00e9e de trafic de passeports diplomatiques s\u00e9n\u00e9galais, les d\u00e9put\u00e9s El Hadj Mamadou Sall et Boubacar Villiemmbo Biaye seront entendus, vendredi prochain, par leurs coll\u00e8gues. [&hellip;]","og_url":"https:\/\/www.nettali.com\/2021\/10\/27\/passeports-diplomatiques-les-deputes-sall-et-biay-entendus-vendredi-prochain\/","og_site_name":"Nettali.com","article_publisher":"https:\/\/www.facebook.com\/nettalicom","article_published_time":"2021-10-27T09:04:45+00:00","og_image":[{"width":696,"height":445,"url":"https:\/\/www.nettali.com\/wp-content\/uploads\/2021\/10\/voici-les-deux-deputes-cites-dans-laffaire-de-trafic-de-passeports-696x445-1.jpg","type":"image\/jpeg"}],"twitter_card":"summary_large_image","twitter_misc":{"\u00c9crit par":"Thierno Diop","Dur\u00e9e de lecture estim\u00e9e":"1 minute"},"schema":{"@context":"https:\/\/schema.org","@graph":[{"@type":"WebSite","@id":"https:\/\/www.nettali.com\/#website","url":"https:\/\/www.nettali.com\/","name":"Nettali.com","description":"Le rendez-vous critique du Net","potentialAction":[{"@type":"SearchAction","target":{"@type":"EntryPoint","urlTemplate":"https:\/\/www.nettali.com\/?s={search_term_string}"},"query-input":"required name=search_term_string"}],"inLanguage":"fr-FR"},{"@type":"ImageObject","@id":"https:\/\/www.nettali.com\/2021\/10\/27\/passeports-diplomatiques-les-deputes-sall-et-biay-entendus-vendredi-prochain\/#primaryimage","inLanguage":"fr-FR","url":"https:\/\/www.nettali.com\/wp-content\/uploads\/2021\/10\/voici-les-deux-deputes-cites-dans-laffaire-de-trafic-de-passeports-696x445-1.jpg","contentUrl":"https:\/\/www.nettali.com\/wp-content\/uploads\/2021\/10\/voici-les-deux-deputes-cites-dans-laffaire-de-trafic-de-passeports-696x445-1.jpg","width":696,"height":445},{"@type":"WebPage","@id":"https:\/\/www.nettali.com\/2021\/10\/27\/passeports-diplomatiques-les-deputes-sall-et-biay-entendus-vendredi-prochain\/#webpage","url":"https:\/\/www.nettali.com\/2021\/10\/27\/passeports-diplomatiques-les-deputes-sall-et-biay-entendus-vendredi-prochain\/","name":"PASSEPORTS DIPLOMATIQUES - Les d\u00e9put\u00e9s Sall et Biay entendus vendredi prochain | Nettali.com","isPartOf":{"@id":"https:\/\/www.nettali.com\/#website"},"primaryImageOfPage":{"@id":"https:\/\/www.nettali.com\/2021\/10\/27\/passeports-diplomatiques-les-deputes-sall-et-biay-entendus-vendredi-prochain\/#primaryimage"},"datePublished":"2021-10-27T09:04:45+00:00","dateModified":"2021-10-27T09:04:45+00:00","author":{"@id":"https:\/\/www.nettali.com\/#\/schema\/person\/8a06c6bd7b19304cf4bf985862900b5b"},"breadcrumb":{"@id":"https:\/\/www.nettali.com\/2021\/10\/27\/passeports-diplomatiques-les-deputes-sall-et-biay-entendus-vendredi-prochain\/#breadcrumb"},"inLanguage":"fr-FR","potentialAction":[{"@type":"ReadAction","target":["https:\/\/www.nettali.com\/2021\/10\/27\/passeports-diplomatiques-les-deputes-sall-et-biay-entendus-vendredi-prochain\/"]}]},{"@type":"BreadcrumbList","@id":"https:\/\/www.nettali.com\/2021\/10\/27\/passeports-diplomatiques-les-deputes-sall-et-biay-entendus-vendredi-prochain\/#breadcrumb","itemListElement":[{"@type":"ListItem","position":1,"name":"Accueil","item":"https:\/\/www.nettali.com\/"},{"@type":"ListItem","position":2,"name":"PASSEPORTS DIPLOMATIQUES &#8211; Les d\u00e9put\u00e9s Sall et Biay entendus vendredi prochain"}]},{"@type":"Person","@id":"https:\/\/www.nettali.com\/#\/schema\/person\/8a06c6bd7b19304cf4bf985862900b5b","name":"Thierno Diop","image":{"@type":"ImageObject","@id":"https:\/\/www.nettali.com\/#personlogo","inLanguage":"fr-FR","url":"https:\/\/secure.gravatar.com\/avatar\/c8ca58550c94fd2ac856d27391a6c866?s=96&d=mm&r=g","contentUrl":"https:\/\/secure.gravatar.com\/avatar\/c8ca58550c94fd2ac856d27391a6c866?s=96&d=mm&r=g","caption":"Thierno Diop"},"sameAs":["https:\/\/nettali.com"]}]}},"_links":{"self":[{"href":"https:\/\/www.nettali.com\/rest\/wp\/v2\/posts\/74492"}],"collection":[{"href":"https:\/\/www.nettali.com\/rest\/wp\/v2\/posts"}],"about":[{"href":"https:\/\/www.nettali.com\/rest\/wp\/v2\/types\/post"}],"author":[{"embeddable":true,"href":"https:\/\/www.nettali.com\/rest\/wp\/v2\/users\/11"}],"replies":[{"embeddable":true,"href":"https:\/\/www.nettali.com\/rest\/wp\/v2\/comments?post=74492"}],"version-history":[{"count":1,"href":"https:\/\/www.nettali.com\/rest\/wp\/v2\/posts\/74492\/revisions"}],"predecessor-version":[{"id":74493,"href":"https:\/\/www.nettali.com\/rest\/wp\/v2\/posts\/74492\/revisions\/74493"}],"wp:featuredmedia":[{"embeddable":true,"href":"https:\/\/www.nettali.com\/rest\/wp\/v2\/media\/73766"}],"wp:attachment":[{"href":"https:\/\/www.nettali.com\/rest\/wp\/v2\/media?parent=74492"}],"wp:term":[{"taxonomy":"category","embeddable":true,"href":"https:\/\/www.nettali.com\/rest\/wp\/v2\/categories?post=74492"},{"taxonomy":"post_tag","embeddable":true,"href":"https:\/\/www.nettali.com\/rest\/wp\/v2\/tags?post=74492"}],"curies":[{"name":"wp","href":"https:\/\/api.w.org\/{rel}","templated":true}]}}