{"id":74474,"date":"2021-10-26T22:56:28","date_gmt":"2021-10-26T22:56:28","guid":{"rendered":"https:\/\/www.nettali.com\/?p=74474"},"modified":"2021-10-27T08:59:35","modified_gmt":"2021-10-27T08:59:35","slug":"abdoulaye-balde-macky-sall-nous-a-trahis","status":"publish","type":"post","link":"https:\/\/www.nettali.com\/2021\/10\/26\/abdoulaye-balde-macky-sall-nous-a-trahis\/","title":{"rendered":"ABDOULAYE BALDE \u2013 \"Macky Sall nous a trahis\""},"content":{"rendered":"<p><strong>NETTALI.COM \u2013 Abdoulaye Bald\u00e9 se sent trahi par Macky Sall qui a d\u00e9cid\u00e9 d\u2019investir des candidats autres que lui pour les locales de janvier 2022. L\u2019actuel maire de Ziguinchor va monter sa propre coalition pour tenter de conserver son fauteuil. <\/strong><\/p>\n<p>\"<em>Je voudrais annoncer officiellement que nous ne sommes plus dans la coalition Benno Bokk Yakaar qui a d\u00e9cid\u00e9 d\u2019investir ses candidats pour les \u00e9lections \u00e0 venir dans la commune et le d\u00e9partement de Ziguinchor<\/em>.\" Propos d\u2019Abdoulaye Bald\u00e9. Le maire de Ziguinchor s\u2019est adress\u00e9 \u00e0 la presse ce mardi juste apr\u00e8s avoir appris que Macky Sall a d\u00e9cid\u00e9 d\u2019investir ses propres candidats pour la conqu\u00eate des communes de la capitale du Sud. \"<em>Nous nous sommes r\u00e9unis en urgence en pr\u00e9sence des maires des communes du d\u00e9partement. Et nous avons d\u00e9cid\u00e9 de cr\u00e9er notre coalition. Ce qui ne nous emp\u00eache pas d\u2019avoir des discussions avec d\u2019autres partis de l\u2019opposition qui nous ont d\u00e9j\u00e0 fait des offres. Il y a aussi des partis de Benno Bokk Yakaar<\/em>\", a laiss\u00e9 entendre Abdoulaye Bald\u00e9.<\/p>\n<p>A la question de savoir s\u2019il pourrait \u00eatre dans une m\u00eame coalition que le Pastef d\u2019Ousmane Sonko, le maire de Ziguinchor r\u00e9pond : \"<em>Je n\u2019\u00e9carte aucune \u00e9ventualit\u00e9. J\u2019ai repris ma libert\u00e9 et je n\u2019\u00e9carte aucune piste. Nous allons voir ce qui est bon pour notre r\u00e9gion, pour le S\u00e9n\u00e9gal<\/em>.\" Et Bald\u00e9 ne veut surtout pas faire dans la langue de bois. \"<em>Macky Sall nous a trahis<\/em>\", dit-il. \"<em>C\u2019est trahison. Je ne demandais pas \u00e0 \u00eatre r\u00e9compens\u00e9, mais je m\u2019attendais \u00e0 une reconnaissance. J\u2019assume mes responsabilit\u00e9s et je reprends ma libert\u00e9<\/em>\", peste-t-il. Avant de poursuivre : \"<em>Il n\u2019y a jamais eu de mariage avec Benno Bokk Yakaar. Chacun va de son c\u00f4t\u00e9. On ne peut pas parler de divorce parce que ce mariage n\u2019a jamais exist\u00e9.<\/em>\"<\/p>\n<p>\"<em>L\u2019union centriste S\u00e9n\u00e9gal (Ucs) prend l'opinion nationale et internationale \u00e0 t\u00e9moin pour aviser et acter son d\u00e9part de la coalition pr\u00e9sidentielle. Nous allons d\u00e8s demain d\u00e9poser notre caution et constituer une large coalition. Nous sommes et restons ouverts \u00e0 toutes les forces vives du pays pour ensemble continuer \u00e0 prendre en charge les destin\u00e9es de nos concitoyens afin d'am\u00e9liorer leur v\u00e9cu quotidien. \u00c0 tous nos adh\u00e9rents nous laissons libre choix d\u2019aller en fonction des int\u00e9r\u00eats de leur terroir et du parti avec la coalition qui correspond le mieux \u00e0 leur vision<\/em>\", a, par ailleurs, indiqu\u00e9 Abdoulaye Bald\u00e9 sur sa page Facebook.<\/p>\n<div class='share-to-whatsapp-wrapper'><div class='share-on-whsp'>PARTAGER SUR : <\/div><a data-text='ABDOULAYE BALDE \u2013 \"Macky Sall nous a trahis\"' data-link='https:\/\/www.nettali.com\/2021\/10\/26\/abdoulaye-balde-macky-sall-nous-a-trahis\/' class='whatsapp-button whatsapp-share'>WhatsApp<\/a><div class='clear '><\/div><\/div>","protected":false},"excerpt":{"rendered":"<p>NETTALI.COM \u2013 Abdoulaye Bald\u00e9 se sent trahi par Macky Sall qui a d\u00e9cid\u00e9 d\u2019investir des candidats autres que lui pour les locales de janvier 2022. L\u2019actuel maire de Ziguinchor va monter sa propre coalition pour tenter de conserver son fauteuil. \"Je voudrais annoncer officiellement que nous ne sommes plus dans la coalition Benno Bokk Yakaar [&hellip;]<\/p>\n","protected":false},"author":3,"featured_media":74476,"comment_status":"open","ping_status":"open","sticky":false,"template":"","format":"standard","meta":{"_et_pb_use_builder":"","_et_pb_old_content":""},"categories":[2],"tags":[],"yoast_head":"<!-- This site is optimized with the Yoast SEO Premium plugin v17.8 (Yoast SEO v17.8) - https:\/\/yoast.com\/wordpress\/plugins\/seo\/ -->\n<title>ABDOULAYE BALDE \u2013 &quot;Macky Sall nous a trahis&quot; | Nettali.com<\/title>\n<meta name=\"robots\" content=\"index, follow, max-snippet:-1, max-image-preview:large, max-video-preview:-1\" \/>\n<link rel=\"canonical\" href=\"https:\/\/www.nettali.com\/2021\/10\/26\/abdoulaye-balde-macky-sall-nous-a-trahis\/\" \/>\n<meta property=\"og:locale\" content=\"fr_FR\" \/>\n<meta property=\"og:type\" content=\"article\" \/>\n<meta property=\"og:title\" content=\"ABDOULAYE BALDE \u2013 &quot;Macky Sall nous a trahis&quot;\" \/>\n<meta property=\"og:description\" content=\"NETTALI.COM \u2013 Abdoulaye Bald\u00e9 se sent trahi par Macky Sall qui a d\u00e9cid\u00e9 d\u2019investir des candidats autres que lui pour les locales de janvier 2022. L\u2019actuel maire de Ziguinchor va monter sa propre coalition pour tenter de conserver son fauteuil. &quot;Je voudrais annoncer officiellement que nous ne sommes plus dans la coalition Benno Bokk Yakaar [&hellip;]\" \/>\n<meta property=\"og:url\" content=\"https:\/\/www.nettali.com\/2021\/10\/26\/abdoulaye-balde-macky-sall-nous-a-trahis\/\" \/>\n<meta property=\"og:site_name\" content=\"Nettali.com\" \/>\n<meta property=\"article:publisher\" content=\"https:\/\/www.facebook.com\/nettalicom\" \/>\n<meta property=\"article:published_time\" content=\"2021-10-26T22:56:28+00:00\" \/>\n<meta property=\"article:modified_time\" content=\"2021-10-27T08:59:35+00:00\" \/>\n<meta property=\"og:image\" content=\"https:\/\/www.nettali.com\/wp-content\/uploads\/2021\/10\/Abdoulaye-Balde-1.jpg\" \/>\n\t<meta property=\"og:image:width\" content=\"300\" \/>\n\t<meta property=\"og:image:height\" content=\"289\" \/>\n<meta name=\"twitter:card\" content=\"summary_large_image\" \/>\n<meta name=\"twitter:label1\" content=\"\u00c9crit par\" \/>\n\t<meta name=\"twitter:data1\" content=\"Moustapha\" \/>\n\t<meta name=\"twitter:label2\" content=\"Dur\u00e9e de lecture estim\u00e9e\" \/>\n\t<meta name=\"twitter:data2\" content=\"2 minutes\" \/>\n<script type=\"application\/ld+json\" class=\"yoast-schema-graph\">{\"@context\":\"https:\/\/schema.org\",\"@graph\":[{\"@type\":\"WebSite\",\"@id\":\"https:\/\/www.nettali.com\/#website\",\"url\":\"https:\/\/www.nettali.com\/\",\"name\":\"Nettali.com\",\"description\":\"Le rendez-vous critique du Net\",\"potentialAction\":[{\"@type\":\"SearchAction\",\"target\":{\"@type\":\"EntryPoint\",\"urlTemplate\":\"https:\/\/www.nettali.com\/?s={search_term_string}\"},\"query-input\":\"required name=search_term_string\"}],\"inLanguage\":\"fr-FR\"},{\"@type\":\"ImageObject\",\"@id\":\"https:\/\/www.nettali.com\/2021\/10\/26\/abdoulaye-balde-macky-sall-nous-a-trahis\/#primaryimage\",\"inLanguage\":\"fr-FR\",\"url\":\"https:\/\/www.nettali.com\/wp-content\/uploads\/2021\/10\/Abdoulaye-Balde-1.jpg\",\"contentUrl\":\"https:\/\/www.nettali.com\/wp-content\/uploads\/2021\/10\/Abdoulaye-Balde-1.jpg\",\"width\":300,\"height\":289},{\"@type\":\"WebPage\",\"@id\":\"https:\/\/www.nettali.com\/2021\/10\/26\/abdoulaye-balde-macky-sall-nous-a-trahis\/#webpage\",\"url\":\"https:\/\/www.nettali.com\/2021\/10\/26\/abdoulaye-balde-macky-sall-nous-a-trahis\/\",\"name\":\"ABDOULAYE BALDE \\u2013 \\\"Macky Sall nous a trahis\\\" | Nettali.com\",\"isPartOf\":{\"@id\":\"https:\/\/www.nettali.com\/#website\"},\"primaryImageOfPage\":{\"@id\":\"https:\/\/www.nettali.com\/2021\/10\/26\/abdoulaye-balde-macky-sall-nous-a-trahis\/#primaryimage\"},\"datePublished\":\"2021-10-26T22:56:28+00:00\",\"dateModified\":\"2021-10-27T08:59:35+00:00\",\"author\":{\"@id\":\"https:\/\/www.nettali.com\/#\/schema\/person\/7962a12a6e0267f88f0ffa544c36469a\"},\"breadcrumb\":{\"@id\":\"https:\/\/www.nettali.com\/2021\/10\/26\/abdoulaye-balde-macky-sall-nous-a-trahis\/#breadcrumb\"},\"inLanguage\":\"fr-FR\",\"potentialAction\":[{\"@type\":\"ReadAction\",\"target\":[\"https:\/\/www.nettali.com\/2021\/10\/26\/abdoulaye-balde-macky-sall-nous-a-trahis\/\"]}]},{\"@type\":\"BreadcrumbList\",\"@id\":\"https:\/\/www.nettali.com\/2021\/10\/26\/abdoulaye-balde-macky-sall-nous-a-trahis\/#breadcrumb\",\"itemListElement\":[{\"@type\":\"ListItem\",\"position\":1,\"name\":\"Accueil\",\"item\":\"https:\/\/www.nettali.com\/\"},{\"@type\":\"ListItem\",\"position\":2,\"name\":\"ABDOULAYE BALDE \\u2013 \\u00ab\\u00a0Macky Sall nous a trahis\\u00a0\\u00bb\"}]},{\"@type\":\"Person\",\"@id\":\"https:\/\/www.nettali.com\/#\/schema\/person\/7962a12a6e0267f88f0ffa544c36469a\",\"name\":\"Moustapha\",\"image\":{\"@type\":\"ImageObject\",\"@id\":\"https:\/\/www.nettali.com\/#personlogo\",\"inLanguage\":\"fr-FR\",\"url\":\"https:\/\/secure.gravatar.com\/avatar\/10fdf6a071cccdcf374e3dbe45159590?s=96&d=mm&r=g\",\"contentUrl\":\"https:\/\/secure.gravatar.com\/avatar\/10fdf6a071cccdcf374e3dbe45159590?s=96&d=mm&r=g\",\"caption\":\"Moustapha\"},\"sameAs\":[\"https:\/\/www.nettali.com\"]}]}<\/script>\n<!-- \/ Yoast SEO Premium plugin. -->","yoast_head_json":{"title":"ABDOULAYE BALDE \u2013 \"Macky Sall nous a trahis\" | Nettali.com","robots":{"index":"index","follow":"follow","max-snippet":"max-snippet:-1","max-image-preview":"max-image-preview:large","max-video-preview":"max-video-preview:-1"},"canonical":"https:\/\/www.nettali.com\/2021\/10\/26\/abdoulaye-balde-macky-sall-nous-a-trahis\/","og_locale":"fr_FR","og_type":"article","og_title":"ABDOULAYE BALDE \u2013 \"Macky Sall nous a trahis\"","og_description":"NETTALI.COM \u2013 Abdoulaye Bald\u00e9 se sent trahi par Macky Sall qui a d\u00e9cid\u00e9 d\u2019investir des candidats autres que lui pour les locales de janvier 2022. L\u2019actuel maire de Ziguinchor va monter sa propre coalition pour tenter de conserver son fauteuil. \"Je voudrais annoncer officiellement que nous ne sommes plus dans la coalition Benno Bokk Yakaar [&hellip;]","og_url":"https:\/\/www.nettali.com\/2021\/10\/26\/abdoulaye-balde-macky-sall-nous-a-trahis\/","og_site_name":"Nettali.com","article_publisher":"https:\/\/www.facebook.com\/nettalicom","article_published_time":"2021-10-26T22:56:28+00:00","article_modified_time":"2021-10-27T08:59:35+00:00","og_image":[{"width":300,"height":289,"url":"https:\/\/www.nettali.com\/wp-content\/uploads\/2021\/10\/Abdoulaye-Balde-1.jpg","type":"image\/jpeg"}],"twitter_card":"summary_large_image","twitter_misc":{"\u00c9crit par":"Moustapha","Dur\u00e9e de lecture estim\u00e9e":"2 minutes"},"schema":{"@context":"https:\/\/schema.org","@graph":[{"@type":"WebSite","@id":"https:\/\/www.nettali.com\/#website","url":"https:\/\/www.nettali.com\/","name":"Nettali.com","description":"Le rendez-vous critique du Net","potentialAction":[{"@type":"SearchAction","target":{"@type":"EntryPoint","urlTemplate":"https:\/\/www.nettali.com\/?s={search_term_string}"},"query-input":"required name=search_term_string"}],"inLanguage":"fr-FR"},{"@type":"ImageObject","@id":"https:\/\/www.nettali.com\/2021\/10\/26\/abdoulaye-balde-macky-sall-nous-a-trahis\/#primaryimage","inLanguage":"fr-FR","url":"https:\/\/www.nettali.com\/wp-content\/uploads\/2021\/10\/Abdoulaye-Balde-1.jpg","contentUrl":"https:\/\/www.nettali.com\/wp-content\/uploads\/2021\/10\/Abdoulaye-Balde-1.jpg","width":300,"height":289},{"@type":"WebPage","@id":"https:\/\/www.nettali.com\/2021\/10\/26\/abdoulaye-balde-macky-sall-nous-a-trahis\/#webpage","url":"https:\/\/www.nettali.com\/2021\/10\/26\/abdoulaye-balde-macky-sall-nous-a-trahis\/","name":"ABDOULAYE BALDE \u2013 \"Macky Sall nous a trahis\" | Nettali.com","isPartOf":{"@id":"https:\/\/www.nettali.com\/#website"},"primaryImageOfPage":{"@id":"https:\/\/www.nettali.com\/2021\/10\/26\/abdoulaye-balde-macky-sall-nous-a-trahis\/#primaryimage"},"datePublished":"2021-10-26T22:56:28+00:00","dateModified":"2021-10-27T08:59:35+00:00","author":{"@id":"https:\/\/www.nettali.com\/#\/schema\/person\/7962a12a6e0267f88f0ffa544c36469a"},"breadcrumb":{"@id":"https:\/\/www.nettali.com\/2021\/10\/26\/abdoulaye-balde-macky-sall-nous-a-trahis\/#breadcrumb"},"inLanguage":"fr-FR","potentialAction":[{"@type":"ReadAction","target":["https:\/\/www.nettali.com\/2021\/10\/26\/abdoulaye-balde-macky-sall-nous-a-trahis\/"]}]},{"@type":"BreadcrumbList","@id":"https:\/\/www.nettali.com\/2021\/10\/26\/abdoulaye-balde-macky-sall-nous-a-trahis\/#breadcrumb","itemListElement":[{"@type":"ListItem","position":1,"name":"Accueil","item":"https:\/\/www.nettali.com\/"},{"@type":"ListItem","position":2,"name":"ABDOULAYE BALDE \u2013 \u00ab\u00a0Macky Sall nous a trahis\u00a0\u00bb"}]},{"@type":"Person","@id":"https:\/\/www.nettali.com\/#\/schema\/person\/7962a12a6e0267f88f0ffa544c36469a","name":"Moustapha","image":{"@type":"ImageObject","@id":"https:\/\/www.nettali.com\/#personlogo","inLanguage":"fr-FR","url":"https:\/\/secure.gravatar.com\/avatar\/10fdf6a071cccdcf374e3dbe45159590?s=96&d=mm&r=g","contentUrl":"https:\/\/secure.gravatar.com\/avatar\/10fdf6a071cccdcf374e3dbe45159590?s=96&d=mm&r=g","caption":"Moustapha"},"sameAs":["https:\/\/www.nettali.com"]}]}},"_links":{"self":[{"href":"https:\/\/www.nettali.com\/rest\/wp\/v2\/posts\/74474"}],"collection":[{"href":"https:\/\/www.nettali.com\/rest\/wp\/v2\/posts"}],"about":[{"href":"https:\/\/www.nettali.com\/rest\/wp\/v2\/types\/post"}],"author":[{"embeddable":true,"href":"https:\/\/www.nettali.com\/rest\/wp\/v2\/users\/3"}],"replies":[{"embeddable":true,"href":"https:\/\/www.nettali.com\/rest\/wp\/v2\/comments?post=74474"}],"version-history":[{"count":4,"href":"https:\/\/www.nettali.com\/rest\/wp\/v2\/posts\/74474\/revisions"}],"predecessor-version":[{"id":74479,"href":"https:\/\/www.nettali.com\/rest\/wp\/v2\/posts\/74474\/revisions\/74479"}],"wp:featuredmedia":[{"embeddable":true,"href":"https:\/\/www.nettali.com\/rest\/wp\/v2\/media\/74476"}],"wp:attachment":[{"href":"https:\/\/www.nettali.com\/rest\/wp\/v2\/media?parent=74474"}],"wp:term":[{"taxonomy":"category","embeddable":true,"href":"https:\/\/www.nettali.com\/rest\/wp\/v2\/categories?post=74474"},{"taxonomy":"post_tag","embeddable":true,"href":"https:\/\/www.nettali.com\/rest\/wp\/v2\/tags?post=74474"}],"curies":[{"name":"wp","href":"https:\/\/api.w.org\/{rel}","templated":true}]}}