{"id":74430,"date":"2021-10-25T22:48:55","date_gmt":"2021-10-25T22:48:55","guid":{"rendered":"https:\/\/www.nettali.com\/?p=74430"},"modified":"2021-10-25T22:48:55","modified_gmt":"2021-10-25T22:48:55","slug":"soudan-les-dirigeants-civils-aux-mains-des-militaires","status":"publish","type":"post","link":"https:\/\/www.nettali.com\/2021\/10\/25\/soudan-les-dirigeants-civils-aux-mains-des-militaires\/","title":{"rendered":"SOUDAN - Les dirigeants civils aux mains des militaires"},"content":{"rendered":"<p dir=\"ltr\"><strong>NETTALI.COM - L'arm\u00e9e soudanaise a arr\u00eat\u00e9 lundi les dirigeants civils, notamment le Premier ministre parce qu'il refusait de soutenir un <i>\"coup d'Etat\"<\/i>, a annonc\u00e9 le minist\u00e8re de l'Information apr\u00e8s des semaines de tensions entre militaires et civils qui se partagent le pouvoir depuis 2019.<\/strong><\/p>\n<p dir=\"ltr\">C'est un \"<em>coup d'Etat militaire<\/em>\", d\u00e9nonce l'Association des professionnels, l'un des fer de lance de la r\u00e9volte de 2019 qui a mis fin \u00e0 30 ann\u00e9es de dictature d'Omar el-B\u00e9chir dans ce pays d'Afrique de l'Est, l'un des plus pauvre au monde.<\/p>\n<p dir=\"ltr\">Avec le syndicat des m\u00e9decins et des banques, ils appellent \u00e0 la d\u00e9sob\u00e9issance civile \u00e0 Khartoum d\u00e9j\u00e0 plong\u00e9e dans le chaos, sans internet et avec des rues noires de monde se demandant quel nouveau rebondissement arrive dans un pays d\u00e9j\u00e0 secou\u00e9 par un coup d'Etat manqu\u00e9 il y a un mois.<\/p>\n<p dir=\"ltr\">\"<em>J'appelle les forces arm\u00e9es \u00e0 rel\u00e2cher imm\u00e9diatement les personnes retenues<\/em>\", a exhort\u00e9 l'\u00e9missaire de l'ONU au Soudan Volker Perthes, jugeant \"<em>inacceptables<\/em>\" les arrestations de la quasi-totalit\u00e9 des civils au sein des autorit\u00e9s de transition.<\/p>\n<p dir=\"ltr\">Les Etats-Unis, dont l'\u00e9missaire Jeffrey Feltman \u00e9tait la veille encore dans le bureau du Premier ministre, Abdallah Hamdok, aujourd'hui arr\u00eat\u00e9, se sont dits \"<em>profond\u00e9ment inquiets<\/em>\", pr\u00e9venant que \"<em>tout changement du gouvernement de transition mettait en danger l'aide am\u00e9ricaine<\/em>\".<\/p>\n<p dir=\"ltr\">Pour sa part, le chef de la diplomatie europ\u00e9enne, Josep Borrell, a appel\u00e9 la communaut\u00e9 internationale \"<em>\u00e0 remettre la transition soudanaise sur les rails<\/em>\", tandis que la Ligue arabe se disait \"<em>inqui\u00e8te<\/em>\", exhortant au \"<em>dialogue<\/em>\".<\/p>\n<p dir=\"ltr\">Dans un pays o\u00f9 les t\u00e9l\u00e9communications sont de plus en plus al\u00e9atoires et la t\u00e9l\u00e9vision d'Etat a \u00e9t\u00e9 prise d'assaut par des soldats sans qu'aucune annonce n'y soit faite, seul un canal subsiste: des communiqu\u00e9s du minist\u00e8re de l'Information sur Facebook.<\/p>\n<p dir=\"ltr\">\" <em>La plupart des ministres et les membres civils du Conseil de souverainet\u00e9 ont \u00e9t\u00e9 arr\u00eat\u00e9s (...) par des forces militaires<\/em>\", a-t-il d'abord annonc\u00e9.<\/p>\n<p dir=\"ltr\">Puis, a-t-il ajout\u00e9, \"<em>apr\u00e8s qu'il a refus\u00e9 de soutenir le coup d'Etat, des forces arm\u00e9es ont arr\u00eat\u00e9 le Premier ministre Abdallah Hamdok et l'ont emmen\u00e9 vers un lieu non identifi\u00e9<\/em>\".<\/p>\n<p dir=\"ltr\">- \"<strong><em>R\u00e9volution<\/em><\/strong>\" -<\/p>\n<p dir=\"ltr\">Dans les rues de Khartoum, o\u00f9 les r\u00e9seaux sociaux ne sont plus accessibles pour beaucoup, de nombreux Soudanais ont conspu\u00e9 le g\u00e9n\u00e9ral Abdel Fattah al-Burhane, qui chapeaute le Conseil de souverainet\u00e9 d\u00e9sormais amput\u00e9 de sa part civile, ont constat\u00e9 des correspondants de l'AFP.<\/p>\n<p dir=\"ltr\">Beaucoup convergeaient vers le principal axe du centre-ville o\u00f9 des pro-civils avaient organis\u00e9 jeudi une d\u00e9monstration de force aux cris de \"<em>r\u00e9volution<\/em>\" pour refuser ce que les militants appelaient d\u00e9j\u00e0 \"<em>un coup d'Etat rampant<\/em>\".<\/p>\n<p dir=\"ltr\">\"<em>Nous n'accepterons pas de r\u00e9gime militaire et nous sommes pr\u00eats \u00e0 sacrifier nos vies pour la transition d\u00e9mocratique<\/em>\", a jur\u00e9 l'un d'eux \u00e0 l'AFP, Haitham Mohamed.<\/p>\n<p dir=\"ltr\">\"<em>Nous ne quitterons pas les rues avant le retour du gouvernement civil et la reprise de la transition<\/em>\", affirme de son c\u00f4t\u00e9 Sawsan Bachir, elle aussi sous la nu\u00e9e de drapeaux soudanais.<\/p>\n<p dir=\"ltr\">La transition post-dictature dans un pays quasiment toujours sous la f\u00e9rule des militaires et des islamistes depuis son ind\u00e9pendance il y a 65 ans, la transition battait de l'aile depuis longtemps.<\/p>\n<p dir=\"ltr\">Entre luttes de pouvoir parmi les civils et militaires d\u00e9cid\u00e9s \u00e0 conserver leurs acquis politiques et \u00e9conomiques, elle a d\u00e9but\u00e9 dans l'union sacr\u00e9e avant de finir morcel\u00e9e.<\/p>\n<p dir=\"ltr\">En avril 2019, l'arm\u00e9e poussait au d\u00e9part Omar el-B\u00e9chir apr\u00e8s trois d\u00e9cennies de pouvoir, sous la pression d'une \u00e9norme mobilisation populaire. Depuis ao\u00fbt de la m\u00eame ann\u00e9e, un Conseil de souverainet\u00e9 compos\u00e9 pour moiti\u00e9 de civils et pour moiti\u00e9 de militaires, menait le pays, promettant les premi\u00e8res \u00e9lections libres fin 2023.<\/p>\n<p dir=\"ltr\">Mais ces derniers jours, la tension est mont\u00e9e entre les deux camps. Le 16 octobre, des pro-arm\u00e9e ont plant\u00e9 leurs tentes devant le palais pr\u00e9sidentiel o\u00f9 si\u00e8gent les autorit\u00e9s de transition.<\/p>\n<p dir=\"ltr\">En r\u00e9ponse, le 21 octobre, des pro-civils sont descendus par dizaines de milliers dans les rues du pays, dans un joyeux festival pour, disaient-ils, \"sauver\" leur \"<em>r\u00e9volution<\/em>\" anti-B\u00e9chir.<\/p>\n<p dir=\"ltr\">- <strong>Civils divis\u00e9s<\/strong> -<\/p>\n<p dir=\"ltr\">Il y a deux jours, le camp pro-civil avait mis en garde contre un \"<em>coup d'Etat rampant<\/em>\", lors d'une conf\u00e9rence de presse qu'une petite foule avait cherch\u00e9 \u00e0 emp\u00eacher.<\/p>\n<p dir=\"ltr\">Mais ce camp est divis\u00e9. La preuve? Le sit-in qui r\u00e9clame un \"<em>gouvernement militaire<\/em>\" comme les pro-\"<em>r\u00e9volution<\/em>\" se revendiquent tous des Forces de la libert\u00e9 et du changement (FLC), la grande alliance anti-B\u00e9chir qui s'est cr\u00e9\u00e9e en 2019.<\/p>\n<p dir=\"ltr\">La rumeur courait dans Khartoum qu'un remaniement minist\u00e9riel \u00e9tait imminent et que l'arm\u00e9e cherchait \u00e0 \u00e9tendre son influence au sein des autorit\u00e9s de transition.<\/p>\n<p dir=\"ltr\">Mais M. Hamdok, qui parlait depuis des jours de \"<em>crise la plus grave et la plus dangereuse<\/em>\" pour la transition, avait assur\u00e9 ne pas avoir accept\u00e9.<\/p>\n<p dir=\"ltr\">AFP<\/p>\n<div class='share-to-whatsapp-wrapper'><div class='share-on-whsp'>PARTAGER SUR : <\/div><a data-text='SOUDAN - Les dirigeants civils aux mains des militaires' data-link='https:\/\/www.nettali.com\/2021\/10\/25\/soudan-les-dirigeants-civils-aux-mains-des-militaires\/' class='whatsapp-button whatsapp-share'>WhatsApp<\/a><div class='clear '><\/div><\/div>","protected":false},"excerpt":{"rendered":"<p>NETTALI.COM - L'arm\u00e9e soudanaise a arr\u00eat\u00e9 lundi les dirigeants civils, notamment le Premier ministre parce qu'il refusait de soutenir un \"coup d'Etat\", a annonc\u00e9 le minist\u00e8re de l'Information apr\u00e8s des semaines de tensions entre militaires et civils qui se partagent le pouvoir depuis 2019. C'est un \"coup d'Etat militaire\", d\u00e9nonce l'Association des professionnels, l'un des [&hellip;]<\/p>\n","protected":false},"author":5,"featured_media":74431,"comment_status":"open","ping_status":"open","sticky":false,"template":"","format":"standard","meta":{"_et_pb_use_builder":"","_et_pb_old_content":""},"categories":[8],"tags":[],"yoast_head":"<!-- This site is optimized with the Yoast SEO Premium plugin v17.8 (Yoast SEO v17.8) - https:\/\/yoast.com\/wordpress\/plugins\/seo\/ -->\n<title>SOUDAN - Les dirigeants civils aux mains des militaires | Nettali.com<\/title>\n<meta name=\"robots\" content=\"index, follow, max-snippet:-1, max-image-preview:large, max-video-preview:-1\" \/>\n<link rel=\"canonical\" href=\"https:\/\/www.nettali.com\/2021\/10\/25\/soudan-les-dirigeants-civils-aux-mains-des-militaires\/\" \/>\n<meta property=\"og:locale\" content=\"fr_FR\" \/>\n<meta property=\"og:type\" content=\"article\" \/>\n<meta property=\"og:title\" content=\"SOUDAN - Les dirigeants civils aux mains des militaires\" \/>\n<meta property=\"og:description\" content=\"NETTALI.COM - L&#039;arm\u00e9e soudanaise a arr\u00eat\u00e9 lundi les dirigeants civils, notamment le Premier ministre parce qu&#039;il refusait de soutenir un &quot;coup d&#039;Etat&quot;, a annonc\u00e9 le minist\u00e8re de l&#039;Information apr\u00e8s des semaines de tensions entre militaires et civils qui se partagent le pouvoir depuis 2019. C&#039;est un &quot;coup d&#039;Etat militaire&quot;, d\u00e9nonce l&#039;Association des professionnels, l&#039;un des [&hellip;]\" \/>\n<meta property=\"og:url\" content=\"https:\/\/www.nettali.com\/2021\/10\/25\/soudan-les-dirigeants-civils-aux-mains-des-militaires\/\" \/>\n<meta property=\"og:site_name\" content=\"Nettali.com\" \/>\n<meta property=\"article:publisher\" content=\"https:\/\/www.facebook.com\/nettalicom\" \/>\n<meta property=\"article:published_time\" content=\"2021-10-25T22:48:55+00:00\" \/>\n<meta property=\"og:image\" content=\"https:\/\/www.nettali.com\/wp-content\/uploads\/2021\/10\/1271853816.jpg\" \/>\n\t<meta property=\"og:image:width\" content=\"800\" \/>\n\t<meta property=\"og:image:height\" content=\"450\" \/>\n<meta name=\"twitter:card\" content=\"summary_large_image\" \/>\n<meta name=\"twitter:label1\" content=\"\u00c9crit par\" \/>\n\t<meta name=\"twitter:data1\" content=\"Ibrahima\" \/>\n\t<meta name=\"twitter:label2\" content=\"Dur\u00e9e de lecture estim\u00e9e\" \/>\n\t<meta name=\"twitter:data2\" content=\"4 minutes\" \/>\n<script type=\"application\/ld+json\" class=\"yoast-schema-graph\">{\"@context\":\"https:\/\/schema.org\",\"@graph\":[{\"@type\":\"WebSite\",\"@id\":\"https:\/\/www.nettali.com\/#website\",\"url\":\"https:\/\/www.nettali.com\/\",\"name\":\"Nettali.com\",\"description\":\"Le rendez-vous critique du Net\",\"potentialAction\":[{\"@type\":\"SearchAction\",\"target\":{\"@type\":\"EntryPoint\",\"urlTemplate\":\"https:\/\/www.nettali.com\/?s={search_term_string}\"},\"query-input\":\"required name=search_term_string\"}],\"inLanguage\":\"fr-FR\"},{\"@type\":\"ImageObject\",\"@id\":\"https:\/\/www.nettali.com\/2021\/10\/25\/soudan-les-dirigeants-civils-aux-mains-des-militaires\/#primaryimage\",\"inLanguage\":\"fr-FR\",\"url\":\"https:\/\/www.nettali.com\/wp-content\/uploads\/2021\/10\/1271853816.jpg\",\"contentUrl\":\"https:\/\/www.nettali.com\/wp-content\/uploads\/2021\/10\/1271853816.jpg\",\"width\":800,\"height\":450},{\"@type\":\"WebPage\",\"@id\":\"https:\/\/www.nettali.com\/2021\/10\/25\/soudan-les-dirigeants-civils-aux-mains-des-militaires\/#webpage\",\"url\":\"https:\/\/www.nettali.com\/2021\/10\/25\/soudan-les-dirigeants-civils-aux-mains-des-militaires\/\",\"name\":\"SOUDAN - Les dirigeants civils aux mains des militaires | Nettali.com\",\"isPartOf\":{\"@id\":\"https:\/\/www.nettali.com\/#website\"},\"primaryImageOfPage\":{\"@id\":\"https:\/\/www.nettali.com\/2021\/10\/25\/soudan-les-dirigeants-civils-aux-mains-des-militaires\/#primaryimage\"},\"datePublished\":\"2021-10-25T22:48:55+00:00\",\"dateModified\":\"2021-10-25T22:48:55+00:00\",\"author\":{\"@id\":\"https:\/\/www.nettali.com\/#\/schema\/person\/bb147657c2986240405a608162b9bb23\"},\"breadcrumb\":{\"@id\":\"https:\/\/www.nettali.com\/2021\/10\/25\/soudan-les-dirigeants-civils-aux-mains-des-militaires\/#breadcrumb\"},\"inLanguage\":\"fr-FR\",\"potentialAction\":[{\"@type\":\"ReadAction\",\"target\":[\"https:\/\/www.nettali.com\/2021\/10\/25\/soudan-les-dirigeants-civils-aux-mains-des-militaires\/\"]}]},{\"@type\":\"BreadcrumbList\",\"@id\":\"https:\/\/www.nettali.com\/2021\/10\/25\/soudan-les-dirigeants-civils-aux-mains-des-militaires\/#breadcrumb\",\"itemListElement\":[{\"@type\":\"ListItem\",\"position\":1,\"name\":\"Accueil\",\"item\":\"https:\/\/www.nettali.com\/\"},{\"@type\":\"ListItem\",\"position\":2,\"name\":\"SOUDAN &#8211; Les dirigeants civils aux mains des militaires\"}]},{\"@type\":\"Person\",\"@id\":\"https:\/\/www.nettali.com\/#\/schema\/person\/bb147657c2986240405a608162b9bb23\",\"name\":\"Ibrahima\",\"image\":{\"@type\":\"ImageObject\",\"@id\":\"https:\/\/www.nettali.com\/#personlogo\",\"inLanguage\":\"fr-FR\",\"url\":\"https:\/\/secure.gravatar.com\/avatar\/26a8a81f09f0dd7624c9d5c36c9ba3a2?s=96&d=mm&r=g\",\"contentUrl\":\"https:\/\/secure.gravatar.com\/avatar\/26a8a81f09f0dd7624c9d5c36c9ba3a2?s=96&d=mm&r=g\",\"caption\":\"Ibrahima\"},\"sameAs\":[\"https:\/\/www.nettali.com\"]}]}<\/script>\n<!-- \/ Yoast SEO Premium plugin. -->","yoast_head_json":{"title":"SOUDAN - Les dirigeants civils aux mains des militaires | Nettali.com","robots":{"index":"index","follow":"follow","max-snippet":"max-snippet:-1","max-image-preview":"max-image-preview:large","max-video-preview":"max-video-preview:-1"},"canonical":"https:\/\/www.nettali.com\/2021\/10\/25\/soudan-les-dirigeants-civils-aux-mains-des-militaires\/","og_locale":"fr_FR","og_type":"article","og_title":"SOUDAN - Les dirigeants civils aux mains des militaires","og_description":"NETTALI.COM - L'arm\u00e9e soudanaise a arr\u00eat\u00e9 lundi les dirigeants civils, notamment le Premier ministre parce qu'il refusait de soutenir un \"coup d'Etat\", a annonc\u00e9 le minist\u00e8re de l'Information apr\u00e8s des semaines de tensions entre militaires et civils qui se partagent le pouvoir depuis 2019. C'est un \"coup d'Etat militaire\", d\u00e9nonce l'Association des professionnels, l'un des [&hellip;]","og_url":"https:\/\/www.nettali.com\/2021\/10\/25\/soudan-les-dirigeants-civils-aux-mains-des-militaires\/","og_site_name":"Nettali.com","article_publisher":"https:\/\/www.facebook.com\/nettalicom","article_published_time":"2021-10-25T22:48:55+00:00","og_image":[{"width":800,"height":450,"url":"https:\/\/www.nettali.com\/wp-content\/uploads\/2021\/10\/1271853816.jpg","type":"image\/jpeg"}],"twitter_card":"summary_large_image","twitter_misc":{"\u00c9crit par":"Ibrahima","Dur\u00e9e de lecture estim\u00e9e":"4 minutes"},"schema":{"@context":"https:\/\/schema.org","@graph":[{"@type":"WebSite","@id":"https:\/\/www.nettali.com\/#website","url":"https:\/\/www.nettali.com\/","name":"Nettali.com","description":"Le rendez-vous critique du Net","potentialAction":[{"@type":"SearchAction","target":{"@type":"EntryPoint","urlTemplate":"https:\/\/www.nettali.com\/?s={search_term_string}"},"query-input":"required name=search_term_string"}],"inLanguage":"fr-FR"},{"@type":"ImageObject","@id":"https:\/\/www.nettali.com\/2021\/10\/25\/soudan-les-dirigeants-civils-aux-mains-des-militaires\/#primaryimage","inLanguage":"fr-FR","url":"https:\/\/www.nettali.com\/wp-content\/uploads\/2021\/10\/1271853816.jpg","contentUrl":"https:\/\/www.nettali.com\/wp-content\/uploads\/2021\/10\/1271853816.jpg","width":800,"height":450},{"@type":"WebPage","@id":"https:\/\/www.nettali.com\/2021\/10\/25\/soudan-les-dirigeants-civils-aux-mains-des-militaires\/#webpage","url":"https:\/\/www.nettali.com\/2021\/10\/25\/soudan-les-dirigeants-civils-aux-mains-des-militaires\/","name":"SOUDAN - Les dirigeants civils aux mains des militaires | Nettali.com","isPartOf":{"@id":"https:\/\/www.nettali.com\/#website"},"primaryImageOfPage":{"@id":"https:\/\/www.nettali.com\/2021\/10\/25\/soudan-les-dirigeants-civils-aux-mains-des-militaires\/#primaryimage"},"datePublished":"2021-10-25T22:48:55+00:00","dateModified":"2021-10-25T22:48:55+00:00","author":{"@id":"https:\/\/www.nettali.com\/#\/schema\/person\/bb147657c2986240405a608162b9bb23"},"breadcrumb":{"@id":"https:\/\/www.nettali.com\/2021\/10\/25\/soudan-les-dirigeants-civils-aux-mains-des-militaires\/#breadcrumb"},"inLanguage":"fr-FR","potentialAction":[{"@type":"ReadAction","target":["https:\/\/www.nettali.com\/2021\/10\/25\/soudan-les-dirigeants-civils-aux-mains-des-militaires\/"]}]},{"@type":"BreadcrumbList","@id":"https:\/\/www.nettali.com\/2021\/10\/25\/soudan-les-dirigeants-civils-aux-mains-des-militaires\/#breadcrumb","itemListElement":[{"@type":"ListItem","position":1,"name":"Accueil","item":"https:\/\/www.nettali.com\/"},{"@type":"ListItem","position":2,"name":"SOUDAN &#8211; Les dirigeants civils aux mains des militaires"}]},{"@type":"Person","@id":"https:\/\/www.nettali.com\/#\/schema\/person\/bb147657c2986240405a608162b9bb23","name":"Ibrahima","image":{"@type":"ImageObject","@id":"https:\/\/www.nettali.com\/#personlogo","inLanguage":"fr-FR","url":"https:\/\/secure.gravatar.com\/avatar\/26a8a81f09f0dd7624c9d5c36c9ba3a2?s=96&d=mm&r=g","contentUrl":"https:\/\/secure.gravatar.com\/avatar\/26a8a81f09f0dd7624c9d5c36c9ba3a2?s=96&d=mm&r=g","caption":"Ibrahima"},"sameAs":["https:\/\/www.nettali.com"]}]}},"_links":{"self":[{"href":"https:\/\/www.nettali.com\/rest\/wp\/v2\/posts\/74430"}],"collection":[{"href":"https:\/\/www.nettali.com\/rest\/wp\/v2\/posts"}],"about":[{"href":"https:\/\/www.nettali.com\/rest\/wp\/v2\/types\/post"}],"author":[{"embeddable":true,"href":"https:\/\/www.nettali.com\/rest\/wp\/v2\/users\/5"}],"replies":[{"embeddable":true,"href":"https:\/\/www.nettali.com\/rest\/wp\/v2\/comments?post=74430"}],"version-history":[{"count":1,"href":"https:\/\/www.nettali.com\/rest\/wp\/v2\/posts\/74430\/revisions"}],"predecessor-version":[{"id":74432,"href":"https:\/\/www.nettali.com\/rest\/wp\/v2\/posts\/74430\/revisions\/74432"}],"wp:featuredmedia":[{"embeddable":true,"href":"https:\/\/www.nettali.com\/rest\/wp\/v2\/media\/74431"}],"wp:attachment":[{"href":"https:\/\/www.nettali.com\/rest\/wp\/v2\/media?parent=74430"}],"wp:term":[{"taxonomy":"category","embeddable":true,"href":"https:\/\/www.nettali.com\/rest\/wp\/v2\/categories?post=74430"},{"taxonomy":"post_tag","embeddable":true,"href":"https:\/\/www.nettali.com\/rest\/wp\/v2\/tags?post=74430"}],"curies":[{"name":"wp","href":"https:\/\/api.w.org\/{rel}","templated":true}]}}