{"id":74390,"date":"2021-10-25T09:39:07","date_gmt":"2021-10-25T09:39:07","guid":{"rendered":"https:\/\/www.nettali.com\/?p=74390"},"modified":"2021-10-25T09:39:07","modified_gmt":"2021-10-25T09:39:07","slug":"rappel-a-dieu-de-thiam-gainde-le-vibrant-hommage-de-macky-sall","status":"publish","type":"post","link":"https:\/\/www.nettali.com\/2021\/10\/25\/rappel-a-dieu-de-thiam-gainde-le-vibrant-hommage-de-macky-sall\/","title":{"rendered":"RAPPEL \u00c0 DIEU DE THIAM GA\u00cfND\u00c9 - Le vibrant hommage de Macky Sall"},"content":{"rendered":"<p><strong>NETTALI.COM - Le pr\u00e9sident de la R\u00e9publique, Macky Sall a rendu hommage \u00e0 Abdoulaye Thiam alias Thiam Ga\u00efnd\u00e9, d\u00e9c\u00e9d\u00e9 ce dimanche \u00e0 son domicile, \u00e0 Rufisque. Le chef de l'\u00c9tat regrette la disparition d'un \" homme passionn\u00e9 et un vrai patriote\".<\/strong><\/p>\n<p>\" <em>Le sport s\u00e9n\u00e9galais vient de perdre un de ses plus grands supporters<\/em>\", a \u00e9crit Macky Sall sur Twitter.<\/p>\n<p>\" <em>Abdoulaye Thiam \u00e9tait un homme passionn\u00e9 et un vrai patriote<\/em>\", a poursuivi le chef de l'\u00c9tat, pr\u00e9sentant le d\u00e9funt comme un \" <em>fid\u00e8le compagnon de toujours de nos \u00e9quipes nationales<\/em>\".<\/p>\n<p>\" <em>Mes condol\u00e9ances \u00e9mues \u00e0 sa famille et au monde du sport<\/em>\", a-t-il conclu.<\/p>\n<p>Le ministre des Sports, Matar B\u00e2, a abond\u00e9 dans le m\u00eame sens, pr\u00e9sentant le d\u00e9funt comme un \"<em>doyen et embl\u00e8me de l\u2019Association nationale des supporters des \u00e9quipes nationales, commun\u00e9ment appel\u00e9e 12-\u00e8me Ga\u00efnd\u00e9<\/em>\".<\/p>\n<p>\" <em>Un digne fils du S\u00e9n\u00e9gal. Un engagement ind\u00e9fectible au service d\u2019une grande cause. Un h\u00e9ros qui a su maintenir allum\u00e9e la flamme de l\u2019espoir dans le sport s\u00e9n\u00e9galais quels que soient par ailleurs les al\u00e9as et les intemp\u00e9ries\",<\/em> a t\u00e9moign\u00e9 Matar B\u00e2.<\/p>\n<p>Il \u00e9voque \u00e9galement \" <em>un exemple de sacrifice, de patriotisme et de don de soi\", <\/em>se souvenant d'<em>\"une silhouette imposante d\u2019allure et frapp\u00e9e aux couleurs de la Nation, de la t\u00eate aux pieds, encore fig\u00e9e dans nos c\u0153urs et dans nos m\u00e9moires\".<\/em><\/p>\n<p>Il estime que son rappel \u00e0 Dieu doit \u00eatre per\u00e7u \"<em>comme un appel posthume \u00e0 plus de solidarit\u00e9, d\u2019union et de fraternit\u00e9 pour aller plus au fond et \u00e0 l\u2019essentiel<\/em>\".<\/p>\n<p>A noter que la lev\u00e9e du corps d\u2019Abdoulaye Thiam est pr\u00e9vue ce lundi \u00e0 9h, \u00e0 l\u2019h\u00f4pital de Fann et l\u2019inhumation dans sa ville natale de Lingu\u00e8re.<\/p>\n<div class='share-to-whatsapp-wrapper'><div class='share-on-whsp'>PARTAGER SUR : <\/div><a data-text='RAPPEL \u00c0 DIEU DE THIAM GA\u00cfND\u00c9 - Le vibrant hommage de Macky Sall' data-link='https:\/\/www.nettali.com\/2021\/10\/25\/rappel-a-dieu-de-thiam-gainde-le-vibrant-hommage-de-macky-sall\/' class='whatsapp-button whatsapp-share'>WhatsApp<\/a><div class='clear '><\/div><\/div>","protected":false},"excerpt":{"rendered":"<p>NETTALI.COM - Le pr\u00e9sident de la R\u00e9publique, Macky Sall a rendu hommage \u00e0 Abdoulaye Thiam alias Thiam Ga\u00efnd\u00e9, d\u00e9c\u00e9d\u00e9 ce dimanche \u00e0 son domicile, \u00e0 Rufisque. Le chef de l'\u00c9tat regrette la disparition d'un \" homme passionn\u00e9 et un vrai patriote\". \" Le sport s\u00e9n\u00e9galais vient de perdre un de ses plus grands supporters\", a [&hellip;]<\/p>\n","protected":false},"author":5,"featured_media":74391,"comment_status":"open","ping_status":"open","sticky":false,"template":"","format":"standard","meta":{"_et_pb_use_builder":"","_et_pb_old_content":""},"categories":[3],"tags":[],"yoast_head":"<!-- This site is optimized with the Yoast SEO Premium plugin v17.8 (Yoast SEO v17.8) - https:\/\/yoast.com\/wordpress\/plugins\/seo\/ -->\n<title>RAPPEL \u00c0 DIEU DE THIAM GA\u00cfND\u00c9 - Le vibrant hommage de Macky Sall | Nettali.com<\/title>\n<meta name=\"robots\" content=\"index, follow, max-snippet:-1, max-image-preview:large, max-video-preview:-1\" \/>\n<link rel=\"canonical\" href=\"https:\/\/www.nettali.com\/2021\/10\/25\/rappel-a-dieu-de-thiam-gainde-le-vibrant-hommage-de-macky-sall\/\" \/>\n<meta property=\"og:locale\" content=\"fr_FR\" \/>\n<meta property=\"og:type\" content=\"article\" \/>\n<meta property=\"og:title\" content=\"RAPPEL \u00c0 DIEU DE THIAM GA\u00cfND\u00c9 - Le vibrant hommage de Macky Sall\" \/>\n<meta property=\"og:description\" content=\"NETTALI.COM - Le pr\u00e9sident de la R\u00e9publique, Macky Sall a rendu hommage \u00e0 Abdoulaye Thiam alias Thiam Ga\u00efnd\u00e9, d\u00e9c\u00e9d\u00e9 ce dimanche \u00e0 son domicile, \u00e0 Rufisque. Le chef de l&#039;\u00c9tat regrette la disparition d&#039;un &quot; homme passionn\u00e9 et un vrai patriote&quot;. &quot; Le sport s\u00e9n\u00e9galais vient de perdre un de ses plus grands supporters&quot;, a [&hellip;]\" \/>\n<meta property=\"og:url\" content=\"https:\/\/www.nettali.com\/2021\/10\/25\/rappel-a-dieu-de-thiam-gainde-le-vibrant-hommage-de-macky-sall\/\" \/>\n<meta property=\"og:site_name\" content=\"Nettali.com\" \/>\n<meta property=\"article:publisher\" content=\"https:\/\/www.facebook.com\/nettalicom\" \/>\n<meta property=\"article:published_time\" content=\"2021-10-25T09:39:07+00:00\" \/>\n<meta property=\"og:image\" content=\"https:\/\/www.nettali.com\/wp-content\/uploads\/2021\/10\/collage-1-scaled-1.jpg\" \/>\n\t<meta property=\"og:image:width\" content=\"2560\" \/>\n\t<meta property=\"og:image:height\" content=\"1920\" \/>\n<meta name=\"twitter:card\" content=\"summary_large_image\" \/>\n<meta name=\"twitter:label1\" content=\"\u00c9crit par\" \/>\n\t<meta name=\"twitter:data1\" content=\"Ibrahima\" \/>\n\t<meta name=\"twitter:label2\" content=\"Dur\u00e9e de lecture estim\u00e9e\" \/>\n\t<meta name=\"twitter:data2\" content=\"2 minutes\" \/>\n<script type=\"application\/ld+json\" class=\"yoast-schema-graph\">{\"@context\":\"https:\/\/schema.org\",\"@graph\":[{\"@type\":\"WebSite\",\"@id\":\"https:\/\/www.nettali.com\/#website\",\"url\":\"https:\/\/www.nettali.com\/\",\"name\":\"Nettali.com\",\"description\":\"Le rendez-vous critique du Net\",\"potentialAction\":[{\"@type\":\"SearchAction\",\"target\":{\"@type\":\"EntryPoint\",\"urlTemplate\":\"https:\/\/www.nettali.com\/?s={search_term_string}\"},\"query-input\":\"required name=search_term_string\"}],\"inLanguage\":\"fr-FR\"},{\"@type\":\"ImageObject\",\"@id\":\"https:\/\/www.nettali.com\/2021\/10\/25\/rappel-a-dieu-de-thiam-gainde-le-vibrant-hommage-de-macky-sall\/#primaryimage\",\"inLanguage\":\"fr-FR\",\"url\":\"https:\/\/www.nettali.com\/wp-content\/uploads\/2021\/10\/collage-1-scaled-1.jpg\",\"contentUrl\":\"https:\/\/www.nettali.com\/wp-content\/uploads\/2021\/10\/collage-1-scaled-1.jpg\",\"width\":2560,\"height\":1920},{\"@type\":\"WebPage\",\"@id\":\"https:\/\/www.nettali.com\/2021\/10\/25\/rappel-a-dieu-de-thiam-gainde-le-vibrant-hommage-de-macky-sall\/#webpage\",\"url\":\"https:\/\/www.nettali.com\/2021\/10\/25\/rappel-a-dieu-de-thiam-gainde-le-vibrant-hommage-de-macky-sall\/\",\"name\":\"RAPPEL \\u00c0 DIEU DE THIAM GA\\u00cfND\\u00c9 - Le vibrant hommage de Macky Sall | Nettali.com\",\"isPartOf\":{\"@id\":\"https:\/\/www.nettali.com\/#website\"},\"primaryImageOfPage\":{\"@id\":\"https:\/\/www.nettali.com\/2021\/10\/25\/rappel-a-dieu-de-thiam-gainde-le-vibrant-hommage-de-macky-sall\/#primaryimage\"},\"datePublished\":\"2021-10-25T09:39:07+00:00\",\"dateModified\":\"2021-10-25T09:39:07+00:00\",\"author\":{\"@id\":\"https:\/\/www.nettali.com\/#\/schema\/person\/bb147657c2986240405a608162b9bb23\"},\"breadcrumb\":{\"@id\":\"https:\/\/www.nettali.com\/2021\/10\/25\/rappel-a-dieu-de-thiam-gainde-le-vibrant-hommage-de-macky-sall\/#breadcrumb\"},\"inLanguage\":\"fr-FR\",\"potentialAction\":[{\"@type\":\"ReadAction\",\"target\":[\"https:\/\/www.nettali.com\/2021\/10\/25\/rappel-a-dieu-de-thiam-gainde-le-vibrant-hommage-de-macky-sall\/\"]}]},{\"@type\":\"BreadcrumbList\",\"@id\":\"https:\/\/www.nettali.com\/2021\/10\/25\/rappel-a-dieu-de-thiam-gainde-le-vibrant-hommage-de-macky-sall\/#breadcrumb\",\"itemListElement\":[{\"@type\":\"ListItem\",\"position\":1,\"name\":\"Accueil\",\"item\":\"https:\/\/www.nettali.com\/\"},{\"@type\":\"ListItem\",\"position\":2,\"name\":\"RAPPEL \\u00c0 DIEU DE THIAM GA\\u00cfND\\u00c9 &#8211; Le vibrant hommage de Macky Sall\"}]},{\"@type\":\"Person\",\"@id\":\"https:\/\/www.nettali.com\/#\/schema\/person\/bb147657c2986240405a608162b9bb23\",\"name\":\"Ibrahima\",\"image\":{\"@type\":\"ImageObject\",\"@id\":\"https:\/\/www.nettali.com\/#personlogo\",\"inLanguage\":\"fr-FR\",\"url\":\"https:\/\/secure.gravatar.com\/avatar\/26a8a81f09f0dd7624c9d5c36c9ba3a2?s=96&d=mm&r=g\",\"contentUrl\":\"https:\/\/secure.gravatar.com\/avatar\/26a8a81f09f0dd7624c9d5c36c9ba3a2?s=96&d=mm&r=g\",\"caption\":\"Ibrahima\"},\"sameAs\":[\"https:\/\/www.nettali.com\"]}]}<\/script>\n<!-- \/ Yoast SEO Premium plugin. -->","yoast_head_json":{"title":"RAPPEL \u00c0 DIEU DE THIAM GA\u00cfND\u00c9 - Le vibrant hommage de Macky Sall | Nettali.com","robots":{"index":"index","follow":"follow","max-snippet":"max-snippet:-1","max-image-preview":"max-image-preview:large","max-video-preview":"max-video-preview:-1"},"canonical":"https:\/\/www.nettali.com\/2021\/10\/25\/rappel-a-dieu-de-thiam-gainde-le-vibrant-hommage-de-macky-sall\/","og_locale":"fr_FR","og_type":"article","og_title":"RAPPEL \u00c0 DIEU DE THIAM GA\u00cfND\u00c9 - Le vibrant hommage de Macky Sall","og_description":"NETTALI.COM - Le pr\u00e9sident de la R\u00e9publique, Macky Sall a rendu hommage \u00e0 Abdoulaye Thiam alias Thiam Ga\u00efnd\u00e9, d\u00e9c\u00e9d\u00e9 ce dimanche \u00e0 son domicile, \u00e0 Rufisque. Le chef de l'\u00c9tat regrette la disparition d'un \" homme passionn\u00e9 et un vrai patriote\". \" Le sport s\u00e9n\u00e9galais vient de perdre un de ses plus grands supporters\", a [&hellip;]","og_url":"https:\/\/www.nettali.com\/2021\/10\/25\/rappel-a-dieu-de-thiam-gainde-le-vibrant-hommage-de-macky-sall\/","og_site_name":"Nettali.com","article_publisher":"https:\/\/www.facebook.com\/nettalicom","article_published_time":"2021-10-25T09:39:07+00:00","og_image":[{"width":2560,"height":1920,"url":"https:\/\/www.nettali.com\/wp-content\/uploads\/2021\/10\/collage-1-scaled-1.jpg","type":"image\/jpeg"}],"twitter_card":"summary_large_image","twitter_misc":{"\u00c9crit par":"Ibrahima","Dur\u00e9e de lecture estim\u00e9e":"2 minutes"},"schema":{"@context":"https:\/\/schema.org","@graph":[{"@type":"WebSite","@id":"https:\/\/www.nettali.com\/#website","url":"https:\/\/www.nettali.com\/","name":"Nettali.com","description":"Le rendez-vous critique du Net","potentialAction":[{"@type":"SearchAction","target":{"@type":"EntryPoint","urlTemplate":"https:\/\/www.nettali.com\/?s={search_term_string}"},"query-input":"required name=search_term_string"}],"inLanguage":"fr-FR"},{"@type":"ImageObject","@id":"https:\/\/www.nettali.com\/2021\/10\/25\/rappel-a-dieu-de-thiam-gainde-le-vibrant-hommage-de-macky-sall\/#primaryimage","inLanguage":"fr-FR","url":"https:\/\/www.nettali.com\/wp-content\/uploads\/2021\/10\/collage-1-scaled-1.jpg","contentUrl":"https:\/\/www.nettali.com\/wp-content\/uploads\/2021\/10\/collage-1-scaled-1.jpg","width":2560,"height":1920},{"@type":"WebPage","@id":"https:\/\/www.nettali.com\/2021\/10\/25\/rappel-a-dieu-de-thiam-gainde-le-vibrant-hommage-de-macky-sall\/#webpage","url":"https:\/\/www.nettali.com\/2021\/10\/25\/rappel-a-dieu-de-thiam-gainde-le-vibrant-hommage-de-macky-sall\/","name":"RAPPEL \u00c0 DIEU DE THIAM GA\u00cfND\u00c9 - Le vibrant hommage de Macky Sall | Nettali.com","isPartOf":{"@id":"https:\/\/www.nettali.com\/#website"},"primaryImageOfPage":{"@id":"https:\/\/www.nettali.com\/2021\/10\/25\/rappel-a-dieu-de-thiam-gainde-le-vibrant-hommage-de-macky-sall\/#primaryimage"},"datePublished":"2021-10-25T09:39:07+00:00","dateModified":"2021-10-25T09:39:07+00:00","author":{"@id":"https:\/\/www.nettali.com\/#\/schema\/person\/bb147657c2986240405a608162b9bb23"},"breadcrumb":{"@id":"https:\/\/www.nettali.com\/2021\/10\/25\/rappel-a-dieu-de-thiam-gainde-le-vibrant-hommage-de-macky-sall\/#breadcrumb"},"inLanguage":"fr-FR","potentialAction":[{"@type":"ReadAction","target":["https:\/\/www.nettali.com\/2021\/10\/25\/rappel-a-dieu-de-thiam-gainde-le-vibrant-hommage-de-macky-sall\/"]}]},{"@type":"BreadcrumbList","@id":"https:\/\/www.nettali.com\/2021\/10\/25\/rappel-a-dieu-de-thiam-gainde-le-vibrant-hommage-de-macky-sall\/#breadcrumb","itemListElement":[{"@type":"ListItem","position":1,"name":"Accueil","item":"https:\/\/www.nettali.com\/"},{"@type":"ListItem","position":2,"name":"RAPPEL \u00c0 DIEU DE THIAM GA\u00cfND\u00c9 &#8211; Le vibrant hommage de Macky Sall"}]},{"@type":"Person","@id":"https:\/\/www.nettali.com\/#\/schema\/person\/bb147657c2986240405a608162b9bb23","name":"Ibrahima","image":{"@type":"ImageObject","@id":"https:\/\/www.nettali.com\/#personlogo","inLanguage":"fr-FR","url":"https:\/\/secure.gravatar.com\/avatar\/26a8a81f09f0dd7624c9d5c36c9ba3a2?s=96&d=mm&r=g","contentUrl":"https:\/\/secure.gravatar.com\/avatar\/26a8a81f09f0dd7624c9d5c36c9ba3a2?s=96&d=mm&r=g","caption":"Ibrahima"},"sameAs":["https:\/\/www.nettali.com"]}]}},"_links":{"self":[{"href":"https:\/\/www.nettali.com\/rest\/wp\/v2\/posts\/74390"}],"collection":[{"href":"https:\/\/www.nettali.com\/rest\/wp\/v2\/posts"}],"about":[{"href":"https:\/\/www.nettali.com\/rest\/wp\/v2\/types\/post"}],"author":[{"embeddable":true,"href":"https:\/\/www.nettali.com\/rest\/wp\/v2\/users\/5"}],"replies":[{"embeddable":true,"href":"https:\/\/www.nettali.com\/rest\/wp\/v2\/comments?post=74390"}],"version-history":[{"count":3,"href":"https:\/\/www.nettali.com\/rest\/wp\/v2\/posts\/74390\/revisions"}],"predecessor-version":[{"id":74398,"href":"https:\/\/www.nettali.com\/rest\/wp\/v2\/posts\/74390\/revisions\/74398"}],"wp:featuredmedia":[{"embeddable":true,"href":"https:\/\/www.nettali.com\/rest\/wp\/v2\/media\/74391"}],"wp:attachment":[{"href":"https:\/\/www.nettali.com\/rest\/wp\/v2\/media?parent=74390"}],"wp:term":[{"taxonomy":"category","embeddable":true,"href":"https:\/\/www.nettali.com\/rest\/wp\/v2\/categories?post=74390"},{"taxonomy":"post_tag","embeddable":true,"href":"https:\/\/www.nettali.com\/rest\/wp\/v2\/tags?post=74390"}],"curies":[{"name":"wp","href":"https:\/\/api.w.org\/{rel}","templated":true}]}}