{"id":74307,"date":"2021-10-23T16:48:39","date_gmt":"2021-10-23T16:48:39","guid":{"rendered":"https:\/\/www.nettali.com\/?p=74307"},"modified":"2021-10-23T16:48:39","modified_gmt":"2021-10-23T16:48:39","slug":"turquie-erdogan-declare-10-ambassadeurs-personae-non-grata","status":"publish","type":"post","link":"https:\/\/www.nettali.com\/2021\/10\/23\/turquie-erdogan-declare-10-ambassadeurs-personae-non-grata\/","title":{"rendered":"TURQUIE - Erdogan d\u00e9clare 10 ambassadeurs \"personae non grata\""},"content":{"rendered":"<p>NETTALI.COM - Le pr\u00e9sident turc Recep Tayyip Erdogan a annonc\u00e9 samedi avoir ordonn\u00e9 \u00e0 son minist\u00e8re des Affaires \u00e9trang\u00e8res de d\u00e9clarer \"personae non grata\" dix ambassadeurs, dont le repr\u00e9sentant de la France, qui ont appel\u00e9 cette semaine \u00e0 la lib\u00e9ration imm\u00e9diate de l'homme d'affaires Osman Kavala.<\/p>\n<p>Les ambassadeurs ont \u00e9t\u00e9 convoqu\u00e9s mardi par le minist\u00e8re apr\u00e8s avoir relay\u00e9 un appel \u00e0 un r\u00e8glement \u00e9quitable et rapide de \"l'affaire Kavala\" qui \"jette une ombre sur le respect de la d\u00e9mocratie\".<\/p>\n<p>\"J'ai donn\u00e9 l'ordre n\u00e9cessaire \u00e0 notre ministre des Affaires \u00e9trang\u00e8res et dit ce qui devait \u00eatre fait: ces 10 ambassadeurs doivent \u00eatre d\u00e9clar\u00e9s personae non grata sur le champ. Vous allez r\u00e9gler \u00e7a imm\u00e9diatement\", a dit Recep Tayyip Erdogan dans un discours \u00e0 Eskisehir, dans le nord-ouest de la Turquie.<\/p>\n<p>Osman Kavala est d\u00e9tenu sans condamnation depuis la fin 2017. Les organisations de d\u00e9fense des droits humains y voient un symbole de la r\u00e9pression de toute opposition par le r\u00e9gime du pr\u00e9sident Recep Tayyip Erdogan.<\/p>\n<p>En 2019, la Cour europ\u00e9enne des droits de l'Homme (CEDH) a estim\u00e9 que la d\u00e9tention de l'homme d'affaires ne reposait sur aucune preuve et avait un caract\u00e8re politique. Elle a r\u00e9clam\u00e9 sa lib\u00e9ration imm\u00e9diate, une d\u00e9cision ignor\u00e9e par la Turquie.<\/p>\n<p>Osman Kavala est accus\u00e9 par la justice turque d'avoir financ\u00e9 des manifestations \u00e0 l'\u00e9chelle nationale en 2013 et d'\u00eatre impliqu\u00e9 dans la tentative de coup d'Etat de juillet 2016, ce qu'il d\u00e9ment.<\/p>\n<p>Dans une d\u00e9claration \u00e9crite, Osman Kavala a jug\u00e9 vendredi que cela n'aurait \"aucun sens\" pour lui d'assister \u00e0 son futur proc\u00e8s en raison de l'impossibilit\u00e9 d'obtenir une proc\u00e9dure \u00e9quitable \u00e0 la suite de r\u00e9centes d\u00e9clarations de Recep Tayyip Erdogan.<\/p>\n<p>Le pr\u00e9sident turc a d\u00e9clar\u00e9 jeudi que les ambassadeurs r\u00e9clamant la lib\u00e9ration de l'homme d'affaires ne demanderaient pas celle de \"bandits, d'assassins et de terroristes\" dans leur propre pays.<\/p>\n<p>La prochaine audience judiciaire concernant Osman Kavala est pr\u00e9vue le 26 novembre.<\/p>\n<p>Outre la France, les pays concern\u00e9s sont les Etats-Unis, l'Allemagne, le Canada, le Danemark, les Pays-Bas, la Norv\u00e8ge, la Su\u00e8de, la Finlande et la Nouvelle-Z\u00e9lande.<\/p>\n<p>&nbsp;<\/p>\n<div class='share-to-whatsapp-wrapper'><div class='share-on-whsp'>PARTAGER SUR : <\/div><a data-text='TURQUIE - Erdogan d\u00e9clare 10 ambassadeurs \"personae non grata\"' data-link='https:\/\/www.nettali.com\/2021\/10\/23\/turquie-erdogan-declare-10-ambassadeurs-personae-non-grata\/' class='whatsapp-button whatsapp-share'>WhatsApp<\/a><div class='clear '><\/div><\/div>","protected":false},"excerpt":{"rendered":"<p>NETTALI.COM - Le pr\u00e9sident turc Recep Tayyip Erdogan a annonc\u00e9 samedi avoir ordonn\u00e9 \u00e0 son minist\u00e8re des Affaires \u00e9trang\u00e8res de d\u00e9clarer \"personae non grata\" dix ambassadeurs, dont le repr\u00e9sentant de la France, qui ont appel\u00e9 cette semaine \u00e0 la lib\u00e9ration imm\u00e9diate de l'homme d'affaires Osman Kavala. Les ambassadeurs ont \u00e9t\u00e9 convoqu\u00e9s mardi par le minist\u00e8re [&hellip;]<\/p>\n","protected":false},"author":11,"featured_media":44804,"comment_status":"open","ping_status":"open","sticky":false,"template":"","format":"standard","meta":{"_et_pb_use_builder":"","_et_pb_old_content":""},"categories":[8],"tags":[],"yoast_head":"<!-- This site is optimized with the Yoast SEO Premium plugin v17.8 (Yoast SEO v17.8) - https:\/\/yoast.com\/wordpress\/plugins\/seo\/ -->\n<title>TURQUIE - Erdogan d\u00e9clare 10 ambassadeurs &quot;personae non grata&quot; | Nettali.com<\/title>\n<meta name=\"robots\" content=\"index, follow, max-snippet:-1, max-image-preview:large, max-video-preview:-1\" \/>\n<link rel=\"canonical\" href=\"https:\/\/www.nettali.com\/2021\/10\/23\/turquie-erdogan-declare-10-ambassadeurs-personae-non-grata\/\" \/>\n<meta property=\"og:locale\" content=\"fr_FR\" \/>\n<meta property=\"og:type\" content=\"article\" \/>\n<meta property=\"og:title\" content=\"TURQUIE - Erdogan d\u00e9clare 10 ambassadeurs &quot;personae non grata&quot;\" \/>\n<meta property=\"og:description\" content=\"NETTALI.COM - Le pr\u00e9sident turc Recep Tayyip Erdogan a annonc\u00e9 samedi avoir ordonn\u00e9 \u00e0 son minist\u00e8re des Affaires \u00e9trang\u00e8res de d\u00e9clarer &quot;personae non grata&quot; dix ambassadeurs, dont le repr\u00e9sentant de la France, qui ont appel\u00e9 cette semaine \u00e0 la lib\u00e9ration imm\u00e9diate de l&#039;homme d&#039;affaires Osman Kavala. Les ambassadeurs ont \u00e9t\u00e9 convoqu\u00e9s mardi par le minist\u00e8re [&hellip;]\" \/>\n<meta property=\"og:url\" content=\"https:\/\/www.nettali.com\/2021\/10\/23\/turquie-erdogan-declare-10-ambassadeurs-personae-non-grata\/\" \/>\n<meta property=\"og:site_name\" content=\"Nettali.com\" \/>\n<meta property=\"article:publisher\" content=\"https:\/\/www.facebook.com\/nettalicom\" \/>\n<meta property=\"article:published_time\" content=\"2021-10-23T16:48:39+00:00\" \/>\n<meta property=\"og:image\" content=\"https:\/\/www.nettali.com\/wp-content\/uploads\/2020\/08\/661_magic-article-actu_bb4_212_452664e4bf4ebeca3d5240d0ff_mediterranee-erdogan-menace-l-europe-dans-un-discours-martial_bb4212452664e4bf4ebeca3d5240d0ff.png\" \/>\n\t<meta property=\"og:image:width\" content=\"980\" \/>\n\t<meta property=\"og:image:height\" content=\"450\" \/>\n<meta name=\"twitter:card\" content=\"summary_large_image\" \/>\n<meta name=\"twitter:label1\" content=\"\u00c9crit par\" \/>\n\t<meta name=\"twitter:data1\" content=\"Thierno Diop\" \/>\n\t<meta name=\"twitter:label2\" content=\"Dur\u00e9e de lecture estim\u00e9e\" \/>\n\t<meta name=\"twitter:data2\" content=\"2 minutes\" \/>\n<script type=\"application\/ld+json\" class=\"yoast-schema-graph\">{\"@context\":\"https:\/\/schema.org\",\"@graph\":[{\"@type\":\"WebSite\",\"@id\":\"https:\/\/www.nettali.com\/#website\",\"url\":\"https:\/\/www.nettali.com\/\",\"name\":\"Nettali.com\",\"description\":\"Le rendez-vous critique du Net\",\"potentialAction\":[{\"@type\":\"SearchAction\",\"target\":{\"@type\":\"EntryPoint\",\"urlTemplate\":\"https:\/\/www.nettali.com\/?s={search_term_string}\"},\"query-input\":\"required name=search_term_string\"}],\"inLanguage\":\"fr-FR\"},{\"@type\":\"ImageObject\",\"@id\":\"https:\/\/www.nettali.com\/2021\/10\/23\/turquie-erdogan-declare-10-ambassadeurs-personae-non-grata\/#primaryimage\",\"inLanguage\":\"fr-FR\",\"url\":\"https:\/\/www.nettali.com\/wp-content\/uploads\/2020\/08\/661_magic-article-actu_bb4_212_452664e4bf4ebeca3d5240d0ff_mediterranee-erdogan-menace-l-europe-dans-un-discours-martial_bb4212452664e4bf4ebeca3d5240d0ff.png\",\"contentUrl\":\"https:\/\/www.nettali.com\/wp-content\/uploads\/2020\/08\/661_magic-article-actu_bb4_212_452664e4bf4ebeca3d5240d0ff_mediterranee-erdogan-menace-l-europe-dans-un-discours-martial_bb4212452664e4bf4ebeca3d5240d0ff.png\",\"width\":980,\"height\":450},{\"@type\":\"WebPage\",\"@id\":\"https:\/\/www.nettali.com\/2021\/10\/23\/turquie-erdogan-declare-10-ambassadeurs-personae-non-grata\/#webpage\",\"url\":\"https:\/\/www.nettali.com\/2021\/10\/23\/turquie-erdogan-declare-10-ambassadeurs-personae-non-grata\/\",\"name\":\"TURQUIE - Erdogan d\\u00e9clare 10 ambassadeurs \\\"personae non grata\\\" | Nettali.com\",\"isPartOf\":{\"@id\":\"https:\/\/www.nettali.com\/#website\"},\"primaryImageOfPage\":{\"@id\":\"https:\/\/www.nettali.com\/2021\/10\/23\/turquie-erdogan-declare-10-ambassadeurs-personae-non-grata\/#primaryimage\"},\"datePublished\":\"2021-10-23T16:48:39+00:00\",\"dateModified\":\"2021-10-23T16:48:39+00:00\",\"author\":{\"@id\":\"https:\/\/www.nettali.com\/#\/schema\/person\/8a06c6bd7b19304cf4bf985862900b5b\"},\"breadcrumb\":{\"@id\":\"https:\/\/www.nettali.com\/2021\/10\/23\/turquie-erdogan-declare-10-ambassadeurs-personae-non-grata\/#breadcrumb\"},\"inLanguage\":\"fr-FR\",\"potentialAction\":[{\"@type\":\"ReadAction\",\"target\":[\"https:\/\/www.nettali.com\/2021\/10\/23\/turquie-erdogan-declare-10-ambassadeurs-personae-non-grata\/\"]}]},{\"@type\":\"BreadcrumbList\",\"@id\":\"https:\/\/www.nettali.com\/2021\/10\/23\/turquie-erdogan-declare-10-ambassadeurs-personae-non-grata\/#breadcrumb\",\"itemListElement\":[{\"@type\":\"ListItem\",\"position\":1,\"name\":\"Accueil\",\"item\":\"https:\/\/www.nettali.com\/\"},{\"@type\":\"ListItem\",\"position\":2,\"name\":\"TURQUIE &#8211; Erdogan d\\u00e9clare 10 ambassadeurs \\u00ab\\u00a0personae non grata\\u00a0\\u00bb\"}]},{\"@type\":\"Person\",\"@id\":\"https:\/\/www.nettali.com\/#\/schema\/person\/8a06c6bd7b19304cf4bf985862900b5b\",\"name\":\"Thierno Diop\",\"image\":{\"@type\":\"ImageObject\",\"@id\":\"https:\/\/www.nettali.com\/#personlogo\",\"inLanguage\":\"fr-FR\",\"url\":\"https:\/\/secure.gravatar.com\/avatar\/c8ca58550c94fd2ac856d27391a6c866?s=96&d=mm&r=g\",\"contentUrl\":\"https:\/\/secure.gravatar.com\/avatar\/c8ca58550c94fd2ac856d27391a6c866?s=96&d=mm&r=g\",\"caption\":\"Thierno Diop\"},\"sameAs\":[\"https:\/\/nettali.com\"]}]}<\/script>\n<!-- \/ Yoast SEO Premium plugin. -->","yoast_head_json":{"title":"TURQUIE - Erdogan d\u00e9clare 10 ambassadeurs \"personae non grata\" | Nettali.com","robots":{"index":"index","follow":"follow","max-snippet":"max-snippet:-1","max-image-preview":"max-image-preview:large","max-video-preview":"max-video-preview:-1"},"canonical":"https:\/\/www.nettali.com\/2021\/10\/23\/turquie-erdogan-declare-10-ambassadeurs-personae-non-grata\/","og_locale":"fr_FR","og_type":"article","og_title":"TURQUIE - Erdogan d\u00e9clare 10 ambassadeurs \"personae non grata\"","og_description":"NETTALI.COM - Le pr\u00e9sident turc Recep Tayyip Erdogan a annonc\u00e9 samedi avoir ordonn\u00e9 \u00e0 son minist\u00e8re des Affaires \u00e9trang\u00e8res de d\u00e9clarer \"personae non grata\" dix ambassadeurs, dont le repr\u00e9sentant de la France, qui ont appel\u00e9 cette semaine \u00e0 la lib\u00e9ration imm\u00e9diate de l'homme d'affaires Osman Kavala. Les ambassadeurs ont \u00e9t\u00e9 convoqu\u00e9s mardi par le minist\u00e8re [&hellip;]","og_url":"https:\/\/www.nettali.com\/2021\/10\/23\/turquie-erdogan-declare-10-ambassadeurs-personae-non-grata\/","og_site_name":"Nettali.com","article_publisher":"https:\/\/www.facebook.com\/nettalicom","article_published_time":"2021-10-23T16:48:39+00:00","og_image":[{"width":980,"height":450,"url":"https:\/\/www.nettali.com\/wp-content\/uploads\/2020\/08\/661_magic-article-actu_bb4_212_452664e4bf4ebeca3d5240d0ff_mediterranee-erdogan-menace-l-europe-dans-un-discours-martial_bb4212452664e4bf4ebeca3d5240d0ff.png","type":"image\/png"}],"twitter_card":"summary_large_image","twitter_misc":{"\u00c9crit par":"Thierno Diop","Dur\u00e9e de lecture estim\u00e9e":"2 minutes"},"schema":{"@context":"https:\/\/schema.org","@graph":[{"@type":"WebSite","@id":"https:\/\/www.nettali.com\/#website","url":"https:\/\/www.nettali.com\/","name":"Nettali.com","description":"Le rendez-vous critique du Net","potentialAction":[{"@type":"SearchAction","target":{"@type":"EntryPoint","urlTemplate":"https:\/\/www.nettali.com\/?s={search_term_string}"},"query-input":"required name=search_term_string"}],"inLanguage":"fr-FR"},{"@type":"ImageObject","@id":"https:\/\/www.nettali.com\/2021\/10\/23\/turquie-erdogan-declare-10-ambassadeurs-personae-non-grata\/#primaryimage","inLanguage":"fr-FR","url":"https:\/\/www.nettali.com\/wp-content\/uploads\/2020\/08\/661_magic-article-actu_bb4_212_452664e4bf4ebeca3d5240d0ff_mediterranee-erdogan-menace-l-europe-dans-un-discours-martial_bb4212452664e4bf4ebeca3d5240d0ff.png","contentUrl":"https:\/\/www.nettali.com\/wp-content\/uploads\/2020\/08\/661_magic-article-actu_bb4_212_452664e4bf4ebeca3d5240d0ff_mediterranee-erdogan-menace-l-europe-dans-un-discours-martial_bb4212452664e4bf4ebeca3d5240d0ff.png","width":980,"height":450},{"@type":"WebPage","@id":"https:\/\/www.nettali.com\/2021\/10\/23\/turquie-erdogan-declare-10-ambassadeurs-personae-non-grata\/#webpage","url":"https:\/\/www.nettali.com\/2021\/10\/23\/turquie-erdogan-declare-10-ambassadeurs-personae-non-grata\/","name":"TURQUIE - Erdogan d\u00e9clare 10 ambassadeurs \"personae non grata\" | Nettali.com","isPartOf":{"@id":"https:\/\/www.nettali.com\/#website"},"primaryImageOfPage":{"@id":"https:\/\/www.nettali.com\/2021\/10\/23\/turquie-erdogan-declare-10-ambassadeurs-personae-non-grata\/#primaryimage"},"datePublished":"2021-10-23T16:48:39+00:00","dateModified":"2021-10-23T16:48:39+00:00","author":{"@id":"https:\/\/www.nettali.com\/#\/schema\/person\/8a06c6bd7b19304cf4bf985862900b5b"},"breadcrumb":{"@id":"https:\/\/www.nettali.com\/2021\/10\/23\/turquie-erdogan-declare-10-ambassadeurs-personae-non-grata\/#breadcrumb"},"inLanguage":"fr-FR","potentialAction":[{"@type":"ReadAction","target":["https:\/\/www.nettali.com\/2021\/10\/23\/turquie-erdogan-declare-10-ambassadeurs-personae-non-grata\/"]}]},{"@type":"BreadcrumbList","@id":"https:\/\/www.nettali.com\/2021\/10\/23\/turquie-erdogan-declare-10-ambassadeurs-personae-non-grata\/#breadcrumb","itemListElement":[{"@type":"ListItem","position":1,"name":"Accueil","item":"https:\/\/www.nettali.com\/"},{"@type":"ListItem","position":2,"name":"TURQUIE &#8211; Erdogan d\u00e9clare 10 ambassadeurs \u00ab\u00a0personae non grata\u00a0\u00bb"}]},{"@type":"Person","@id":"https:\/\/www.nettali.com\/#\/schema\/person\/8a06c6bd7b19304cf4bf985862900b5b","name":"Thierno Diop","image":{"@type":"ImageObject","@id":"https:\/\/www.nettali.com\/#personlogo","inLanguage":"fr-FR","url":"https:\/\/secure.gravatar.com\/avatar\/c8ca58550c94fd2ac856d27391a6c866?s=96&d=mm&r=g","contentUrl":"https:\/\/secure.gravatar.com\/avatar\/c8ca58550c94fd2ac856d27391a6c866?s=96&d=mm&r=g","caption":"Thierno Diop"},"sameAs":["https:\/\/nettali.com"]}]}},"_links":{"self":[{"href":"https:\/\/www.nettali.com\/rest\/wp\/v2\/posts\/74307"}],"collection":[{"href":"https:\/\/www.nettali.com\/rest\/wp\/v2\/posts"}],"about":[{"href":"https:\/\/www.nettali.com\/rest\/wp\/v2\/types\/post"}],"author":[{"embeddable":true,"href":"https:\/\/www.nettali.com\/rest\/wp\/v2\/users\/11"}],"replies":[{"embeddable":true,"href":"https:\/\/www.nettali.com\/rest\/wp\/v2\/comments?post=74307"}],"version-history":[{"count":1,"href":"https:\/\/www.nettali.com\/rest\/wp\/v2\/posts\/74307\/revisions"}],"predecessor-version":[{"id":74308,"href":"https:\/\/www.nettali.com\/rest\/wp\/v2\/posts\/74307\/revisions\/74308"}],"wp:featuredmedia":[{"embeddable":true,"href":"https:\/\/www.nettali.com\/rest\/wp\/v2\/media\/44804"}],"wp:attachment":[{"href":"https:\/\/www.nettali.com\/rest\/wp\/v2\/media?parent=74307"}],"wp:term":[{"taxonomy":"category","embeddable":true,"href":"https:\/\/www.nettali.com\/rest\/wp\/v2\/categories?post=74307"},{"taxonomy":"post_tag","embeddable":true,"href":"https:\/\/www.nettali.com\/rest\/wp\/v2\/tags?post=74307"}],"curies":[{"name":"wp","href":"https:\/\/api.w.org\/{rel}","templated":true}]}}