{"id":74242,"date":"2021-10-22T20:16:29","date_gmt":"2021-10-22T20:16:29","guid":{"rendered":"https:\/\/www.nettali.com\/?p=74242"},"modified":"2021-10-22T20:16:29","modified_gmt":"2021-10-22T20:16:29","slug":"attaques-verbales-contre-les-religieux-sur-les-reseaux-sociaux-antoine-felix-diome-menace","status":"publish","type":"post","link":"https:\/\/www.nettali.com\/2021\/10\/22\/attaques-verbales-contre-les-religieux-sur-les-reseaux-sociaux-antoine-felix-diome-menace\/","title":{"rendered":"ATTAQUES VERBALES CONTRE LES RELIGIEUX SUR LES R\u00c9SEAUX SOCIAUX - Antoine F\u00e9lix Diome menace"},"content":{"rendered":"<p><strong>NETTALI.COM-\u00a0Le ministre de l\u2019Int\u00e9rieur, Antoine F\u00e9lix Diome est d\u00e9termin\u00e9 \u00e0 r\u00e9guler les d\u00e9rives constat\u00e9es sur les r\u00e9seaux sociaux.<\/strong><\/p>\n<p>A travers un communiqu\u00e9, le ministre\u00a0 Antoine F\u00e9lix Diome met en garde les insulteurs des communaut\u00e9s religieuses dans les r\u00e9seaux sociaux. A l\u2019en croire, l\u2019Etat du S\u00e9n\u00e9gal prendra toutes les mesures qui s\u2019imposent pour, d\u2019une part, faire respecter les lois et r\u00e8glements en vigueur, et d\u2019autre part pr\u00e9server la paix et la concorde qui, \u00e0 son avis, ont toujours r\u00e9gn\u00e9 entre les communaut\u00e9s religieuses.\u00ab<\/p>\n<p><em>Il est constat\u00e9, de plus en plus, dans les r\u00e9seaux sociaux, des attaques verbales virulentes contre des communaut\u00e9s religieuses de notre pays<\/em> \u00bb, a d\u2019embl\u00e9e fait remarquer le premier policier du pays dans un communiqu\u00e9.<\/p>\n<p>Ainsi, estimant que les libert\u00e9s et pratiques religieuses sont consacr\u00e9es dans la charte du pays, il fait savoir que \u00ab<em> nul n\u2019a le droit de s\u2019en prendre aux croyances des autres<\/em> \u00bb.<\/p>\n<p>Sur ce, le ministre de l\u2019Int\u00e9rieur a invit\u00e9 au respect des convictions religieuses de tous les concitoyens et \u00e0 l\u2019observation des principes qui fondent la Nation.<\/p>\n<div class='share-to-whatsapp-wrapper'><div class='share-on-whsp'>PARTAGER SUR : <\/div><a data-text='ATTAQUES VERBALES CONTRE LES RELIGIEUX SUR LES R\u00c9SEAUX SOCIAUX - Antoine F\u00e9lix Diome menace' data-link='https:\/\/www.nettali.com\/2021\/10\/22\/attaques-verbales-contre-les-religieux-sur-les-reseaux-sociaux-antoine-felix-diome-menace\/' class='whatsapp-button whatsapp-share'>WhatsApp<\/a><div class='clear '><\/div><\/div>","protected":false},"excerpt":{"rendered":"<p>NETTALI.COM-\u00a0Le ministre de l\u2019Int\u00e9rieur, Antoine F\u00e9lix Diome est d\u00e9termin\u00e9 \u00e0 r\u00e9guler les d\u00e9rives constat\u00e9es sur les r\u00e9seaux sociaux. A travers un communiqu\u00e9, le ministre\u00a0 Antoine F\u00e9lix Diome met en garde les insulteurs des communaut\u00e9s religieuses dans les r\u00e9seaux sociaux. A l\u2019en croire, l\u2019Etat du S\u00e9n\u00e9gal prendra toutes les mesures qui s\u2019imposent pour, d\u2019une part, faire [&hellip;]<\/p>\n","protected":false},"author":6,"featured_media":54587,"comment_status":"open","ping_status":"open","sticky":false,"template":"","format":"standard","meta":{"_et_pb_use_builder":"","_et_pb_old_content":""},"categories":[3],"tags":[],"yoast_head":"<!-- This site is optimized with the Yoast SEO Premium plugin v17.8 (Yoast SEO v17.8) - https:\/\/yoast.com\/wordpress\/plugins\/seo\/ -->\n<title>ATTAQUES VERBALES CONTRE LES RELIGIEUX SUR LES R\u00c9SEAUX SOCIAUX - Antoine F\u00e9lix Diome menace | Nettali.com<\/title>\n<meta name=\"robots\" content=\"index, follow, max-snippet:-1, max-image-preview:large, max-video-preview:-1\" \/>\n<link rel=\"canonical\" href=\"https:\/\/www.nettali.com\/2021\/10\/22\/attaques-verbales-contre-les-religieux-sur-les-reseaux-sociaux-antoine-felix-diome-menace\/\" \/>\n<meta property=\"og:locale\" content=\"fr_FR\" \/>\n<meta property=\"og:type\" content=\"article\" \/>\n<meta property=\"og:title\" content=\"ATTAQUES VERBALES CONTRE LES RELIGIEUX SUR LES R\u00c9SEAUX SOCIAUX - Antoine F\u00e9lix Diome menace\" \/>\n<meta property=\"og:description\" content=\"NETTALI.COM-\u00a0Le ministre de l\u2019Int\u00e9rieur, Antoine F\u00e9lix Diome est d\u00e9termin\u00e9 \u00e0 r\u00e9guler les d\u00e9rives constat\u00e9es sur les r\u00e9seaux sociaux. A travers un communiqu\u00e9, le ministre\u00a0 Antoine F\u00e9lix Diome met en garde les insulteurs des communaut\u00e9s religieuses dans les r\u00e9seaux sociaux. A l\u2019en croire, l\u2019Etat du S\u00e9n\u00e9gal prendra toutes les mesures qui s\u2019imposent pour, d\u2019une part, faire [&hellip;]\" \/>\n<meta property=\"og:url\" content=\"https:\/\/www.nettali.com\/2021\/10\/22\/attaques-verbales-contre-les-religieux-sur-les-reseaux-sociaux-antoine-felix-diome-menace\/\" \/>\n<meta property=\"og:site_name\" content=\"Nettali.com\" \/>\n<meta property=\"article:publisher\" content=\"https:\/\/www.facebook.com\/nettalicom\" \/>\n<meta property=\"article:published_time\" content=\"2021-10-22T20:16:29+00:00\" \/>\n<meta property=\"og:image\" content=\"https:\/\/www.nettali.com\/wp-content\/uploads\/2021\/01\/antoine-dione-4-960x640-1.jpg\" \/>\n\t<meta property=\"og:image:width\" content=\"960\" \/>\n\t<meta property=\"og:image:height\" content=\"640\" \/>\n<meta name=\"twitter:card\" content=\"summary_large_image\" \/>\n<meta name=\"twitter:label1\" content=\"\u00c9crit par\" \/>\n\t<meta name=\"twitter:data1\" content=\"Fatou\" \/>\n\t<meta name=\"twitter:label2\" content=\"Dur\u00e9e de lecture estim\u00e9e\" \/>\n\t<meta name=\"twitter:data2\" content=\"1 minute\" \/>\n<script type=\"application\/ld+json\" class=\"yoast-schema-graph\">{\"@context\":\"https:\/\/schema.org\",\"@graph\":[{\"@type\":\"WebSite\",\"@id\":\"https:\/\/www.nettali.com\/#website\",\"url\":\"https:\/\/www.nettali.com\/\",\"name\":\"Nettali.com\",\"description\":\"Le rendez-vous critique du Net\",\"potentialAction\":[{\"@type\":\"SearchAction\",\"target\":{\"@type\":\"EntryPoint\",\"urlTemplate\":\"https:\/\/www.nettali.com\/?s={search_term_string}\"},\"query-input\":\"required name=search_term_string\"}],\"inLanguage\":\"fr-FR\"},{\"@type\":\"ImageObject\",\"@id\":\"https:\/\/www.nettali.com\/2021\/10\/22\/attaques-verbales-contre-les-religieux-sur-les-reseaux-sociaux-antoine-felix-diome-menace\/#primaryimage\",\"inLanguage\":\"fr-FR\",\"url\":\"https:\/\/www.nettali.com\/wp-content\/uploads\/2021\/01\/antoine-dione-4-960x640-1.jpg\",\"contentUrl\":\"https:\/\/www.nettali.com\/wp-content\/uploads\/2021\/01\/antoine-dione-4-960x640-1.jpg\",\"width\":960,\"height\":640},{\"@type\":\"WebPage\",\"@id\":\"https:\/\/www.nettali.com\/2021\/10\/22\/attaques-verbales-contre-les-religieux-sur-les-reseaux-sociaux-antoine-felix-diome-menace\/#webpage\",\"url\":\"https:\/\/www.nettali.com\/2021\/10\/22\/attaques-verbales-contre-les-religieux-sur-les-reseaux-sociaux-antoine-felix-diome-menace\/\",\"name\":\"ATTAQUES VERBALES CONTRE LES RELIGIEUX SUR LES R\\u00c9SEAUX SOCIAUX - Antoine F\\u00e9lix Diome menace | Nettali.com\",\"isPartOf\":{\"@id\":\"https:\/\/www.nettali.com\/#website\"},\"primaryImageOfPage\":{\"@id\":\"https:\/\/www.nettali.com\/2021\/10\/22\/attaques-verbales-contre-les-religieux-sur-les-reseaux-sociaux-antoine-felix-diome-menace\/#primaryimage\"},\"datePublished\":\"2021-10-22T20:16:29+00:00\",\"dateModified\":\"2021-10-22T20:16:29+00:00\",\"author\":{\"@id\":\"https:\/\/www.nettali.com\/#\/schema\/person\/418274a86bdf87caff7a3ef476bd0bbf\"},\"breadcrumb\":{\"@id\":\"https:\/\/www.nettali.com\/2021\/10\/22\/attaques-verbales-contre-les-religieux-sur-les-reseaux-sociaux-antoine-felix-diome-menace\/#breadcrumb\"},\"inLanguage\":\"fr-FR\",\"potentialAction\":[{\"@type\":\"ReadAction\",\"target\":[\"https:\/\/www.nettali.com\/2021\/10\/22\/attaques-verbales-contre-les-religieux-sur-les-reseaux-sociaux-antoine-felix-diome-menace\/\"]}]},{\"@type\":\"BreadcrumbList\",\"@id\":\"https:\/\/www.nettali.com\/2021\/10\/22\/attaques-verbales-contre-les-religieux-sur-les-reseaux-sociaux-antoine-felix-diome-menace\/#breadcrumb\",\"itemListElement\":[{\"@type\":\"ListItem\",\"position\":1,\"name\":\"Accueil\",\"item\":\"https:\/\/www.nettali.com\/\"},{\"@type\":\"ListItem\",\"position\":2,\"name\":\"ATTAQUES VERBALES CONTRE LES RELIGIEUX SUR LES R\\u00c9SEAUX SOCIAUX &#8211; Antoine F\\u00e9lix Diome menace\"}]},{\"@type\":\"Person\",\"@id\":\"https:\/\/www.nettali.com\/#\/schema\/person\/418274a86bdf87caff7a3ef476bd0bbf\",\"name\":\"Fatou\",\"image\":{\"@type\":\"ImageObject\",\"@id\":\"https:\/\/www.nettali.com\/#personlogo\",\"inLanguage\":\"fr-FR\",\"url\":\"https:\/\/secure.gravatar.com\/avatar\/5a9442a2bee7b4dcf167cab035858e9a?s=96&d=mm&r=g\",\"contentUrl\":\"https:\/\/secure.gravatar.com\/avatar\/5a9442a2bee7b4dcf167cab035858e9a?s=96&d=mm&r=g\",\"caption\":\"Fatou\"},\"sameAs\":[\"https:\/\/www.nettali.com\"]}]}<\/script>\n<!-- \/ Yoast SEO Premium plugin. -->","yoast_head_json":{"title":"ATTAQUES VERBALES CONTRE LES RELIGIEUX SUR LES R\u00c9SEAUX SOCIAUX - Antoine F\u00e9lix Diome menace | Nettali.com","robots":{"index":"index","follow":"follow","max-snippet":"max-snippet:-1","max-image-preview":"max-image-preview:large","max-video-preview":"max-video-preview:-1"},"canonical":"https:\/\/www.nettali.com\/2021\/10\/22\/attaques-verbales-contre-les-religieux-sur-les-reseaux-sociaux-antoine-felix-diome-menace\/","og_locale":"fr_FR","og_type":"article","og_title":"ATTAQUES VERBALES CONTRE LES RELIGIEUX SUR LES R\u00c9SEAUX SOCIAUX - Antoine F\u00e9lix Diome menace","og_description":"NETTALI.COM-\u00a0Le ministre de l\u2019Int\u00e9rieur, Antoine F\u00e9lix Diome est d\u00e9termin\u00e9 \u00e0 r\u00e9guler les d\u00e9rives constat\u00e9es sur les r\u00e9seaux sociaux. A travers un communiqu\u00e9, le ministre\u00a0 Antoine F\u00e9lix Diome met en garde les insulteurs des communaut\u00e9s religieuses dans les r\u00e9seaux sociaux. A l\u2019en croire, l\u2019Etat du S\u00e9n\u00e9gal prendra toutes les mesures qui s\u2019imposent pour, d\u2019une part, faire [&hellip;]","og_url":"https:\/\/www.nettali.com\/2021\/10\/22\/attaques-verbales-contre-les-religieux-sur-les-reseaux-sociaux-antoine-felix-diome-menace\/","og_site_name":"Nettali.com","article_publisher":"https:\/\/www.facebook.com\/nettalicom","article_published_time":"2021-10-22T20:16:29+00:00","og_image":[{"width":960,"height":640,"url":"https:\/\/www.nettali.com\/wp-content\/uploads\/2021\/01\/antoine-dione-4-960x640-1.jpg","type":"image\/jpeg"}],"twitter_card":"summary_large_image","twitter_misc":{"\u00c9crit par":"Fatou","Dur\u00e9e de lecture estim\u00e9e":"1 minute"},"schema":{"@context":"https:\/\/schema.org","@graph":[{"@type":"WebSite","@id":"https:\/\/www.nettali.com\/#website","url":"https:\/\/www.nettali.com\/","name":"Nettali.com","description":"Le rendez-vous critique du Net","potentialAction":[{"@type":"SearchAction","target":{"@type":"EntryPoint","urlTemplate":"https:\/\/www.nettali.com\/?s={search_term_string}"},"query-input":"required name=search_term_string"}],"inLanguage":"fr-FR"},{"@type":"ImageObject","@id":"https:\/\/www.nettali.com\/2021\/10\/22\/attaques-verbales-contre-les-religieux-sur-les-reseaux-sociaux-antoine-felix-diome-menace\/#primaryimage","inLanguage":"fr-FR","url":"https:\/\/www.nettali.com\/wp-content\/uploads\/2021\/01\/antoine-dione-4-960x640-1.jpg","contentUrl":"https:\/\/www.nettali.com\/wp-content\/uploads\/2021\/01\/antoine-dione-4-960x640-1.jpg","width":960,"height":640},{"@type":"WebPage","@id":"https:\/\/www.nettali.com\/2021\/10\/22\/attaques-verbales-contre-les-religieux-sur-les-reseaux-sociaux-antoine-felix-diome-menace\/#webpage","url":"https:\/\/www.nettali.com\/2021\/10\/22\/attaques-verbales-contre-les-religieux-sur-les-reseaux-sociaux-antoine-felix-diome-menace\/","name":"ATTAQUES VERBALES CONTRE LES RELIGIEUX SUR LES R\u00c9SEAUX SOCIAUX - Antoine F\u00e9lix Diome menace | Nettali.com","isPartOf":{"@id":"https:\/\/www.nettali.com\/#website"},"primaryImageOfPage":{"@id":"https:\/\/www.nettali.com\/2021\/10\/22\/attaques-verbales-contre-les-religieux-sur-les-reseaux-sociaux-antoine-felix-diome-menace\/#primaryimage"},"datePublished":"2021-10-22T20:16:29+00:00","dateModified":"2021-10-22T20:16:29+00:00","author":{"@id":"https:\/\/www.nettali.com\/#\/schema\/person\/418274a86bdf87caff7a3ef476bd0bbf"},"breadcrumb":{"@id":"https:\/\/www.nettali.com\/2021\/10\/22\/attaques-verbales-contre-les-religieux-sur-les-reseaux-sociaux-antoine-felix-diome-menace\/#breadcrumb"},"inLanguage":"fr-FR","potentialAction":[{"@type":"ReadAction","target":["https:\/\/www.nettali.com\/2021\/10\/22\/attaques-verbales-contre-les-religieux-sur-les-reseaux-sociaux-antoine-felix-diome-menace\/"]}]},{"@type":"BreadcrumbList","@id":"https:\/\/www.nettali.com\/2021\/10\/22\/attaques-verbales-contre-les-religieux-sur-les-reseaux-sociaux-antoine-felix-diome-menace\/#breadcrumb","itemListElement":[{"@type":"ListItem","position":1,"name":"Accueil","item":"https:\/\/www.nettali.com\/"},{"@type":"ListItem","position":2,"name":"ATTAQUES VERBALES CONTRE LES RELIGIEUX SUR LES R\u00c9SEAUX SOCIAUX &#8211; Antoine F\u00e9lix Diome menace"}]},{"@type":"Person","@id":"https:\/\/www.nettali.com\/#\/schema\/person\/418274a86bdf87caff7a3ef476bd0bbf","name":"Fatou","image":{"@type":"ImageObject","@id":"https:\/\/www.nettali.com\/#personlogo","inLanguage":"fr-FR","url":"https:\/\/secure.gravatar.com\/avatar\/5a9442a2bee7b4dcf167cab035858e9a?s=96&d=mm&r=g","contentUrl":"https:\/\/secure.gravatar.com\/avatar\/5a9442a2bee7b4dcf167cab035858e9a?s=96&d=mm&r=g","caption":"Fatou"},"sameAs":["https:\/\/www.nettali.com"]}]}},"_links":{"self":[{"href":"https:\/\/www.nettali.com\/rest\/wp\/v2\/posts\/74242"}],"collection":[{"href":"https:\/\/www.nettali.com\/rest\/wp\/v2\/posts"}],"about":[{"href":"https:\/\/www.nettali.com\/rest\/wp\/v2\/types\/post"}],"author":[{"embeddable":true,"href":"https:\/\/www.nettali.com\/rest\/wp\/v2\/users\/6"}],"replies":[{"embeddable":true,"href":"https:\/\/www.nettali.com\/rest\/wp\/v2\/comments?post=74242"}],"version-history":[{"count":4,"href":"https:\/\/www.nettali.com\/rest\/wp\/v2\/posts\/74242\/revisions"}],"predecessor-version":[{"id":74249,"href":"https:\/\/www.nettali.com\/rest\/wp\/v2\/posts\/74242\/revisions\/74249"}],"wp:featuredmedia":[{"embeddable":true,"href":"https:\/\/www.nettali.com\/rest\/wp\/v2\/media\/54587"}],"wp:attachment":[{"href":"https:\/\/www.nettali.com\/rest\/wp\/v2\/media?parent=74242"}],"wp:term":[{"taxonomy":"category","embeddable":true,"href":"https:\/\/www.nettali.com\/rest\/wp\/v2\/categories?post=74242"},{"taxonomy":"post_tag","embeddable":true,"href":"https:\/\/www.nettali.com\/rest\/wp\/v2\/tags?post=74242"}],"curies":[{"name":"wp","href":"https:\/\/api.w.org\/{rel}","templated":true}]}}