{"id":74203,"date":"2021-10-22T11:37:09","date_gmt":"2021-10-22T11:37:09","guid":{"rendered":"https:\/\/www.nettali.com\/?p=74203"},"modified":"2021-10-23T09:48:11","modified_gmt":"2021-10-23T09:48:11","slug":"immunite-parlementaire-de-sall-et-biaye-voici-les-11-membres-de-la-commission-ad-hoc","status":"publish","type":"post","link":"https:\/\/www.nettali.com\/2021\/10\/22\/immunite-parlementaire-de-sall-et-biaye-voici-les-11-membres-de-la-commission-ad-hoc\/","title":{"rendered":"IMMUNITE PARLEMENTAIRE DE SALL ET BIAYE \u2013 Voici les 11 membres de la commission ad hoc"},"content":{"rendered":"<p><strong>NETTALI.COM \u2013 Suivant<\/strong><strong> l\u2019article 34 du R\u00e8glement int\u00e9rieur de l\u2019Assembl\u00e9e nationale, la Commission des lois a propos\u00e9 une liste de 11 membres devant composer le \u2019\u2019 tribunal\u2019\u2019\u00a0 pour entendre les d\u00e9put\u00e9s Elhadj Mamadou Sall et Boubacar Villiembo Biaye, impliqu\u00e9s dans une histoire de trafic de passeports diplomatiques. <\/strong><\/p>\n<p><strong>\u00a0<\/strong>A l\u2019issue de sa r\u00e9union de ce jeudi 21 octobre, la commission des Lois de l\u2019Assembl\u00e9e nationale a propos\u00e9 une liste des membres devant composer le \u2019\u2019 tribunal\u2019\u2019 qui doit entendre les d\u00e9put\u00e9s Elhadj Mamadou Sall et Boubacar Villiembo Biaye, impliqu\u00e9s dans une histoire de trafic de passeports diplomatiques.<\/p>\n<p>Les onze membres sont 11 membres comme le pr\u00e9voit l\u2019article 34 du R\u00e8glement int\u00e9rieur de l\u2019Assembl\u00e9e. Il s\u2019agit de\u00a0: Cheikh Abdou Mbacke, Mame Diarra Fam, Aymirou Ngingue, Adji Diarra Mergane, Dieh Mandiaye Ba, Pape Biram Toute, Sira Ndiaye, Mor Kane Ndiaye, Djibril War, Cheikh Seck, Marieme Soda Ndiaye..<\/p>\n<p>Il nous est \u00e9galement revenu que la liste a \u00e9t\u00e9 valid\u00e9e \u00e0 l\u2019unanimit\u00e9 par les d\u00e9put\u00e9s pr\u00e9sents \u00e0 la pl\u00e9ni\u00e8re.<\/p>\n<div class='share-to-whatsapp-wrapper'><div class='share-on-whsp'>PARTAGER SUR : <\/div><a data-text='IMMUNITE PARLEMENTAIRE DE SALL ET BIAYE \u2013 Voici les 11 membres de la commission ad hoc' data-link='https:\/\/www.nettali.com\/2021\/10\/22\/immunite-parlementaire-de-sall-et-biaye-voici-les-11-membres-de-la-commission-ad-hoc\/' class='whatsapp-button whatsapp-share'>WhatsApp<\/a><div class='clear '><\/div><\/div>","protected":false},"excerpt":{"rendered":"<p>NETTALI.COM \u2013 Suivant l\u2019article 34 du R\u00e8glement int\u00e9rieur de l\u2019Assembl\u00e9e nationale, la Commission des lois a propos\u00e9 une liste de 11 membres devant composer le \u2019\u2019 tribunal\u2019\u2019\u00a0 pour entendre les d\u00e9put\u00e9s Elhadj Mamadou Sall et Boubacar Villiembo Biaye, impliqu\u00e9s dans une histoire de trafic de passeports diplomatiques. \u00a0A l\u2019issue de sa r\u00e9union de ce jeudi [&hellip;]<\/p>\n","protected":false},"author":11,"featured_media":7813,"comment_status":"open","ping_status":"open","sticky":false,"template":"","format":"standard","meta":{"_et_pb_use_builder":"","_et_pb_old_content":""},"categories":[2],"tags":[],"yoast_head":"<!-- This site is optimized with the Yoast SEO Premium plugin v17.8 (Yoast SEO v17.8) - https:\/\/yoast.com\/wordpress\/plugins\/seo\/ -->\n<title>IMMUNITE PARLEMENTAIRE DE SALL ET BIAYE \u2013 Voici les 11 membres de la commission ad hoc | Nettali.com<\/title>\n<meta name=\"robots\" content=\"index, follow, max-snippet:-1, max-image-preview:large, max-video-preview:-1\" \/>\n<link rel=\"canonical\" href=\"https:\/\/www.nettali.com\/2021\/10\/22\/immunite-parlementaire-de-sall-et-biaye-voici-les-11-membres-de-la-commission-ad-hoc\/\" \/>\n<meta property=\"og:locale\" content=\"fr_FR\" \/>\n<meta property=\"og:type\" content=\"article\" \/>\n<meta property=\"og:title\" content=\"IMMUNITE PARLEMENTAIRE DE SALL ET BIAYE \u2013 Voici les 11 membres de la commission ad hoc\" \/>\n<meta property=\"og:description\" content=\"NETTALI.COM \u2013 Suivant l\u2019article 34 du R\u00e8glement int\u00e9rieur de l\u2019Assembl\u00e9e nationale, la Commission des lois a propos\u00e9 une liste de 11 membres devant composer le \u2019\u2019 tribunal\u2019\u2019\u00a0 pour entendre les d\u00e9put\u00e9s Elhadj Mamadou Sall et Boubacar Villiembo Biaye, impliqu\u00e9s dans une histoire de trafic de passeports diplomatiques. \u00a0A l\u2019issue de sa r\u00e9union de ce jeudi [&hellip;]\" \/>\n<meta property=\"og:url\" content=\"https:\/\/www.nettali.com\/2021\/10\/22\/immunite-parlementaire-de-sall-et-biaye-voici-les-11-membres-de-la-commission-ad-hoc\/\" \/>\n<meta property=\"og:site_name\" content=\"Nettali.com\" \/>\n<meta property=\"article:publisher\" content=\"https:\/\/www.facebook.com\/nettalicom\" \/>\n<meta property=\"article:published_time\" content=\"2021-10-22T11:37:09+00:00\" \/>\n<meta property=\"article:modified_time\" content=\"2021-10-23T09:48:11+00:00\" \/>\n<meta property=\"og:image\" content=\"https:\/\/www.nettali.com\/wp-content\/uploads\/2019\/04\/ASSEMBLEE-2-1.jpg\" \/>\n\t<meta property=\"og:image:width\" content=\"600\" \/>\n\t<meta property=\"og:image:height\" content=\"498\" \/>\n<meta name=\"twitter:card\" content=\"summary_large_image\" \/>\n<meta name=\"twitter:label1\" content=\"\u00c9crit par\" \/>\n\t<meta name=\"twitter:data1\" content=\"Thierno Diop\" \/>\n\t<meta name=\"twitter:label2\" content=\"Dur\u00e9e de lecture estim\u00e9e\" \/>\n\t<meta name=\"twitter:data2\" content=\"1 minute\" \/>\n<script type=\"application\/ld+json\" class=\"yoast-schema-graph\">{\"@context\":\"https:\/\/schema.org\",\"@graph\":[{\"@type\":\"WebSite\",\"@id\":\"https:\/\/www.nettali.com\/#website\",\"url\":\"https:\/\/www.nettali.com\/\",\"name\":\"Nettali.com\",\"description\":\"Le rendez-vous critique du Net\",\"potentialAction\":[{\"@type\":\"SearchAction\",\"target\":{\"@type\":\"EntryPoint\",\"urlTemplate\":\"https:\/\/www.nettali.com\/?s={search_term_string}\"},\"query-input\":\"required name=search_term_string\"}],\"inLanguage\":\"fr-FR\"},{\"@type\":\"ImageObject\",\"@id\":\"https:\/\/www.nettali.com\/2021\/10\/22\/immunite-parlementaire-de-sall-et-biaye-voici-les-11-membres-de-la-commission-ad-hoc\/#primaryimage\",\"inLanguage\":\"fr-FR\",\"url\":\"https:\/\/www.nettali.com\/wp-content\/uploads\/2019\/04\/ASSEMBLEE-2-1.jpg\",\"contentUrl\":\"https:\/\/www.nettali.com\/wp-content\/uploads\/2019\/04\/ASSEMBLEE-2-1.jpg\",\"width\":600,\"height\":498},{\"@type\":\"WebPage\",\"@id\":\"https:\/\/www.nettali.com\/2021\/10\/22\/immunite-parlementaire-de-sall-et-biaye-voici-les-11-membres-de-la-commission-ad-hoc\/#webpage\",\"url\":\"https:\/\/www.nettali.com\/2021\/10\/22\/immunite-parlementaire-de-sall-et-biaye-voici-les-11-membres-de-la-commission-ad-hoc\/\",\"name\":\"IMMUNITE PARLEMENTAIRE DE SALL ET BIAYE \\u2013 Voici les 11 membres de la commission ad hoc | Nettali.com\",\"isPartOf\":{\"@id\":\"https:\/\/www.nettali.com\/#website\"},\"primaryImageOfPage\":{\"@id\":\"https:\/\/www.nettali.com\/2021\/10\/22\/immunite-parlementaire-de-sall-et-biaye-voici-les-11-membres-de-la-commission-ad-hoc\/#primaryimage\"},\"datePublished\":\"2021-10-22T11:37:09+00:00\",\"dateModified\":\"2021-10-23T09:48:11+00:00\",\"author\":{\"@id\":\"https:\/\/www.nettali.com\/#\/schema\/person\/8a06c6bd7b19304cf4bf985862900b5b\"},\"breadcrumb\":{\"@id\":\"https:\/\/www.nettali.com\/2021\/10\/22\/immunite-parlementaire-de-sall-et-biaye-voici-les-11-membres-de-la-commission-ad-hoc\/#breadcrumb\"},\"inLanguage\":\"fr-FR\",\"potentialAction\":[{\"@type\":\"ReadAction\",\"target\":[\"https:\/\/www.nettali.com\/2021\/10\/22\/immunite-parlementaire-de-sall-et-biaye-voici-les-11-membres-de-la-commission-ad-hoc\/\"]}]},{\"@type\":\"BreadcrumbList\",\"@id\":\"https:\/\/www.nettali.com\/2021\/10\/22\/immunite-parlementaire-de-sall-et-biaye-voici-les-11-membres-de-la-commission-ad-hoc\/#breadcrumb\",\"itemListElement\":[{\"@type\":\"ListItem\",\"position\":1,\"name\":\"Accueil\",\"item\":\"https:\/\/www.nettali.com\/\"},{\"@type\":\"ListItem\",\"position\":2,\"name\":\"IMMUNITE PARLEMENTAIRE DE SALL ET BIAYE \\u2013 Voici les 11 membres de la commission ad hoc\"}]},{\"@type\":\"Person\",\"@id\":\"https:\/\/www.nettali.com\/#\/schema\/person\/8a06c6bd7b19304cf4bf985862900b5b\",\"name\":\"Thierno Diop\",\"image\":{\"@type\":\"ImageObject\",\"@id\":\"https:\/\/www.nettali.com\/#personlogo\",\"inLanguage\":\"fr-FR\",\"url\":\"https:\/\/secure.gravatar.com\/avatar\/c8ca58550c94fd2ac856d27391a6c866?s=96&d=mm&r=g\",\"contentUrl\":\"https:\/\/secure.gravatar.com\/avatar\/c8ca58550c94fd2ac856d27391a6c866?s=96&d=mm&r=g\",\"caption\":\"Thierno Diop\"},\"sameAs\":[\"https:\/\/nettali.com\"]}]}<\/script>\n<!-- \/ Yoast SEO Premium plugin. -->","yoast_head_json":{"title":"IMMUNITE PARLEMENTAIRE DE SALL ET BIAYE \u2013 Voici les 11 membres de la commission ad hoc | Nettali.com","robots":{"index":"index","follow":"follow","max-snippet":"max-snippet:-1","max-image-preview":"max-image-preview:large","max-video-preview":"max-video-preview:-1"},"canonical":"https:\/\/www.nettali.com\/2021\/10\/22\/immunite-parlementaire-de-sall-et-biaye-voici-les-11-membres-de-la-commission-ad-hoc\/","og_locale":"fr_FR","og_type":"article","og_title":"IMMUNITE PARLEMENTAIRE DE SALL ET BIAYE \u2013 Voici les 11 membres de la commission ad hoc","og_description":"NETTALI.COM \u2013 Suivant l\u2019article 34 du R\u00e8glement int\u00e9rieur de l\u2019Assembl\u00e9e nationale, la Commission des lois a propos\u00e9 une liste de 11 membres devant composer le \u2019\u2019 tribunal\u2019\u2019\u00a0 pour entendre les d\u00e9put\u00e9s Elhadj Mamadou Sall et Boubacar Villiembo Biaye, impliqu\u00e9s dans une histoire de trafic de passeports diplomatiques. \u00a0A l\u2019issue de sa r\u00e9union de ce jeudi [&hellip;]","og_url":"https:\/\/www.nettali.com\/2021\/10\/22\/immunite-parlementaire-de-sall-et-biaye-voici-les-11-membres-de-la-commission-ad-hoc\/","og_site_name":"Nettali.com","article_publisher":"https:\/\/www.facebook.com\/nettalicom","article_published_time":"2021-10-22T11:37:09+00:00","article_modified_time":"2021-10-23T09:48:11+00:00","og_image":[{"width":600,"height":498,"url":"https:\/\/www.nettali.com\/wp-content\/uploads\/2019\/04\/ASSEMBLEE-2-1.jpg","type":"image\/jpeg"}],"twitter_card":"summary_large_image","twitter_misc":{"\u00c9crit par":"Thierno Diop","Dur\u00e9e de lecture estim\u00e9e":"1 minute"},"schema":{"@context":"https:\/\/schema.org","@graph":[{"@type":"WebSite","@id":"https:\/\/www.nettali.com\/#website","url":"https:\/\/www.nettali.com\/","name":"Nettali.com","description":"Le rendez-vous critique du Net","potentialAction":[{"@type":"SearchAction","target":{"@type":"EntryPoint","urlTemplate":"https:\/\/www.nettali.com\/?s={search_term_string}"},"query-input":"required name=search_term_string"}],"inLanguage":"fr-FR"},{"@type":"ImageObject","@id":"https:\/\/www.nettali.com\/2021\/10\/22\/immunite-parlementaire-de-sall-et-biaye-voici-les-11-membres-de-la-commission-ad-hoc\/#primaryimage","inLanguage":"fr-FR","url":"https:\/\/www.nettali.com\/wp-content\/uploads\/2019\/04\/ASSEMBLEE-2-1.jpg","contentUrl":"https:\/\/www.nettali.com\/wp-content\/uploads\/2019\/04\/ASSEMBLEE-2-1.jpg","width":600,"height":498},{"@type":"WebPage","@id":"https:\/\/www.nettali.com\/2021\/10\/22\/immunite-parlementaire-de-sall-et-biaye-voici-les-11-membres-de-la-commission-ad-hoc\/#webpage","url":"https:\/\/www.nettali.com\/2021\/10\/22\/immunite-parlementaire-de-sall-et-biaye-voici-les-11-membres-de-la-commission-ad-hoc\/","name":"IMMUNITE PARLEMENTAIRE DE SALL ET BIAYE \u2013 Voici les 11 membres de la commission ad hoc | Nettali.com","isPartOf":{"@id":"https:\/\/www.nettali.com\/#website"},"primaryImageOfPage":{"@id":"https:\/\/www.nettali.com\/2021\/10\/22\/immunite-parlementaire-de-sall-et-biaye-voici-les-11-membres-de-la-commission-ad-hoc\/#primaryimage"},"datePublished":"2021-10-22T11:37:09+00:00","dateModified":"2021-10-23T09:48:11+00:00","author":{"@id":"https:\/\/www.nettali.com\/#\/schema\/person\/8a06c6bd7b19304cf4bf985862900b5b"},"breadcrumb":{"@id":"https:\/\/www.nettali.com\/2021\/10\/22\/immunite-parlementaire-de-sall-et-biaye-voici-les-11-membres-de-la-commission-ad-hoc\/#breadcrumb"},"inLanguage":"fr-FR","potentialAction":[{"@type":"ReadAction","target":["https:\/\/www.nettali.com\/2021\/10\/22\/immunite-parlementaire-de-sall-et-biaye-voici-les-11-membres-de-la-commission-ad-hoc\/"]}]},{"@type":"BreadcrumbList","@id":"https:\/\/www.nettali.com\/2021\/10\/22\/immunite-parlementaire-de-sall-et-biaye-voici-les-11-membres-de-la-commission-ad-hoc\/#breadcrumb","itemListElement":[{"@type":"ListItem","position":1,"name":"Accueil","item":"https:\/\/www.nettali.com\/"},{"@type":"ListItem","position":2,"name":"IMMUNITE PARLEMENTAIRE DE SALL ET BIAYE \u2013 Voici les 11 membres de la commission ad hoc"}]},{"@type":"Person","@id":"https:\/\/www.nettali.com\/#\/schema\/person\/8a06c6bd7b19304cf4bf985862900b5b","name":"Thierno Diop","image":{"@type":"ImageObject","@id":"https:\/\/www.nettali.com\/#personlogo","inLanguage":"fr-FR","url":"https:\/\/secure.gravatar.com\/avatar\/c8ca58550c94fd2ac856d27391a6c866?s=96&d=mm&r=g","contentUrl":"https:\/\/secure.gravatar.com\/avatar\/c8ca58550c94fd2ac856d27391a6c866?s=96&d=mm&r=g","caption":"Thierno Diop"},"sameAs":["https:\/\/nettali.com"]}]}},"_links":{"self":[{"href":"https:\/\/www.nettali.com\/rest\/wp\/v2\/posts\/74203"}],"collection":[{"href":"https:\/\/www.nettali.com\/rest\/wp\/v2\/posts"}],"about":[{"href":"https:\/\/www.nettali.com\/rest\/wp\/v2\/types\/post"}],"author":[{"embeddable":true,"href":"https:\/\/www.nettali.com\/rest\/wp\/v2\/users\/11"}],"replies":[{"embeddable":true,"href":"https:\/\/www.nettali.com\/rest\/wp\/v2\/comments?post=74203"}],"version-history":[{"count":1,"href":"https:\/\/www.nettali.com\/rest\/wp\/v2\/posts\/74203\/revisions"}],"predecessor-version":[{"id":74206,"href":"https:\/\/www.nettali.com\/rest\/wp\/v2\/posts\/74203\/revisions\/74206"}],"wp:featuredmedia":[{"embeddable":true,"href":"https:\/\/www.nettali.com\/rest\/wp\/v2\/media\/7813"}],"wp:attachment":[{"href":"https:\/\/www.nettali.com\/rest\/wp\/v2\/media?parent=74203"}],"wp:term":[{"taxonomy":"category","embeddable":true,"href":"https:\/\/www.nettali.com\/rest\/wp\/v2\/categories?post=74203"},{"taxonomy":"post_tag","embeddable":true,"href":"https:\/\/www.nettali.com\/rest\/wp\/v2\/tags?post=74203"}],"curies":[{"name":"wp","href":"https:\/\/api.w.org\/{rel}","templated":true}]}}