{"id":74162,"date":"2021-10-21T17:10:02","date_gmt":"2021-10-21T17:10:02","guid":{"rendered":"https:\/\/www.nettali.com\/?p=74162"},"modified":"2021-10-22T10:48:44","modified_gmt":"2021-10-22T10:48:44","slug":"yewwi-askan-wi-pastef-dakar-rentre-dans-les-rangs","status":"publish","type":"post","link":"https:\/\/www.nettali.com\/2021\/10\/21\/yewwi-askan-wi-pastef-dakar-rentre-dans-les-rangs\/","title":{"rendered":"YEWWI ASKAN WI  - Pastef-Dakar rentre dans les rangs"},"content":{"rendered":"<p><strong>NETTALI.COM\u00a0 - Pastef-Dakar l\u00e8ve la suspension de ses activit\u00e9s au sein de la coalition Yewwi askan wi. Abass Fall et ses camarades expliquent que cette d\u00e9cision est le r\u00e9sultat de d\u00e9marches men\u00e9es par les leaders de la coalition.\u00a0<\/strong><\/p>\n<p>Apr\u00e8s avoir annonc\u00e9 en grande pompe la suspension de ses activit\u00e9s au sein de la coalition Yewwi askan wi, Pastef-Dakar d\u00e9cide de rentrer dans les rangs. La d\u00e9cision vient d'\u00eatre annonc\u00e9e ce jeudi.<\/p>\n<p>\"<em>La coordination d\u00e9partementale de Pastef-Dakar a d\u00e9cid\u00e9 de lever sa suspension et de reprendre ses activit\u00e9s au sein de la coordination d\u00e9partementale de Yewwi askan wi<\/em>\", lit-on dans un communiqu\u00e9 qui vient d'\u00eatre rendu public. La m\u00eame source ajoute que \"<em>les \u00e9changes fructueux et fraternels entre les leaders membres de la coalition Yewwi askan wi ont abouti \u00e0 l'aplanissement des incompr\u00e9hensions de part et d'autre<\/em>\".<\/p>\n<p>Aussi, dans leur communiqu\u00e9, Abass Fall et compagnie invitent les militants et sympathisants des partis membres de Yewwi askan wi \u00e0 la c\u00e9r\u00e9monie d'investiture des candidats de Pastef-Dakar \u00e0 la candidature de ladite coalition. La c\u00e9r\u00e9monie est d'ailleurs pr\u00e9vue ce vendredi.<\/p>\n<p>Ainsi, il ne s'agit plus pour Pastef d'investir ses propres candidats dans les 19 communes de Dakar. Mais plut\u00f4t d'investir des candidats \u00e0 la candidature de Yewwi askan wi.<\/p>\n<div class='share-to-whatsapp-wrapper'><div class='share-on-whsp'>PARTAGER SUR : <\/div><a data-text='YEWWI ASKAN WI  - Pastef-Dakar rentre dans les rangs' data-link='https:\/\/www.nettali.com\/2021\/10\/21\/yewwi-askan-wi-pastef-dakar-rentre-dans-les-rangs\/' class='whatsapp-button whatsapp-share'>WhatsApp<\/a><div class='clear '><\/div><\/div>","protected":false},"excerpt":{"rendered":"<p>NETTALI.COM\u00a0 - Pastef-Dakar l\u00e8ve la suspension de ses activit\u00e9s au sein de la coalition Yewwi askan wi. Abass Fall et ses camarades expliquent que cette d\u00e9cision est le r\u00e9sultat de d\u00e9marches men\u00e9es par les leaders de la coalition.\u00a0 Apr\u00e8s avoir annonc\u00e9 en grande pompe la suspension de ses activit\u00e9s au sein de la coalition Yewwi [&hellip;]<\/p>\n","protected":false},"author":3,"featured_media":74163,"comment_status":"open","ping_status":"open","sticky":false,"template":"","format":"standard","meta":{"_et_pb_use_builder":"","_et_pb_old_content":""},"categories":[2],"tags":[],"yoast_head":"<!-- This site is optimized with the Yoast SEO Premium plugin v17.8 (Yoast SEO v17.8) - https:\/\/yoast.com\/wordpress\/plugins\/seo\/ -->\n<title>YEWWI ASKAN WI - Pastef-Dakar rentre dans les rangs | Nettali.com<\/title>\n<meta name=\"robots\" content=\"index, follow, max-snippet:-1, max-image-preview:large, max-video-preview:-1\" \/>\n<link rel=\"canonical\" href=\"https:\/\/www.nettali.com\/2021\/10\/21\/yewwi-askan-wi-pastef-dakar-rentre-dans-les-rangs\/\" \/>\n<meta property=\"og:locale\" content=\"fr_FR\" \/>\n<meta property=\"og:type\" content=\"article\" \/>\n<meta property=\"og:title\" content=\"YEWWI ASKAN WI - Pastef-Dakar rentre dans les rangs\" \/>\n<meta property=\"og:description\" content=\"NETTALI.COM\u00a0 - Pastef-Dakar l\u00e8ve la suspension de ses activit\u00e9s au sein de la coalition Yewwi askan wi. Abass Fall et ses camarades expliquent que cette d\u00e9cision est le r\u00e9sultat de d\u00e9marches men\u00e9es par les leaders de la coalition.\u00a0 Apr\u00e8s avoir annonc\u00e9 en grande pompe la suspension de ses activit\u00e9s au sein de la coalition Yewwi [&hellip;]\" \/>\n<meta property=\"og:url\" content=\"https:\/\/www.nettali.com\/2021\/10\/21\/yewwi-askan-wi-pastef-dakar-rentre-dans-les-rangs\/\" \/>\n<meta property=\"og:site_name\" content=\"Nettali.com\" \/>\n<meta property=\"article:publisher\" content=\"https:\/\/www.facebook.com\/nettalicom\" \/>\n<meta property=\"article:published_time\" content=\"2021-10-21T17:10:02+00:00\" \/>\n<meta property=\"article:modified_time\" content=\"2021-10-22T10:48:44+00:00\" \/>\n<meta property=\"og:image\" content=\"https:\/\/www.nettali.com\/wp-content\/uploads\/2021\/10\/yewi-askan-wi-khaf-sonko.jpeg\" \/>\n\t<meta property=\"og:image:width\" content=\"599\" \/>\n\t<meta property=\"og:image:height\" content=\"401\" \/>\n<meta name=\"twitter:card\" content=\"summary_large_image\" \/>\n<meta name=\"twitter:label1\" content=\"\u00c9crit par\" \/>\n\t<meta name=\"twitter:data1\" content=\"Moustapha\" \/>\n\t<meta name=\"twitter:label2\" content=\"Dur\u00e9e de lecture estim\u00e9e\" \/>\n\t<meta name=\"twitter:data2\" content=\"1 minute\" \/>\n<script type=\"application\/ld+json\" class=\"yoast-schema-graph\">{\"@context\":\"https:\/\/schema.org\",\"@graph\":[{\"@type\":\"WebSite\",\"@id\":\"https:\/\/www.nettali.com\/#website\",\"url\":\"https:\/\/www.nettali.com\/\",\"name\":\"Nettali.com\",\"description\":\"Le rendez-vous critique du Net\",\"potentialAction\":[{\"@type\":\"SearchAction\",\"target\":{\"@type\":\"EntryPoint\",\"urlTemplate\":\"https:\/\/www.nettali.com\/?s={search_term_string}\"},\"query-input\":\"required name=search_term_string\"}],\"inLanguage\":\"fr-FR\"},{\"@type\":\"ImageObject\",\"@id\":\"https:\/\/www.nettali.com\/2021\/10\/21\/yewwi-askan-wi-pastef-dakar-rentre-dans-les-rangs\/#primaryimage\",\"inLanguage\":\"fr-FR\",\"url\":\"https:\/\/www.nettali.com\/wp-content\/uploads\/2021\/10\/yewi-askan-wi-khaf-sonko.jpeg\",\"contentUrl\":\"https:\/\/www.nettali.com\/wp-content\/uploads\/2021\/10\/yewi-askan-wi-khaf-sonko.jpeg\",\"width\":599,\"height\":401},{\"@type\":\"WebPage\",\"@id\":\"https:\/\/www.nettali.com\/2021\/10\/21\/yewwi-askan-wi-pastef-dakar-rentre-dans-les-rangs\/#webpage\",\"url\":\"https:\/\/www.nettali.com\/2021\/10\/21\/yewwi-askan-wi-pastef-dakar-rentre-dans-les-rangs\/\",\"name\":\"YEWWI ASKAN WI - Pastef-Dakar rentre dans les rangs | Nettali.com\",\"isPartOf\":{\"@id\":\"https:\/\/www.nettali.com\/#website\"},\"primaryImageOfPage\":{\"@id\":\"https:\/\/www.nettali.com\/2021\/10\/21\/yewwi-askan-wi-pastef-dakar-rentre-dans-les-rangs\/#primaryimage\"},\"datePublished\":\"2021-10-21T17:10:02+00:00\",\"dateModified\":\"2021-10-22T10:48:44+00:00\",\"author\":{\"@id\":\"https:\/\/www.nettali.com\/#\/schema\/person\/7962a12a6e0267f88f0ffa544c36469a\"},\"breadcrumb\":{\"@id\":\"https:\/\/www.nettali.com\/2021\/10\/21\/yewwi-askan-wi-pastef-dakar-rentre-dans-les-rangs\/#breadcrumb\"},\"inLanguage\":\"fr-FR\",\"potentialAction\":[{\"@type\":\"ReadAction\",\"target\":[\"https:\/\/www.nettali.com\/2021\/10\/21\/yewwi-askan-wi-pastef-dakar-rentre-dans-les-rangs\/\"]}]},{\"@type\":\"BreadcrumbList\",\"@id\":\"https:\/\/www.nettali.com\/2021\/10\/21\/yewwi-askan-wi-pastef-dakar-rentre-dans-les-rangs\/#breadcrumb\",\"itemListElement\":[{\"@type\":\"ListItem\",\"position\":1,\"name\":\"Accueil\",\"item\":\"https:\/\/www.nettali.com\/\"},{\"@type\":\"ListItem\",\"position\":2,\"name\":\"YEWWI ASKAN WI &#8211; Pastef-Dakar rentre dans les rangs\"}]},{\"@type\":\"Person\",\"@id\":\"https:\/\/www.nettali.com\/#\/schema\/person\/7962a12a6e0267f88f0ffa544c36469a\",\"name\":\"Moustapha\",\"image\":{\"@type\":\"ImageObject\",\"@id\":\"https:\/\/www.nettali.com\/#personlogo\",\"inLanguage\":\"fr-FR\",\"url\":\"https:\/\/secure.gravatar.com\/avatar\/10fdf6a071cccdcf374e3dbe45159590?s=96&d=mm&r=g\",\"contentUrl\":\"https:\/\/secure.gravatar.com\/avatar\/10fdf6a071cccdcf374e3dbe45159590?s=96&d=mm&r=g\",\"caption\":\"Moustapha\"},\"sameAs\":[\"https:\/\/www.nettali.com\"]}]}<\/script>\n<!-- \/ Yoast SEO Premium plugin. -->","yoast_head_json":{"title":"YEWWI ASKAN WI - Pastef-Dakar rentre dans les rangs | Nettali.com","robots":{"index":"index","follow":"follow","max-snippet":"max-snippet:-1","max-image-preview":"max-image-preview:large","max-video-preview":"max-video-preview:-1"},"canonical":"https:\/\/www.nettali.com\/2021\/10\/21\/yewwi-askan-wi-pastef-dakar-rentre-dans-les-rangs\/","og_locale":"fr_FR","og_type":"article","og_title":"YEWWI ASKAN WI - Pastef-Dakar rentre dans les rangs","og_description":"NETTALI.COM\u00a0 - Pastef-Dakar l\u00e8ve la suspension de ses activit\u00e9s au sein de la coalition Yewwi askan wi. Abass Fall et ses camarades expliquent que cette d\u00e9cision est le r\u00e9sultat de d\u00e9marches men\u00e9es par les leaders de la coalition.\u00a0 Apr\u00e8s avoir annonc\u00e9 en grande pompe la suspension de ses activit\u00e9s au sein de la coalition Yewwi [&hellip;]","og_url":"https:\/\/www.nettali.com\/2021\/10\/21\/yewwi-askan-wi-pastef-dakar-rentre-dans-les-rangs\/","og_site_name":"Nettali.com","article_publisher":"https:\/\/www.facebook.com\/nettalicom","article_published_time":"2021-10-21T17:10:02+00:00","article_modified_time":"2021-10-22T10:48:44+00:00","og_image":[{"width":599,"height":401,"url":"https:\/\/www.nettali.com\/wp-content\/uploads\/2021\/10\/yewi-askan-wi-khaf-sonko.jpeg","type":"image\/jpeg"}],"twitter_card":"summary_large_image","twitter_misc":{"\u00c9crit par":"Moustapha","Dur\u00e9e de lecture estim\u00e9e":"1 minute"},"schema":{"@context":"https:\/\/schema.org","@graph":[{"@type":"WebSite","@id":"https:\/\/www.nettali.com\/#website","url":"https:\/\/www.nettali.com\/","name":"Nettali.com","description":"Le rendez-vous critique du Net","potentialAction":[{"@type":"SearchAction","target":{"@type":"EntryPoint","urlTemplate":"https:\/\/www.nettali.com\/?s={search_term_string}"},"query-input":"required name=search_term_string"}],"inLanguage":"fr-FR"},{"@type":"ImageObject","@id":"https:\/\/www.nettali.com\/2021\/10\/21\/yewwi-askan-wi-pastef-dakar-rentre-dans-les-rangs\/#primaryimage","inLanguage":"fr-FR","url":"https:\/\/www.nettali.com\/wp-content\/uploads\/2021\/10\/yewi-askan-wi-khaf-sonko.jpeg","contentUrl":"https:\/\/www.nettali.com\/wp-content\/uploads\/2021\/10\/yewi-askan-wi-khaf-sonko.jpeg","width":599,"height":401},{"@type":"WebPage","@id":"https:\/\/www.nettali.com\/2021\/10\/21\/yewwi-askan-wi-pastef-dakar-rentre-dans-les-rangs\/#webpage","url":"https:\/\/www.nettali.com\/2021\/10\/21\/yewwi-askan-wi-pastef-dakar-rentre-dans-les-rangs\/","name":"YEWWI ASKAN WI - Pastef-Dakar rentre dans les rangs | Nettali.com","isPartOf":{"@id":"https:\/\/www.nettali.com\/#website"},"primaryImageOfPage":{"@id":"https:\/\/www.nettali.com\/2021\/10\/21\/yewwi-askan-wi-pastef-dakar-rentre-dans-les-rangs\/#primaryimage"},"datePublished":"2021-10-21T17:10:02+00:00","dateModified":"2021-10-22T10:48:44+00:00","author":{"@id":"https:\/\/www.nettali.com\/#\/schema\/person\/7962a12a6e0267f88f0ffa544c36469a"},"breadcrumb":{"@id":"https:\/\/www.nettali.com\/2021\/10\/21\/yewwi-askan-wi-pastef-dakar-rentre-dans-les-rangs\/#breadcrumb"},"inLanguage":"fr-FR","potentialAction":[{"@type":"ReadAction","target":["https:\/\/www.nettali.com\/2021\/10\/21\/yewwi-askan-wi-pastef-dakar-rentre-dans-les-rangs\/"]}]},{"@type":"BreadcrumbList","@id":"https:\/\/www.nettali.com\/2021\/10\/21\/yewwi-askan-wi-pastef-dakar-rentre-dans-les-rangs\/#breadcrumb","itemListElement":[{"@type":"ListItem","position":1,"name":"Accueil","item":"https:\/\/www.nettali.com\/"},{"@type":"ListItem","position":2,"name":"YEWWI ASKAN WI &#8211; Pastef-Dakar rentre dans les rangs"}]},{"@type":"Person","@id":"https:\/\/www.nettali.com\/#\/schema\/person\/7962a12a6e0267f88f0ffa544c36469a","name":"Moustapha","image":{"@type":"ImageObject","@id":"https:\/\/www.nettali.com\/#personlogo","inLanguage":"fr-FR","url":"https:\/\/secure.gravatar.com\/avatar\/10fdf6a071cccdcf374e3dbe45159590?s=96&d=mm&r=g","contentUrl":"https:\/\/secure.gravatar.com\/avatar\/10fdf6a071cccdcf374e3dbe45159590?s=96&d=mm&r=g","caption":"Moustapha"},"sameAs":["https:\/\/www.nettali.com"]}]}},"_links":{"self":[{"href":"https:\/\/www.nettali.com\/rest\/wp\/v2\/posts\/74162"}],"collection":[{"href":"https:\/\/www.nettali.com\/rest\/wp\/v2\/posts"}],"about":[{"href":"https:\/\/www.nettali.com\/rest\/wp\/v2\/types\/post"}],"author":[{"embeddable":true,"href":"https:\/\/www.nettali.com\/rest\/wp\/v2\/users\/3"}],"replies":[{"embeddable":true,"href":"https:\/\/www.nettali.com\/rest\/wp\/v2\/comments?post=74162"}],"version-history":[{"count":3,"href":"https:\/\/www.nettali.com\/rest\/wp\/v2\/posts\/74162\/revisions"}],"predecessor-version":[{"id":74168,"href":"https:\/\/www.nettali.com\/rest\/wp\/v2\/posts\/74162\/revisions\/74168"}],"wp:featuredmedia":[{"embeddable":true,"href":"https:\/\/www.nettali.com\/rest\/wp\/v2\/media\/74163"}],"wp:attachment":[{"href":"https:\/\/www.nettali.com\/rest\/wp\/v2\/media?parent=74162"}],"wp:term":[{"taxonomy":"category","embeddable":true,"href":"https:\/\/www.nettali.com\/rest\/wp\/v2\/categories?post=74162"},{"taxonomy":"post_tag","embeddable":true,"href":"https:\/\/www.nettali.com\/rest\/wp\/v2\/tags?post=74162"}],"curies":[{"name":"wp","href":"https:\/\/api.w.org\/{rel}","templated":true}]}}