{"id":74143,"date":"2021-10-21T11:34:44","date_gmt":"2021-10-21T11:34:44","guid":{"rendered":"https:\/\/www.nettali.com\/?p=74143"},"modified":"2021-10-21T17:12:28","modified_gmt":"2021-10-21T17:12:28","slug":"sidy-sarr-place-sous-controle-judiciaire-son-avocate-crie-au-scandale","status":"publish","type":"post","link":"https:\/\/www.nettali.com\/2021\/10\/21\/sidy-sarr-place-sous-controle-judiciaire-son-avocate-crie-au-scandale\/","title":{"rendered":"SIDY SARR SOUS CONTROLE JUDICIAIRE - Son avocate crie au scandale"},"content":{"rendered":"<p class=\"summary_label\"><strong>NETTALI.COM - L'avocate de Sidy Sarr, Khadija Aoudia, s'est exprim\u00e9e sur Objectif Gard, sur la mise en examen pour \"recours \u00e0 la prostitution de mineure\" de son client.<\/strong><\/p>\n<div id=\"printable\" class=\"text_body\">\n<p>Sidy Sarr, footballeur professionnel d'origine s\u00e9n\u00e9galaise \u00e9voluant en ligue 2 avec l'\u00e9quipe du N\u00eemes Olympique, a \u00e9t\u00e9 pr\u00e9sent\u00e9 ce mercredi en fin d'apr\u00e8s-midi \u00e0 un juge d'instruction de N\u00eemes.<br \/>\nApr\u00e8s 48 heures de garde \u00e0 vue, ce joueur a \u00e9t\u00e9 mis en examen pour \"recours \u00e0 la prostitution de mineure\" et a \u00e9t\u00e9 plac\u00e9 sous contr\u00f4le judiciaire ce mercredi soir, indique son avocate, Khadija Aoudia.<\/p>\n<p><strong>\"Mon client a \u00e9t\u00e9 victime d'une manipulation\"<\/strong><\/p>\n<p>Il a eu durant le week-end des relations sexuelles tarif\u00e9es avec une jeune femme, \u00e2g\u00e9e de 17 ans. Trois jeunes femmes au total sont impliqu\u00e9es. Elles auraient profit\u00e9 que le joueur soit endormi dans son appartement pour r\u00e9cup\u00e9rer les clefs de son v\u00e9hicule de luxe et essayer ensuite de le vendre dans le quartier de Pissevin, \u00e0 N\u00eemes. L'affaire de prostitution a \u00e9clat\u00e9 \u00e0 ce moment l\u00e0.<br \/>\nLe footballeur a \u00e9t\u00e9 plac\u00e9 en garde \u00e0 vue, lundi. \"L'infraction reproch\u00e9e \u00e0 mon client est li\u00e9e au fait qu'il a \u00e9t\u00e9 victime d'une manipulation par ces trois jeunes filles\", a d\u00e9clar\u00e9 Khadija Aoudia, l'avocate de Sidy Sarr.<br \/>\nPar ailleurs une jeune femme de 19 ans condamn\u00e9e en comparution imm\u00e9diate, mardi 19 octobre, \u00e0 6 mois de prison avec un sursis probatoire de 2 ans, pour le vol avec ruse et en r\u00e9cidive du v\u00e9hicule de luxe du joueur a \u00e9t\u00e9 une nouvelle fois plac\u00e9e en garde \u00e0 vue aujourd'hui. Le parquet de N\u00eemes souhaite sa mise en examen pour \"prox\u00e9n\u00e9tisme aggrav\u00e9e\" et demande qu'elle soit \u00e9crou\u00e9e. Elle est \u00e0 l'heure actuelle devant le juge d'instruction.<br \/>\nLes investigations de la S\u00fbret\u00e9 d\u00e9partementale de N\u00eemes se poursuivent maintenant sous l'autorit\u00e9 d'un juge d'instruction.<\/p>\n<\/div>\n<div class='share-to-whatsapp-wrapper'><div class='share-on-whsp'>PARTAGER SUR : <\/div><a data-text='SIDY SARR SOUS CONTROLE JUDICIAIRE - Son avocate crie au scandale' data-link='https:\/\/www.nettali.com\/2021\/10\/21\/sidy-sarr-place-sous-controle-judiciaire-son-avocate-crie-au-scandale\/' class='whatsapp-button whatsapp-share'>WhatsApp<\/a><div class='clear '><\/div><\/div>","protected":false},"excerpt":{"rendered":"<p>NETTALI.COM - L'avocate de Sidy Sarr, Khadija Aoudia, s'est exprim\u00e9e sur Objectif Gard, sur la mise en examen pour \"recours \u00e0 la prostitution de mineure\" de son client. Sidy Sarr, footballeur professionnel d'origine s\u00e9n\u00e9galaise \u00e9voluant en ligue 2 avec l'\u00e9quipe du N\u00eemes Olympique, a \u00e9t\u00e9 pr\u00e9sent\u00e9 ce mercredi en fin d'apr\u00e8s-midi \u00e0 un juge d'instruction [&hellip;]<\/p>\n","protected":false},"author":4,"featured_media":74145,"comment_status":"open","ping_status":"open","sticky":false,"template":"","format":"standard","meta":{"_et_pb_use_builder":"","_et_pb_old_content":""},"categories":[3],"tags":[],"yoast_head":"<!-- This site is optimized with the Yoast SEO Premium plugin v17.8 (Yoast SEO v17.8) - https:\/\/yoast.com\/wordpress\/plugins\/seo\/ -->\n<title>SIDY SARR SOUS CONTROLE JUDICIAIRE - Son avocate crie au scandale | Nettali.com<\/title>\n<meta name=\"robots\" content=\"index, follow, max-snippet:-1, max-image-preview:large, max-video-preview:-1\" \/>\n<link rel=\"canonical\" href=\"https:\/\/www.nettali.com\/2021\/10\/21\/sidy-sarr-place-sous-controle-judiciaire-son-avocate-crie-au-scandale\/\" \/>\n<meta property=\"og:locale\" content=\"fr_FR\" \/>\n<meta property=\"og:type\" content=\"article\" \/>\n<meta property=\"og:title\" content=\"SIDY SARR SOUS CONTROLE JUDICIAIRE - Son avocate crie au scandale\" \/>\n<meta property=\"og:description\" content=\"NETTALI.COM - L&#039;avocate de Sidy Sarr, Khadija Aoudia, s&#039;est exprim\u00e9e sur Objectif Gard, sur la mise en examen pour &quot;recours \u00e0 la prostitution de mineure&quot; de son client. Sidy Sarr, footballeur professionnel d&#039;origine s\u00e9n\u00e9galaise \u00e9voluant en ligue 2 avec l&#039;\u00e9quipe du N\u00eemes Olympique, a \u00e9t\u00e9 pr\u00e9sent\u00e9 ce mercredi en fin d&#039;apr\u00e8s-midi \u00e0 un juge d&#039;instruction [&hellip;]\" \/>\n<meta property=\"og:url\" content=\"https:\/\/www.nettali.com\/2021\/10\/21\/sidy-sarr-place-sous-controle-judiciaire-son-avocate-crie-au-scandale\/\" \/>\n<meta property=\"og:site_name\" content=\"Nettali.com\" \/>\n<meta property=\"article:publisher\" content=\"https:\/\/www.facebook.com\/nettalicom\" \/>\n<meta property=\"article:published_time\" content=\"2021-10-21T11:34:44+00:00\" \/>\n<meta property=\"article:modified_time\" content=\"2021-10-21T17:12:28+00:00\" \/>\n<meta property=\"og:image\" content=\"https:\/\/www.nettali.com\/wp-content\/uploads\/2021\/10\/sidy-sarr-20-oct-21.jpeg\" \/>\n\t<meta property=\"og:image:width\" content=\"950\" \/>\n\t<meta property=\"og:image:height\" content=\"540\" \/>\n<meta name=\"twitter:card\" content=\"summary_large_image\" \/>\n<meta name=\"twitter:label1\" content=\"\u00c9crit par\" \/>\n\t<meta name=\"twitter:data1\" content=\"Daouda\" \/>\n\t<meta name=\"twitter:label2\" content=\"Dur\u00e9e de lecture estim\u00e9e\" \/>\n\t<meta name=\"twitter:data2\" content=\"2 minutes\" \/>\n<script type=\"application\/ld+json\" class=\"yoast-schema-graph\">{\"@context\":\"https:\/\/schema.org\",\"@graph\":[{\"@type\":\"WebSite\",\"@id\":\"https:\/\/www.nettali.com\/#website\",\"url\":\"https:\/\/www.nettali.com\/\",\"name\":\"Nettali.com\",\"description\":\"Le rendez-vous critique du Net\",\"potentialAction\":[{\"@type\":\"SearchAction\",\"target\":{\"@type\":\"EntryPoint\",\"urlTemplate\":\"https:\/\/www.nettali.com\/?s={search_term_string}\"},\"query-input\":\"required name=search_term_string\"}],\"inLanguage\":\"fr-FR\"},{\"@type\":\"ImageObject\",\"@id\":\"https:\/\/www.nettali.com\/2021\/10\/21\/sidy-sarr-place-sous-controle-judiciaire-son-avocate-crie-au-scandale\/#primaryimage\",\"inLanguage\":\"fr-FR\",\"url\":\"https:\/\/www.nettali.com\/wp-content\/uploads\/2021\/10\/sidy-sarr-20-oct-21.jpeg\",\"contentUrl\":\"https:\/\/www.nettali.com\/wp-content\/uploads\/2021\/10\/sidy-sarr-20-oct-21.jpeg\",\"width\":950,\"height\":540},{\"@type\":\"WebPage\",\"@id\":\"https:\/\/www.nettali.com\/2021\/10\/21\/sidy-sarr-place-sous-controle-judiciaire-son-avocate-crie-au-scandale\/#webpage\",\"url\":\"https:\/\/www.nettali.com\/2021\/10\/21\/sidy-sarr-place-sous-controle-judiciaire-son-avocate-crie-au-scandale\/\",\"name\":\"SIDY SARR SOUS CONTROLE JUDICIAIRE - Son avocate crie au scandale | Nettali.com\",\"isPartOf\":{\"@id\":\"https:\/\/www.nettali.com\/#website\"},\"primaryImageOfPage\":{\"@id\":\"https:\/\/www.nettali.com\/2021\/10\/21\/sidy-sarr-place-sous-controle-judiciaire-son-avocate-crie-au-scandale\/#primaryimage\"},\"datePublished\":\"2021-10-21T11:34:44+00:00\",\"dateModified\":\"2021-10-21T17:12:28+00:00\",\"author\":{\"@id\":\"https:\/\/www.nettali.com\/#\/schema\/person\/3317e0bb3aa1da309fbf7b2780901bf4\"},\"breadcrumb\":{\"@id\":\"https:\/\/www.nettali.com\/2021\/10\/21\/sidy-sarr-place-sous-controle-judiciaire-son-avocate-crie-au-scandale\/#breadcrumb\"},\"inLanguage\":\"fr-FR\",\"potentialAction\":[{\"@type\":\"ReadAction\",\"target\":[\"https:\/\/www.nettali.com\/2021\/10\/21\/sidy-sarr-place-sous-controle-judiciaire-son-avocate-crie-au-scandale\/\"]}]},{\"@type\":\"BreadcrumbList\",\"@id\":\"https:\/\/www.nettali.com\/2021\/10\/21\/sidy-sarr-place-sous-controle-judiciaire-son-avocate-crie-au-scandale\/#breadcrumb\",\"itemListElement\":[{\"@type\":\"ListItem\",\"position\":1,\"name\":\"Accueil\",\"item\":\"https:\/\/www.nettali.com\/\"},{\"@type\":\"ListItem\",\"position\":2,\"name\":\"SIDY SARR SOUS CONTROLE JUDICIAIRE &#8211; Son avocate crie au scandale\"}]},{\"@type\":\"Person\",\"@id\":\"https:\/\/www.nettali.com\/#\/schema\/person\/3317e0bb3aa1da309fbf7b2780901bf4\",\"name\":\"Daouda\",\"image\":{\"@type\":\"ImageObject\",\"@id\":\"https:\/\/www.nettali.com\/#personlogo\",\"inLanguage\":\"fr-FR\",\"url\":\"https:\/\/secure.gravatar.com\/avatar\/8d143b5a49345098ddcfee1c49c2f47c?s=96&d=mm&r=g\",\"contentUrl\":\"https:\/\/secure.gravatar.com\/avatar\/8d143b5a49345098ddcfee1c49c2f47c?s=96&d=mm&r=g\",\"caption\":\"Daouda\"},\"sameAs\":[\"https:\/\/www.nettali.com\"]}]}<\/script>\n<!-- \/ Yoast SEO Premium plugin. -->","yoast_head_json":{"title":"SIDY SARR SOUS CONTROLE JUDICIAIRE - Son avocate crie au scandale | Nettali.com","robots":{"index":"index","follow":"follow","max-snippet":"max-snippet:-1","max-image-preview":"max-image-preview:large","max-video-preview":"max-video-preview:-1"},"canonical":"https:\/\/www.nettali.com\/2021\/10\/21\/sidy-sarr-place-sous-controle-judiciaire-son-avocate-crie-au-scandale\/","og_locale":"fr_FR","og_type":"article","og_title":"SIDY SARR SOUS CONTROLE JUDICIAIRE - Son avocate crie au scandale","og_description":"NETTALI.COM - L'avocate de Sidy Sarr, Khadija Aoudia, s'est exprim\u00e9e sur Objectif Gard, sur la mise en examen pour \"recours \u00e0 la prostitution de mineure\" de son client. Sidy Sarr, footballeur professionnel d'origine s\u00e9n\u00e9galaise \u00e9voluant en ligue 2 avec l'\u00e9quipe du N\u00eemes Olympique, a \u00e9t\u00e9 pr\u00e9sent\u00e9 ce mercredi en fin d'apr\u00e8s-midi \u00e0 un juge d'instruction [&hellip;]","og_url":"https:\/\/www.nettali.com\/2021\/10\/21\/sidy-sarr-place-sous-controle-judiciaire-son-avocate-crie-au-scandale\/","og_site_name":"Nettali.com","article_publisher":"https:\/\/www.facebook.com\/nettalicom","article_published_time":"2021-10-21T11:34:44+00:00","article_modified_time":"2021-10-21T17:12:28+00:00","og_image":[{"width":950,"height":540,"url":"https:\/\/www.nettali.com\/wp-content\/uploads\/2021\/10\/sidy-sarr-20-oct-21.jpeg","type":"image\/jpeg"}],"twitter_card":"summary_large_image","twitter_misc":{"\u00c9crit par":"Daouda","Dur\u00e9e de lecture estim\u00e9e":"2 minutes"},"schema":{"@context":"https:\/\/schema.org","@graph":[{"@type":"WebSite","@id":"https:\/\/www.nettali.com\/#website","url":"https:\/\/www.nettali.com\/","name":"Nettali.com","description":"Le rendez-vous critique du Net","potentialAction":[{"@type":"SearchAction","target":{"@type":"EntryPoint","urlTemplate":"https:\/\/www.nettali.com\/?s={search_term_string}"},"query-input":"required name=search_term_string"}],"inLanguage":"fr-FR"},{"@type":"ImageObject","@id":"https:\/\/www.nettali.com\/2021\/10\/21\/sidy-sarr-place-sous-controle-judiciaire-son-avocate-crie-au-scandale\/#primaryimage","inLanguage":"fr-FR","url":"https:\/\/www.nettali.com\/wp-content\/uploads\/2021\/10\/sidy-sarr-20-oct-21.jpeg","contentUrl":"https:\/\/www.nettali.com\/wp-content\/uploads\/2021\/10\/sidy-sarr-20-oct-21.jpeg","width":950,"height":540},{"@type":"WebPage","@id":"https:\/\/www.nettali.com\/2021\/10\/21\/sidy-sarr-place-sous-controle-judiciaire-son-avocate-crie-au-scandale\/#webpage","url":"https:\/\/www.nettali.com\/2021\/10\/21\/sidy-sarr-place-sous-controle-judiciaire-son-avocate-crie-au-scandale\/","name":"SIDY SARR SOUS CONTROLE JUDICIAIRE - Son avocate crie au scandale | Nettali.com","isPartOf":{"@id":"https:\/\/www.nettali.com\/#website"},"primaryImageOfPage":{"@id":"https:\/\/www.nettali.com\/2021\/10\/21\/sidy-sarr-place-sous-controle-judiciaire-son-avocate-crie-au-scandale\/#primaryimage"},"datePublished":"2021-10-21T11:34:44+00:00","dateModified":"2021-10-21T17:12:28+00:00","author":{"@id":"https:\/\/www.nettali.com\/#\/schema\/person\/3317e0bb3aa1da309fbf7b2780901bf4"},"breadcrumb":{"@id":"https:\/\/www.nettali.com\/2021\/10\/21\/sidy-sarr-place-sous-controle-judiciaire-son-avocate-crie-au-scandale\/#breadcrumb"},"inLanguage":"fr-FR","potentialAction":[{"@type":"ReadAction","target":["https:\/\/www.nettali.com\/2021\/10\/21\/sidy-sarr-place-sous-controle-judiciaire-son-avocate-crie-au-scandale\/"]}]},{"@type":"BreadcrumbList","@id":"https:\/\/www.nettali.com\/2021\/10\/21\/sidy-sarr-place-sous-controle-judiciaire-son-avocate-crie-au-scandale\/#breadcrumb","itemListElement":[{"@type":"ListItem","position":1,"name":"Accueil","item":"https:\/\/www.nettali.com\/"},{"@type":"ListItem","position":2,"name":"SIDY SARR SOUS CONTROLE JUDICIAIRE &#8211; Son avocate crie au scandale"}]},{"@type":"Person","@id":"https:\/\/www.nettali.com\/#\/schema\/person\/3317e0bb3aa1da309fbf7b2780901bf4","name":"Daouda","image":{"@type":"ImageObject","@id":"https:\/\/www.nettali.com\/#personlogo","inLanguage":"fr-FR","url":"https:\/\/secure.gravatar.com\/avatar\/8d143b5a49345098ddcfee1c49c2f47c?s=96&d=mm&r=g","contentUrl":"https:\/\/secure.gravatar.com\/avatar\/8d143b5a49345098ddcfee1c49c2f47c?s=96&d=mm&r=g","caption":"Daouda"},"sameAs":["https:\/\/www.nettali.com"]}]}},"_links":{"self":[{"href":"https:\/\/www.nettali.com\/rest\/wp\/v2\/posts\/74143"}],"collection":[{"href":"https:\/\/www.nettali.com\/rest\/wp\/v2\/posts"}],"about":[{"href":"https:\/\/www.nettali.com\/rest\/wp\/v2\/types\/post"}],"author":[{"embeddable":true,"href":"https:\/\/www.nettali.com\/rest\/wp\/v2\/users\/4"}],"replies":[{"embeddable":true,"href":"https:\/\/www.nettali.com\/rest\/wp\/v2\/comments?post=74143"}],"version-history":[{"count":3,"href":"https:\/\/www.nettali.com\/rest\/wp\/v2\/posts\/74143\/revisions"}],"predecessor-version":[{"id":74166,"href":"https:\/\/www.nettali.com\/rest\/wp\/v2\/posts\/74143\/revisions\/74166"}],"wp:featuredmedia":[{"embeddable":true,"href":"https:\/\/www.nettali.com\/rest\/wp\/v2\/media\/74145"}],"wp:attachment":[{"href":"https:\/\/www.nettali.com\/rest\/wp\/v2\/media?parent=74143"}],"wp:term":[{"taxonomy":"category","embeddable":true,"href":"https:\/\/www.nettali.com\/rest\/wp\/v2\/categories?post=74143"},{"taxonomy":"post_tag","embeddable":true,"href":"https:\/\/www.nettali.com\/rest\/wp\/v2\/tags?post=74143"}],"curies":[{"name":"wp","href":"https:\/\/api.w.org\/{rel}","templated":true}]}}