{"id":74141,"date":"2021-10-21T11:00:57","date_gmt":"2021-10-21T11:00:57","guid":{"rendered":"https:\/\/www.nettali.com\/?p=74141"},"modified":"2021-10-21T11:00:57","modified_gmt":"2021-10-21T11:00:57","slug":"arrieres-de-loyer-wari-expulsee-de-ses-locaux","status":"publish","type":"post","link":"https:\/\/www.nettali.com\/2021\/10\/21\/arrieres-de-loyer-wari-expulsee-de-ses-locaux\/","title":{"rendered":"ARRIERES DE LOYER - Wari expuls\u00e9e de ses locaux"},"content":{"rendered":"<p><strong>NETTALI.COM \u2013 L\u2019entreprise Wari traverse une mauvaise passe. Wari technologies et Wari travel ont \u00e9t\u00e9 expuls\u00e9es de leurs locaux pour des arri\u00e9r\u00e9s de loyer.<\/strong><\/p>\n<p>Apr\u00e8s sa condamnation, ce 18 octobre devant le Tribunal correctionnel, Wari broie toujours du noir. Selon les r\u00e9v\u00e9lations de Lib\u00e9ration, \u00a0Wari technologies et Wari travel ont \u00e9t\u00e9 expuls\u00e9es de leurs locaux pour des arri\u00e9r\u00e9s de loyer. Cela, cons\u00e9cutivement \u00e0 la requ\u00eate de l\u2019Agence de r\u00e9gulation des postes et des t\u00e9l\u00e9communications (ARTP), obligeant le juge des r\u00e9f\u00e9r\u00e9s \u00e0 \u00e9mettre deux d\u00e9cisions.<\/p>\n<p>Pour la premi\u00e8re, il a constat\u00e9 la fin du bail liant le plaignant \u00e0 la soci\u00e9t\u00e9 Africa Technologies Sau, ex-Wari Technologies. Pour la seconde, il a ordonn\u00e9 l\u2019expulsion des lieux sis au 20 rue Assane Ndoye X Saint-Michel \u00e0 Dakar.<\/p>\n<p>Wari travel est aussi expuls\u00e9 du m\u00eame b\u00e2timent.<\/p>\n<p>Qui plus est, Wari Technologie et Wari Travel doivent payer 39,6 millions F CFA \u00e0 l\u2019ARTP.<\/p>\n<div class='share-to-whatsapp-wrapper'><div class='share-on-whsp'>PARTAGER SUR : <\/div><a data-text='ARRIERES DE LOYER - Wari expuls\u00e9e de ses locaux' data-link='https:\/\/www.nettali.com\/2021\/10\/21\/arrieres-de-loyer-wari-expulsee-de-ses-locaux\/' class='whatsapp-button whatsapp-share'>WhatsApp<\/a><div class='clear '><\/div><\/div>","protected":false},"excerpt":{"rendered":"<p>NETTALI.COM \u2013 L\u2019entreprise Wari traverse une mauvaise passe. Wari technologies et Wari travel ont \u00e9t\u00e9 expuls\u00e9es de leurs locaux pour des arri\u00e9r\u00e9s de loyer. Apr\u00e8s sa condamnation, ce 18 octobre devant le Tribunal correctionnel, Wari broie toujours du noir. Selon les r\u00e9v\u00e9lations de Lib\u00e9ration, \u00a0Wari technologies et Wari travel ont \u00e9t\u00e9 expuls\u00e9es de leurs locaux [&hellip;]<\/p>\n","protected":false},"author":11,"featured_media":51704,"comment_status":"open","ping_status":"open","sticky":false,"template":"","format":"standard","meta":{"_et_pb_use_builder":"","_et_pb_old_content":""},"categories":[3],"tags":[],"yoast_head":"<!-- This site is optimized with the Yoast SEO Premium plugin v17.8 (Yoast SEO v17.8) - https:\/\/yoast.com\/wordpress\/plugins\/seo\/ -->\n<title>ARRIERES DE LOYER - Wari expuls\u00e9e de ses locaux | Nettali.com<\/title>\n<meta name=\"robots\" content=\"index, follow, max-snippet:-1, max-image-preview:large, max-video-preview:-1\" \/>\n<link rel=\"canonical\" href=\"https:\/\/www.nettali.com\/2021\/10\/21\/arrieres-de-loyer-wari-expulsee-de-ses-locaux\/\" \/>\n<meta property=\"og:locale\" content=\"fr_FR\" \/>\n<meta property=\"og:type\" content=\"article\" \/>\n<meta property=\"og:title\" content=\"ARRIERES DE LOYER - Wari expuls\u00e9e de ses locaux\" \/>\n<meta property=\"og:description\" content=\"NETTALI.COM \u2013 L\u2019entreprise Wari traverse une mauvaise passe. Wari technologies et Wari travel ont \u00e9t\u00e9 expuls\u00e9es de leurs locaux pour des arri\u00e9r\u00e9s de loyer. Apr\u00e8s sa condamnation, ce 18 octobre devant le Tribunal correctionnel, Wari broie toujours du noir. Selon les r\u00e9v\u00e9lations de Lib\u00e9ration, \u00a0Wari technologies et Wari travel ont \u00e9t\u00e9 expuls\u00e9es de leurs locaux [&hellip;]\" \/>\n<meta property=\"og:url\" content=\"https:\/\/www.nettali.com\/2021\/10\/21\/arrieres-de-loyer-wari-expulsee-de-ses-locaux\/\" \/>\n<meta property=\"og:site_name\" content=\"Nettali.com\" \/>\n<meta property=\"article:publisher\" content=\"https:\/\/www.facebook.com\/nettalicom\" \/>\n<meta property=\"article:published_time\" content=\"2021-10-21T11:00:57+00:00\" \/>\n<meta property=\"og:image\" content=\"https:\/\/www.nettali.com\/wp-content\/uploads\/2020\/11\/kabirou_mbodj_wari_2.jpg\" \/>\n\t<meta property=\"og:image:width\" content=\"678\" \/>\n\t<meta property=\"og:image:height\" content=\"381\" \/>\n<meta name=\"twitter:card\" content=\"summary_large_image\" \/>\n<meta name=\"twitter:label1\" content=\"\u00c9crit par\" \/>\n\t<meta name=\"twitter:data1\" content=\"Thierno Diop\" \/>\n\t<meta name=\"twitter:label2\" content=\"Dur\u00e9e de lecture estim\u00e9e\" \/>\n\t<meta name=\"twitter:data2\" content=\"1 minute\" \/>\n<script type=\"application\/ld+json\" class=\"yoast-schema-graph\">{\"@context\":\"https:\/\/schema.org\",\"@graph\":[{\"@type\":\"WebSite\",\"@id\":\"https:\/\/www.nettali.com\/#website\",\"url\":\"https:\/\/www.nettali.com\/\",\"name\":\"Nettali.com\",\"description\":\"Le rendez-vous critique du Net\",\"potentialAction\":[{\"@type\":\"SearchAction\",\"target\":{\"@type\":\"EntryPoint\",\"urlTemplate\":\"https:\/\/www.nettali.com\/?s={search_term_string}\"},\"query-input\":\"required name=search_term_string\"}],\"inLanguage\":\"fr-FR\"},{\"@type\":\"ImageObject\",\"@id\":\"https:\/\/www.nettali.com\/2021\/10\/21\/arrieres-de-loyer-wari-expulsee-de-ses-locaux\/#primaryimage\",\"inLanguage\":\"fr-FR\",\"url\":\"https:\/\/www.nettali.com\/wp-content\/uploads\/2020\/11\/kabirou_mbodj_wari_2.jpg\",\"contentUrl\":\"https:\/\/www.nettali.com\/wp-content\/uploads\/2020\/11\/kabirou_mbodj_wari_2.jpg\",\"width\":678,\"height\":381},{\"@type\":\"WebPage\",\"@id\":\"https:\/\/www.nettali.com\/2021\/10\/21\/arrieres-de-loyer-wari-expulsee-de-ses-locaux\/#webpage\",\"url\":\"https:\/\/www.nettali.com\/2021\/10\/21\/arrieres-de-loyer-wari-expulsee-de-ses-locaux\/\",\"name\":\"ARRIERES DE LOYER - Wari expuls\\u00e9e de ses locaux | Nettali.com\",\"isPartOf\":{\"@id\":\"https:\/\/www.nettali.com\/#website\"},\"primaryImageOfPage\":{\"@id\":\"https:\/\/www.nettali.com\/2021\/10\/21\/arrieres-de-loyer-wari-expulsee-de-ses-locaux\/#primaryimage\"},\"datePublished\":\"2021-10-21T11:00:57+00:00\",\"dateModified\":\"2021-10-21T11:00:57+00:00\",\"author\":{\"@id\":\"https:\/\/www.nettali.com\/#\/schema\/person\/8a06c6bd7b19304cf4bf985862900b5b\"},\"breadcrumb\":{\"@id\":\"https:\/\/www.nettali.com\/2021\/10\/21\/arrieres-de-loyer-wari-expulsee-de-ses-locaux\/#breadcrumb\"},\"inLanguage\":\"fr-FR\",\"potentialAction\":[{\"@type\":\"ReadAction\",\"target\":[\"https:\/\/www.nettali.com\/2021\/10\/21\/arrieres-de-loyer-wari-expulsee-de-ses-locaux\/\"]}]},{\"@type\":\"BreadcrumbList\",\"@id\":\"https:\/\/www.nettali.com\/2021\/10\/21\/arrieres-de-loyer-wari-expulsee-de-ses-locaux\/#breadcrumb\",\"itemListElement\":[{\"@type\":\"ListItem\",\"position\":1,\"name\":\"Accueil\",\"item\":\"https:\/\/www.nettali.com\/\"},{\"@type\":\"ListItem\",\"position\":2,\"name\":\"ARRIERES DE LOYER &#8211; Wari expuls\\u00e9e de ses locaux\"}]},{\"@type\":\"Person\",\"@id\":\"https:\/\/www.nettali.com\/#\/schema\/person\/8a06c6bd7b19304cf4bf985862900b5b\",\"name\":\"Thierno Diop\",\"image\":{\"@type\":\"ImageObject\",\"@id\":\"https:\/\/www.nettali.com\/#personlogo\",\"inLanguage\":\"fr-FR\",\"url\":\"https:\/\/secure.gravatar.com\/avatar\/c8ca58550c94fd2ac856d27391a6c866?s=96&d=mm&r=g\",\"contentUrl\":\"https:\/\/secure.gravatar.com\/avatar\/c8ca58550c94fd2ac856d27391a6c866?s=96&d=mm&r=g\",\"caption\":\"Thierno Diop\"},\"sameAs\":[\"https:\/\/nettali.com\"]}]}<\/script>\n<!-- \/ Yoast SEO Premium plugin. -->","yoast_head_json":{"title":"ARRIERES DE LOYER - Wari expuls\u00e9e de ses locaux | Nettali.com","robots":{"index":"index","follow":"follow","max-snippet":"max-snippet:-1","max-image-preview":"max-image-preview:large","max-video-preview":"max-video-preview:-1"},"canonical":"https:\/\/www.nettali.com\/2021\/10\/21\/arrieres-de-loyer-wari-expulsee-de-ses-locaux\/","og_locale":"fr_FR","og_type":"article","og_title":"ARRIERES DE LOYER - Wari expuls\u00e9e de ses locaux","og_description":"NETTALI.COM \u2013 L\u2019entreprise Wari traverse une mauvaise passe. Wari technologies et Wari travel ont \u00e9t\u00e9 expuls\u00e9es de leurs locaux pour des arri\u00e9r\u00e9s de loyer. Apr\u00e8s sa condamnation, ce 18 octobre devant le Tribunal correctionnel, Wari broie toujours du noir. Selon les r\u00e9v\u00e9lations de Lib\u00e9ration, \u00a0Wari technologies et Wari travel ont \u00e9t\u00e9 expuls\u00e9es de leurs locaux [&hellip;]","og_url":"https:\/\/www.nettali.com\/2021\/10\/21\/arrieres-de-loyer-wari-expulsee-de-ses-locaux\/","og_site_name":"Nettali.com","article_publisher":"https:\/\/www.facebook.com\/nettalicom","article_published_time":"2021-10-21T11:00:57+00:00","og_image":[{"width":678,"height":381,"url":"https:\/\/www.nettali.com\/wp-content\/uploads\/2020\/11\/kabirou_mbodj_wari_2.jpg","type":"image\/jpeg"}],"twitter_card":"summary_large_image","twitter_misc":{"\u00c9crit par":"Thierno Diop","Dur\u00e9e de lecture estim\u00e9e":"1 minute"},"schema":{"@context":"https:\/\/schema.org","@graph":[{"@type":"WebSite","@id":"https:\/\/www.nettali.com\/#website","url":"https:\/\/www.nettali.com\/","name":"Nettali.com","description":"Le rendez-vous critique du Net","potentialAction":[{"@type":"SearchAction","target":{"@type":"EntryPoint","urlTemplate":"https:\/\/www.nettali.com\/?s={search_term_string}"},"query-input":"required name=search_term_string"}],"inLanguage":"fr-FR"},{"@type":"ImageObject","@id":"https:\/\/www.nettali.com\/2021\/10\/21\/arrieres-de-loyer-wari-expulsee-de-ses-locaux\/#primaryimage","inLanguage":"fr-FR","url":"https:\/\/www.nettali.com\/wp-content\/uploads\/2020\/11\/kabirou_mbodj_wari_2.jpg","contentUrl":"https:\/\/www.nettali.com\/wp-content\/uploads\/2020\/11\/kabirou_mbodj_wari_2.jpg","width":678,"height":381},{"@type":"WebPage","@id":"https:\/\/www.nettali.com\/2021\/10\/21\/arrieres-de-loyer-wari-expulsee-de-ses-locaux\/#webpage","url":"https:\/\/www.nettali.com\/2021\/10\/21\/arrieres-de-loyer-wari-expulsee-de-ses-locaux\/","name":"ARRIERES DE LOYER - Wari expuls\u00e9e de ses locaux | Nettali.com","isPartOf":{"@id":"https:\/\/www.nettali.com\/#website"},"primaryImageOfPage":{"@id":"https:\/\/www.nettali.com\/2021\/10\/21\/arrieres-de-loyer-wari-expulsee-de-ses-locaux\/#primaryimage"},"datePublished":"2021-10-21T11:00:57+00:00","dateModified":"2021-10-21T11:00:57+00:00","author":{"@id":"https:\/\/www.nettali.com\/#\/schema\/person\/8a06c6bd7b19304cf4bf985862900b5b"},"breadcrumb":{"@id":"https:\/\/www.nettali.com\/2021\/10\/21\/arrieres-de-loyer-wari-expulsee-de-ses-locaux\/#breadcrumb"},"inLanguage":"fr-FR","potentialAction":[{"@type":"ReadAction","target":["https:\/\/www.nettali.com\/2021\/10\/21\/arrieres-de-loyer-wari-expulsee-de-ses-locaux\/"]}]},{"@type":"BreadcrumbList","@id":"https:\/\/www.nettali.com\/2021\/10\/21\/arrieres-de-loyer-wari-expulsee-de-ses-locaux\/#breadcrumb","itemListElement":[{"@type":"ListItem","position":1,"name":"Accueil","item":"https:\/\/www.nettali.com\/"},{"@type":"ListItem","position":2,"name":"ARRIERES DE LOYER &#8211; Wari expuls\u00e9e de ses locaux"}]},{"@type":"Person","@id":"https:\/\/www.nettali.com\/#\/schema\/person\/8a06c6bd7b19304cf4bf985862900b5b","name":"Thierno Diop","image":{"@type":"ImageObject","@id":"https:\/\/www.nettali.com\/#personlogo","inLanguage":"fr-FR","url":"https:\/\/secure.gravatar.com\/avatar\/c8ca58550c94fd2ac856d27391a6c866?s=96&d=mm&r=g","contentUrl":"https:\/\/secure.gravatar.com\/avatar\/c8ca58550c94fd2ac856d27391a6c866?s=96&d=mm&r=g","caption":"Thierno Diop"},"sameAs":["https:\/\/nettali.com"]}]}},"_links":{"self":[{"href":"https:\/\/www.nettali.com\/rest\/wp\/v2\/posts\/74141"}],"collection":[{"href":"https:\/\/www.nettali.com\/rest\/wp\/v2\/posts"}],"about":[{"href":"https:\/\/www.nettali.com\/rest\/wp\/v2\/types\/post"}],"author":[{"embeddable":true,"href":"https:\/\/www.nettali.com\/rest\/wp\/v2\/users\/11"}],"replies":[{"embeddable":true,"href":"https:\/\/www.nettali.com\/rest\/wp\/v2\/comments?post=74141"}],"version-history":[{"count":1,"href":"https:\/\/www.nettali.com\/rest\/wp\/v2\/posts\/74141\/revisions"}],"predecessor-version":[{"id":74142,"href":"https:\/\/www.nettali.com\/rest\/wp\/v2\/posts\/74141\/revisions\/74142"}],"wp:featuredmedia":[{"embeddable":true,"href":"https:\/\/www.nettali.com\/rest\/wp\/v2\/media\/51704"}],"wp:attachment":[{"href":"https:\/\/www.nettali.com\/rest\/wp\/v2\/media?parent=74141"}],"wp:term":[{"taxonomy":"category","embeddable":true,"href":"https:\/\/www.nettali.com\/rest\/wp\/v2\/categories?post=74141"},{"taxonomy":"post_tag","embeddable":true,"href":"https:\/\/www.nettali.com\/rest\/wp\/v2\/tags?post=74141"}],"curies":[{"name":"wp","href":"https:\/\/api.w.org\/{rel}","templated":true}]}}