{"id":74138,"date":"2021-10-21T09:50:46","date_gmt":"2021-10-21T09:50:46","guid":{"rendered":"https:\/\/www.nettali.com\/?p=74138"},"modified":"2021-10-21T09:50:46","modified_gmt":"2021-10-21T09:50:46","slug":"mali-le-commandant-dune-importante-katiba-du-gsim-tue-par-les-francais","status":"publish","type":"post","link":"https:\/\/www.nettali.com\/2021\/10\/21\/mali-le-commandant-dune-importante-katiba-du-gsim-tue-par-les-francais\/","title":{"rendered":"MALI - Le commandant d'une importante katiba du GSIM tu\u00e9 par les Fran\u00e7ais"},"content":{"rendered":"<p style=\"background: white; vertical-align: baseline; margin: 0cm 0cm 13.5pt 0cm;\"><span style=\"color: #101010; letter-spacing: .1pt;\">NETTALI.COM - L'arm\u00e9e fran\u00e7aise a tu\u00e9 samedi au Mali le chef jihadiste Nasser Al Tergui, commandant de la katiba du Gourma du GSIM (Groupe de soutien \u00e0 l'islam et aux musulmans) proche d'Al-Qa\u00efda, a annonc\u00e9 jeudi l'\u00e9tat-major \u00e0 l'AFP.<\/span><\/p>\n<p style=\"background: white; vertical-align: baseline; margin: 0cm 0cm 13.5pt 0cm;\"><span style=\"color: #101010; letter-spacing: .1pt;\">Nasser Al Tergui \u00e9tait le num\u00e9ro deux de la katiba du Gourma-Serma du GSIM et chef de la katiba du Gourma, active le long de la fronti\u00e8re malo-burkinab\u00e9, d\u00e9taille l'\u00e9tat-major dans un communiqu\u00e9.<\/span><\/p>\n<p style=\"background: white; vertical-align: baseline; font-variant-ligatures: normal; font-variant-caps: normal; font-variant-numeric: inherit; font-variant-east-asian: inherit; font-stretch: inherit; line-height: inherit; box-sizing: border-box; orphans: 2; text-align: start; widows: 2; -webkit-text-stroke-width: 0px; text-decoration-thickness: initial; text-decoration-style: initial; text-decoration-color: initial; word-spacing: 0px; margin: 0cm 0cm 13.5pt 0cm;\"><span style=\"color: #101010; letter-spacing: .1pt;\">Selon les arm\u00e9es fran\u00e7aises, \"Nasser Al Tergui exer\u00e7ait d'importantes responsabilit\u00e9s op\u00e9rationnelles au sein de la katiba du Gourma-Serma. Il \u00e9tait notamment sp\u00e9cialis\u00e9 dans la pose d'engins explosifs improvis\u00e9s et de mines\". Il avait rejoint les rangs d'Al Qa\u00efda au Maghreb islamique en 2012, lors de la prise de Tombouctou par les groupes jihadistes.<\/span><\/p>\n<p style=\"background: white; vertical-align: baseline; font-variant-ligatures: normal; font-variant-caps: normal; font-variant-numeric: inherit; font-variant-east-asian: inherit; font-stretch: inherit; line-height: inherit; box-sizing: border-box; orphans: 2; text-align: start; widows: 2; -webkit-text-stroke-width: 0px; text-decoration-thickness: initial; text-decoration-style: initial; text-decoration-color: initial; word-spacing: 0px; margin: 0cm 0cm 13.5pt 0cm;\"><span style=\"color: #101010; letter-spacing: .1pt;\">\"La neutralisation du chef de la katiba du Gourma va permettre de r\u00e9duire les capacit\u00e9s de nuisance d'un groupe arm\u00e9 terroriste connu pour commettre des attaques contre les forces locales ainsi que de nombreuses exactions contre la population locale\", se f\u00e9licite l'\u00e9tat-major.<\/span><\/p>\n<p style=\"background: white; vertical-align: baseline; margin: 0cm 0cm 13.5pt 0cm;\"><span style=\"color: #101010; letter-spacing: .1pt;\">\"Vendredi 15 octobre, un v\u00e9hicule transportant \u00e0 son bord cinq individus a \u00e9t\u00e9 rep\u00e9r\u00e9 par un drone \u00e0 une centaine de kilom\u00e8tres au nord-ouest de Gossi. Le recoupement de diff\u00e9rents renseignements a permis de confirmer la pr\u00e9sence \u00e0 bord de ce v\u00e9hicule de Nasser Al Tergui\", accompagn\u00e9 de quatre autres membres du GSIM, d\u00e9taille le communiqu\u00e9.<\/span><\/p>\n<p style=\"background: white; vertical-align: baseline; font-variant-ligatures: normal; font-variant-caps: normal; font-variant-numeric: inherit; font-variant-east-asian: inherit; font-stretch: inherit; line-height: inherit; box-sizing: border-box; orphans: 2; text-align: start; widows: 2; -webkit-text-stroke-width: 0px; text-decoration-thickness: initial; text-decoration-style: initial; text-decoration-color: initial; word-spacing: 0px; margin: 0cm 0cm 13.5pt 0cm;\"><span style=\"color: #101010; letter-spacing: .1pt;\">Le 16 octobre, le v\u00e9hicule prend la direction du sud. \"Les militaires de la force Barkhane d\u00e9cident de d\u00e9clencher une op\u00e9ration pour intercepter le v\u00e9hicule et les cinq individus\" mais \"le v\u00e9hicule refusant de s'arr\u00eater, deux frappes a\u00e9riennes sont d\u00e9clench\u00e9es pour le stopper. Le v\u00e9hicule est d\u00e9truit et les cinq occupants sont neutralis\u00e9s\".<\/span><\/p>\n<p style=\"background: white; vertical-align: baseline; font-variant-ligatures: normal; font-variant-caps: normal; font-variant-numeric: inherit; font-variant-east-asian: inherit; font-stretch: inherit; line-height: inherit; box-sizing: border-box; orphans: 2; text-align: start; widows: 2; -webkit-text-stroke-width: 0px; text-decoration-thickness: initial; text-decoration-style: initial; text-decoration-color: initial; word-spacing: 0px; margin: 0cm 0cm 13.5pt 0cm;\"><span style=\"color: #101010; letter-spacing: .1pt;\">Un groupe commando a \u00e9t\u00e9 h\u00e9liport\u00e9 sur la zone de la frappe pour la reconna\u00eetre et r\u00e9cup\u00e9rer des mat\u00e9riels d\u2019int\u00e9r\u00eat, en cours d\u2019exploitation.<\/span><\/p>\n<p style=\"background: white; vertical-align: baseline; font-variant-ligatures: normal; font-variant-caps: normal; font-variant-numeric: inherit; font-variant-east-asian: inherit; font-stretch: inherit; line-height: inherit; box-sizing: border-box; orphans: 2; text-align: start; widows: 2; -webkit-text-stroke-width: 0px; text-decoration-thickness: initial; text-decoration-style: initial; text-decoration-color: initial; word-spacing: 0px; margin: 0cm 0cm 13.5pt 0cm;\"><span style=\"color: #101010; letter-spacing: .1pt;\">Cette nouvelle neutralisation d'un chef jihadiste par les Fran\u00e7ais intervient alors que les autorit\u00e9s maliennes ont officiellement confi\u00e9 au minist\u00e8re des Affaires religieuses le dossier du dialogue avec certains groupes jihadistes, \u00e0 un moment d\u00e9licat des relations avec Paris. La France, principal alli\u00e9 du Mali, a toujours refus\u00e9 ce dialogue.<\/span><\/p>\n<p>&nbsp;<\/p>\n<div class='share-to-whatsapp-wrapper'><div class='share-on-whsp'>PARTAGER SUR : <\/div><a data-text='MALI - Le commandant d'une importante katiba du GSIM tu\u00e9 par les Fran\u00e7ais' data-link='https:\/\/www.nettali.com\/2021\/10\/21\/mali-le-commandant-dune-importante-katiba-du-gsim-tue-par-les-francais\/' class='whatsapp-button whatsapp-share'>WhatsApp<\/a><div class='clear '><\/div><\/div>","protected":false},"excerpt":{"rendered":"<p>NETTALI.COM - L'arm\u00e9e fran\u00e7aise a tu\u00e9 samedi au Mali le chef jihadiste Nasser Al Tergui, commandant de la katiba du Gourma du GSIM (Groupe de soutien \u00e0 l'islam et aux musulmans) proche d'Al-Qa\u00efda, a annonc\u00e9 jeudi l'\u00e9tat-major \u00e0 l'AFP. Nasser Al Tergui \u00e9tait le num\u00e9ro deux de la katiba du Gourma-Serma du GSIM et chef [&hellip;]<\/p>\n","protected":false},"author":11,"featured_media":65342,"comment_status":"open","ping_status":"open","sticky":false,"template":"","format":"standard","meta":{"_et_pb_use_builder":"","_et_pb_old_content":""},"categories":[8],"tags":[],"yoast_head":"<!-- This site is optimized with the Yoast SEO Premium plugin v17.8 (Yoast SEO v17.8) - https:\/\/yoast.com\/wordpress\/plugins\/seo\/ -->\n<title>MALI - Le commandant d&#039;une importante katiba du GSIM tu\u00e9 par les Fran\u00e7ais | Nettali.com<\/title>\n<meta name=\"robots\" content=\"index, follow, max-snippet:-1, max-image-preview:large, max-video-preview:-1\" \/>\n<link rel=\"canonical\" href=\"https:\/\/www.nettali.com\/2021\/10\/21\/mali-le-commandant-dune-importante-katiba-du-gsim-tue-par-les-francais\/\" \/>\n<meta property=\"og:locale\" content=\"fr_FR\" \/>\n<meta property=\"og:type\" content=\"article\" \/>\n<meta property=\"og:title\" content=\"MALI - Le commandant d&#039;une importante katiba du GSIM tu\u00e9 par les Fran\u00e7ais\" \/>\n<meta property=\"og:description\" content=\"NETTALI.COM - L&#039;arm\u00e9e fran\u00e7aise a tu\u00e9 samedi au Mali le chef jihadiste Nasser Al Tergui, commandant de la katiba du Gourma du GSIM (Groupe de soutien \u00e0 l&#039;islam et aux musulmans) proche d&#039;Al-Qa\u00efda, a annonc\u00e9 jeudi l&#039;\u00e9tat-major \u00e0 l&#039;AFP. Nasser Al Tergui \u00e9tait le num\u00e9ro deux de la katiba du Gourma-Serma du GSIM et chef [&hellip;]\" \/>\n<meta property=\"og:url\" content=\"https:\/\/www.nettali.com\/2021\/10\/21\/mali-le-commandant-dune-importante-katiba-du-gsim-tue-par-les-francais\/\" \/>\n<meta property=\"og:site_name\" content=\"Nettali.com\" \/>\n<meta property=\"article:publisher\" content=\"https:\/\/www.facebook.com\/nettalicom\" \/>\n<meta property=\"article:published_time\" content=\"2021-10-21T09:50:46+00:00\" \/>\n<meta property=\"og:image\" content=\"https:\/\/www.nettali.com\/wp-content\/uploads\/2021\/06\/mali.jpg\" \/>\n\t<meta property=\"og:image:width\" content=\"1000\" \/>\n\t<meta property=\"og:image:height\" content=\"750\" \/>\n<meta name=\"twitter:card\" content=\"summary_large_image\" \/>\n<meta name=\"twitter:label1\" content=\"\u00c9crit par\" \/>\n\t<meta name=\"twitter:data1\" content=\"Thierno Diop\" \/>\n\t<meta name=\"twitter:label2\" content=\"Dur\u00e9e de lecture estim\u00e9e\" \/>\n\t<meta name=\"twitter:data2\" content=\"2 minutes\" \/>\n<script type=\"application\/ld+json\" class=\"yoast-schema-graph\">{\"@context\":\"https:\/\/schema.org\",\"@graph\":[{\"@type\":\"WebSite\",\"@id\":\"https:\/\/www.nettali.com\/#website\",\"url\":\"https:\/\/www.nettali.com\/\",\"name\":\"Nettali.com\",\"description\":\"Le rendez-vous critique du Net\",\"potentialAction\":[{\"@type\":\"SearchAction\",\"target\":{\"@type\":\"EntryPoint\",\"urlTemplate\":\"https:\/\/www.nettali.com\/?s={search_term_string}\"},\"query-input\":\"required name=search_term_string\"}],\"inLanguage\":\"fr-FR\"},{\"@type\":\"ImageObject\",\"@id\":\"https:\/\/www.nettali.com\/2021\/10\/21\/mali-le-commandant-dune-importante-katiba-du-gsim-tue-par-les-francais\/#primaryimage\",\"inLanguage\":\"fr-FR\",\"url\":\"https:\/\/www.nettali.com\/wp-content\/uploads\/2021\/06\/mali.jpg\",\"contentUrl\":\"https:\/\/www.nettali.com\/wp-content\/uploads\/2021\/06\/mali.jpg\",\"width\":1000,\"height\":750},{\"@type\":\"WebPage\",\"@id\":\"https:\/\/www.nettali.com\/2021\/10\/21\/mali-le-commandant-dune-importante-katiba-du-gsim-tue-par-les-francais\/#webpage\",\"url\":\"https:\/\/www.nettali.com\/2021\/10\/21\/mali-le-commandant-dune-importante-katiba-du-gsim-tue-par-les-francais\/\",\"name\":\"MALI - Le commandant d'une importante katiba du GSIM tu\\u00e9 par les Fran\\u00e7ais | Nettali.com\",\"isPartOf\":{\"@id\":\"https:\/\/www.nettali.com\/#website\"},\"primaryImageOfPage\":{\"@id\":\"https:\/\/www.nettali.com\/2021\/10\/21\/mali-le-commandant-dune-importante-katiba-du-gsim-tue-par-les-francais\/#primaryimage\"},\"datePublished\":\"2021-10-21T09:50:46+00:00\",\"dateModified\":\"2021-10-21T09:50:46+00:00\",\"author\":{\"@id\":\"https:\/\/www.nettali.com\/#\/schema\/person\/8a06c6bd7b19304cf4bf985862900b5b\"},\"breadcrumb\":{\"@id\":\"https:\/\/www.nettali.com\/2021\/10\/21\/mali-le-commandant-dune-importante-katiba-du-gsim-tue-par-les-francais\/#breadcrumb\"},\"inLanguage\":\"fr-FR\",\"potentialAction\":[{\"@type\":\"ReadAction\",\"target\":[\"https:\/\/www.nettali.com\/2021\/10\/21\/mali-le-commandant-dune-importante-katiba-du-gsim-tue-par-les-francais\/\"]}]},{\"@type\":\"BreadcrumbList\",\"@id\":\"https:\/\/www.nettali.com\/2021\/10\/21\/mali-le-commandant-dune-importante-katiba-du-gsim-tue-par-les-francais\/#breadcrumb\",\"itemListElement\":[{\"@type\":\"ListItem\",\"position\":1,\"name\":\"Accueil\",\"item\":\"https:\/\/www.nettali.com\/\"},{\"@type\":\"ListItem\",\"position\":2,\"name\":\"MALI &#8211; Le commandant d&rsquo;une importante katiba du GSIM tu\\u00e9 par les Fran\\u00e7ais\"}]},{\"@type\":\"Person\",\"@id\":\"https:\/\/www.nettali.com\/#\/schema\/person\/8a06c6bd7b19304cf4bf985862900b5b\",\"name\":\"Thierno Diop\",\"image\":{\"@type\":\"ImageObject\",\"@id\":\"https:\/\/www.nettali.com\/#personlogo\",\"inLanguage\":\"fr-FR\",\"url\":\"https:\/\/secure.gravatar.com\/avatar\/c8ca58550c94fd2ac856d27391a6c866?s=96&d=mm&r=g\",\"contentUrl\":\"https:\/\/secure.gravatar.com\/avatar\/c8ca58550c94fd2ac856d27391a6c866?s=96&d=mm&r=g\",\"caption\":\"Thierno Diop\"},\"sameAs\":[\"https:\/\/nettali.com\"]}]}<\/script>\n<!-- \/ Yoast SEO Premium plugin. -->","yoast_head_json":{"title":"MALI - Le commandant d'une importante katiba du GSIM tu\u00e9 par les Fran\u00e7ais | Nettali.com","robots":{"index":"index","follow":"follow","max-snippet":"max-snippet:-1","max-image-preview":"max-image-preview:large","max-video-preview":"max-video-preview:-1"},"canonical":"https:\/\/www.nettali.com\/2021\/10\/21\/mali-le-commandant-dune-importante-katiba-du-gsim-tue-par-les-francais\/","og_locale":"fr_FR","og_type":"article","og_title":"MALI - Le commandant d'une importante katiba du GSIM tu\u00e9 par les Fran\u00e7ais","og_description":"NETTALI.COM - L'arm\u00e9e fran\u00e7aise a tu\u00e9 samedi au Mali le chef jihadiste Nasser Al Tergui, commandant de la katiba du Gourma du GSIM (Groupe de soutien \u00e0 l'islam et aux musulmans) proche d'Al-Qa\u00efda, a annonc\u00e9 jeudi l'\u00e9tat-major \u00e0 l'AFP. Nasser Al Tergui \u00e9tait le num\u00e9ro deux de la katiba du Gourma-Serma du GSIM et chef [&hellip;]","og_url":"https:\/\/www.nettali.com\/2021\/10\/21\/mali-le-commandant-dune-importante-katiba-du-gsim-tue-par-les-francais\/","og_site_name":"Nettali.com","article_publisher":"https:\/\/www.facebook.com\/nettalicom","article_published_time":"2021-10-21T09:50:46+00:00","og_image":[{"width":1000,"height":750,"url":"https:\/\/www.nettali.com\/wp-content\/uploads\/2021\/06\/mali.jpg","type":"image\/jpeg"}],"twitter_card":"summary_large_image","twitter_misc":{"\u00c9crit par":"Thierno Diop","Dur\u00e9e de lecture estim\u00e9e":"2 minutes"},"schema":{"@context":"https:\/\/schema.org","@graph":[{"@type":"WebSite","@id":"https:\/\/www.nettali.com\/#website","url":"https:\/\/www.nettali.com\/","name":"Nettali.com","description":"Le rendez-vous critique du Net","potentialAction":[{"@type":"SearchAction","target":{"@type":"EntryPoint","urlTemplate":"https:\/\/www.nettali.com\/?s={search_term_string}"},"query-input":"required name=search_term_string"}],"inLanguage":"fr-FR"},{"@type":"ImageObject","@id":"https:\/\/www.nettali.com\/2021\/10\/21\/mali-le-commandant-dune-importante-katiba-du-gsim-tue-par-les-francais\/#primaryimage","inLanguage":"fr-FR","url":"https:\/\/www.nettali.com\/wp-content\/uploads\/2021\/06\/mali.jpg","contentUrl":"https:\/\/www.nettali.com\/wp-content\/uploads\/2021\/06\/mali.jpg","width":1000,"height":750},{"@type":"WebPage","@id":"https:\/\/www.nettali.com\/2021\/10\/21\/mali-le-commandant-dune-importante-katiba-du-gsim-tue-par-les-francais\/#webpage","url":"https:\/\/www.nettali.com\/2021\/10\/21\/mali-le-commandant-dune-importante-katiba-du-gsim-tue-par-les-francais\/","name":"MALI - Le commandant d'une importante katiba du GSIM tu\u00e9 par les Fran\u00e7ais | Nettali.com","isPartOf":{"@id":"https:\/\/www.nettali.com\/#website"},"primaryImageOfPage":{"@id":"https:\/\/www.nettali.com\/2021\/10\/21\/mali-le-commandant-dune-importante-katiba-du-gsim-tue-par-les-francais\/#primaryimage"},"datePublished":"2021-10-21T09:50:46+00:00","dateModified":"2021-10-21T09:50:46+00:00","author":{"@id":"https:\/\/www.nettali.com\/#\/schema\/person\/8a06c6bd7b19304cf4bf985862900b5b"},"breadcrumb":{"@id":"https:\/\/www.nettali.com\/2021\/10\/21\/mali-le-commandant-dune-importante-katiba-du-gsim-tue-par-les-francais\/#breadcrumb"},"inLanguage":"fr-FR","potentialAction":[{"@type":"ReadAction","target":["https:\/\/www.nettali.com\/2021\/10\/21\/mali-le-commandant-dune-importante-katiba-du-gsim-tue-par-les-francais\/"]}]},{"@type":"BreadcrumbList","@id":"https:\/\/www.nettali.com\/2021\/10\/21\/mali-le-commandant-dune-importante-katiba-du-gsim-tue-par-les-francais\/#breadcrumb","itemListElement":[{"@type":"ListItem","position":1,"name":"Accueil","item":"https:\/\/www.nettali.com\/"},{"@type":"ListItem","position":2,"name":"MALI &#8211; Le commandant d&rsquo;une importante katiba du GSIM tu\u00e9 par les Fran\u00e7ais"}]},{"@type":"Person","@id":"https:\/\/www.nettali.com\/#\/schema\/person\/8a06c6bd7b19304cf4bf985862900b5b","name":"Thierno Diop","image":{"@type":"ImageObject","@id":"https:\/\/www.nettali.com\/#personlogo","inLanguage":"fr-FR","url":"https:\/\/secure.gravatar.com\/avatar\/c8ca58550c94fd2ac856d27391a6c866?s=96&d=mm&r=g","contentUrl":"https:\/\/secure.gravatar.com\/avatar\/c8ca58550c94fd2ac856d27391a6c866?s=96&d=mm&r=g","caption":"Thierno Diop"},"sameAs":["https:\/\/nettali.com"]}]}},"_links":{"self":[{"href":"https:\/\/www.nettali.com\/rest\/wp\/v2\/posts\/74138"}],"collection":[{"href":"https:\/\/www.nettali.com\/rest\/wp\/v2\/posts"}],"about":[{"href":"https:\/\/www.nettali.com\/rest\/wp\/v2\/types\/post"}],"author":[{"embeddable":true,"href":"https:\/\/www.nettali.com\/rest\/wp\/v2\/users\/11"}],"replies":[{"embeddable":true,"href":"https:\/\/www.nettali.com\/rest\/wp\/v2\/comments?post=74138"}],"version-history":[{"count":1,"href":"https:\/\/www.nettali.com\/rest\/wp\/v2\/posts\/74138\/revisions"}],"predecessor-version":[{"id":74139,"href":"https:\/\/www.nettali.com\/rest\/wp\/v2\/posts\/74138\/revisions\/74139"}],"wp:featuredmedia":[{"embeddable":true,"href":"https:\/\/www.nettali.com\/rest\/wp\/v2\/media\/65342"}],"wp:attachment":[{"href":"https:\/\/www.nettali.com\/rest\/wp\/v2\/media?parent=74138"}],"wp:term":[{"taxonomy":"category","embeddable":true,"href":"https:\/\/www.nettali.com\/rest\/wp\/v2\/categories?post=74138"},{"taxonomy":"post_tag","embeddable":true,"href":"https:\/\/www.nettali.com\/rest\/wp\/v2\/tags?post=74138"}],"curies":[{"name":"wp","href":"https:\/\/api.w.org\/{rel}","templated":true}]}}