{"id":74079,"date":"2021-10-20T13:34:24","date_gmt":"2021-10-20T13:34:24","guid":{"rendered":"https:\/\/www.nettali.com\/?p=74079"},"modified":"2021-10-20T13:49:00","modified_gmt":"2021-10-20T13:49:00","slug":"facebook-va-changer-de-nom","status":"publish","type":"post","link":"https:\/\/www.nettali.com\/2021\/10\/20\/facebook-va-changer-de-nom\/","title":{"rendered":"PETITE REVOLUTION SUR LE NET - Facebook va changer de nom"},"content":{"rendered":"<p><strong>NETTALI.COM - Facebook pr\u00e9voit de changer de nom d'ici quelques jours. Ce changement vise \u00e0 refl\u00e9ter les ambitions du groupe avec le M\u00e9taverse, l'univers num\u00e9rique en r\u00e9alit\u00e9 virtuelle qui promet de devenir l'Internet de demain, rapporte Phonandroid.<\/strong><\/p>\n<p>Selon The Verge, Mark Zuckerberg, PDG de Facebook, annoncera le changement de nom d\u00e8s le 28 octobre 2021. Ce jour l\u00e0, le r\u00e9seau social organisera une conf\u00e9rence annuelle intitul\u00e9e Connect.<\/p>\n<p>Mark Zuckerberg souhaiterait que le public ne r\u00e9sume plus son entreprise \u00e0 un simple r\u00e9seau social. Ce changement d'appellation vise \u00e0 refl\u00e9ter les ambitions de Facebook dans le domaine de r\u00e9alit\u00e9 virtuelle et du metaverse, cet univers num\u00e9rique qui souhaite s'imposer comme l'Internet du futur.<\/p>\n<p><strong>FACEBOOK SE TOURNE VERS LE METAVERSE<\/strong><\/p>\n<p>Le fondateur de Facebook n'a jamais cach\u00e9 l'immensit\u00e9 de ses ambitions dans le domaine du metaverse. \u00a0Cet univers num\u00e9rique virtuel devrait permettre aux internautes d'\u00e9changer en trois dimensions, gr\u00e2ce \u00e0 des casques VR et AR notamment. Pour Mark Zuckerberg, Facebook sera devenu d'ici 5 ans une entreprise metaverse. Cette activit\u00e9 devrait m\u00eame finir par supplanter les r\u00e9seaux sociaux.<\/p>\n<p><em>\u201cLes personnes qui nous consid\u00e8rent principalement comme une entreprise de m\u00e9dias sociaux vont nous consid\u00e9rer comme une entreprise m\u00e9tavers\u00e9e. Je pense que ce sera le prochain grand chapitre pour notre entreprise\u201d<\/em>, assurait Mark Zuckerberg en juillet dernier.<\/p>\n<p>Pour d\u00e9velopper son metaverse, dont le d\u00e9veloppement est encore \u00e0 sa gen\u00e8se, le milliardaire a pr\u00e9vu de cr\u00e9er 10000 emplois \u201chautement qualifi\u00e9s\u201d en Europe. Pour achever la cr\u00e9ation de cet univers num\u00e9rique, le cr\u00e9ateur de Facebook a imp\u00e9rativement besoin \u201cde nouveaux protocoles et standards, de nouveaux \u00e9quipements, puces et logiciels\u201d.<\/p>\n<p>D'apr\u00e8s les donn\u00e9es de The Verge, ce nouveau nom pourrait \u00eatre li\u00e9 \u00e0 Horizon, le jeu vid\u00e9o en ligne en r\u00e9alit\u00e9 virtuelle d\u00e9velopp\u00e9 par Facebook. Notez que la nouvelle appellation ne concernerait pas le r\u00e9seau social Facebook mais l\u2018entit\u00e9 qui regroupe toutes les activit\u00e9s du groupe californien. Pour m\u00e9moire, Facebook a d\u00e9j\u00e0 chang\u00e9 de nom depuis sa cr\u00e9ation en f\u00e9vrier 2004. Aux origines, la plateforme s'appelait \u201cThe Facebook\u201d.<\/p>\n<div class='share-to-whatsapp-wrapper'><div class='share-on-whsp'>PARTAGER SUR : <\/div><a data-text='PETITE REVOLUTION SUR LE NET - Facebook va changer de nom' data-link='https:\/\/www.nettali.com\/2021\/10\/20\/facebook-va-changer-de-nom\/' class='whatsapp-button whatsapp-share'>WhatsApp<\/a><div class='clear '><\/div><\/div>","protected":false},"excerpt":{"rendered":"<p>NETTALI.COM - Facebook pr\u00e9voit de changer de nom d'ici quelques jours. Ce changement vise \u00e0 refl\u00e9ter les ambitions du groupe avec le M\u00e9taverse, l'univers num\u00e9rique en r\u00e9alit\u00e9 virtuelle qui promet de devenir l'Internet de demain, rapporte Phonandroid. Selon The Verge, Mark Zuckerberg, PDG de Facebook, annoncera le changement de nom d\u00e8s le 28 octobre 2021. [&hellip;]<\/p>\n","protected":false},"author":4,"featured_media":38221,"comment_status":"open","ping_status":"open","sticky":false,"template":"","format":"standard","meta":{"_et_pb_use_builder":"","_et_pb_old_content":""},"categories":[3],"tags":[],"yoast_head":"<!-- This site is optimized with the Yoast SEO Premium plugin v17.8 (Yoast SEO v17.8) - https:\/\/yoast.com\/wordpress\/plugins\/seo\/ -->\n<title>PETITE REVOLUTION SUR LE NET - Facebook va changer de nom | Nettali.com<\/title>\n<meta name=\"robots\" content=\"index, follow, max-snippet:-1, max-image-preview:large, max-video-preview:-1\" \/>\n<link rel=\"canonical\" href=\"https:\/\/www.nettali.com\/2021\/10\/20\/facebook-va-changer-de-nom\/\" \/>\n<meta property=\"og:locale\" content=\"fr_FR\" \/>\n<meta property=\"og:type\" content=\"article\" \/>\n<meta property=\"og:title\" content=\"PETITE REVOLUTION SUR LE NET - Facebook va changer de nom\" \/>\n<meta property=\"og:description\" content=\"NETTALI.COM - Facebook pr\u00e9voit de changer de nom d&#039;ici quelques jours. Ce changement vise \u00e0 refl\u00e9ter les ambitions du groupe avec le M\u00e9taverse, l&#039;univers num\u00e9rique en r\u00e9alit\u00e9 virtuelle qui promet de devenir l&#039;Internet de demain, rapporte Phonandroid. Selon The Verge, Mark Zuckerberg, PDG de Facebook, annoncera le changement de nom d\u00e8s le 28 octobre 2021. [&hellip;]\" \/>\n<meta property=\"og:url\" content=\"https:\/\/www.nettali.com\/2021\/10\/20\/facebook-va-changer-de-nom\/\" \/>\n<meta property=\"og:site_name\" content=\"Nettali.com\" \/>\n<meta property=\"article:publisher\" content=\"https:\/\/www.facebook.com\/nettalicom\" \/>\n<meta property=\"article:published_time\" content=\"2021-10-20T13:34:24+00:00\" \/>\n<meta property=\"article:modified_time\" content=\"2021-10-20T13:49:00+00:00\" \/>\n<meta property=\"og:image\" content=\"https:\/\/www.nettali.com\/wp-content\/uploads\/2020\/06\/facebook.jpg\" \/>\n\t<meta property=\"og:image:width\" content=\"660\" \/>\n\t<meta property=\"og:image:height\" content=\"281\" \/>\n<meta name=\"twitter:card\" content=\"summary_large_image\" \/>\n<meta name=\"twitter:label1\" content=\"\u00c9crit par\" \/>\n\t<meta name=\"twitter:data1\" content=\"Daouda\" \/>\n\t<meta name=\"twitter:label2\" content=\"Dur\u00e9e de lecture estim\u00e9e\" \/>\n\t<meta name=\"twitter:data2\" content=\"2 minutes\" \/>\n<script type=\"application\/ld+json\" class=\"yoast-schema-graph\">{\"@context\":\"https:\/\/schema.org\",\"@graph\":[{\"@type\":\"WebSite\",\"@id\":\"https:\/\/www.nettali.com\/#website\",\"url\":\"https:\/\/www.nettali.com\/\",\"name\":\"Nettali.com\",\"description\":\"Le rendez-vous critique du Net\",\"potentialAction\":[{\"@type\":\"SearchAction\",\"target\":{\"@type\":\"EntryPoint\",\"urlTemplate\":\"https:\/\/www.nettali.com\/?s={search_term_string}\"},\"query-input\":\"required name=search_term_string\"}],\"inLanguage\":\"fr-FR\"},{\"@type\":\"ImageObject\",\"@id\":\"https:\/\/www.nettali.com\/2021\/10\/20\/facebook-va-changer-de-nom\/#primaryimage\",\"inLanguage\":\"fr-FR\",\"url\":\"https:\/\/www.nettali.com\/wp-content\/uploads\/2020\/06\/facebook.jpg\",\"contentUrl\":\"https:\/\/www.nettali.com\/wp-content\/uploads\/2020\/06\/facebook.jpg\",\"width\":660,\"height\":281},{\"@type\":\"WebPage\",\"@id\":\"https:\/\/www.nettali.com\/2021\/10\/20\/facebook-va-changer-de-nom\/#webpage\",\"url\":\"https:\/\/www.nettali.com\/2021\/10\/20\/facebook-va-changer-de-nom\/\",\"name\":\"PETITE REVOLUTION SUR LE NET - Facebook va changer de nom | Nettali.com\",\"isPartOf\":{\"@id\":\"https:\/\/www.nettali.com\/#website\"},\"primaryImageOfPage\":{\"@id\":\"https:\/\/www.nettali.com\/2021\/10\/20\/facebook-va-changer-de-nom\/#primaryimage\"},\"datePublished\":\"2021-10-20T13:34:24+00:00\",\"dateModified\":\"2021-10-20T13:49:00+00:00\",\"author\":{\"@id\":\"https:\/\/www.nettali.com\/#\/schema\/person\/3317e0bb3aa1da309fbf7b2780901bf4\"},\"breadcrumb\":{\"@id\":\"https:\/\/www.nettali.com\/2021\/10\/20\/facebook-va-changer-de-nom\/#breadcrumb\"},\"inLanguage\":\"fr-FR\",\"potentialAction\":[{\"@type\":\"ReadAction\",\"target\":[\"https:\/\/www.nettali.com\/2021\/10\/20\/facebook-va-changer-de-nom\/\"]}]},{\"@type\":\"BreadcrumbList\",\"@id\":\"https:\/\/www.nettali.com\/2021\/10\/20\/facebook-va-changer-de-nom\/#breadcrumb\",\"itemListElement\":[{\"@type\":\"ListItem\",\"position\":1,\"name\":\"Accueil\",\"item\":\"https:\/\/www.nettali.com\/\"},{\"@type\":\"ListItem\",\"position\":2,\"name\":\"PETITE REVOLUTION SUR LE NET &#8211; Facebook va changer de nom\"}]},{\"@type\":\"Person\",\"@id\":\"https:\/\/www.nettali.com\/#\/schema\/person\/3317e0bb3aa1da309fbf7b2780901bf4\",\"name\":\"Daouda\",\"image\":{\"@type\":\"ImageObject\",\"@id\":\"https:\/\/www.nettali.com\/#personlogo\",\"inLanguage\":\"fr-FR\",\"url\":\"https:\/\/secure.gravatar.com\/avatar\/8d143b5a49345098ddcfee1c49c2f47c?s=96&d=mm&r=g\",\"contentUrl\":\"https:\/\/secure.gravatar.com\/avatar\/8d143b5a49345098ddcfee1c49c2f47c?s=96&d=mm&r=g\",\"caption\":\"Daouda\"},\"sameAs\":[\"https:\/\/www.nettali.com\"]}]}<\/script>\n<!-- \/ Yoast SEO Premium plugin. -->","yoast_head_json":{"title":"PETITE REVOLUTION SUR LE NET - Facebook va changer de nom | Nettali.com","robots":{"index":"index","follow":"follow","max-snippet":"max-snippet:-1","max-image-preview":"max-image-preview:large","max-video-preview":"max-video-preview:-1"},"canonical":"https:\/\/www.nettali.com\/2021\/10\/20\/facebook-va-changer-de-nom\/","og_locale":"fr_FR","og_type":"article","og_title":"PETITE REVOLUTION SUR LE NET - Facebook va changer de nom","og_description":"NETTALI.COM - Facebook pr\u00e9voit de changer de nom d'ici quelques jours. Ce changement vise \u00e0 refl\u00e9ter les ambitions du groupe avec le M\u00e9taverse, l'univers num\u00e9rique en r\u00e9alit\u00e9 virtuelle qui promet de devenir l'Internet de demain, rapporte Phonandroid. Selon The Verge, Mark Zuckerberg, PDG de Facebook, annoncera le changement de nom d\u00e8s le 28 octobre 2021. [&hellip;]","og_url":"https:\/\/www.nettali.com\/2021\/10\/20\/facebook-va-changer-de-nom\/","og_site_name":"Nettali.com","article_publisher":"https:\/\/www.facebook.com\/nettalicom","article_published_time":"2021-10-20T13:34:24+00:00","article_modified_time":"2021-10-20T13:49:00+00:00","og_image":[{"width":660,"height":281,"url":"https:\/\/www.nettali.com\/wp-content\/uploads\/2020\/06\/facebook.jpg","type":"image\/jpeg"}],"twitter_card":"summary_large_image","twitter_misc":{"\u00c9crit par":"Daouda","Dur\u00e9e de lecture estim\u00e9e":"2 minutes"},"schema":{"@context":"https:\/\/schema.org","@graph":[{"@type":"WebSite","@id":"https:\/\/www.nettali.com\/#website","url":"https:\/\/www.nettali.com\/","name":"Nettali.com","description":"Le rendez-vous critique du Net","potentialAction":[{"@type":"SearchAction","target":{"@type":"EntryPoint","urlTemplate":"https:\/\/www.nettali.com\/?s={search_term_string}"},"query-input":"required name=search_term_string"}],"inLanguage":"fr-FR"},{"@type":"ImageObject","@id":"https:\/\/www.nettali.com\/2021\/10\/20\/facebook-va-changer-de-nom\/#primaryimage","inLanguage":"fr-FR","url":"https:\/\/www.nettali.com\/wp-content\/uploads\/2020\/06\/facebook.jpg","contentUrl":"https:\/\/www.nettali.com\/wp-content\/uploads\/2020\/06\/facebook.jpg","width":660,"height":281},{"@type":"WebPage","@id":"https:\/\/www.nettali.com\/2021\/10\/20\/facebook-va-changer-de-nom\/#webpage","url":"https:\/\/www.nettali.com\/2021\/10\/20\/facebook-va-changer-de-nom\/","name":"PETITE REVOLUTION SUR LE NET - Facebook va changer de nom | Nettali.com","isPartOf":{"@id":"https:\/\/www.nettali.com\/#website"},"primaryImageOfPage":{"@id":"https:\/\/www.nettali.com\/2021\/10\/20\/facebook-va-changer-de-nom\/#primaryimage"},"datePublished":"2021-10-20T13:34:24+00:00","dateModified":"2021-10-20T13:49:00+00:00","author":{"@id":"https:\/\/www.nettali.com\/#\/schema\/person\/3317e0bb3aa1da309fbf7b2780901bf4"},"breadcrumb":{"@id":"https:\/\/www.nettali.com\/2021\/10\/20\/facebook-va-changer-de-nom\/#breadcrumb"},"inLanguage":"fr-FR","potentialAction":[{"@type":"ReadAction","target":["https:\/\/www.nettali.com\/2021\/10\/20\/facebook-va-changer-de-nom\/"]}]},{"@type":"BreadcrumbList","@id":"https:\/\/www.nettali.com\/2021\/10\/20\/facebook-va-changer-de-nom\/#breadcrumb","itemListElement":[{"@type":"ListItem","position":1,"name":"Accueil","item":"https:\/\/www.nettali.com\/"},{"@type":"ListItem","position":2,"name":"PETITE REVOLUTION SUR LE NET &#8211; Facebook va changer de nom"}]},{"@type":"Person","@id":"https:\/\/www.nettali.com\/#\/schema\/person\/3317e0bb3aa1da309fbf7b2780901bf4","name":"Daouda","image":{"@type":"ImageObject","@id":"https:\/\/www.nettali.com\/#personlogo","inLanguage":"fr-FR","url":"https:\/\/secure.gravatar.com\/avatar\/8d143b5a49345098ddcfee1c49c2f47c?s=96&d=mm&r=g","contentUrl":"https:\/\/secure.gravatar.com\/avatar\/8d143b5a49345098ddcfee1c49c2f47c?s=96&d=mm&r=g","caption":"Daouda"},"sameAs":["https:\/\/www.nettali.com"]}]}},"_links":{"self":[{"href":"https:\/\/www.nettali.com\/rest\/wp\/v2\/posts\/74079"}],"collection":[{"href":"https:\/\/www.nettali.com\/rest\/wp\/v2\/posts"}],"about":[{"href":"https:\/\/www.nettali.com\/rest\/wp\/v2\/types\/post"}],"author":[{"embeddable":true,"href":"https:\/\/www.nettali.com\/rest\/wp\/v2\/users\/4"}],"replies":[{"embeddable":true,"href":"https:\/\/www.nettali.com\/rest\/wp\/v2\/comments?post=74079"}],"version-history":[{"count":4,"href":"https:\/\/www.nettali.com\/rest\/wp\/v2\/posts\/74079\/revisions"}],"predecessor-version":[{"id":74092,"href":"https:\/\/www.nettali.com\/rest\/wp\/v2\/posts\/74079\/revisions\/74092"}],"wp:featuredmedia":[{"embeddable":true,"href":"https:\/\/www.nettali.com\/rest\/wp\/v2\/media\/38221"}],"wp:attachment":[{"href":"https:\/\/www.nettali.com\/rest\/wp\/v2\/media?parent=74079"}],"wp:term":[{"taxonomy":"category","embeddable":true,"href":"https:\/\/www.nettali.com\/rest\/wp\/v2\/categories?post=74079"},{"taxonomy":"post_tag","embeddable":true,"href":"https:\/\/www.nettali.com\/rest\/wp\/v2\/tags?post=74079"}],"curies":[{"name":"wp","href":"https:\/\/api.w.org\/{rel}","templated":true}]}}