{"id":74058,"date":"2021-10-20T10:02:31","date_gmt":"2021-10-20T10:02:31","guid":{"rendered":"https:\/\/www.nettali.com\/?p=74058"},"modified":"2021-10-20T10:03:05","modified_gmt":"2021-10-20T10:03:05","slug":"presidentielle-de-2025-en-cote-divoire-gbabgo-nexclut-pas-de-se-presenter","status":"publish","type":"post","link":"https:\/\/www.nettali.com\/2021\/10\/20\/presidentielle-de-2025-en-cote-divoire-gbabgo-nexclut-pas-de-se-presenter\/","title":{"rendered":"PRESIDENTIELLE DE 2025 EN COTE D'IVOIRE - Gbabgo n\u2019exclut pas de se pr\u00e9senter"},"content":{"rendered":"<p><strong>NETTALI.COM - Dans une interview exclusive accord\u00e9e \u00e0\u00a0France 24,\u00a0l\u2019ancien pr\u00e9sident ivoirien Laurent Gbagbo, \u00e2g\u00e9 de 76 ans, revient sur la cr\u00e9ation de son nouveau parti,\u00a0le Parti des peuples\u00a0africains-C\u00f4te d'Ivoire (PPA-CI), n\u00e9cessaire selon lui, car l'ancien, le FPI, \"avait perdu son identit\u00e9\". S'il affirme vouloir se d\u00e9sengager de la politique, il n\u2019exclut\u00a0pas de se repr\u00e9senter \u00e0 la pr\u00e9sidentielle pr\u00e9vue en 2025\u00a0et refuse net la proposition de limiter l\u2019\u00e2ge des candidatures \u00e0 la pr\u00e9sidentielle \u00e0 75 ans.<\/strong><\/p>\n<p>Laurent Gbagbo esp\u00e8re rencontrer \u00e0 nouveau rencontrer le pr\u00e9sident Ouattara et obtenir la lib\u00e9ration de tous les prisonniers de la crise de 2010. Et confirme avoir plaid\u00e9 aupr\u00e8s du pr\u00e9sident en faveur du retour au pays de Guillaume Soro. Il estime \u00e9galement qu'Alassane Ouattara a viol\u00e9 la Constitution en se pr\u00e9sentant pour un 3e mandat, et l\u2019appelle d\u00e9sormais \u00e0 jeter les bases d\u2019une vraie r\u00e9conciliation.<\/p>\n<p>\u00c9voquant Emmanuel Macron, Laurent Gbagbo s'est dit \u00e9tonn\u00e9 de sa pr\u00e9sence aux obs\u00e8ques de l\u2019ex-pr\u00e9sident tchadien Idriss D\u00e9by. Par ailleurs, il\u00a0juge \"surdimensionn\u00e9e\" la r\u00e9action de Paris \u00e0 la pr\u00e9sence militaire russe dans le pr\u00e9\u00a0carr\u00e9 fran\u00e7ais sur le continent. Pour lui, l'heure des bases militaires \u00e9trang\u00e8res en Afrique est r\u00e9volue.<\/p>\n<p>Enfin, l'ancien pr\u00e9sident ivoirien revient sur son arrestation en 2011, et accuse\u00a0Nicolas Sarkozy d\u2019avoir bombard\u00e9 sa r\u00e9sidence et de l\u2019avoir envoy\u00e9 devant la CPI.<\/p>\n<div class='share-to-whatsapp-wrapper'><div class='share-on-whsp'>PARTAGER SUR : <\/div><a data-text='PRESIDENTIELLE DE 2025 EN COTE D'IVOIRE - Gbabgo n\u2019exclut pas de se pr\u00e9senter' data-link='https:\/\/www.nettali.com\/2021\/10\/20\/presidentielle-de-2025-en-cote-divoire-gbabgo-nexclut-pas-de-se-presenter\/' class='whatsapp-button whatsapp-share'>WhatsApp<\/a><div class='clear '><\/div><\/div>","protected":false},"excerpt":{"rendered":"<p>NETTALI.COM - Dans une interview exclusive accord\u00e9e \u00e0\u00a0France 24,\u00a0l\u2019ancien pr\u00e9sident ivoirien Laurent Gbagbo, \u00e2g\u00e9 de 76 ans, revient sur la cr\u00e9ation de son nouveau parti,\u00a0le Parti des peuples\u00a0africains-C\u00f4te d'Ivoire (PPA-CI), n\u00e9cessaire selon lui, car l'ancien, le FPI, \"avait perdu son identit\u00e9\". S'il affirme vouloir se d\u00e9sengager de la politique, il n\u2019exclut\u00a0pas de se repr\u00e9senter \u00e0 [&hellip;]<\/p>\n","protected":false},"author":11,"featured_media":42232,"comment_status":"open","ping_status":"open","sticky":false,"template":"","format":"standard","meta":{"_et_pb_use_builder":"","_et_pb_old_content":""},"categories":[8],"tags":[],"yoast_head":"<!-- This site is optimized with the Yoast SEO Premium plugin v17.8 (Yoast SEO v17.8) - https:\/\/yoast.com\/wordpress\/plugins\/seo\/ -->\n<title>PRESIDENTIELLE DE 2025 EN COTE D&#039;IVOIRE - Gbabgo n\u2019exclut pas de se pr\u00e9senter | Nettali.com<\/title>\n<meta name=\"robots\" content=\"index, follow, max-snippet:-1, max-image-preview:large, max-video-preview:-1\" \/>\n<link rel=\"canonical\" href=\"https:\/\/www.nettali.com\/2021\/10\/20\/presidentielle-de-2025-en-cote-divoire-gbabgo-nexclut-pas-de-se-presenter\/\" \/>\n<meta property=\"og:locale\" content=\"fr_FR\" \/>\n<meta property=\"og:type\" content=\"article\" \/>\n<meta property=\"og:title\" content=\"PRESIDENTIELLE DE 2025 EN COTE D&#039;IVOIRE - Gbabgo n\u2019exclut pas de se pr\u00e9senter\" \/>\n<meta property=\"og:description\" content=\"NETTALI.COM - Dans une interview exclusive accord\u00e9e \u00e0\u00a0France 24,\u00a0l\u2019ancien pr\u00e9sident ivoirien Laurent Gbagbo, \u00e2g\u00e9 de 76 ans, revient sur la cr\u00e9ation de son nouveau parti,\u00a0le Parti des peuples\u00a0africains-C\u00f4te d&#039;Ivoire (PPA-CI), n\u00e9cessaire selon lui, car l&#039;ancien, le FPI, &quot;avait perdu son identit\u00e9&quot;. S&#039;il affirme vouloir se d\u00e9sengager de la politique, il n\u2019exclut\u00a0pas de se repr\u00e9senter \u00e0 [&hellip;]\" \/>\n<meta property=\"og:url\" content=\"https:\/\/www.nettali.com\/2021\/10\/20\/presidentielle-de-2025-en-cote-divoire-gbabgo-nexclut-pas-de-se-presenter\/\" \/>\n<meta property=\"og:site_name\" content=\"Nettali.com\" \/>\n<meta property=\"article:publisher\" content=\"https:\/\/www.facebook.com\/nettalicom\" \/>\n<meta property=\"article:published_time\" content=\"2021-10-20T10:02:31+00:00\" \/>\n<meta property=\"article:modified_time\" content=\"2021-10-20T10:03:05+00:00\" \/>\n<meta property=\"og:image\" content=\"https:\/\/www.nettali.com\/wp-content\/uploads\/2020\/07\/gbagbo.jpg\" \/>\n\t<meta property=\"og:image:width\" content=\"318\" \/>\n\t<meta property=\"og:image:height\" content=\"159\" \/>\n<meta name=\"twitter:card\" content=\"summary_large_image\" \/>\n<meta name=\"twitter:label1\" content=\"\u00c9crit par\" \/>\n\t<meta name=\"twitter:data1\" content=\"Thierno Diop\" \/>\n\t<meta name=\"twitter:label2\" content=\"Dur\u00e9e de lecture estim\u00e9e\" \/>\n\t<meta name=\"twitter:data2\" content=\"1 minute\" \/>\n<script type=\"application\/ld+json\" class=\"yoast-schema-graph\">{\"@context\":\"https:\/\/schema.org\",\"@graph\":[{\"@type\":\"WebSite\",\"@id\":\"https:\/\/www.nettali.com\/#website\",\"url\":\"https:\/\/www.nettali.com\/\",\"name\":\"Nettali.com\",\"description\":\"Le rendez-vous critique du Net\",\"potentialAction\":[{\"@type\":\"SearchAction\",\"target\":{\"@type\":\"EntryPoint\",\"urlTemplate\":\"https:\/\/www.nettali.com\/?s={search_term_string}\"},\"query-input\":\"required name=search_term_string\"}],\"inLanguage\":\"fr-FR\"},{\"@type\":\"ImageObject\",\"@id\":\"https:\/\/www.nettali.com\/2021\/10\/20\/presidentielle-de-2025-en-cote-divoire-gbabgo-nexclut-pas-de-se-presenter\/#primaryimage\",\"inLanguage\":\"fr-FR\",\"url\":\"https:\/\/www.nettali.com\/wp-content\/uploads\/2020\/07\/gbagbo.jpg\",\"contentUrl\":\"https:\/\/www.nettali.com\/wp-content\/uploads\/2020\/07\/gbagbo.jpg\",\"width\":318,\"height\":159},{\"@type\":\"WebPage\",\"@id\":\"https:\/\/www.nettali.com\/2021\/10\/20\/presidentielle-de-2025-en-cote-divoire-gbabgo-nexclut-pas-de-se-presenter\/#webpage\",\"url\":\"https:\/\/www.nettali.com\/2021\/10\/20\/presidentielle-de-2025-en-cote-divoire-gbabgo-nexclut-pas-de-se-presenter\/\",\"name\":\"PRESIDENTIELLE DE 2025 EN COTE D'IVOIRE - Gbabgo n\\u2019exclut pas de se pr\\u00e9senter | Nettali.com\",\"isPartOf\":{\"@id\":\"https:\/\/www.nettali.com\/#website\"},\"primaryImageOfPage\":{\"@id\":\"https:\/\/www.nettali.com\/2021\/10\/20\/presidentielle-de-2025-en-cote-divoire-gbabgo-nexclut-pas-de-se-presenter\/#primaryimage\"},\"datePublished\":\"2021-10-20T10:02:31+00:00\",\"dateModified\":\"2021-10-20T10:03:05+00:00\",\"author\":{\"@id\":\"https:\/\/www.nettali.com\/#\/schema\/person\/8a06c6bd7b19304cf4bf985862900b5b\"},\"breadcrumb\":{\"@id\":\"https:\/\/www.nettali.com\/2021\/10\/20\/presidentielle-de-2025-en-cote-divoire-gbabgo-nexclut-pas-de-se-presenter\/#breadcrumb\"},\"inLanguage\":\"fr-FR\",\"potentialAction\":[{\"@type\":\"ReadAction\",\"target\":[\"https:\/\/www.nettali.com\/2021\/10\/20\/presidentielle-de-2025-en-cote-divoire-gbabgo-nexclut-pas-de-se-presenter\/\"]}]},{\"@type\":\"BreadcrumbList\",\"@id\":\"https:\/\/www.nettali.com\/2021\/10\/20\/presidentielle-de-2025-en-cote-divoire-gbabgo-nexclut-pas-de-se-presenter\/#breadcrumb\",\"itemListElement\":[{\"@type\":\"ListItem\",\"position\":1,\"name\":\"Accueil\",\"item\":\"https:\/\/www.nettali.com\/\"},{\"@type\":\"ListItem\",\"position\":2,\"name\":\"PRESIDENTIELLE DE 2025 EN COTE D&rsquo;IVOIRE &#8211; Gbabgo n\\u2019exclut pas de se pr\\u00e9senter\"}]},{\"@type\":\"Person\",\"@id\":\"https:\/\/www.nettali.com\/#\/schema\/person\/8a06c6bd7b19304cf4bf985862900b5b\",\"name\":\"Thierno Diop\",\"image\":{\"@type\":\"ImageObject\",\"@id\":\"https:\/\/www.nettali.com\/#personlogo\",\"inLanguage\":\"fr-FR\",\"url\":\"https:\/\/secure.gravatar.com\/avatar\/c8ca58550c94fd2ac856d27391a6c866?s=96&d=mm&r=g\",\"contentUrl\":\"https:\/\/secure.gravatar.com\/avatar\/c8ca58550c94fd2ac856d27391a6c866?s=96&d=mm&r=g\",\"caption\":\"Thierno Diop\"},\"sameAs\":[\"https:\/\/nettali.com\"]}]}<\/script>\n<!-- \/ Yoast SEO Premium plugin. -->","yoast_head_json":{"title":"PRESIDENTIELLE DE 2025 EN COTE D'IVOIRE - Gbabgo n\u2019exclut pas de se pr\u00e9senter | Nettali.com","robots":{"index":"index","follow":"follow","max-snippet":"max-snippet:-1","max-image-preview":"max-image-preview:large","max-video-preview":"max-video-preview:-1"},"canonical":"https:\/\/www.nettali.com\/2021\/10\/20\/presidentielle-de-2025-en-cote-divoire-gbabgo-nexclut-pas-de-se-presenter\/","og_locale":"fr_FR","og_type":"article","og_title":"PRESIDENTIELLE DE 2025 EN COTE D'IVOIRE - Gbabgo n\u2019exclut pas de se pr\u00e9senter","og_description":"NETTALI.COM - Dans une interview exclusive accord\u00e9e \u00e0\u00a0France 24,\u00a0l\u2019ancien pr\u00e9sident ivoirien Laurent Gbagbo, \u00e2g\u00e9 de 76 ans, revient sur la cr\u00e9ation de son nouveau parti,\u00a0le Parti des peuples\u00a0africains-C\u00f4te d'Ivoire (PPA-CI), n\u00e9cessaire selon lui, car l'ancien, le FPI, \"avait perdu son identit\u00e9\". S'il affirme vouloir se d\u00e9sengager de la politique, il n\u2019exclut\u00a0pas de se repr\u00e9senter \u00e0 [&hellip;]","og_url":"https:\/\/www.nettali.com\/2021\/10\/20\/presidentielle-de-2025-en-cote-divoire-gbabgo-nexclut-pas-de-se-presenter\/","og_site_name":"Nettali.com","article_publisher":"https:\/\/www.facebook.com\/nettalicom","article_published_time":"2021-10-20T10:02:31+00:00","article_modified_time":"2021-10-20T10:03:05+00:00","og_image":[{"width":318,"height":159,"url":"https:\/\/www.nettali.com\/wp-content\/uploads\/2020\/07\/gbagbo.jpg","type":"image\/jpeg"}],"twitter_card":"summary_large_image","twitter_misc":{"\u00c9crit par":"Thierno Diop","Dur\u00e9e de lecture estim\u00e9e":"1 minute"},"schema":{"@context":"https:\/\/schema.org","@graph":[{"@type":"WebSite","@id":"https:\/\/www.nettali.com\/#website","url":"https:\/\/www.nettali.com\/","name":"Nettali.com","description":"Le rendez-vous critique du Net","potentialAction":[{"@type":"SearchAction","target":{"@type":"EntryPoint","urlTemplate":"https:\/\/www.nettali.com\/?s={search_term_string}"},"query-input":"required name=search_term_string"}],"inLanguage":"fr-FR"},{"@type":"ImageObject","@id":"https:\/\/www.nettali.com\/2021\/10\/20\/presidentielle-de-2025-en-cote-divoire-gbabgo-nexclut-pas-de-se-presenter\/#primaryimage","inLanguage":"fr-FR","url":"https:\/\/www.nettali.com\/wp-content\/uploads\/2020\/07\/gbagbo.jpg","contentUrl":"https:\/\/www.nettali.com\/wp-content\/uploads\/2020\/07\/gbagbo.jpg","width":318,"height":159},{"@type":"WebPage","@id":"https:\/\/www.nettali.com\/2021\/10\/20\/presidentielle-de-2025-en-cote-divoire-gbabgo-nexclut-pas-de-se-presenter\/#webpage","url":"https:\/\/www.nettali.com\/2021\/10\/20\/presidentielle-de-2025-en-cote-divoire-gbabgo-nexclut-pas-de-se-presenter\/","name":"PRESIDENTIELLE DE 2025 EN COTE D'IVOIRE - Gbabgo n\u2019exclut pas de se pr\u00e9senter | Nettali.com","isPartOf":{"@id":"https:\/\/www.nettali.com\/#website"},"primaryImageOfPage":{"@id":"https:\/\/www.nettali.com\/2021\/10\/20\/presidentielle-de-2025-en-cote-divoire-gbabgo-nexclut-pas-de-se-presenter\/#primaryimage"},"datePublished":"2021-10-20T10:02:31+00:00","dateModified":"2021-10-20T10:03:05+00:00","author":{"@id":"https:\/\/www.nettali.com\/#\/schema\/person\/8a06c6bd7b19304cf4bf985862900b5b"},"breadcrumb":{"@id":"https:\/\/www.nettali.com\/2021\/10\/20\/presidentielle-de-2025-en-cote-divoire-gbabgo-nexclut-pas-de-se-presenter\/#breadcrumb"},"inLanguage":"fr-FR","potentialAction":[{"@type":"ReadAction","target":["https:\/\/www.nettali.com\/2021\/10\/20\/presidentielle-de-2025-en-cote-divoire-gbabgo-nexclut-pas-de-se-presenter\/"]}]},{"@type":"BreadcrumbList","@id":"https:\/\/www.nettali.com\/2021\/10\/20\/presidentielle-de-2025-en-cote-divoire-gbabgo-nexclut-pas-de-se-presenter\/#breadcrumb","itemListElement":[{"@type":"ListItem","position":1,"name":"Accueil","item":"https:\/\/www.nettali.com\/"},{"@type":"ListItem","position":2,"name":"PRESIDENTIELLE DE 2025 EN COTE D&rsquo;IVOIRE &#8211; Gbabgo n\u2019exclut pas de se pr\u00e9senter"}]},{"@type":"Person","@id":"https:\/\/www.nettali.com\/#\/schema\/person\/8a06c6bd7b19304cf4bf985862900b5b","name":"Thierno Diop","image":{"@type":"ImageObject","@id":"https:\/\/www.nettali.com\/#personlogo","inLanguage":"fr-FR","url":"https:\/\/secure.gravatar.com\/avatar\/c8ca58550c94fd2ac856d27391a6c866?s=96&d=mm&r=g","contentUrl":"https:\/\/secure.gravatar.com\/avatar\/c8ca58550c94fd2ac856d27391a6c866?s=96&d=mm&r=g","caption":"Thierno Diop"},"sameAs":["https:\/\/nettali.com"]}]}},"_links":{"self":[{"href":"https:\/\/www.nettali.com\/rest\/wp\/v2\/posts\/74058"}],"collection":[{"href":"https:\/\/www.nettali.com\/rest\/wp\/v2\/posts"}],"about":[{"href":"https:\/\/www.nettali.com\/rest\/wp\/v2\/types\/post"}],"author":[{"embeddable":true,"href":"https:\/\/www.nettali.com\/rest\/wp\/v2\/users\/11"}],"replies":[{"embeddable":true,"href":"https:\/\/www.nettali.com\/rest\/wp\/v2\/comments?post=74058"}],"version-history":[{"count":2,"href":"https:\/\/www.nettali.com\/rest\/wp\/v2\/posts\/74058\/revisions"}],"predecessor-version":[{"id":74060,"href":"https:\/\/www.nettali.com\/rest\/wp\/v2\/posts\/74058\/revisions\/74060"}],"wp:featuredmedia":[{"embeddable":true,"href":"https:\/\/www.nettali.com\/rest\/wp\/v2\/media\/42232"}],"wp:attachment":[{"href":"https:\/\/www.nettali.com\/rest\/wp\/v2\/media?parent=74058"}],"wp:term":[{"taxonomy":"category","embeddable":true,"href":"https:\/\/www.nettali.com\/rest\/wp\/v2\/categories?post=74058"},{"taxonomy":"post_tag","embeddable":true,"href":"https:\/\/www.nettali.com\/rest\/wp\/v2\/tags?post=74058"}],"curies":[{"name":"wp","href":"https:\/\/api.w.org\/{rel}","templated":true}]}}