{"id":73993,"date":"2021-10-19T11:37:40","date_gmt":"2021-10-19T11:37:40","guid":{"rendered":"https:\/\/www.nettali.com\/?p=73993"},"modified":"2021-10-20T08:56:26","modified_gmt":"2021-10-20T08:56:26","slug":"coup-detat-en-guinee-ce-que-erdogan-ma-dit-a-propos-dalpha-conde","status":"publish","type":"post","link":"https:\/\/www.nettali.com\/2021\/10\/19\/coup-detat-en-guinee-ce-que-erdogan-ma-dit-a-propos-dalpha-conde\/","title":{"rendered":"COUP D'ETAT EN GUINEE : \"Ce que Erdogan m'a dit \u00e0 propos d'Alpha Cond\u00e9\""},"content":{"rendered":"<p class=\"summary_label\"><strong>NETTALI.COM -\u00a0 La r\u00e9v\u00e9lation est du Pr\u00e9sident Bissau guin\u00e9en, Umaro Sissoco Embal\u00f3. Il a expliqu\u00e9 \u00e0 nos confr\u00e8res de France24 les coulisses des tractations pour l\u2019exfiltration de Alpha Cond\u00e9 de la Guin\u00e9e suite au coup d'Etat du Colonel Mamady Doumbouya. Le pr\u00e9sident turc, Erdogan, \u00e9tait au coeur de l'affaire.<\/strong><\/p>\n<div id=\"printable\" class=\"text_body\">\n<p>\u00ab<em>Le coup d\u2019Etat en Guin\u00e9e Conackry, c\u2019\u00e9tait pr\u00e9visible. Le pr\u00e9sident Cond\u00e9, son \u00e2ge n\u2019a pas jou\u00e9 en sa faveur. Et son temp\u00e9rament aussi. Il s\u2019\u00e9tait fait trop d\u2019ennemis et trop peu d\u2019amis (\u2026). Le pr\u00e9sident Sassou Nguesso a \u00e9t\u00e9 parmi les premiers \u00e0 dire qu\u2019il pouvait prendre Alpha Cond\u00e9. Moi j\u2019ai transmis le message. Il a parl\u00e9 avec beaucoup de chefs d\u2019Etat de la sous-r\u00e9gion. <\/em><em>Le pr\u00e9sident Sassou, c\u2019est un ami de Alpha de longue date. Moi, il m\u2019a toujours interdit de parler d'Alpha, d\u2019attaquer Alpha. Et depuis ce jour l\u00e0, je n\u2019ai plus jamais parl\u00e9 d'Alpha Cond\u00e9. \u00a0C\u2019est quelqu\u2019un que je consid\u00e8re comme mon propre p\u00e8re<\/em>\", d\u00e9clare le pr\u00e9sident Bissau Guin\u00e9en.<\/p>\n<p>Et celui-ci d'ajouter qu'il fait partie des premiers \u00e0 appeler Doumbouya pour \u00e9pargner Alpha.<em> \"Erdogan (le pr\u00e9sident de la Turquie : Ndlr) m\u2019avait appel\u00e9. Beaucoup de chefs d\u2019Etat m\u2019ont appel\u00e9. Je ne connaissais pas Doumbouya, mais j\u2019ai cherch\u00e9 son num\u00e9ro. Je lui ai dit, \u2018\u2018mon fr\u00e8re, il faut tenir en compte l\u2019\u00e2ge d'Alpha et l\u2019\u00e9pargner. Il ne faut pas l\u2019humilier. Erdogan m\u2019avait dit qu\u2019il pouvait prendre Alpha pour raison humanitaire, pour voir son m\u00e9decin parce qu\u2019il a son m\u00e9decin l\u00e0-bas (en Turquie). Je n\u2019ai fait que transmettre le message. Je pense qu\u2019ils sont en contact maintenant\u00bb,<\/em> r\u00e9v\u00e8le-t-il.<\/p>\n<\/div>\n<div class='share-to-whatsapp-wrapper'><div class='share-on-whsp'>PARTAGER SUR : <\/div><a data-text='COUP D'ETAT EN GUINEE : \"Ce que Erdogan m'a dit \u00e0 propos d'Alpha Cond\u00e9\"' data-link='https:\/\/www.nettali.com\/2021\/10\/19\/coup-detat-en-guinee-ce-que-erdogan-ma-dit-a-propos-dalpha-conde\/' class='whatsapp-button whatsapp-share'>WhatsApp<\/a><div class='clear '><\/div><\/div>","protected":false},"excerpt":{"rendered":"<p>NETTALI.COM -\u00a0 La r\u00e9v\u00e9lation est du Pr\u00e9sident Bissau guin\u00e9en, Umaro Sissoco Embal\u00f3. Il a expliqu\u00e9 \u00e0 nos confr\u00e8res de France24 les coulisses des tractations pour l\u2019exfiltration de Alpha Cond\u00e9 de la Guin\u00e9e suite au coup d'Etat du Colonel Mamady Doumbouya. Le pr\u00e9sident turc, Erdogan, \u00e9tait au coeur de l'affaire. \u00abLe coup d\u2019Etat en Guin\u00e9e Conackry, [&hellip;]<\/p>\n","protected":false},"author":4,"featured_media":73994,"comment_status":"open","ping_status":"open","sticky":false,"template":"","format":"standard","meta":{"_et_pb_use_builder":"","_et_pb_old_content":""},"categories":[3],"tags":[],"yoast_head":"<!-- This site is optimized with the Yoast SEO Premium plugin v17.8 (Yoast SEO v17.8) - https:\/\/yoast.com\/wordpress\/plugins\/seo\/ -->\n<title>COUP D&#039;ETAT EN GUINEE : &quot;Ce que Erdogan m&#039;a dit \u00e0 propos d&#039;Alpha Cond\u00e9&quot; | Nettali.com<\/title>\n<meta name=\"robots\" content=\"index, follow, max-snippet:-1, max-image-preview:large, max-video-preview:-1\" \/>\n<link rel=\"canonical\" href=\"https:\/\/www.nettali.com\/2021\/10\/19\/coup-detat-en-guinee-ce-que-erdogan-ma-dit-a-propos-dalpha-conde\/\" \/>\n<meta property=\"og:locale\" content=\"fr_FR\" \/>\n<meta property=\"og:type\" content=\"article\" \/>\n<meta property=\"og:title\" content=\"COUP D&#039;ETAT EN GUINEE : &quot;Ce que Erdogan m&#039;a dit \u00e0 propos d&#039;Alpha Cond\u00e9&quot;\" \/>\n<meta property=\"og:description\" content=\"NETTALI.COM -\u00a0 La r\u00e9v\u00e9lation est du Pr\u00e9sident Bissau guin\u00e9en, Umaro Sissoco Embal\u00f3. Il a expliqu\u00e9 \u00e0 nos confr\u00e8res de France24 les coulisses des tractations pour l\u2019exfiltration de Alpha Cond\u00e9 de la Guin\u00e9e suite au coup d&#039;Etat du Colonel Mamady Doumbouya. Le pr\u00e9sident turc, Erdogan, \u00e9tait au coeur de l&#039;affaire. \u00abLe coup d\u2019Etat en Guin\u00e9e Conackry, [&hellip;]\" \/>\n<meta property=\"og:url\" content=\"https:\/\/www.nettali.com\/2021\/10\/19\/coup-detat-en-guinee-ce-que-erdogan-ma-dit-a-propos-dalpha-conde\/\" \/>\n<meta property=\"og:site_name\" content=\"Nettali.com\" \/>\n<meta property=\"article:publisher\" content=\"https:\/\/www.facebook.com\/nettalicom\" \/>\n<meta property=\"article:published_time\" content=\"2021-10-19T11:37:40+00:00\" \/>\n<meta property=\"article:modified_time\" content=\"2021-10-20T08:56:26+00:00\" \/>\n<meta property=\"og:image\" content=\"https:\/\/www.nettali.com\/wp-content\/uploads\/2021\/10\/Erdogan.jpeg\" \/>\n\t<meta property=\"og:image:width\" content=\"425\" \/>\n\t<meta property=\"og:image:height\" content=\"283\" \/>\n<meta name=\"twitter:card\" content=\"summary_large_image\" \/>\n<meta name=\"twitter:label1\" content=\"\u00c9crit par\" \/>\n\t<meta name=\"twitter:data1\" content=\"Daouda\" \/>\n\t<meta name=\"twitter:label2\" content=\"Dur\u00e9e de lecture estim\u00e9e\" \/>\n\t<meta name=\"twitter:data2\" content=\"2 minutes\" \/>\n<script type=\"application\/ld+json\" class=\"yoast-schema-graph\">{\"@context\":\"https:\/\/schema.org\",\"@graph\":[{\"@type\":\"WebSite\",\"@id\":\"https:\/\/www.nettali.com\/#website\",\"url\":\"https:\/\/www.nettali.com\/\",\"name\":\"Nettali.com\",\"description\":\"Le rendez-vous critique du Net\",\"potentialAction\":[{\"@type\":\"SearchAction\",\"target\":{\"@type\":\"EntryPoint\",\"urlTemplate\":\"https:\/\/www.nettali.com\/?s={search_term_string}\"},\"query-input\":\"required name=search_term_string\"}],\"inLanguage\":\"fr-FR\"},{\"@type\":\"ImageObject\",\"@id\":\"https:\/\/www.nettali.com\/2021\/10\/19\/coup-detat-en-guinee-ce-que-erdogan-ma-dit-a-propos-dalpha-conde\/#primaryimage\",\"inLanguage\":\"fr-FR\",\"url\":\"https:\/\/www.nettali.com\/wp-content\/uploads\/2021\/10\/Erdogan.jpeg\",\"contentUrl\":\"https:\/\/www.nettali.com\/wp-content\/uploads\/2021\/10\/Erdogan.jpeg\",\"width\":425,\"height\":283},{\"@type\":\"WebPage\",\"@id\":\"https:\/\/www.nettali.com\/2021\/10\/19\/coup-detat-en-guinee-ce-que-erdogan-ma-dit-a-propos-dalpha-conde\/#webpage\",\"url\":\"https:\/\/www.nettali.com\/2021\/10\/19\/coup-detat-en-guinee-ce-que-erdogan-ma-dit-a-propos-dalpha-conde\/\",\"name\":\"COUP D'ETAT EN GUINEE : \\\"Ce que Erdogan m'a dit \\u00e0 propos d'Alpha Cond\\u00e9\\\" | Nettali.com\",\"isPartOf\":{\"@id\":\"https:\/\/www.nettali.com\/#website\"},\"primaryImageOfPage\":{\"@id\":\"https:\/\/www.nettali.com\/2021\/10\/19\/coup-detat-en-guinee-ce-que-erdogan-ma-dit-a-propos-dalpha-conde\/#primaryimage\"},\"datePublished\":\"2021-10-19T11:37:40+00:00\",\"dateModified\":\"2021-10-20T08:56:26+00:00\",\"author\":{\"@id\":\"https:\/\/www.nettali.com\/#\/schema\/person\/3317e0bb3aa1da309fbf7b2780901bf4\"},\"breadcrumb\":{\"@id\":\"https:\/\/www.nettali.com\/2021\/10\/19\/coup-detat-en-guinee-ce-que-erdogan-ma-dit-a-propos-dalpha-conde\/#breadcrumb\"},\"inLanguage\":\"fr-FR\",\"potentialAction\":[{\"@type\":\"ReadAction\",\"target\":[\"https:\/\/www.nettali.com\/2021\/10\/19\/coup-detat-en-guinee-ce-que-erdogan-ma-dit-a-propos-dalpha-conde\/\"]}]},{\"@type\":\"BreadcrumbList\",\"@id\":\"https:\/\/www.nettali.com\/2021\/10\/19\/coup-detat-en-guinee-ce-que-erdogan-ma-dit-a-propos-dalpha-conde\/#breadcrumb\",\"itemListElement\":[{\"@type\":\"ListItem\",\"position\":1,\"name\":\"Accueil\",\"item\":\"https:\/\/www.nettali.com\/\"},{\"@type\":\"ListItem\",\"position\":2,\"name\":\"COUP D&rsquo;ETAT EN GUINEE : \\u00ab\\u00a0Ce que Erdogan m&rsquo;a dit \\u00e0 propos d&rsquo;Alpha Cond\\u00e9\\u00a0\\u00bb\"}]},{\"@type\":\"Person\",\"@id\":\"https:\/\/www.nettali.com\/#\/schema\/person\/3317e0bb3aa1da309fbf7b2780901bf4\",\"name\":\"Daouda\",\"image\":{\"@type\":\"ImageObject\",\"@id\":\"https:\/\/www.nettali.com\/#personlogo\",\"inLanguage\":\"fr-FR\",\"url\":\"https:\/\/secure.gravatar.com\/avatar\/8d143b5a49345098ddcfee1c49c2f47c?s=96&d=mm&r=g\",\"contentUrl\":\"https:\/\/secure.gravatar.com\/avatar\/8d143b5a49345098ddcfee1c49c2f47c?s=96&d=mm&r=g\",\"caption\":\"Daouda\"},\"sameAs\":[\"https:\/\/www.nettali.com\"]}]}<\/script>\n<!-- \/ Yoast SEO Premium plugin. -->","yoast_head_json":{"title":"COUP D'ETAT EN GUINEE : \"Ce que Erdogan m'a dit \u00e0 propos d'Alpha Cond\u00e9\" | Nettali.com","robots":{"index":"index","follow":"follow","max-snippet":"max-snippet:-1","max-image-preview":"max-image-preview:large","max-video-preview":"max-video-preview:-1"},"canonical":"https:\/\/www.nettali.com\/2021\/10\/19\/coup-detat-en-guinee-ce-que-erdogan-ma-dit-a-propos-dalpha-conde\/","og_locale":"fr_FR","og_type":"article","og_title":"COUP D'ETAT EN GUINEE : \"Ce que Erdogan m'a dit \u00e0 propos d'Alpha Cond\u00e9\"","og_description":"NETTALI.COM -\u00a0 La r\u00e9v\u00e9lation est du Pr\u00e9sident Bissau guin\u00e9en, Umaro Sissoco Embal\u00f3. Il a expliqu\u00e9 \u00e0 nos confr\u00e8res de France24 les coulisses des tractations pour l\u2019exfiltration de Alpha Cond\u00e9 de la Guin\u00e9e suite au coup d'Etat du Colonel Mamady Doumbouya. Le pr\u00e9sident turc, Erdogan, \u00e9tait au coeur de l'affaire. \u00abLe coup d\u2019Etat en Guin\u00e9e Conackry, [&hellip;]","og_url":"https:\/\/www.nettali.com\/2021\/10\/19\/coup-detat-en-guinee-ce-que-erdogan-ma-dit-a-propos-dalpha-conde\/","og_site_name":"Nettali.com","article_publisher":"https:\/\/www.facebook.com\/nettalicom","article_published_time":"2021-10-19T11:37:40+00:00","article_modified_time":"2021-10-20T08:56:26+00:00","og_image":[{"width":425,"height":283,"url":"https:\/\/www.nettali.com\/wp-content\/uploads\/2021\/10\/Erdogan.jpeg","type":"image\/jpeg"}],"twitter_card":"summary_large_image","twitter_misc":{"\u00c9crit par":"Daouda","Dur\u00e9e de lecture estim\u00e9e":"2 minutes"},"schema":{"@context":"https:\/\/schema.org","@graph":[{"@type":"WebSite","@id":"https:\/\/www.nettali.com\/#website","url":"https:\/\/www.nettali.com\/","name":"Nettali.com","description":"Le rendez-vous critique du Net","potentialAction":[{"@type":"SearchAction","target":{"@type":"EntryPoint","urlTemplate":"https:\/\/www.nettali.com\/?s={search_term_string}"},"query-input":"required name=search_term_string"}],"inLanguage":"fr-FR"},{"@type":"ImageObject","@id":"https:\/\/www.nettali.com\/2021\/10\/19\/coup-detat-en-guinee-ce-que-erdogan-ma-dit-a-propos-dalpha-conde\/#primaryimage","inLanguage":"fr-FR","url":"https:\/\/www.nettali.com\/wp-content\/uploads\/2021\/10\/Erdogan.jpeg","contentUrl":"https:\/\/www.nettali.com\/wp-content\/uploads\/2021\/10\/Erdogan.jpeg","width":425,"height":283},{"@type":"WebPage","@id":"https:\/\/www.nettali.com\/2021\/10\/19\/coup-detat-en-guinee-ce-que-erdogan-ma-dit-a-propos-dalpha-conde\/#webpage","url":"https:\/\/www.nettali.com\/2021\/10\/19\/coup-detat-en-guinee-ce-que-erdogan-ma-dit-a-propos-dalpha-conde\/","name":"COUP D'ETAT EN GUINEE : \"Ce que Erdogan m'a dit \u00e0 propos d'Alpha Cond\u00e9\" | Nettali.com","isPartOf":{"@id":"https:\/\/www.nettali.com\/#website"},"primaryImageOfPage":{"@id":"https:\/\/www.nettali.com\/2021\/10\/19\/coup-detat-en-guinee-ce-que-erdogan-ma-dit-a-propos-dalpha-conde\/#primaryimage"},"datePublished":"2021-10-19T11:37:40+00:00","dateModified":"2021-10-20T08:56:26+00:00","author":{"@id":"https:\/\/www.nettali.com\/#\/schema\/person\/3317e0bb3aa1da309fbf7b2780901bf4"},"breadcrumb":{"@id":"https:\/\/www.nettali.com\/2021\/10\/19\/coup-detat-en-guinee-ce-que-erdogan-ma-dit-a-propos-dalpha-conde\/#breadcrumb"},"inLanguage":"fr-FR","potentialAction":[{"@type":"ReadAction","target":["https:\/\/www.nettali.com\/2021\/10\/19\/coup-detat-en-guinee-ce-que-erdogan-ma-dit-a-propos-dalpha-conde\/"]}]},{"@type":"BreadcrumbList","@id":"https:\/\/www.nettali.com\/2021\/10\/19\/coup-detat-en-guinee-ce-que-erdogan-ma-dit-a-propos-dalpha-conde\/#breadcrumb","itemListElement":[{"@type":"ListItem","position":1,"name":"Accueil","item":"https:\/\/www.nettali.com\/"},{"@type":"ListItem","position":2,"name":"COUP D&rsquo;ETAT EN GUINEE : \u00ab\u00a0Ce que Erdogan m&rsquo;a dit \u00e0 propos d&rsquo;Alpha Cond\u00e9\u00a0\u00bb"}]},{"@type":"Person","@id":"https:\/\/www.nettali.com\/#\/schema\/person\/3317e0bb3aa1da309fbf7b2780901bf4","name":"Daouda","image":{"@type":"ImageObject","@id":"https:\/\/www.nettali.com\/#personlogo","inLanguage":"fr-FR","url":"https:\/\/secure.gravatar.com\/avatar\/8d143b5a49345098ddcfee1c49c2f47c?s=96&d=mm&r=g","contentUrl":"https:\/\/secure.gravatar.com\/avatar\/8d143b5a49345098ddcfee1c49c2f47c?s=96&d=mm&r=g","caption":"Daouda"},"sameAs":["https:\/\/www.nettali.com"]}]}},"_links":{"self":[{"href":"https:\/\/www.nettali.com\/rest\/wp\/v2\/posts\/73993"}],"collection":[{"href":"https:\/\/www.nettali.com\/rest\/wp\/v2\/posts"}],"about":[{"href":"https:\/\/www.nettali.com\/rest\/wp\/v2\/types\/post"}],"author":[{"embeddable":true,"href":"https:\/\/www.nettali.com\/rest\/wp\/v2\/users\/4"}],"replies":[{"embeddable":true,"href":"https:\/\/www.nettali.com\/rest\/wp\/v2\/comments?post=73993"}],"version-history":[{"count":4,"href":"https:\/\/www.nettali.com\/rest\/wp\/v2\/posts\/73993\/revisions"}],"predecessor-version":[{"id":74017,"href":"https:\/\/www.nettali.com\/rest\/wp\/v2\/posts\/73993\/revisions\/74017"}],"wp:featuredmedia":[{"embeddable":true,"href":"https:\/\/www.nettali.com\/rest\/wp\/v2\/media\/73994"}],"wp:attachment":[{"href":"https:\/\/www.nettali.com\/rest\/wp\/v2\/media?parent=73993"}],"wp:term":[{"taxonomy":"category","embeddable":true,"href":"https:\/\/www.nettali.com\/rest\/wp\/v2\/categories?post=73993"},{"taxonomy":"post_tag","embeddable":true,"href":"https:\/\/www.nettali.com\/rest\/wp\/v2\/tags?post=73993"}],"curies":[{"name":"wp","href":"https:\/\/api.w.org\/{rel}","templated":true}]}}