{"id":73973,"date":"2021-10-18T13:29:16","date_gmt":"2021-10-18T13:29:16","guid":{"rendered":"https:\/\/www.nettali.com\/?p=73973"},"modified":"2021-10-18T13:29:16","modified_gmt":"2021-10-18T13:29:16","slug":"ballon-dor-diouf-juge-scandaleuse-labsence-dedouard-mendy","status":"publish","type":"post","link":"https:\/\/www.nettali.com\/2021\/10\/18\/ballon-dor-diouf-juge-scandaleuse-labsence-dedouard-mendy\/","title":{"rendered":"BALLON D'OR - Diouf juge \"scandaleuse\" l'absence d'Edouard Mendy"},"content":{"rendered":"<p><strong>NETTALI.COM\u00a0 - Que le gardien s\u00e9n\u00e9galais \u00c9douard Mendy soit absent de la liste des nomm\u00e9s du Ballon d'or est tout simplement scandaleux. C'est en tout cas ce que soutient l'ancien international s\u00e9n\u00e9galais El Hadji Diouf.<\/strong><\/p>\n<p>Actuellement au Cameroun pour une pr\u00e9sentation des infrastructures devant accueillir la prochaine Coupe d'Afrique des nations (Can), El Hadji Ousseynou Diouf s'est confi\u00e9 sur l'actualit\u00e9 du football mondial domin\u00e9 par la pol\u00e9mique sur la liste des 30 nomm\u00e9s du Ballon d'Or. Et le moins qu'on puisse dire, c'est le double Ballon d'Or africain ne comprend pas l'absence de son compatriote \u00c9douard Mendy.<\/p>\n<p>\"<em>C'est le meilleur gardien du monde et il ne fait pas partie des s\u00e9lectionn\u00e9s du Ballon d'Or alors que le gardien italien est dedans ! C\u2019est scandaleux. Si Chelsea a chang\u00e9, c\u2019est gr\u00e2ce \u00e0 deux personnes : Thomas Tuchel et \u00c9douard Mendy<\/em>\", a laiss\u00e9 entendre El Hadji Diouf. Qui a aussi dit son choix pour le Ballon d'Or. \"<em>Lionel Messi. Cela vous montre qu'une personne peut tenir un club comme Barcelone pendant des ann\u00e9es. Aujourd'hui, il est parti et vous voyez comment ils souffrent. Je pense que c\u2019est le meilleur joueur de<\/em> l\u2019histoire\", dit-il.<\/p>\n<p>En outre, El Hadji Ousseynou Diouf est revenu sur la pol\u00e9mique entre Andy Delort et la s\u00e9lection alg\u00e9rienne. L'attaquant de Nice a demand\u00e9 \u00e0 ne pas aller \u00e0 la prochaine Can. Ce qui a mis en col\u00e8re son s\u00e9lectionneur. \"<em>J\u2019ai un message pour Andy Delort : il peut arr\u00eater, c'est son choix. Mais avec une \u00e9quipe aussi flamboyante, ce n'est pas normal. Ils ont un groupe magnifique qui peut aller loin \u00e0 la Can. Pour moi, l'\u00e9quipe nationale est sacr\u00e9e ! On doit m\u00eame se donner plus avec son \u00e9quipe nationale qu'en club ! Car lorsque tu arr\u00eateras le football et quand tu rentreras chez toi, tu seras une l\u00e9gende \u00e0 vie<\/em>\", a conseill\u00e9 El Hadji Diouf.<\/p>\n<div class='share-to-whatsapp-wrapper'><div class='share-on-whsp'>PARTAGER SUR : <\/div><a data-text='BALLON D'OR - Diouf juge \"scandaleuse\" l'absence d'Edouard Mendy' data-link='https:\/\/www.nettali.com\/2021\/10\/18\/ballon-dor-diouf-juge-scandaleuse-labsence-dedouard-mendy\/' class='whatsapp-button whatsapp-share'>WhatsApp<\/a><div class='clear '><\/div><\/div>","protected":false},"excerpt":{"rendered":"<p>NETTALI.COM\u00a0 - Que le gardien s\u00e9n\u00e9galais \u00c9douard Mendy soit absent de la liste des nomm\u00e9s du Ballon d'or est tout simplement scandaleux. C'est en tout cas ce que soutient l'ancien international s\u00e9n\u00e9galais El Hadji Diouf. Actuellement au Cameroun pour une pr\u00e9sentation des infrastructures devant accueillir la prochaine Coupe d'Afrique des nations (Can), El Hadji Ousseynou [&hellip;]<\/p>\n","protected":false},"author":3,"featured_media":12509,"comment_status":"open","ping_status":"open","sticky":false,"template":"","format":"standard","meta":{"_et_pb_use_builder":"","_et_pb_old_content":""},"categories":[6],"tags":[],"yoast_head":"<!-- This site is optimized with the Yoast SEO Premium plugin v17.8 (Yoast SEO v17.8) - https:\/\/yoast.com\/wordpress\/plugins\/seo\/ -->\n<title>BALLON D&#039;OR - Diouf juge &quot;scandaleuse&quot; l&#039;absence d&#039;Edouard Mendy | Nettali.com<\/title>\n<meta name=\"robots\" content=\"index, follow, max-snippet:-1, max-image-preview:large, max-video-preview:-1\" \/>\n<link rel=\"canonical\" href=\"https:\/\/www.nettali.com\/2021\/10\/18\/ballon-dor-diouf-juge-scandaleuse-labsence-dedouard-mendy\/\" \/>\n<meta property=\"og:locale\" content=\"fr_FR\" \/>\n<meta property=\"og:type\" content=\"article\" \/>\n<meta property=\"og:title\" content=\"BALLON D&#039;OR - Diouf juge &quot;scandaleuse&quot; l&#039;absence d&#039;Edouard Mendy\" \/>\n<meta property=\"og:description\" content=\"NETTALI.COM\u00a0 - Que le gardien s\u00e9n\u00e9galais \u00c9douard Mendy soit absent de la liste des nomm\u00e9s du Ballon d&#039;or est tout simplement scandaleux. C&#039;est en tout cas ce que soutient l&#039;ancien international s\u00e9n\u00e9galais El Hadji Diouf. Actuellement au Cameroun pour une pr\u00e9sentation des infrastructures devant accueillir la prochaine Coupe d&#039;Afrique des nations (Can), El Hadji Ousseynou [&hellip;]\" \/>\n<meta property=\"og:url\" content=\"https:\/\/www.nettali.com\/2021\/10\/18\/ballon-dor-diouf-juge-scandaleuse-labsence-dedouard-mendy\/\" \/>\n<meta property=\"og:site_name\" content=\"Nettali.com\" \/>\n<meta property=\"article:publisher\" content=\"https:\/\/www.facebook.com\/nettalicom\" \/>\n<meta property=\"article:published_time\" content=\"2021-10-18T13:29:16+00:00\" \/>\n<meta property=\"og:image\" content=\"https:\/\/www.nettali.com\/wp-content\/uploads\/2019\/06\/video-el-hadji-diouf-on-peut-encore-aller-tres-loin-1303830.jpg\" \/>\n\t<meta property=\"og:image:width\" content=\"863\" \/>\n\t<meta property=\"og:image:height\" content=\"486\" \/>\n<meta name=\"twitter:card\" content=\"summary_large_image\" \/>\n<meta name=\"twitter:label1\" content=\"\u00c9crit par\" \/>\n\t<meta name=\"twitter:data1\" content=\"Moustapha\" \/>\n\t<meta name=\"twitter:label2\" content=\"Dur\u00e9e de lecture estim\u00e9e\" \/>\n\t<meta name=\"twitter:data2\" content=\"2 minutes\" \/>\n<script type=\"application\/ld+json\" class=\"yoast-schema-graph\">{\"@context\":\"https:\/\/schema.org\",\"@graph\":[{\"@type\":\"WebSite\",\"@id\":\"https:\/\/www.nettali.com\/#website\",\"url\":\"https:\/\/www.nettali.com\/\",\"name\":\"Nettali.com\",\"description\":\"Le rendez-vous critique du Net\",\"potentialAction\":[{\"@type\":\"SearchAction\",\"target\":{\"@type\":\"EntryPoint\",\"urlTemplate\":\"https:\/\/www.nettali.com\/?s={search_term_string}\"},\"query-input\":\"required name=search_term_string\"}],\"inLanguage\":\"fr-FR\"},{\"@type\":\"ImageObject\",\"@id\":\"https:\/\/www.nettali.com\/2021\/10\/18\/ballon-dor-diouf-juge-scandaleuse-labsence-dedouard-mendy\/#primaryimage\",\"inLanguage\":\"fr-FR\",\"url\":\"https:\/\/www.nettali.com\/wp-content\/uploads\/2019\/06\/video-el-hadji-diouf-on-peut-encore-aller-tres-loin-1303830.jpg\",\"contentUrl\":\"https:\/\/www.nettali.com\/wp-content\/uploads\/2019\/06\/video-el-hadji-diouf-on-peut-encore-aller-tres-loin-1303830.jpg\",\"width\":863,\"height\":486},{\"@type\":\"WebPage\",\"@id\":\"https:\/\/www.nettali.com\/2021\/10\/18\/ballon-dor-diouf-juge-scandaleuse-labsence-dedouard-mendy\/#webpage\",\"url\":\"https:\/\/www.nettali.com\/2021\/10\/18\/ballon-dor-diouf-juge-scandaleuse-labsence-dedouard-mendy\/\",\"name\":\"BALLON D'OR - Diouf juge \\\"scandaleuse\\\" l'absence d'Edouard Mendy | Nettali.com\",\"isPartOf\":{\"@id\":\"https:\/\/www.nettali.com\/#website\"},\"primaryImageOfPage\":{\"@id\":\"https:\/\/www.nettali.com\/2021\/10\/18\/ballon-dor-diouf-juge-scandaleuse-labsence-dedouard-mendy\/#primaryimage\"},\"datePublished\":\"2021-10-18T13:29:16+00:00\",\"dateModified\":\"2021-10-18T13:29:16+00:00\",\"author\":{\"@id\":\"https:\/\/www.nettali.com\/#\/schema\/person\/7962a12a6e0267f88f0ffa544c36469a\"},\"breadcrumb\":{\"@id\":\"https:\/\/www.nettali.com\/2021\/10\/18\/ballon-dor-diouf-juge-scandaleuse-labsence-dedouard-mendy\/#breadcrumb\"},\"inLanguage\":\"fr-FR\",\"potentialAction\":[{\"@type\":\"ReadAction\",\"target\":[\"https:\/\/www.nettali.com\/2021\/10\/18\/ballon-dor-diouf-juge-scandaleuse-labsence-dedouard-mendy\/\"]}]},{\"@type\":\"BreadcrumbList\",\"@id\":\"https:\/\/www.nettali.com\/2021\/10\/18\/ballon-dor-diouf-juge-scandaleuse-labsence-dedouard-mendy\/#breadcrumb\",\"itemListElement\":[{\"@type\":\"ListItem\",\"position\":1,\"name\":\"Accueil\",\"item\":\"https:\/\/www.nettali.com\/\"},{\"@type\":\"ListItem\",\"position\":2,\"name\":\"BALLON D&rsquo;OR &#8211; Diouf juge \\u00ab\\u00a0scandaleuse\\u00a0\\u00bb l&rsquo;absence d&rsquo;Edouard Mendy\"}]},{\"@type\":\"Person\",\"@id\":\"https:\/\/www.nettali.com\/#\/schema\/person\/7962a12a6e0267f88f0ffa544c36469a\",\"name\":\"Moustapha\",\"image\":{\"@type\":\"ImageObject\",\"@id\":\"https:\/\/www.nettali.com\/#personlogo\",\"inLanguage\":\"fr-FR\",\"url\":\"https:\/\/secure.gravatar.com\/avatar\/10fdf6a071cccdcf374e3dbe45159590?s=96&d=mm&r=g\",\"contentUrl\":\"https:\/\/secure.gravatar.com\/avatar\/10fdf6a071cccdcf374e3dbe45159590?s=96&d=mm&r=g\",\"caption\":\"Moustapha\"},\"sameAs\":[\"https:\/\/www.nettali.com\"]}]}<\/script>\n<!-- \/ Yoast SEO Premium plugin. -->","yoast_head_json":{"title":"BALLON D'OR - Diouf juge \"scandaleuse\" l'absence d'Edouard Mendy | Nettali.com","robots":{"index":"index","follow":"follow","max-snippet":"max-snippet:-1","max-image-preview":"max-image-preview:large","max-video-preview":"max-video-preview:-1"},"canonical":"https:\/\/www.nettali.com\/2021\/10\/18\/ballon-dor-diouf-juge-scandaleuse-labsence-dedouard-mendy\/","og_locale":"fr_FR","og_type":"article","og_title":"BALLON D'OR - Diouf juge \"scandaleuse\" l'absence d'Edouard Mendy","og_description":"NETTALI.COM\u00a0 - Que le gardien s\u00e9n\u00e9galais \u00c9douard Mendy soit absent de la liste des nomm\u00e9s du Ballon d'or est tout simplement scandaleux. C'est en tout cas ce que soutient l'ancien international s\u00e9n\u00e9galais El Hadji Diouf. Actuellement au Cameroun pour une pr\u00e9sentation des infrastructures devant accueillir la prochaine Coupe d'Afrique des nations (Can), El Hadji Ousseynou [&hellip;]","og_url":"https:\/\/www.nettali.com\/2021\/10\/18\/ballon-dor-diouf-juge-scandaleuse-labsence-dedouard-mendy\/","og_site_name":"Nettali.com","article_publisher":"https:\/\/www.facebook.com\/nettalicom","article_published_time":"2021-10-18T13:29:16+00:00","og_image":[{"width":863,"height":486,"url":"https:\/\/www.nettali.com\/wp-content\/uploads\/2019\/06\/video-el-hadji-diouf-on-peut-encore-aller-tres-loin-1303830.jpg","type":"image\/jpeg"}],"twitter_card":"summary_large_image","twitter_misc":{"\u00c9crit par":"Moustapha","Dur\u00e9e de lecture estim\u00e9e":"2 minutes"},"schema":{"@context":"https:\/\/schema.org","@graph":[{"@type":"WebSite","@id":"https:\/\/www.nettali.com\/#website","url":"https:\/\/www.nettali.com\/","name":"Nettali.com","description":"Le rendez-vous critique du Net","potentialAction":[{"@type":"SearchAction","target":{"@type":"EntryPoint","urlTemplate":"https:\/\/www.nettali.com\/?s={search_term_string}"},"query-input":"required name=search_term_string"}],"inLanguage":"fr-FR"},{"@type":"ImageObject","@id":"https:\/\/www.nettali.com\/2021\/10\/18\/ballon-dor-diouf-juge-scandaleuse-labsence-dedouard-mendy\/#primaryimage","inLanguage":"fr-FR","url":"https:\/\/www.nettali.com\/wp-content\/uploads\/2019\/06\/video-el-hadji-diouf-on-peut-encore-aller-tres-loin-1303830.jpg","contentUrl":"https:\/\/www.nettali.com\/wp-content\/uploads\/2019\/06\/video-el-hadji-diouf-on-peut-encore-aller-tres-loin-1303830.jpg","width":863,"height":486},{"@type":"WebPage","@id":"https:\/\/www.nettali.com\/2021\/10\/18\/ballon-dor-diouf-juge-scandaleuse-labsence-dedouard-mendy\/#webpage","url":"https:\/\/www.nettali.com\/2021\/10\/18\/ballon-dor-diouf-juge-scandaleuse-labsence-dedouard-mendy\/","name":"BALLON D'OR - Diouf juge \"scandaleuse\" l'absence d'Edouard Mendy | Nettali.com","isPartOf":{"@id":"https:\/\/www.nettali.com\/#website"},"primaryImageOfPage":{"@id":"https:\/\/www.nettali.com\/2021\/10\/18\/ballon-dor-diouf-juge-scandaleuse-labsence-dedouard-mendy\/#primaryimage"},"datePublished":"2021-10-18T13:29:16+00:00","dateModified":"2021-10-18T13:29:16+00:00","author":{"@id":"https:\/\/www.nettali.com\/#\/schema\/person\/7962a12a6e0267f88f0ffa544c36469a"},"breadcrumb":{"@id":"https:\/\/www.nettali.com\/2021\/10\/18\/ballon-dor-diouf-juge-scandaleuse-labsence-dedouard-mendy\/#breadcrumb"},"inLanguage":"fr-FR","potentialAction":[{"@type":"ReadAction","target":["https:\/\/www.nettali.com\/2021\/10\/18\/ballon-dor-diouf-juge-scandaleuse-labsence-dedouard-mendy\/"]}]},{"@type":"BreadcrumbList","@id":"https:\/\/www.nettali.com\/2021\/10\/18\/ballon-dor-diouf-juge-scandaleuse-labsence-dedouard-mendy\/#breadcrumb","itemListElement":[{"@type":"ListItem","position":1,"name":"Accueil","item":"https:\/\/www.nettali.com\/"},{"@type":"ListItem","position":2,"name":"BALLON D&rsquo;OR &#8211; Diouf juge \u00ab\u00a0scandaleuse\u00a0\u00bb l&rsquo;absence d&rsquo;Edouard Mendy"}]},{"@type":"Person","@id":"https:\/\/www.nettali.com\/#\/schema\/person\/7962a12a6e0267f88f0ffa544c36469a","name":"Moustapha","image":{"@type":"ImageObject","@id":"https:\/\/www.nettali.com\/#personlogo","inLanguage":"fr-FR","url":"https:\/\/secure.gravatar.com\/avatar\/10fdf6a071cccdcf374e3dbe45159590?s=96&d=mm&r=g","contentUrl":"https:\/\/secure.gravatar.com\/avatar\/10fdf6a071cccdcf374e3dbe45159590?s=96&d=mm&r=g","caption":"Moustapha"},"sameAs":["https:\/\/www.nettali.com"]}]}},"_links":{"self":[{"href":"https:\/\/www.nettali.com\/rest\/wp\/v2\/posts\/73973"}],"collection":[{"href":"https:\/\/www.nettali.com\/rest\/wp\/v2\/posts"}],"about":[{"href":"https:\/\/www.nettali.com\/rest\/wp\/v2\/types\/post"}],"author":[{"embeddable":true,"href":"https:\/\/www.nettali.com\/rest\/wp\/v2\/users\/3"}],"replies":[{"embeddable":true,"href":"https:\/\/www.nettali.com\/rest\/wp\/v2\/comments?post=73973"}],"version-history":[{"count":1,"href":"https:\/\/www.nettali.com\/rest\/wp\/v2\/posts\/73973\/revisions"}],"predecessor-version":[{"id":73974,"href":"https:\/\/www.nettali.com\/rest\/wp\/v2\/posts\/73973\/revisions\/73974"}],"wp:featuredmedia":[{"embeddable":true,"href":"https:\/\/www.nettali.com\/rest\/wp\/v2\/media\/12509"}],"wp:attachment":[{"href":"https:\/\/www.nettali.com\/rest\/wp\/v2\/media?parent=73973"}],"wp:term":[{"taxonomy":"category","embeddable":true,"href":"https:\/\/www.nettali.com\/rest\/wp\/v2\/categories?post=73973"},{"taxonomy":"post_tag","embeddable":true,"href":"https:\/\/www.nettali.com\/rest\/wp\/v2\/tags?post=73973"}],"curies":[{"name":"wp","href":"https:\/\/api.w.org\/{rel}","templated":true}]}}