{"id":73964,"date":"2021-10-18T12:37:08","date_gmt":"2021-10-18T12:37:08","guid":{"rendered":"https:\/\/www.nettali.com\/?p=73964"},"modified":"2021-10-18T18:12:49","modified_gmt":"2021-10-18T18:12:49","slug":"justice-karim-wade-et-bibo-bourgi-obtiennent-gain-de-cause-a-monaco","status":"publish","type":"post","link":"https:\/\/www.nettali.com\/2021\/10\/18\/justice-karim-wade-et-bibo-bourgi-obtiennent-gain-de-cause-a-monaco\/","title":{"rendered":"JUSTICE - Karim Wade et Bibo Bourgi obtiennent gain de cause \u00e0 Monaco"},"content":{"rendered":"<p><strong>NETTALI.COM \u2013 Victoire d\u00e9cisive pour Karim Wade et Bibo Bourgi. Selon Jeune Afrique, la plus haute juridiction mon\u00e9gasque a d\u00e9bout\u00e9 d\u00e9finitivement l\u2019\u00c9tat s\u00e9n\u00e9galais.<\/strong><\/p>\n<p>Karim Wade et l\u2019homme d\u2019affaires Ibrahim Aboukhalil, alias Bibo Bourgi, viennent de remporter une bataille d\u00e9cisive devant la justice mon\u00e9gasque. \"Dans une d\u00e9cision, rendue le 14 octobre, la Cour de r\u00e9vision \u2013 la plus haute juridiction mon\u00e9gasque \u2013 a en effet d\u00e9bout\u00e9 d\u00e9finitivement l\u2019\u00c9tat s\u00e9n\u00e9galais de sa demande visant \u00e0 obtenir la saisie des sommes contenues sur leurs comptes bancaires log\u00e9s dans la principaut\u00e9\", informe Jeune Afrique.<\/p>\n<p>Depuis 2015, se pr\u00e9valant de l\u2019arr\u00eat rendu \u00e0 Dakar par la Cour de r\u00e9pression de l\u2019enrichissement illicite (CREI) contre Karim Wade et sept autres personnes condamn\u00e9es pour complicit\u00e9, l\u2019\u00c9tat s\u00e9n\u00e9galais s\u2019effor\u00e7ait de faire main basse sur les sommes d\u00e9pos\u00e9es sur une trentaine de comptes bancaires domicili\u00e9s \u00e0 Monaco, dans les livres de la banque Julius Baer. D\u00e8s 2013, \u00e0 l\u2019entame de la proc\u00e9dure s\u00e9n\u00e9galaise pour enrichissement illicite, le S\u00e9n\u00e9gal avait d\u2019ailleurs obtenu le gel provisoire desdits comptes au titre de l\u2019entraide p\u00e9nale internationale.<\/p>\n<div class='share-to-whatsapp-wrapper'><div class='share-on-whsp'>PARTAGER SUR : <\/div><a data-text='JUSTICE - Karim Wade et Bibo Bourgi obtiennent gain de cause \u00e0 Monaco' data-link='https:\/\/www.nettali.com\/2021\/10\/18\/justice-karim-wade-et-bibo-bourgi-obtiennent-gain-de-cause-a-monaco\/' class='whatsapp-button whatsapp-share'>WhatsApp<\/a><div class='clear '><\/div><\/div>","protected":false},"excerpt":{"rendered":"<p>NETTALI.COM \u2013 Victoire d\u00e9cisive pour Karim Wade et Bibo Bourgi. Selon Jeune Afrique, la plus haute juridiction mon\u00e9gasque a d\u00e9bout\u00e9 d\u00e9finitivement l\u2019\u00c9tat s\u00e9n\u00e9galais. Karim Wade et l\u2019homme d\u2019affaires Ibrahim Aboukhalil, alias Bibo Bourgi, viennent de remporter une bataille d\u00e9cisive devant la justice mon\u00e9gasque. \"Dans une d\u00e9cision, rendue le 14 octobre, la Cour de r\u00e9vision \u2013 [&hellip;]<\/p>\n","protected":false},"author":11,"featured_media":10491,"comment_status":"open","ping_status":"open","sticky":false,"template":"","format":"standard","meta":{"_et_pb_use_builder":"","_et_pb_old_content":""},"categories":[2],"tags":[],"yoast_head":"<!-- This site is optimized with the Yoast SEO Premium plugin v17.8 (Yoast SEO v17.8) - https:\/\/yoast.com\/wordpress\/plugins\/seo\/ -->\n<title>JUSTICE - Karim Wade et Bibo Bourgi obtiennent gain de cause \u00e0 Monaco | Nettali.com<\/title>\n<meta name=\"robots\" content=\"index, follow, max-snippet:-1, max-image-preview:large, max-video-preview:-1\" \/>\n<link rel=\"canonical\" href=\"https:\/\/www.nettali.com\/2021\/10\/18\/justice-karim-wade-et-bibo-bourgi-obtiennent-gain-de-cause-a-monaco\/\" \/>\n<meta property=\"og:locale\" content=\"fr_FR\" \/>\n<meta property=\"og:type\" content=\"article\" \/>\n<meta property=\"og:title\" content=\"JUSTICE - Karim Wade et Bibo Bourgi obtiennent gain de cause \u00e0 Monaco\" \/>\n<meta property=\"og:description\" content=\"NETTALI.COM \u2013 Victoire d\u00e9cisive pour Karim Wade et Bibo Bourgi. Selon Jeune Afrique, la plus haute juridiction mon\u00e9gasque a d\u00e9bout\u00e9 d\u00e9finitivement l\u2019\u00c9tat s\u00e9n\u00e9galais. Karim Wade et l\u2019homme d\u2019affaires Ibrahim Aboukhalil, alias Bibo Bourgi, viennent de remporter une bataille d\u00e9cisive devant la justice mon\u00e9gasque. &quot;Dans une d\u00e9cision, rendue le 14 octobre, la Cour de r\u00e9vision \u2013 [&hellip;]\" \/>\n<meta property=\"og:url\" content=\"https:\/\/www.nettali.com\/2021\/10\/18\/justice-karim-wade-et-bibo-bourgi-obtiennent-gain-de-cause-a-monaco\/\" \/>\n<meta property=\"og:site_name\" content=\"Nettali.com\" \/>\n<meta property=\"article:publisher\" content=\"https:\/\/www.facebook.com\/nettalicom\" \/>\n<meta property=\"article:published_time\" content=\"2021-10-18T12:37:08+00:00\" \/>\n<meta property=\"article:modified_time\" content=\"2021-10-18T18:12:49+00:00\" \/>\n<meta property=\"og:image\" content=\"https:\/\/www.nettali.com\/wp-content\/uploads\/2019\/05\/karim-wade-re.jpg\" \/>\n\t<meta property=\"og:image:width\" content=\"699\" \/>\n\t<meta property=\"og:image:height\" content=\"465\" \/>\n<meta name=\"twitter:card\" content=\"summary_large_image\" \/>\n<meta name=\"twitter:label1\" content=\"\u00c9crit par\" \/>\n\t<meta name=\"twitter:data1\" content=\"Thierno Diop\" \/>\n\t<meta name=\"twitter:label2\" content=\"Dur\u00e9e de lecture estim\u00e9e\" \/>\n\t<meta name=\"twitter:data2\" content=\"1 minute\" \/>\n<script type=\"application\/ld+json\" class=\"yoast-schema-graph\">{\"@context\":\"https:\/\/schema.org\",\"@graph\":[{\"@type\":\"WebSite\",\"@id\":\"https:\/\/www.nettali.com\/#website\",\"url\":\"https:\/\/www.nettali.com\/\",\"name\":\"Nettali.com\",\"description\":\"Le rendez-vous critique du Net\",\"potentialAction\":[{\"@type\":\"SearchAction\",\"target\":{\"@type\":\"EntryPoint\",\"urlTemplate\":\"https:\/\/www.nettali.com\/?s={search_term_string}\"},\"query-input\":\"required name=search_term_string\"}],\"inLanguage\":\"fr-FR\"},{\"@type\":\"ImageObject\",\"@id\":\"https:\/\/www.nettali.com\/2021\/10\/18\/justice-karim-wade-et-bibo-bourgi-obtiennent-gain-de-cause-a-monaco\/#primaryimage\",\"inLanguage\":\"fr-FR\",\"url\":\"https:\/\/www.nettali.com\/wp-content\/uploads\/2019\/05\/karim-wade-re.jpg\",\"contentUrl\":\"https:\/\/www.nettali.com\/wp-content\/uploads\/2019\/05\/karim-wade-re.jpg\",\"width\":699,\"height\":465},{\"@type\":\"WebPage\",\"@id\":\"https:\/\/www.nettali.com\/2021\/10\/18\/justice-karim-wade-et-bibo-bourgi-obtiennent-gain-de-cause-a-monaco\/#webpage\",\"url\":\"https:\/\/www.nettali.com\/2021\/10\/18\/justice-karim-wade-et-bibo-bourgi-obtiennent-gain-de-cause-a-monaco\/\",\"name\":\"JUSTICE - Karim Wade et Bibo Bourgi obtiennent gain de cause \\u00e0 Monaco | Nettali.com\",\"isPartOf\":{\"@id\":\"https:\/\/www.nettali.com\/#website\"},\"primaryImageOfPage\":{\"@id\":\"https:\/\/www.nettali.com\/2021\/10\/18\/justice-karim-wade-et-bibo-bourgi-obtiennent-gain-de-cause-a-monaco\/#primaryimage\"},\"datePublished\":\"2021-10-18T12:37:08+00:00\",\"dateModified\":\"2021-10-18T18:12:49+00:00\",\"author\":{\"@id\":\"https:\/\/www.nettali.com\/#\/schema\/person\/8a06c6bd7b19304cf4bf985862900b5b\"},\"breadcrumb\":{\"@id\":\"https:\/\/www.nettali.com\/2021\/10\/18\/justice-karim-wade-et-bibo-bourgi-obtiennent-gain-de-cause-a-monaco\/#breadcrumb\"},\"inLanguage\":\"fr-FR\",\"potentialAction\":[{\"@type\":\"ReadAction\",\"target\":[\"https:\/\/www.nettali.com\/2021\/10\/18\/justice-karim-wade-et-bibo-bourgi-obtiennent-gain-de-cause-a-monaco\/\"]}]},{\"@type\":\"BreadcrumbList\",\"@id\":\"https:\/\/www.nettali.com\/2021\/10\/18\/justice-karim-wade-et-bibo-bourgi-obtiennent-gain-de-cause-a-monaco\/#breadcrumb\",\"itemListElement\":[{\"@type\":\"ListItem\",\"position\":1,\"name\":\"Accueil\",\"item\":\"https:\/\/www.nettali.com\/\"},{\"@type\":\"ListItem\",\"position\":2,\"name\":\"JUSTICE &#8211; Karim Wade et Bibo Bourgi obtiennent gain de cause \\u00e0 Monaco\"}]},{\"@type\":\"Person\",\"@id\":\"https:\/\/www.nettali.com\/#\/schema\/person\/8a06c6bd7b19304cf4bf985862900b5b\",\"name\":\"Thierno Diop\",\"image\":{\"@type\":\"ImageObject\",\"@id\":\"https:\/\/www.nettali.com\/#personlogo\",\"inLanguage\":\"fr-FR\",\"url\":\"https:\/\/secure.gravatar.com\/avatar\/c8ca58550c94fd2ac856d27391a6c866?s=96&d=mm&r=g\",\"contentUrl\":\"https:\/\/secure.gravatar.com\/avatar\/c8ca58550c94fd2ac856d27391a6c866?s=96&d=mm&r=g\",\"caption\":\"Thierno Diop\"},\"sameAs\":[\"https:\/\/nettali.com\"]}]}<\/script>\n<!-- \/ Yoast SEO Premium plugin. -->","yoast_head_json":{"title":"JUSTICE - Karim Wade et Bibo Bourgi obtiennent gain de cause \u00e0 Monaco | Nettali.com","robots":{"index":"index","follow":"follow","max-snippet":"max-snippet:-1","max-image-preview":"max-image-preview:large","max-video-preview":"max-video-preview:-1"},"canonical":"https:\/\/www.nettali.com\/2021\/10\/18\/justice-karim-wade-et-bibo-bourgi-obtiennent-gain-de-cause-a-monaco\/","og_locale":"fr_FR","og_type":"article","og_title":"JUSTICE - Karim Wade et Bibo Bourgi obtiennent gain de cause \u00e0 Monaco","og_description":"NETTALI.COM \u2013 Victoire d\u00e9cisive pour Karim Wade et Bibo Bourgi. Selon Jeune Afrique, la plus haute juridiction mon\u00e9gasque a d\u00e9bout\u00e9 d\u00e9finitivement l\u2019\u00c9tat s\u00e9n\u00e9galais. Karim Wade et l\u2019homme d\u2019affaires Ibrahim Aboukhalil, alias Bibo Bourgi, viennent de remporter une bataille d\u00e9cisive devant la justice mon\u00e9gasque. \"Dans une d\u00e9cision, rendue le 14 octobre, la Cour de r\u00e9vision \u2013 [&hellip;]","og_url":"https:\/\/www.nettali.com\/2021\/10\/18\/justice-karim-wade-et-bibo-bourgi-obtiennent-gain-de-cause-a-monaco\/","og_site_name":"Nettali.com","article_publisher":"https:\/\/www.facebook.com\/nettalicom","article_published_time":"2021-10-18T12:37:08+00:00","article_modified_time":"2021-10-18T18:12:49+00:00","og_image":[{"width":699,"height":465,"url":"https:\/\/www.nettali.com\/wp-content\/uploads\/2019\/05\/karim-wade-re.jpg","type":"image\/jpeg"}],"twitter_card":"summary_large_image","twitter_misc":{"\u00c9crit par":"Thierno Diop","Dur\u00e9e de lecture estim\u00e9e":"1 minute"},"schema":{"@context":"https:\/\/schema.org","@graph":[{"@type":"WebSite","@id":"https:\/\/www.nettali.com\/#website","url":"https:\/\/www.nettali.com\/","name":"Nettali.com","description":"Le rendez-vous critique du Net","potentialAction":[{"@type":"SearchAction","target":{"@type":"EntryPoint","urlTemplate":"https:\/\/www.nettali.com\/?s={search_term_string}"},"query-input":"required name=search_term_string"}],"inLanguage":"fr-FR"},{"@type":"ImageObject","@id":"https:\/\/www.nettali.com\/2021\/10\/18\/justice-karim-wade-et-bibo-bourgi-obtiennent-gain-de-cause-a-monaco\/#primaryimage","inLanguage":"fr-FR","url":"https:\/\/www.nettali.com\/wp-content\/uploads\/2019\/05\/karim-wade-re.jpg","contentUrl":"https:\/\/www.nettali.com\/wp-content\/uploads\/2019\/05\/karim-wade-re.jpg","width":699,"height":465},{"@type":"WebPage","@id":"https:\/\/www.nettali.com\/2021\/10\/18\/justice-karim-wade-et-bibo-bourgi-obtiennent-gain-de-cause-a-monaco\/#webpage","url":"https:\/\/www.nettali.com\/2021\/10\/18\/justice-karim-wade-et-bibo-bourgi-obtiennent-gain-de-cause-a-monaco\/","name":"JUSTICE - Karim Wade et Bibo Bourgi obtiennent gain de cause \u00e0 Monaco | Nettali.com","isPartOf":{"@id":"https:\/\/www.nettali.com\/#website"},"primaryImageOfPage":{"@id":"https:\/\/www.nettali.com\/2021\/10\/18\/justice-karim-wade-et-bibo-bourgi-obtiennent-gain-de-cause-a-monaco\/#primaryimage"},"datePublished":"2021-10-18T12:37:08+00:00","dateModified":"2021-10-18T18:12:49+00:00","author":{"@id":"https:\/\/www.nettali.com\/#\/schema\/person\/8a06c6bd7b19304cf4bf985862900b5b"},"breadcrumb":{"@id":"https:\/\/www.nettali.com\/2021\/10\/18\/justice-karim-wade-et-bibo-bourgi-obtiennent-gain-de-cause-a-monaco\/#breadcrumb"},"inLanguage":"fr-FR","potentialAction":[{"@type":"ReadAction","target":["https:\/\/www.nettali.com\/2021\/10\/18\/justice-karim-wade-et-bibo-bourgi-obtiennent-gain-de-cause-a-monaco\/"]}]},{"@type":"BreadcrumbList","@id":"https:\/\/www.nettali.com\/2021\/10\/18\/justice-karim-wade-et-bibo-bourgi-obtiennent-gain-de-cause-a-monaco\/#breadcrumb","itemListElement":[{"@type":"ListItem","position":1,"name":"Accueil","item":"https:\/\/www.nettali.com\/"},{"@type":"ListItem","position":2,"name":"JUSTICE &#8211; Karim Wade et Bibo Bourgi obtiennent gain de cause \u00e0 Monaco"}]},{"@type":"Person","@id":"https:\/\/www.nettali.com\/#\/schema\/person\/8a06c6bd7b19304cf4bf985862900b5b","name":"Thierno Diop","image":{"@type":"ImageObject","@id":"https:\/\/www.nettali.com\/#personlogo","inLanguage":"fr-FR","url":"https:\/\/secure.gravatar.com\/avatar\/c8ca58550c94fd2ac856d27391a6c866?s=96&d=mm&r=g","contentUrl":"https:\/\/secure.gravatar.com\/avatar\/c8ca58550c94fd2ac856d27391a6c866?s=96&d=mm&r=g","caption":"Thierno Diop"},"sameAs":["https:\/\/nettali.com"]}]}},"_links":{"self":[{"href":"https:\/\/www.nettali.com\/rest\/wp\/v2\/posts\/73964"}],"collection":[{"href":"https:\/\/www.nettali.com\/rest\/wp\/v2\/posts"}],"about":[{"href":"https:\/\/www.nettali.com\/rest\/wp\/v2\/types\/post"}],"author":[{"embeddable":true,"href":"https:\/\/www.nettali.com\/rest\/wp\/v2\/users\/11"}],"replies":[{"embeddable":true,"href":"https:\/\/www.nettali.com\/rest\/wp\/v2\/comments?post=73964"}],"version-history":[{"count":1,"href":"https:\/\/www.nettali.com\/rest\/wp\/v2\/posts\/73964\/revisions"}],"predecessor-version":[{"id":73969,"href":"https:\/\/www.nettali.com\/rest\/wp\/v2\/posts\/73964\/revisions\/73969"}],"wp:featuredmedia":[{"embeddable":true,"href":"https:\/\/www.nettali.com\/rest\/wp\/v2\/media\/10491"}],"wp:attachment":[{"href":"https:\/\/www.nettali.com\/rest\/wp\/v2\/media?parent=73964"}],"wp:term":[{"taxonomy":"category","embeddable":true,"href":"https:\/\/www.nettali.com\/rest\/wp\/v2\/categories?post=73964"},{"taxonomy":"post_tag","embeddable":true,"href":"https:\/\/www.nettali.com\/rest\/wp\/v2\/tags?post=73964"}],"curies":[{"name":"wp","href":"https:\/\/api.w.org\/{rel}","templated":true}]}}