{"id":73952,"date":"2021-10-18T10:39:50","date_gmt":"2021-10-18T10:39:50","guid":{"rendered":"https:\/\/www.nettali.com\/?p=73952"},"modified":"2021-10-19T01:38:30","modified_gmt":"2021-10-19T01:38:30","slug":"affaire-d-media-abdoulaye-daouda-diallo-invite-bougane-a-un-debat-public","status":"publish","type":"post","link":"https:\/\/www.nettali.com\/2021\/10\/18\/affaire-d-media-abdoulaye-daouda-diallo-invite-bougane-a-un-debat-public\/","title":{"rendered":"AFFAIRE D-MEDIA \u2013 Abdoulaye Daouda Diallo invite Bougane \u00e0 un d\u00e9bat public"},"content":{"rendered":"<p><strong>NETTALI.COM - Aphone depuis l\u2019\u00e9clatement de cette affaire, qui emprunte de plus en plus un tour politique, <\/strong><strong>Abdoulaye Daouda Diallo, le ministre des Finances et du Budget, a bris\u00e9 le silence, ce samedi, sur l\u2019affaire aff\u00e9rente au blocage des comptes de D-Media, \u00e0 la suite d\u2019un redressement fiscale. L\u2019argentier de l\u2019Etat se dit pr\u00eat \u00e0 sortir de l\u2019obligation de r\u00e9serve pour apporter sa part de v\u00e9rit\u00e9 si tel est le souhait de Bougane Gueye Dani. <\/strong><\/p>\n<p>\u00abJe suis tenu par le secret professionnel. La loi ne me permet pas de dire certaines choses, mais si lui il veut qu\u2019on en discute, on peut en faire un d\u00e9bat, s\u2019il est d\u2019accord pour que le secret professionnel soit lev\u00e9\u00a0\u00bb, a r\u00e9agi l\u2019argentier de l\u2019Etat.<\/p>\n<p>Abdoulaye Daouda Diallo de rappeler\u00a0: \u00ab\u00a0La v\u00e9rification a des proc\u00e9dures. Chaque ann\u00e9e quand vous travaillez, vous devez livrer vos \u00e9tats financiers. Faire vos d\u00e9clarations fiscales. Ensuite, les agents \u00a0v\u00e9rifient la d\u00e9claration \u00a0et font des \u00e9tudes de coh\u00e9rence sur les chiffres\u00a0\u00bb.<\/p>\n<p>Dans sa note, le ministre pr\u00e9cise\u00a0: \u00ab\u00a0S\u2019ils vous \u00e9crivent pour des \u00e9l\u00e9ments d\u2019information et que vous leur apportez des r\u00e9ponses satisfaisantes, ils s\u2019en limitent l\u00e0. Mais si vous ne r\u00e9pondez pas, ou que vous donnez des \u00e9l\u00e9ments d\u2019information non satisfaisants \u00e0 leurs yeux, ils se d\u00e9placent pour venir v\u00e9rifier vos d\u00e9clarations chez vous. Et c\u2019est dans ce cadre qu\u2019un redressement a \u00e9t\u00e9 fait\u00a0\u00bb.<\/p>\n<p>En d\u00e9finitive, mentionne-t-il\u00a0: \u00ab\u00a0\u00c0 chaque fois qu\u2019il y a proc\u00e9dure, la loi vous permet de saisir le Directeur g\u00e9n\u00e9ral des imp\u00f4ts. Vous pouvez faire un recours aupr\u00e8s du ministre si vous n'\u00eates toujours pas satisfait. Vous avez m\u00eame le droit de saisir la justice. Donc s\u2019il conteste ce qui a \u00e9t\u00e9 \u00e9crit, qu\u2019il donne les \u00e9l\u00e9ments de preuve clairs ou qu\u2019il saisisse la Justice.\u00bb<\/p>\n<div class='share-to-whatsapp-wrapper'><div class='share-on-whsp'>PARTAGER SUR : <\/div><a data-text='AFFAIRE D-MEDIA \u2013 Abdoulaye Daouda Diallo invite Bougane \u00e0 un d\u00e9bat public' data-link='https:\/\/www.nettali.com\/2021\/10\/18\/affaire-d-media-abdoulaye-daouda-diallo-invite-bougane-a-un-debat-public\/' class='whatsapp-button whatsapp-share'>WhatsApp<\/a><div class='clear '><\/div><\/div>","protected":false},"excerpt":{"rendered":"<p>NETTALI.COM - Aphone depuis l\u2019\u00e9clatement de cette affaire, qui emprunte de plus en plus un tour politique, Abdoulaye Daouda Diallo, le ministre des Finances et du Budget, a bris\u00e9 le silence, ce samedi, sur l\u2019affaire aff\u00e9rente au blocage des comptes de D-Media, \u00e0 la suite d\u2019un redressement fiscale. L\u2019argentier de l\u2019Etat se dit pr\u00eat \u00e0 [&hellip;]<\/p>\n","protected":false},"author":11,"featured_media":11823,"comment_status":"open","ping_status":"open","sticky":false,"template":"","format":"standard","meta":{"_et_pb_use_builder":"","_et_pb_old_content":""},"categories":[3],"tags":[],"yoast_head":"<!-- This site is optimized with the Yoast SEO Premium plugin v17.8 (Yoast SEO v17.8) - https:\/\/yoast.com\/wordpress\/plugins\/seo\/ -->\n<title>AFFAIRE D-MEDIA \u2013 Abdoulaye Daouda Diallo invite Bougane \u00e0 un d\u00e9bat public | Nettali.com<\/title>\n<meta name=\"robots\" content=\"index, follow, max-snippet:-1, max-image-preview:large, max-video-preview:-1\" \/>\n<link rel=\"canonical\" href=\"https:\/\/www.nettali.com\/2021\/10\/18\/affaire-d-media-abdoulaye-daouda-diallo-invite-bougane-a-un-debat-public\/\" \/>\n<meta property=\"og:locale\" content=\"fr_FR\" \/>\n<meta property=\"og:type\" content=\"article\" \/>\n<meta property=\"og:title\" content=\"AFFAIRE D-MEDIA \u2013 Abdoulaye Daouda Diallo invite Bougane \u00e0 un d\u00e9bat public\" \/>\n<meta property=\"og:description\" content=\"NETTALI.COM - Aphone depuis l\u2019\u00e9clatement de cette affaire, qui emprunte de plus en plus un tour politique, Abdoulaye Daouda Diallo, le ministre des Finances et du Budget, a bris\u00e9 le silence, ce samedi, sur l\u2019affaire aff\u00e9rente au blocage des comptes de D-Media, \u00e0 la suite d\u2019un redressement fiscale. L\u2019argentier de l\u2019Etat se dit pr\u00eat \u00e0 [&hellip;]\" \/>\n<meta property=\"og:url\" content=\"https:\/\/www.nettali.com\/2021\/10\/18\/affaire-d-media-abdoulaye-daouda-diallo-invite-bougane-a-un-debat-public\/\" \/>\n<meta property=\"og:site_name\" content=\"Nettali.com\" \/>\n<meta property=\"article:publisher\" content=\"https:\/\/www.facebook.com\/nettalicom\" \/>\n<meta property=\"article:published_time\" content=\"2021-10-18T10:39:50+00:00\" \/>\n<meta property=\"article:modified_time\" content=\"2021-10-19T01:38:30+00:00\" \/>\n<meta property=\"og:image\" content=\"https:\/\/www.nettali.com\/wp-content\/uploads\/2019\/06\/Abdoulaye-Daouda-Diallo.jpg\" \/>\n\t<meta property=\"og:image:width\" content=\"700\" \/>\n\t<meta property=\"og:image:height\" content=\"467\" \/>\n<meta name=\"twitter:card\" content=\"summary_large_image\" \/>\n<meta name=\"twitter:label1\" content=\"\u00c9crit par\" \/>\n\t<meta name=\"twitter:data1\" content=\"Thierno Diop\" \/>\n\t<meta name=\"twitter:label2\" content=\"Dur\u00e9e de lecture estim\u00e9e\" \/>\n\t<meta name=\"twitter:data2\" content=\"2 minutes\" \/>\n<script type=\"application\/ld+json\" class=\"yoast-schema-graph\">{\"@context\":\"https:\/\/schema.org\",\"@graph\":[{\"@type\":\"WebSite\",\"@id\":\"https:\/\/www.nettali.com\/#website\",\"url\":\"https:\/\/www.nettali.com\/\",\"name\":\"Nettali.com\",\"description\":\"Le rendez-vous critique du Net\",\"potentialAction\":[{\"@type\":\"SearchAction\",\"target\":{\"@type\":\"EntryPoint\",\"urlTemplate\":\"https:\/\/www.nettali.com\/?s={search_term_string}\"},\"query-input\":\"required name=search_term_string\"}],\"inLanguage\":\"fr-FR\"},{\"@type\":\"ImageObject\",\"@id\":\"https:\/\/www.nettali.com\/2021\/10\/18\/affaire-d-media-abdoulaye-daouda-diallo-invite-bougane-a-un-debat-public\/#primaryimage\",\"inLanguage\":\"fr-FR\",\"url\":\"https:\/\/www.nettali.com\/wp-content\/uploads\/2019\/06\/Abdoulaye-Daouda-Diallo.jpg\",\"contentUrl\":\"https:\/\/www.nettali.com\/wp-content\/uploads\/2019\/06\/Abdoulaye-Daouda-Diallo.jpg\",\"width\":700,\"height\":467},{\"@type\":\"WebPage\",\"@id\":\"https:\/\/www.nettali.com\/2021\/10\/18\/affaire-d-media-abdoulaye-daouda-diallo-invite-bougane-a-un-debat-public\/#webpage\",\"url\":\"https:\/\/www.nettali.com\/2021\/10\/18\/affaire-d-media-abdoulaye-daouda-diallo-invite-bougane-a-un-debat-public\/\",\"name\":\"AFFAIRE D-MEDIA \\u2013 Abdoulaye Daouda Diallo invite Bougane \\u00e0 un d\\u00e9bat public | Nettali.com\",\"isPartOf\":{\"@id\":\"https:\/\/www.nettali.com\/#website\"},\"primaryImageOfPage\":{\"@id\":\"https:\/\/www.nettali.com\/2021\/10\/18\/affaire-d-media-abdoulaye-daouda-diallo-invite-bougane-a-un-debat-public\/#primaryimage\"},\"datePublished\":\"2021-10-18T10:39:50+00:00\",\"dateModified\":\"2021-10-19T01:38:30+00:00\",\"author\":{\"@id\":\"https:\/\/www.nettali.com\/#\/schema\/person\/8a06c6bd7b19304cf4bf985862900b5b\"},\"breadcrumb\":{\"@id\":\"https:\/\/www.nettali.com\/2021\/10\/18\/affaire-d-media-abdoulaye-daouda-diallo-invite-bougane-a-un-debat-public\/#breadcrumb\"},\"inLanguage\":\"fr-FR\",\"potentialAction\":[{\"@type\":\"ReadAction\",\"target\":[\"https:\/\/www.nettali.com\/2021\/10\/18\/affaire-d-media-abdoulaye-daouda-diallo-invite-bougane-a-un-debat-public\/\"]}]},{\"@type\":\"BreadcrumbList\",\"@id\":\"https:\/\/www.nettali.com\/2021\/10\/18\/affaire-d-media-abdoulaye-daouda-diallo-invite-bougane-a-un-debat-public\/#breadcrumb\",\"itemListElement\":[{\"@type\":\"ListItem\",\"position\":1,\"name\":\"Accueil\",\"item\":\"https:\/\/www.nettali.com\/\"},{\"@type\":\"ListItem\",\"position\":2,\"name\":\"AFFAIRE D-MEDIA \\u2013 Abdoulaye Daouda Diallo invite Bougane \\u00e0 un d\\u00e9bat public\"}]},{\"@type\":\"Person\",\"@id\":\"https:\/\/www.nettali.com\/#\/schema\/person\/8a06c6bd7b19304cf4bf985862900b5b\",\"name\":\"Thierno Diop\",\"image\":{\"@type\":\"ImageObject\",\"@id\":\"https:\/\/www.nettali.com\/#personlogo\",\"inLanguage\":\"fr-FR\",\"url\":\"https:\/\/secure.gravatar.com\/avatar\/c8ca58550c94fd2ac856d27391a6c866?s=96&d=mm&r=g\",\"contentUrl\":\"https:\/\/secure.gravatar.com\/avatar\/c8ca58550c94fd2ac856d27391a6c866?s=96&d=mm&r=g\",\"caption\":\"Thierno Diop\"},\"sameAs\":[\"https:\/\/nettali.com\"]}]}<\/script>\n<!-- \/ Yoast SEO Premium plugin. -->","yoast_head_json":{"title":"AFFAIRE D-MEDIA \u2013 Abdoulaye Daouda Diallo invite Bougane \u00e0 un d\u00e9bat public | Nettali.com","robots":{"index":"index","follow":"follow","max-snippet":"max-snippet:-1","max-image-preview":"max-image-preview:large","max-video-preview":"max-video-preview:-1"},"canonical":"https:\/\/www.nettali.com\/2021\/10\/18\/affaire-d-media-abdoulaye-daouda-diallo-invite-bougane-a-un-debat-public\/","og_locale":"fr_FR","og_type":"article","og_title":"AFFAIRE D-MEDIA \u2013 Abdoulaye Daouda Diallo invite Bougane \u00e0 un d\u00e9bat public","og_description":"NETTALI.COM - Aphone depuis l\u2019\u00e9clatement de cette affaire, qui emprunte de plus en plus un tour politique, Abdoulaye Daouda Diallo, le ministre des Finances et du Budget, a bris\u00e9 le silence, ce samedi, sur l\u2019affaire aff\u00e9rente au blocage des comptes de D-Media, \u00e0 la suite d\u2019un redressement fiscale. L\u2019argentier de l\u2019Etat se dit pr\u00eat \u00e0 [&hellip;]","og_url":"https:\/\/www.nettali.com\/2021\/10\/18\/affaire-d-media-abdoulaye-daouda-diallo-invite-bougane-a-un-debat-public\/","og_site_name":"Nettali.com","article_publisher":"https:\/\/www.facebook.com\/nettalicom","article_published_time":"2021-10-18T10:39:50+00:00","article_modified_time":"2021-10-19T01:38:30+00:00","og_image":[{"width":700,"height":467,"url":"https:\/\/www.nettali.com\/wp-content\/uploads\/2019\/06\/Abdoulaye-Daouda-Diallo.jpg","type":"image\/jpeg"}],"twitter_card":"summary_large_image","twitter_misc":{"\u00c9crit par":"Thierno Diop","Dur\u00e9e de lecture estim\u00e9e":"2 minutes"},"schema":{"@context":"https:\/\/schema.org","@graph":[{"@type":"WebSite","@id":"https:\/\/www.nettali.com\/#website","url":"https:\/\/www.nettali.com\/","name":"Nettali.com","description":"Le rendez-vous critique du Net","potentialAction":[{"@type":"SearchAction","target":{"@type":"EntryPoint","urlTemplate":"https:\/\/www.nettali.com\/?s={search_term_string}"},"query-input":"required name=search_term_string"}],"inLanguage":"fr-FR"},{"@type":"ImageObject","@id":"https:\/\/www.nettali.com\/2021\/10\/18\/affaire-d-media-abdoulaye-daouda-diallo-invite-bougane-a-un-debat-public\/#primaryimage","inLanguage":"fr-FR","url":"https:\/\/www.nettali.com\/wp-content\/uploads\/2019\/06\/Abdoulaye-Daouda-Diallo.jpg","contentUrl":"https:\/\/www.nettali.com\/wp-content\/uploads\/2019\/06\/Abdoulaye-Daouda-Diallo.jpg","width":700,"height":467},{"@type":"WebPage","@id":"https:\/\/www.nettali.com\/2021\/10\/18\/affaire-d-media-abdoulaye-daouda-diallo-invite-bougane-a-un-debat-public\/#webpage","url":"https:\/\/www.nettali.com\/2021\/10\/18\/affaire-d-media-abdoulaye-daouda-diallo-invite-bougane-a-un-debat-public\/","name":"AFFAIRE D-MEDIA \u2013 Abdoulaye Daouda Diallo invite Bougane \u00e0 un d\u00e9bat public | Nettali.com","isPartOf":{"@id":"https:\/\/www.nettali.com\/#website"},"primaryImageOfPage":{"@id":"https:\/\/www.nettali.com\/2021\/10\/18\/affaire-d-media-abdoulaye-daouda-diallo-invite-bougane-a-un-debat-public\/#primaryimage"},"datePublished":"2021-10-18T10:39:50+00:00","dateModified":"2021-10-19T01:38:30+00:00","author":{"@id":"https:\/\/www.nettali.com\/#\/schema\/person\/8a06c6bd7b19304cf4bf985862900b5b"},"breadcrumb":{"@id":"https:\/\/www.nettali.com\/2021\/10\/18\/affaire-d-media-abdoulaye-daouda-diallo-invite-bougane-a-un-debat-public\/#breadcrumb"},"inLanguage":"fr-FR","potentialAction":[{"@type":"ReadAction","target":["https:\/\/www.nettali.com\/2021\/10\/18\/affaire-d-media-abdoulaye-daouda-diallo-invite-bougane-a-un-debat-public\/"]}]},{"@type":"BreadcrumbList","@id":"https:\/\/www.nettali.com\/2021\/10\/18\/affaire-d-media-abdoulaye-daouda-diallo-invite-bougane-a-un-debat-public\/#breadcrumb","itemListElement":[{"@type":"ListItem","position":1,"name":"Accueil","item":"https:\/\/www.nettali.com\/"},{"@type":"ListItem","position":2,"name":"AFFAIRE D-MEDIA \u2013 Abdoulaye Daouda Diallo invite Bougane \u00e0 un d\u00e9bat public"}]},{"@type":"Person","@id":"https:\/\/www.nettali.com\/#\/schema\/person\/8a06c6bd7b19304cf4bf985862900b5b","name":"Thierno Diop","image":{"@type":"ImageObject","@id":"https:\/\/www.nettali.com\/#personlogo","inLanguage":"fr-FR","url":"https:\/\/secure.gravatar.com\/avatar\/c8ca58550c94fd2ac856d27391a6c866?s=96&d=mm&r=g","contentUrl":"https:\/\/secure.gravatar.com\/avatar\/c8ca58550c94fd2ac856d27391a6c866?s=96&d=mm&r=g","caption":"Thierno Diop"},"sameAs":["https:\/\/nettali.com"]}]}},"_links":{"self":[{"href":"https:\/\/www.nettali.com\/rest\/wp\/v2\/posts\/73952"}],"collection":[{"href":"https:\/\/www.nettali.com\/rest\/wp\/v2\/posts"}],"about":[{"href":"https:\/\/www.nettali.com\/rest\/wp\/v2\/types\/post"}],"author":[{"embeddable":true,"href":"https:\/\/www.nettali.com\/rest\/wp\/v2\/users\/11"}],"replies":[{"embeddable":true,"href":"https:\/\/www.nettali.com\/rest\/wp\/v2\/comments?post=73952"}],"version-history":[{"count":1,"href":"https:\/\/www.nettali.com\/rest\/wp\/v2\/posts\/73952\/revisions"}],"predecessor-version":[{"id":73953,"href":"https:\/\/www.nettali.com\/rest\/wp\/v2\/posts\/73952\/revisions\/73953"}],"wp:featuredmedia":[{"embeddable":true,"href":"https:\/\/www.nettali.com\/rest\/wp\/v2\/media\/11823"}],"wp:attachment":[{"href":"https:\/\/www.nettali.com\/rest\/wp\/v2\/media?parent=73952"}],"wp:term":[{"taxonomy":"category","embeddable":true,"href":"https:\/\/www.nettali.com\/rest\/wp\/v2\/categories?post=73952"},{"taxonomy":"post_tag","embeddable":true,"href":"https:\/\/www.nettali.com\/rest\/wp\/v2\/tags?post=73952"}],"curies":[{"name":"wp","href":"https:\/\/api.w.org\/{rel}","templated":true}]}}