{"id":73907,"date":"2021-10-17T13:14:23","date_gmt":"2021-10-17T13:14:23","guid":{"rendered":"https:\/\/www.nettali.com\/?p=73907"},"modified":"2021-10-17T13:14:23","modified_gmt":"2021-10-17T13:14:23","slug":"trafic-presume-de-passeports-diplomatiques-seydou-gueye-parle-dacte-isole","status":"publish","type":"post","link":"https:\/\/www.nettali.com\/2021\/10\/17\/trafic-presume-de-passeports-diplomatiques-seydou-gueye-parle-dacte-isole\/","title":{"rendered":"TRAFIC PR\u00c9SUM\u00c9 DE PASSEPORTS DIPLOMATIQUES -Seydou Gu\u00e8ye parle d\u2019acte isol\u00e9"},"content":{"rendered":"<p style=\"font-weight: 400;\"><strong>NETTALI.COM- Ceux qui accusent le Gouvernement de r\u00e9gime faussaire ont tort. C\u2019est du moins l\u2019avis de Seydou Gu\u00e8ye qui qualifie l\u2019affaire des passeports diplomatiques d\u2019acte isol\u00e9.<\/strong><\/p>\n<p style=\"font-weight: 400;\">Le porte-parole de l\u2019Apr \u00e9tait devant le Jury du dimanche. Seydou Gu\u00e8ye s\u2019est prononc\u00e9 sur l\u2019affaire pr\u00e9sum\u00e9e du trafic de passeports diplomatiques impliquant deux d\u00e9put\u00e9s du groupe de la majorit\u00e9 pr\u00e9sidentielle. Mais, pour lui, cette affaire est un acte isol\u00e9 puisque, justifie-t-il : \u00ab <em>ce n\u2019est pas l\u2019Assembl\u00e9e nationale qui a accompagn\u00e9 les d\u00e9put\u00e9s qui sont mis en cause. Ce qu\u2019on attend d\u2019une personne investie de charges publiques, c\u2019est d\u2019\u00eatre comme la femme de C\u00e9sar, \u00eatre au-dessus de tout soup\u00e7on. C\u2019est cela notre challenge et notre d\u00e9fi. Quand on a des responsabilit\u00e9s publiques, il faut se donner les moyens d\u2019\u00eatre au-dessus de tout soup\u00e7on. Maintenant, quand on en arrive \u00e0 mettre la main dans la confiture, il reste les s\u00e9quences contentieuses<\/em> \u00bb.<\/p>\n<p style=\"font-weight: 400;\">Poursuivant son argumentaire, il s\u2019est f\u00e9licit\u00e9 de la confiance et de la s\u00e9r\u00e9nit\u00e9 qui ont entour\u00e9 cette affaire. A l\u2019en croire, l\u2019Etat est rest\u00e9 dans sa position de dispositif ex\u00e9cutif attendant que l\u2019Assembl\u00e9e nationale se r\u00e9unisse pour engager la proc\u00e9dure de lev\u00e9e de l\u2019immunit\u00e9 parlementaire afin que ces personnes mises en cause puissent \u00eatre \u00e0 la disposition de la justice. \u00ab <em>On n\u2019a pas un r\u00e9gime faussaire. On les conna\u00eet les faussaires de la R\u00e9publique. On ne les cherche pas chez nous<\/em> \u00bb, mart\u00e8le-t-il.<\/p>\n<div class='share-to-whatsapp-wrapper'><div class='share-on-whsp'>PARTAGER SUR : <\/div><a data-text='TRAFIC PR\u00c9SUM\u00c9 DE PASSEPORTS DIPLOMATIQUES -Seydou Gu\u00e8ye parle d\u2019acte isol\u00e9' data-link='https:\/\/www.nettali.com\/2021\/10\/17\/trafic-presume-de-passeports-diplomatiques-seydou-gueye-parle-dacte-isole\/' class='whatsapp-button whatsapp-share'>WhatsApp<\/a><div class='clear '><\/div><\/div>","protected":false},"excerpt":{"rendered":"<p>NETTALI.COM- Ceux qui accusent le Gouvernement de r\u00e9gime faussaire ont tort. C\u2019est du moins l\u2019avis de Seydou Gu\u00e8ye qui qualifie l\u2019affaire des passeports diplomatiques d\u2019acte isol\u00e9. Le porte-parole de l\u2019Apr \u00e9tait devant le Jury du dimanche. Seydou Gu\u00e8ye s\u2019est prononc\u00e9 sur l\u2019affaire pr\u00e9sum\u00e9e du trafic de passeports diplomatiques impliquant deux d\u00e9put\u00e9s du groupe de la [&hellip;]<\/p>\n","protected":false},"author":6,"featured_media":2424,"comment_status":"open","ping_status":"open","sticky":false,"template":"","format":"standard","meta":{"_et_pb_use_builder":"","_et_pb_old_content":""},"categories":[3],"tags":[],"yoast_head":"<!-- This site is optimized with the Yoast SEO Premium plugin v17.8 (Yoast SEO v17.8) - https:\/\/yoast.com\/wordpress\/plugins\/seo\/ -->\n<title>TRAFIC PR\u00c9SUM\u00c9 DE PASSEPORTS DIPLOMATIQUES -Seydou Gu\u00e8ye parle d\u2019acte isol\u00e9 | Nettali.com<\/title>\n<meta name=\"robots\" content=\"index, follow, max-snippet:-1, max-image-preview:large, max-video-preview:-1\" \/>\n<link rel=\"canonical\" href=\"https:\/\/www.nettali.com\/2021\/10\/17\/trafic-presume-de-passeports-diplomatiques-seydou-gueye-parle-dacte-isole\/\" \/>\n<meta property=\"og:locale\" content=\"fr_FR\" \/>\n<meta property=\"og:type\" content=\"article\" \/>\n<meta property=\"og:title\" content=\"TRAFIC PR\u00c9SUM\u00c9 DE PASSEPORTS DIPLOMATIQUES -Seydou Gu\u00e8ye parle d\u2019acte isol\u00e9\" \/>\n<meta property=\"og:description\" content=\"NETTALI.COM- Ceux qui accusent le Gouvernement de r\u00e9gime faussaire ont tort. C\u2019est du moins l\u2019avis de Seydou Gu\u00e8ye qui qualifie l\u2019affaire des passeports diplomatiques d\u2019acte isol\u00e9. Le porte-parole de l\u2019Apr \u00e9tait devant le Jury du dimanche. Seydou Gu\u00e8ye s\u2019est prononc\u00e9 sur l\u2019affaire pr\u00e9sum\u00e9e du trafic de passeports diplomatiques impliquant deux d\u00e9put\u00e9s du groupe de la [&hellip;]\" \/>\n<meta property=\"og:url\" content=\"https:\/\/www.nettali.com\/2021\/10\/17\/trafic-presume-de-passeports-diplomatiques-seydou-gueye-parle-dacte-isole\/\" \/>\n<meta property=\"og:site_name\" content=\"Nettali.com\" \/>\n<meta property=\"article:publisher\" content=\"https:\/\/www.facebook.com\/nettalicom\" \/>\n<meta property=\"article:published_time\" content=\"2021-10-17T13:14:23+00:00\" \/>\n<meta property=\"og:image\" content=\"https:\/\/www.nettali.com\/wp-content\/uploads\/2019\/03\/Seydou-Gueye.jpg\" \/>\n\t<meta property=\"og:image:width\" content=\"592\" \/>\n\t<meta property=\"og:image:height\" content=\"296\" \/>\n<meta name=\"twitter:card\" content=\"summary_large_image\" \/>\n<meta name=\"twitter:label1\" content=\"\u00c9crit par\" \/>\n\t<meta name=\"twitter:data1\" content=\"Fatou\" \/>\n\t<meta name=\"twitter:label2\" content=\"Dur\u00e9e de lecture estim\u00e9e\" \/>\n\t<meta name=\"twitter:data2\" content=\"1 minute\" \/>\n<script type=\"application\/ld+json\" class=\"yoast-schema-graph\">{\"@context\":\"https:\/\/schema.org\",\"@graph\":[{\"@type\":\"WebSite\",\"@id\":\"https:\/\/www.nettali.com\/#website\",\"url\":\"https:\/\/www.nettali.com\/\",\"name\":\"Nettali.com\",\"description\":\"Le rendez-vous critique du Net\",\"potentialAction\":[{\"@type\":\"SearchAction\",\"target\":{\"@type\":\"EntryPoint\",\"urlTemplate\":\"https:\/\/www.nettali.com\/?s={search_term_string}\"},\"query-input\":\"required name=search_term_string\"}],\"inLanguage\":\"fr-FR\"},{\"@type\":\"ImageObject\",\"@id\":\"https:\/\/www.nettali.com\/2021\/10\/17\/trafic-presume-de-passeports-diplomatiques-seydou-gueye-parle-dacte-isole\/#primaryimage\",\"inLanguage\":\"fr-FR\",\"url\":\"https:\/\/www.nettali.com\/wp-content\/uploads\/2019\/03\/Seydou-Gueye.jpg\",\"contentUrl\":\"https:\/\/www.nettali.com\/wp-content\/uploads\/2019\/03\/Seydou-Gueye.jpg\",\"width\":592,\"height\":296},{\"@type\":\"WebPage\",\"@id\":\"https:\/\/www.nettali.com\/2021\/10\/17\/trafic-presume-de-passeports-diplomatiques-seydou-gueye-parle-dacte-isole\/#webpage\",\"url\":\"https:\/\/www.nettali.com\/2021\/10\/17\/trafic-presume-de-passeports-diplomatiques-seydou-gueye-parle-dacte-isole\/\",\"name\":\"TRAFIC PR\\u00c9SUM\\u00c9 DE PASSEPORTS DIPLOMATIQUES -Seydou Gu\\u00e8ye parle d\\u2019acte isol\\u00e9 | Nettali.com\",\"isPartOf\":{\"@id\":\"https:\/\/www.nettali.com\/#website\"},\"primaryImageOfPage\":{\"@id\":\"https:\/\/www.nettali.com\/2021\/10\/17\/trafic-presume-de-passeports-diplomatiques-seydou-gueye-parle-dacte-isole\/#primaryimage\"},\"datePublished\":\"2021-10-17T13:14:23+00:00\",\"dateModified\":\"2021-10-17T13:14:23+00:00\",\"author\":{\"@id\":\"https:\/\/www.nettali.com\/#\/schema\/person\/418274a86bdf87caff7a3ef476bd0bbf\"},\"breadcrumb\":{\"@id\":\"https:\/\/www.nettali.com\/2021\/10\/17\/trafic-presume-de-passeports-diplomatiques-seydou-gueye-parle-dacte-isole\/#breadcrumb\"},\"inLanguage\":\"fr-FR\",\"potentialAction\":[{\"@type\":\"ReadAction\",\"target\":[\"https:\/\/www.nettali.com\/2021\/10\/17\/trafic-presume-de-passeports-diplomatiques-seydou-gueye-parle-dacte-isole\/\"]}]},{\"@type\":\"BreadcrumbList\",\"@id\":\"https:\/\/www.nettali.com\/2021\/10\/17\/trafic-presume-de-passeports-diplomatiques-seydou-gueye-parle-dacte-isole\/#breadcrumb\",\"itemListElement\":[{\"@type\":\"ListItem\",\"position\":1,\"name\":\"Accueil\",\"item\":\"https:\/\/www.nettali.com\/\"},{\"@type\":\"ListItem\",\"position\":2,\"name\":\"TRAFIC PR\\u00c9SUM\\u00c9 DE PASSEPORTS DIPLOMATIQUES -Seydou Gu\\u00e8ye parle d\\u2019acte isol\\u00e9\"}]},{\"@type\":\"Person\",\"@id\":\"https:\/\/www.nettali.com\/#\/schema\/person\/418274a86bdf87caff7a3ef476bd0bbf\",\"name\":\"Fatou\",\"image\":{\"@type\":\"ImageObject\",\"@id\":\"https:\/\/www.nettali.com\/#personlogo\",\"inLanguage\":\"fr-FR\",\"url\":\"https:\/\/secure.gravatar.com\/avatar\/5a9442a2bee7b4dcf167cab035858e9a?s=96&d=mm&r=g\",\"contentUrl\":\"https:\/\/secure.gravatar.com\/avatar\/5a9442a2bee7b4dcf167cab035858e9a?s=96&d=mm&r=g\",\"caption\":\"Fatou\"},\"sameAs\":[\"https:\/\/www.nettali.com\"]}]}<\/script>\n<!-- \/ Yoast SEO Premium plugin. -->","yoast_head_json":{"title":"TRAFIC PR\u00c9SUM\u00c9 DE PASSEPORTS DIPLOMATIQUES -Seydou Gu\u00e8ye parle d\u2019acte isol\u00e9 | Nettali.com","robots":{"index":"index","follow":"follow","max-snippet":"max-snippet:-1","max-image-preview":"max-image-preview:large","max-video-preview":"max-video-preview:-1"},"canonical":"https:\/\/www.nettali.com\/2021\/10\/17\/trafic-presume-de-passeports-diplomatiques-seydou-gueye-parle-dacte-isole\/","og_locale":"fr_FR","og_type":"article","og_title":"TRAFIC PR\u00c9SUM\u00c9 DE PASSEPORTS DIPLOMATIQUES -Seydou Gu\u00e8ye parle d\u2019acte isol\u00e9","og_description":"NETTALI.COM- Ceux qui accusent le Gouvernement de r\u00e9gime faussaire ont tort. C\u2019est du moins l\u2019avis de Seydou Gu\u00e8ye qui qualifie l\u2019affaire des passeports diplomatiques d\u2019acte isol\u00e9. Le porte-parole de l\u2019Apr \u00e9tait devant le Jury du dimanche. Seydou Gu\u00e8ye s\u2019est prononc\u00e9 sur l\u2019affaire pr\u00e9sum\u00e9e du trafic de passeports diplomatiques impliquant deux d\u00e9put\u00e9s du groupe de la [&hellip;]","og_url":"https:\/\/www.nettali.com\/2021\/10\/17\/trafic-presume-de-passeports-diplomatiques-seydou-gueye-parle-dacte-isole\/","og_site_name":"Nettali.com","article_publisher":"https:\/\/www.facebook.com\/nettalicom","article_published_time":"2021-10-17T13:14:23+00:00","og_image":[{"width":592,"height":296,"url":"https:\/\/www.nettali.com\/wp-content\/uploads\/2019\/03\/Seydou-Gueye.jpg","type":"image\/jpeg"}],"twitter_card":"summary_large_image","twitter_misc":{"\u00c9crit par":"Fatou","Dur\u00e9e de lecture estim\u00e9e":"1 minute"},"schema":{"@context":"https:\/\/schema.org","@graph":[{"@type":"WebSite","@id":"https:\/\/www.nettali.com\/#website","url":"https:\/\/www.nettali.com\/","name":"Nettali.com","description":"Le rendez-vous critique du Net","potentialAction":[{"@type":"SearchAction","target":{"@type":"EntryPoint","urlTemplate":"https:\/\/www.nettali.com\/?s={search_term_string}"},"query-input":"required name=search_term_string"}],"inLanguage":"fr-FR"},{"@type":"ImageObject","@id":"https:\/\/www.nettali.com\/2021\/10\/17\/trafic-presume-de-passeports-diplomatiques-seydou-gueye-parle-dacte-isole\/#primaryimage","inLanguage":"fr-FR","url":"https:\/\/www.nettali.com\/wp-content\/uploads\/2019\/03\/Seydou-Gueye.jpg","contentUrl":"https:\/\/www.nettali.com\/wp-content\/uploads\/2019\/03\/Seydou-Gueye.jpg","width":592,"height":296},{"@type":"WebPage","@id":"https:\/\/www.nettali.com\/2021\/10\/17\/trafic-presume-de-passeports-diplomatiques-seydou-gueye-parle-dacte-isole\/#webpage","url":"https:\/\/www.nettali.com\/2021\/10\/17\/trafic-presume-de-passeports-diplomatiques-seydou-gueye-parle-dacte-isole\/","name":"TRAFIC PR\u00c9SUM\u00c9 DE PASSEPORTS DIPLOMATIQUES -Seydou Gu\u00e8ye parle d\u2019acte isol\u00e9 | Nettali.com","isPartOf":{"@id":"https:\/\/www.nettali.com\/#website"},"primaryImageOfPage":{"@id":"https:\/\/www.nettali.com\/2021\/10\/17\/trafic-presume-de-passeports-diplomatiques-seydou-gueye-parle-dacte-isole\/#primaryimage"},"datePublished":"2021-10-17T13:14:23+00:00","dateModified":"2021-10-17T13:14:23+00:00","author":{"@id":"https:\/\/www.nettali.com\/#\/schema\/person\/418274a86bdf87caff7a3ef476bd0bbf"},"breadcrumb":{"@id":"https:\/\/www.nettali.com\/2021\/10\/17\/trafic-presume-de-passeports-diplomatiques-seydou-gueye-parle-dacte-isole\/#breadcrumb"},"inLanguage":"fr-FR","potentialAction":[{"@type":"ReadAction","target":["https:\/\/www.nettali.com\/2021\/10\/17\/trafic-presume-de-passeports-diplomatiques-seydou-gueye-parle-dacte-isole\/"]}]},{"@type":"BreadcrumbList","@id":"https:\/\/www.nettali.com\/2021\/10\/17\/trafic-presume-de-passeports-diplomatiques-seydou-gueye-parle-dacte-isole\/#breadcrumb","itemListElement":[{"@type":"ListItem","position":1,"name":"Accueil","item":"https:\/\/www.nettali.com\/"},{"@type":"ListItem","position":2,"name":"TRAFIC PR\u00c9SUM\u00c9 DE PASSEPORTS DIPLOMATIQUES -Seydou Gu\u00e8ye parle d\u2019acte isol\u00e9"}]},{"@type":"Person","@id":"https:\/\/www.nettali.com\/#\/schema\/person\/418274a86bdf87caff7a3ef476bd0bbf","name":"Fatou","image":{"@type":"ImageObject","@id":"https:\/\/www.nettali.com\/#personlogo","inLanguage":"fr-FR","url":"https:\/\/secure.gravatar.com\/avatar\/5a9442a2bee7b4dcf167cab035858e9a?s=96&d=mm&r=g","contentUrl":"https:\/\/secure.gravatar.com\/avatar\/5a9442a2bee7b4dcf167cab035858e9a?s=96&d=mm&r=g","caption":"Fatou"},"sameAs":["https:\/\/www.nettali.com"]}]}},"_links":{"self":[{"href":"https:\/\/www.nettali.com\/rest\/wp\/v2\/posts\/73907"}],"collection":[{"href":"https:\/\/www.nettali.com\/rest\/wp\/v2\/posts"}],"about":[{"href":"https:\/\/www.nettali.com\/rest\/wp\/v2\/types\/post"}],"author":[{"embeddable":true,"href":"https:\/\/www.nettali.com\/rest\/wp\/v2\/users\/6"}],"replies":[{"embeddable":true,"href":"https:\/\/www.nettali.com\/rest\/wp\/v2\/comments?post=73907"}],"version-history":[{"count":3,"href":"https:\/\/www.nettali.com\/rest\/wp\/v2\/posts\/73907\/revisions"}],"predecessor-version":[{"id":73912,"href":"https:\/\/www.nettali.com\/rest\/wp\/v2\/posts\/73907\/revisions\/73912"}],"wp:featuredmedia":[{"embeddable":true,"href":"https:\/\/www.nettali.com\/rest\/wp\/v2\/media\/2424"}],"wp:attachment":[{"href":"https:\/\/www.nettali.com\/rest\/wp\/v2\/media?parent=73907"}],"wp:term":[{"taxonomy":"category","embeddable":true,"href":"https:\/\/www.nettali.com\/rest\/wp\/v2\/categories?post=73907"},{"taxonomy":"post_tag","embeddable":true,"href":"https:\/\/www.nettali.com\/rest\/wp\/v2\/tags?post=73907"}],"curies":[{"name":"wp","href":"https:\/\/api.w.org\/{rel}","templated":true}]}}