{"id":73876,"date":"2021-10-16T17:40:28","date_gmt":"2021-10-16T17:40:28","guid":{"rendered":"https:\/\/www.nettali.com\/?p=73876"},"modified":"2021-10-16T17:40:28","modified_gmt":"2021-10-16T17:40:28","slug":"medina-baye-une-delegation-de-yewwi-askan-wi-recue-par-le-khalife","status":"publish","type":"post","link":"https:\/\/www.nettali.com\/2021\/10\/16\/medina-baye-une-delegation-de-yewwi-askan-wi-recue-par-le-khalife\/","title":{"rendered":"MEDINA BAYE - Une d\u00e9l\u00e9gation de Yewwi Askan Wi re\u00e7ue par le Khalife"},"content":{"rendered":"<p><strong>NETTALI.COM \u2013 Une forte d\u00e9l\u00e9gation de Yewwi askan Wi \u00a0a \u00e9t\u00e9 re\u00e7ue samedi par le khalife g\u00e9n\u00e9ral de M\u00e9dina Baye, en pr\u00e9lude au Gamou qui sera c\u00e9l\u00e9br\u00e9 dans la cit\u00e9 religieuse. \u00a0<\/strong><\/p>\n<p>\"Une forte d\u00e9l\u00e9gation de la coalition Yewwi Askan Wi a \u00e9t\u00e9 re\u00e7ue avec les honneurs cet apr\u00e8s-midi \u00e0 Medina Baye. Le Khalif Cheikh Mahi Niass a r\u00e9serv\u00e9 un accueil chaleureux \u00e0 ses h\u00f4tes du jour\", informe, samedi, \u00a0un communiqu\u00e9 de presse du service de communication de cette coalition.<\/p>\n<p>Outre Khalifa Sall, la d\u00e9l\u00e9gation comprenait Ousmane Sonko, Ameth A\u00efdara et les autres leaders venus dans la cit\u00e9 sainte pour effectuer un ziarra aupr\u00e8s du chef religieux en cette veille de c\u00e9l\u00e9bration du Gamou international de M\u00e9dina Baye.<\/p>\n<p>\"L\u2019ancien maire de Dakar Khalifa SALL, porte-parole du jour a d\u00e9livr\u00e9 le message de remerciement des leaders de la coalition au Khalif. Il en a aussi profit\u00e9 pour inviter Cheikh Mahi NIASS \u00e0 prier pour la coalition YAW et pour des \u00e9lections locales apais\u00e9es\", renseigne encore le texte.<\/p>\n<p>Prenant la parole, le Khalife a conseill\u00e9 \u00e0 ses h\u00f4tes de \" continuer de privil\u00e9gier l\u2019int\u00e9r\u00eat du S\u00e9n\u00e9gal et des S\u00e9n\u00e9galais en tout temps\".\" Il a formul\u00e9 des pri\u00e8res pour un S\u00e9n\u00e9gal de paix et de prosp\u00e9rit\u00e9\", indique la m\u00eame source.<\/p>\n<div class='share-to-whatsapp-wrapper'><div class='share-on-whsp'>PARTAGER SUR : <\/div><a data-text='MEDINA BAYE - Une d\u00e9l\u00e9gation de Yewwi Askan Wi re\u00e7ue par le Khalife' data-link='https:\/\/www.nettali.com\/2021\/10\/16\/medina-baye-une-delegation-de-yewwi-askan-wi-recue-par-le-khalife\/' class='whatsapp-button whatsapp-share'>WhatsApp<\/a><div class='clear '><\/div><\/div>","protected":false},"excerpt":{"rendered":"<p>NETTALI.COM \u2013 Une forte d\u00e9l\u00e9gation de Yewwi askan Wi \u00a0a \u00e9t\u00e9 re\u00e7ue samedi par le khalife g\u00e9n\u00e9ral de M\u00e9dina Baye, en pr\u00e9lude au Gamou qui sera c\u00e9l\u00e9br\u00e9 dans la cit\u00e9 religieuse. \u00a0 \"Une forte d\u00e9l\u00e9gation de la coalition Yewwi Askan Wi a \u00e9t\u00e9 re\u00e7ue avec les honneurs cet apr\u00e8s-midi \u00e0 Medina Baye. Le Khalif Cheikh [&hellip;]<\/p>\n","protected":false},"author":11,"featured_media":73877,"comment_status":"open","ping_status":"open","sticky":false,"template":"","format":"standard","meta":{"_et_pb_use_builder":"","_et_pb_old_content":""},"categories":[2],"tags":[],"yoast_head":"<!-- This site is optimized with the Yoast SEO Premium plugin v17.8 (Yoast SEO v17.8) - https:\/\/yoast.com\/wordpress\/plugins\/seo\/ -->\n<title>MEDINA BAYE - Une d\u00e9l\u00e9gation de Yewwi Askan Wi re\u00e7ue par le Khalife | Nettali.com<\/title>\n<meta name=\"robots\" content=\"index, follow, max-snippet:-1, max-image-preview:large, max-video-preview:-1\" \/>\n<link rel=\"canonical\" href=\"https:\/\/www.nettali.com\/2021\/10\/16\/medina-baye-une-delegation-de-yewwi-askan-wi-recue-par-le-khalife\/\" \/>\n<meta property=\"og:locale\" content=\"fr_FR\" \/>\n<meta property=\"og:type\" content=\"article\" \/>\n<meta property=\"og:title\" content=\"MEDINA BAYE - Une d\u00e9l\u00e9gation de Yewwi Askan Wi re\u00e7ue par le Khalife\" \/>\n<meta property=\"og:description\" content=\"NETTALI.COM \u2013 Une forte d\u00e9l\u00e9gation de Yewwi askan Wi \u00a0a \u00e9t\u00e9 re\u00e7ue samedi par le khalife g\u00e9n\u00e9ral de M\u00e9dina Baye, en pr\u00e9lude au Gamou qui sera c\u00e9l\u00e9br\u00e9 dans la cit\u00e9 religieuse. \u00a0 &quot;Une forte d\u00e9l\u00e9gation de la coalition Yewwi Askan Wi a \u00e9t\u00e9 re\u00e7ue avec les honneurs cet apr\u00e8s-midi \u00e0 Medina Baye. Le Khalif Cheikh [&hellip;]\" \/>\n<meta property=\"og:url\" content=\"https:\/\/www.nettali.com\/2021\/10\/16\/medina-baye-une-delegation-de-yewwi-askan-wi-recue-par-le-khalife\/\" \/>\n<meta property=\"og:site_name\" content=\"Nettali.com\" \/>\n<meta property=\"article:publisher\" content=\"https:\/\/www.facebook.com\/nettalicom\" \/>\n<meta property=\"article:published_time\" content=\"2021-10-16T17:40:28+00:00\" \/>\n<meta property=\"og:image\" content=\"https:\/\/www.nettali.com\/wp-content\/uploads\/2021\/10\/sonko-medina.jpg\" \/>\n\t<meta property=\"og:image:width\" content=\"1024\" \/>\n\t<meta property=\"og:image:height\" content=\"768\" \/>\n<meta name=\"twitter:card\" content=\"summary_large_image\" \/>\n<meta name=\"twitter:label1\" content=\"\u00c9crit par\" \/>\n\t<meta name=\"twitter:data1\" content=\"Thierno Diop\" \/>\n\t<meta name=\"twitter:label2\" content=\"Dur\u00e9e de lecture estim\u00e9e\" \/>\n\t<meta name=\"twitter:data2\" content=\"1 minute\" \/>\n<script type=\"application\/ld+json\" class=\"yoast-schema-graph\">{\"@context\":\"https:\/\/schema.org\",\"@graph\":[{\"@type\":\"WebSite\",\"@id\":\"https:\/\/www.nettali.com\/#website\",\"url\":\"https:\/\/www.nettali.com\/\",\"name\":\"Nettali.com\",\"description\":\"Le rendez-vous critique du Net\",\"potentialAction\":[{\"@type\":\"SearchAction\",\"target\":{\"@type\":\"EntryPoint\",\"urlTemplate\":\"https:\/\/www.nettali.com\/?s={search_term_string}\"},\"query-input\":\"required name=search_term_string\"}],\"inLanguage\":\"fr-FR\"},{\"@type\":\"ImageObject\",\"@id\":\"https:\/\/www.nettali.com\/2021\/10\/16\/medina-baye-une-delegation-de-yewwi-askan-wi-recue-par-le-khalife\/#primaryimage\",\"inLanguage\":\"fr-FR\",\"url\":\"https:\/\/www.nettali.com\/wp-content\/uploads\/2021\/10\/sonko-medina.jpg\",\"contentUrl\":\"https:\/\/www.nettali.com\/wp-content\/uploads\/2021\/10\/sonko-medina.jpg\",\"width\":1024,\"height\":768},{\"@type\":\"WebPage\",\"@id\":\"https:\/\/www.nettali.com\/2021\/10\/16\/medina-baye-une-delegation-de-yewwi-askan-wi-recue-par-le-khalife\/#webpage\",\"url\":\"https:\/\/www.nettali.com\/2021\/10\/16\/medina-baye-une-delegation-de-yewwi-askan-wi-recue-par-le-khalife\/\",\"name\":\"MEDINA BAYE - Une d\\u00e9l\\u00e9gation de Yewwi Askan Wi re\\u00e7ue par le Khalife | Nettali.com\",\"isPartOf\":{\"@id\":\"https:\/\/www.nettali.com\/#website\"},\"primaryImageOfPage\":{\"@id\":\"https:\/\/www.nettali.com\/2021\/10\/16\/medina-baye-une-delegation-de-yewwi-askan-wi-recue-par-le-khalife\/#primaryimage\"},\"datePublished\":\"2021-10-16T17:40:28+00:00\",\"dateModified\":\"2021-10-16T17:40:28+00:00\",\"author\":{\"@id\":\"https:\/\/www.nettali.com\/#\/schema\/person\/8a06c6bd7b19304cf4bf985862900b5b\"},\"breadcrumb\":{\"@id\":\"https:\/\/www.nettali.com\/2021\/10\/16\/medina-baye-une-delegation-de-yewwi-askan-wi-recue-par-le-khalife\/#breadcrumb\"},\"inLanguage\":\"fr-FR\",\"potentialAction\":[{\"@type\":\"ReadAction\",\"target\":[\"https:\/\/www.nettali.com\/2021\/10\/16\/medina-baye-une-delegation-de-yewwi-askan-wi-recue-par-le-khalife\/\"]}]},{\"@type\":\"BreadcrumbList\",\"@id\":\"https:\/\/www.nettali.com\/2021\/10\/16\/medina-baye-une-delegation-de-yewwi-askan-wi-recue-par-le-khalife\/#breadcrumb\",\"itemListElement\":[{\"@type\":\"ListItem\",\"position\":1,\"name\":\"Accueil\",\"item\":\"https:\/\/www.nettali.com\/\"},{\"@type\":\"ListItem\",\"position\":2,\"name\":\"MEDINA BAYE &#8211; Une d\\u00e9l\\u00e9gation de Yewwi Askan Wi re\\u00e7ue par le Khalife\"}]},{\"@type\":\"Person\",\"@id\":\"https:\/\/www.nettali.com\/#\/schema\/person\/8a06c6bd7b19304cf4bf985862900b5b\",\"name\":\"Thierno Diop\",\"image\":{\"@type\":\"ImageObject\",\"@id\":\"https:\/\/www.nettali.com\/#personlogo\",\"inLanguage\":\"fr-FR\",\"url\":\"https:\/\/secure.gravatar.com\/avatar\/c8ca58550c94fd2ac856d27391a6c866?s=96&d=mm&r=g\",\"contentUrl\":\"https:\/\/secure.gravatar.com\/avatar\/c8ca58550c94fd2ac856d27391a6c866?s=96&d=mm&r=g\",\"caption\":\"Thierno Diop\"},\"sameAs\":[\"https:\/\/nettali.com\"]}]}<\/script>\n<!-- \/ Yoast SEO Premium plugin. -->","yoast_head_json":{"title":"MEDINA BAYE - Une d\u00e9l\u00e9gation de Yewwi Askan Wi re\u00e7ue par le Khalife | Nettali.com","robots":{"index":"index","follow":"follow","max-snippet":"max-snippet:-1","max-image-preview":"max-image-preview:large","max-video-preview":"max-video-preview:-1"},"canonical":"https:\/\/www.nettali.com\/2021\/10\/16\/medina-baye-une-delegation-de-yewwi-askan-wi-recue-par-le-khalife\/","og_locale":"fr_FR","og_type":"article","og_title":"MEDINA BAYE - Une d\u00e9l\u00e9gation de Yewwi Askan Wi re\u00e7ue par le Khalife","og_description":"NETTALI.COM \u2013 Une forte d\u00e9l\u00e9gation de Yewwi askan Wi \u00a0a \u00e9t\u00e9 re\u00e7ue samedi par le khalife g\u00e9n\u00e9ral de M\u00e9dina Baye, en pr\u00e9lude au Gamou qui sera c\u00e9l\u00e9br\u00e9 dans la cit\u00e9 religieuse. \u00a0 \"Une forte d\u00e9l\u00e9gation de la coalition Yewwi Askan Wi a \u00e9t\u00e9 re\u00e7ue avec les honneurs cet apr\u00e8s-midi \u00e0 Medina Baye. Le Khalif Cheikh [&hellip;]","og_url":"https:\/\/www.nettali.com\/2021\/10\/16\/medina-baye-une-delegation-de-yewwi-askan-wi-recue-par-le-khalife\/","og_site_name":"Nettali.com","article_publisher":"https:\/\/www.facebook.com\/nettalicom","article_published_time":"2021-10-16T17:40:28+00:00","og_image":[{"width":1024,"height":768,"url":"https:\/\/www.nettali.com\/wp-content\/uploads\/2021\/10\/sonko-medina.jpg","type":"image\/jpeg"}],"twitter_card":"summary_large_image","twitter_misc":{"\u00c9crit par":"Thierno Diop","Dur\u00e9e de lecture estim\u00e9e":"1 minute"},"schema":{"@context":"https:\/\/schema.org","@graph":[{"@type":"WebSite","@id":"https:\/\/www.nettali.com\/#website","url":"https:\/\/www.nettali.com\/","name":"Nettali.com","description":"Le rendez-vous critique du Net","potentialAction":[{"@type":"SearchAction","target":{"@type":"EntryPoint","urlTemplate":"https:\/\/www.nettali.com\/?s={search_term_string}"},"query-input":"required name=search_term_string"}],"inLanguage":"fr-FR"},{"@type":"ImageObject","@id":"https:\/\/www.nettali.com\/2021\/10\/16\/medina-baye-une-delegation-de-yewwi-askan-wi-recue-par-le-khalife\/#primaryimage","inLanguage":"fr-FR","url":"https:\/\/www.nettali.com\/wp-content\/uploads\/2021\/10\/sonko-medina.jpg","contentUrl":"https:\/\/www.nettali.com\/wp-content\/uploads\/2021\/10\/sonko-medina.jpg","width":1024,"height":768},{"@type":"WebPage","@id":"https:\/\/www.nettali.com\/2021\/10\/16\/medina-baye-une-delegation-de-yewwi-askan-wi-recue-par-le-khalife\/#webpage","url":"https:\/\/www.nettali.com\/2021\/10\/16\/medina-baye-une-delegation-de-yewwi-askan-wi-recue-par-le-khalife\/","name":"MEDINA BAYE - Une d\u00e9l\u00e9gation de Yewwi Askan Wi re\u00e7ue par le Khalife | Nettali.com","isPartOf":{"@id":"https:\/\/www.nettali.com\/#website"},"primaryImageOfPage":{"@id":"https:\/\/www.nettali.com\/2021\/10\/16\/medina-baye-une-delegation-de-yewwi-askan-wi-recue-par-le-khalife\/#primaryimage"},"datePublished":"2021-10-16T17:40:28+00:00","dateModified":"2021-10-16T17:40:28+00:00","author":{"@id":"https:\/\/www.nettali.com\/#\/schema\/person\/8a06c6bd7b19304cf4bf985862900b5b"},"breadcrumb":{"@id":"https:\/\/www.nettali.com\/2021\/10\/16\/medina-baye-une-delegation-de-yewwi-askan-wi-recue-par-le-khalife\/#breadcrumb"},"inLanguage":"fr-FR","potentialAction":[{"@type":"ReadAction","target":["https:\/\/www.nettali.com\/2021\/10\/16\/medina-baye-une-delegation-de-yewwi-askan-wi-recue-par-le-khalife\/"]}]},{"@type":"BreadcrumbList","@id":"https:\/\/www.nettali.com\/2021\/10\/16\/medina-baye-une-delegation-de-yewwi-askan-wi-recue-par-le-khalife\/#breadcrumb","itemListElement":[{"@type":"ListItem","position":1,"name":"Accueil","item":"https:\/\/www.nettali.com\/"},{"@type":"ListItem","position":2,"name":"MEDINA BAYE &#8211; Une d\u00e9l\u00e9gation de Yewwi Askan Wi re\u00e7ue par le Khalife"}]},{"@type":"Person","@id":"https:\/\/www.nettali.com\/#\/schema\/person\/8a06c6bd7b19304cf4bf985862900b5b","name":"Thierno Diop","image":{"@type":"ImageObject","@id":"https:\/\/www.nettali.com\/#personlogo","inLanguage":"fr-FR","url":"https:\/\/secure.gravatar.com\/avatar\/c8ca58550c94fd2ac856d27391a6c866?s=96&d=mm&r=g","contentUrl":"https:\/\/secure.gravatar.com\/avatar\/c8ca58550c94fd2ac856d27391a6c866?s=96&d=mm&r=g","caption":"Thierno Diop"},"sameAs":["https:\/\/nettali.com"]}]}},"_links":{"self":[{"href":"https:\/\/www.nettali.com\/rest\/wp\/v2\/posts\/73876"}],"collection":[{"href":"https:\/\/www.nettali.com\/rest\/wp\/v2\/posts"}],"about":[{"href":"https:\/\/www.nettali.com\/rest\/wp\/v2\/types\/post"}],"author":[{"embeddable":true,"href":"https:\/\/www.nettali.com\/rest\/wp\/v2\/users\/11"}],"replies":[{"embeddable":true,"href":"https:\/\/www.nettali.com\/rest\/wp\/v2\/comments?post=73876"}],"version-history":[{"count":1,"href":"https:\/\/www.nettali.com\/rest\/wp\/v2\/posts\/73876\/revisions"}],"predecessor-version":[{"id":73878,"href":"https:\/\/www.nettali.com\/rest\/wp\/v2\/posts\/73876\/revisions\/73878"}],"wp:featuredmedia":[{"embeddable":true,"href":"https:\/\/www.nettali.com\/rest\/wp\/v2\/media\/73877"}],"wp:attachment":[{"href":"https:\/\/www.nettali.com\/rest\/wp\/v2\/media?parent=73876"}],"wp:term":[{"taxonomy":"category","embeddable":true,"href":"https:\/\/www.nettali.com\/rest\/wp\/v2\/categories?post=73876"},{"taxonomy":"post_tag","embeddable":true,"href":"https:\/\/www.nettali.com\/rest\/wp\/v2\/tags?post=73876"}],"curies":[{"name":"wp","href":"https:\/\/api.w.org\/{rel}","templated":true}]}}