{"id":73861,"date":"2021-10-16T10:43:44","date_gmt":"2021-10-16T10:43:44","guid":{"rendered":"https:\/\/www.nettali.com\/?p=73861"},"modified":"2021-10-16T10:43:44","modified_gmt":"2021-10-16T10:43:44","slug":"zemmour-devrait-reserver-ses-piques-a-macron-dit-marine-le-pen","status":"publish","type":"post","link":"https:\/\/www.nettali.com\/2021\/10\/16\/zemmour-devrait-reserver-ses-piques-a-macron-dit-marine-le-pen\/","title":{"rendered":"Zemmour devrait \"r\u00e9server ses piques\" \u00e0 Macron, dit Marine Le Pen"},"content":{"rendered":"<p>NETTALI.COM - La candidate du Rassemblement national Marine Le Pen a souhait\u00e9 samedi qu'Eric Zemmour, qui la talonne dans les sondages en vue de 2022, \"r\u00e9serve ses piques\" au chef de l'Etat Emmanuel Macron qui porte, selon elle, la \"responsabilit\u00e9\" de \"la situation du pays\".<\/p>\n<p>\"J'aimerais qu'Eric Zemmour prenne conscience que je n'ai aucune responsabilit\u00e9 dans la situation du pays et que c'est Emmanuel Macron qui est au pouvoir. Il devrait donc r\u00e9server ses piques au pr\u00e9sident de la R\u00e9publique plut\u00f4t qu'\u00e0 quelqu'un qui d\u00e9fend la France avec conviction, honn\u00eatet\u00e9 et pugnacit\u00e9 (depuis) plus longtemps que lui\", a affirm\u00e9 la candidate \u00e0 la pr\u00e9sidentielle en marge d'un d\u00e9placement \u00e0 Pernes-les-Fontaines, dans le Vaucluse.<\/p>\n<p>\"Je suis la mieux plac\u00e9e comme candidate nationale (...), je suis convaincu qu'\u00e0 un moment donn\u00e9 il l'entendra et viendra rejoindre ma candidature\", a-t-elle ajout\u00e9.<\/p>\n<p>Elle a salu\u00e9 les propos de l'eurod\u00e9put\u00e9 RN Gilbert Collard, qui a assist\u00e9 vendredi \u00e0 l'une des conf\u00e9rences du pol\u00e9miste et potentiel candidat \u00e0 N\u00eemes, dans le d\u00e9partement voisin du Gard, et rapport\u00e9 qu'il \u00e9tait venu \"comme lecteur et non comme \u00e9lecteur\". \"Je crois que le message est assez clair\", a dit Mme Le Pen.<\/p>\n<p>Marine Le Pen n'a pas non plus la \"moindre inqui\u00e9tude\" \u00e0 l'\u00e9gard du maire de B\u00e9ziers Robert M\u00e9nard, proche du RN, qui accueille ce samedi dans sa ville le pol\u00e9miste qui multiplie les piques envers la candidate du RN qu'il estime incapable de gagner en avril 2022.<\/p>\n<p>A propos d'une tribune d'enseignants parue vendredi dans le Figaro qui appellent \u00e0 soutenir M. Zemmour, parmi lesquels d'anciens militants RN, Marine Le Pen a affirm\u00e9 qu'il s'agissait de gens \"qui n'avaient pas \u00e9t\u00e9 r\u00e9investis par le RN\" ou n'avaient \"pas \u00e9t\u00e9 \u00e9lus\" et que \"c'est l'aigreur qui les fait rejoindre Eric Zemmour\".<\/p>\n<p>La candidate avait distribu\u00e9 juste avant des tracts sur le march\u00e9 de la ville, partageant notamment avec une commer\u00e7ante ses soucis sur le carburant. Pour les \"d\u00e9penses contraintes\" qui augmentent, Marine Le Pen a rappel\u00e9 sa proposition de faire baisser la TVA sur l'essence, l'\u00e9lectricit\u00e9 et le gaz de 20 \u00e0 5,5%.<\/p>\n<p>Pour Ginette 91 ans, \u00e9lectrice depuis toujours du RN, et sa fille Marie-Blanche, \"il faudrait\" que Marine Le Pen et Eric Zemmour \"s'allient\", car, si elles votent RN, elles \"aiment bien\" aussi le pol\u00e9miste qui leur \"fait passer de bons moments\".<\/p>\n<p>(Avec AFP)<\/p>\n<div class='share-to-whatsapp-wrapper'><div class='share-on-whsp'>PARTAGER SUR : <\/div><a data-text='Zemmour devrait \"r\u00e9server ses piques\" \u00e0 Macron, dit Marine Le Pen' data-link='https:\/\/www.nettali.com\/2021\/10\/16\/zemmour-devrait-reserver-ses-piques-a-macron-dit-marine-le-pen\/' class='whatsapp-button whatsapp-share'>WhatsApp<\/a><div class='clear '><\/div><\/div>","protected":false},"excerpt":{"rendered":"<p>NETTALI.COM - La candidate du Rassemblement national Marine Le Pen a souhait\u00e9 samedi qu'Eric Zemmour, qui la talonne dans les sondages en vue de 2022, \"r\u00e9serve ses piques\" au chef de l'Etat Emmanuel Macron qui porte, selon elle, la \"responsabilit\u00e9\" de \"la situation du pays\". \"J'aimerais qu'Eric Zemmour prenne conscience que je n'ai aucune responsabilit\u00e9 [&hellip;]<\/p>\n","protected":false},"author":11,"featured_media":73862,"comment_status":"open","ping_status":"open","sticky":false,"template":"","format":"standard","meta":{"_et_pb_use_builder":"","_et_pb_old_content":""},"categories":[8],"tags":[],"yoast_head":"<!-- This site is optimized with the Yoast SEO Premium plugin v17.8 (Yoast SEO v17.8) - https:\/\/yoast.com\/wordpress\/plugins\/seo\/ -->\n<title>Zemmour devrait &quot;r\u00e9server ses piques&quot; \u00e0 Macron, dit Marine Le Pen | Nettali.com<\/title>\n<meta name=\"robots\" content=\"index, follow, max-snippet:-1, max-image-preview:large, max-video-preview:-1\" \/>\n<link rel=\"canonical\" href=\"https:\/\/www.nettali.com\/2021\/10\/16\/zemmour-devrait-reserver-ses-piques-a-macron-dit-marine-le-pen\/\" \/>\n<meta property=\"og:locale\" content=\"fr_FR\" \/>\n<meta property=\"og:type\" content=\"article\" \/>\n<meta property=\"og:title\" content=\"Zemmour devrait &quot;r\u00e9server ses piques&quot; \u00e0 Macron, dit Marine Le Pen\" \/>\n<meta property=\"og:description\" content=\"NETTALI.COM - La candidate du Rassemblement national Marine Le Pen a souhait\u00e9 samedi qu&#039;Eric Zemmour, qui la talonne dans les sondages en vue de 2022, &quot;r\u00e9serve ses piques&quot; au chef de l&#039;Etat Emmanuel Macron qui porte, selon elle, la &quot;responsabilit\u00e9&quot; de &quot;la situation du pays&quot;. &quot;J&#039;aimerais qu&#039;Eric Zemmour prenne conscience que je n&#039;ai aucune responsabilit\u00e9 [&hellip;]\" \/>\n<meta property=\"og:url\" content=\"https:\/\/www.nettali.com\/2021\/10\/16\/zemmour-devrait-reserver-ses-piques-a-macron-dit-marine-le-pen\/\" \/>\n<meta property=\"og:site_name\" content=\"Nettali.com\" \/>\n<meta property=\"article:publisher\" content=\"https:\/\/www.facebook.com\/nettalicom\" \/>\n<meta property=\"article:published_time\" content=\"2021-10-16T10:43:44+00:00\" \/>\n<meta property=\"og:image\" content=\"https:\/\/www.nettali.com\/wp-content\/uploads\/2021\/10\/marine-le-pen.jpg\" \/>\n\t<meta property=\"og:image:width\" content=\"1000\" \/>\n\t<meta property=\"og:image:height\" content=\"750\" \/>\n<meta name=\"twitter:card\" content=\"summary_large_image\" \/>\n<meta name=\"twitter:label1\" content=\"\u00c9crit par\" \/>\n\t<meta name=\"twitter:data1\" content=\"Thierno Diop\" \/>\n\t<meta name=\"twitter:label2\" content=\"Dur\u00e9e de lecture estim\u00e9e\" \/>\n\t<meta name=\"twitter:data2\" content=\"2 minutes\" \/>\n<script type=\"application\/ld+json\" class=\"yoast-schema-graph\">{\"@context\":\"https:\/\/schema.org\",\"@graph\":[{\"@type\":\"WebSite\",\"@id\":\"https:\/\/www.nettali.com\/#website\",\"url\":\"https:\/\/www.nettali.com\/\",\"name\":\"Nettali.com\",\"description\":\"Le rendez-vous critique du Net\",\"potentialAction\":[{\"@type\":\"SearchAction\",\"target\":{\"@type\":\"EntryPoint\",\"urlTemplate\":\"https:\/\/www.nettali.com\/?s={search_term_string}\"},\"query-input\":\"required name=search_term_string\"}],\"inLanguage\":\"fr-FR\"},{\"@type\":\"ImageObject\",\"@id\":\"https:\/\/www.nettali.com\/2021\/10\/16\/zemmour-devrait-reserver-ses-piques-a-macron-dit-marine-le-pen\/#primaryimage\",\"inLanguage\":\"fr-FR\",\"url\":\"https:\/\/www.nettali.com\/wp-content\/uploads\/2021\/10\/marine-le-pen.jpg\",\"contentUrl\":\"https:\/\/www.nettali.com\/wp-content\/uploads\/2021\/10\/marine-le-pen.jpg\",\"width\":1000,\"height\":750},{\"@type\":\"WebPage\",\"@id\":\"https:\/\/www.nettali.com\/2021\/10\/16\/zemmour-devrait-reserver-ses-piques-a-macron-dit-marine-le-pen\/#webpage\",\"url\":\"https:\/\/www.nettali.com\/2021\/10\/16\/zemmour-devrait-reserver-ses-piques-a-macron-dit-marine-le-pen\/\",\"name\":\"Zemmour devrait \\\"r\\u00e9server ses piques\\\" \\u00e0 Macron, dit Marine Le Pen | Nettali.com\",\"isPartOf\":{\"@id\":\"https:\/\/www.nettali.com\/#website\"},\"primaryImageOfPage\":{\"@id\":\"https:\/\/www.nettali.com\/2021\/10\/16\/zemmour-devrait-reserver-ses-piques-a-macron-dit-marine-le-pen\/#primaryimage\"},\"datePublished\":\"2021-10-16T10:43:44+00:00\",\"dateModified\":\"2021-10-16T10:43:44+00:00\",\"author\":{\"@id\":\"https:\/\/www.nettali.com\/#\/schema\/person\/8a06c6bd7b19304cf4bf985862900b5b\"},\"breadcrumb\":{\"@id\":\"https:\/\/www.nettali.com\/2021\/10\/16\/zemmour-devrait-reserver-ses-piques-a-macron-dit-marine-le-pen\/#breadcrumb\"},\"inLanguage\":\"fr-FR\",\"potentialAction\":[{\"@type\":\"ReadAction\",\"target\":[\"https:\/\/www.nettali.com\/2021\/10\/16\/zemmour-devrait-reserver-ses-piques-a-macron-dit-marine-le-pen\/\"]}]},{\"@type\":\"BreadcrumbList\",\"@id\":\"https:\/\/www.nettali.com\/2021\/10\/16\/zemmour-devrait-reserver-ses-piques-a-macron-dit-marine-le-pen\/#breadcrumb\",\"itemListElement\":[{\"@type\":\"ListItem\",\"position\":1,\"name\":\"Accueil\",\"item\":\"https:\/\/www.nettali.com\/\"},{\"@type\":\"ListItem\",\"position\":2,\"name\":\"Zemmour devrait \\u00ab\\u00a0r\\u00e9server ses piques\\u00a0\\u00bb \\u00e0 Macron, dit Marine Le Pen\"}]},{\"@type\":\"Person\",\"@id\":\"https:\/\/www.nettali.com\/#\/schema\/person\/8a06c6bd7b19304cf4bf985862900b5b\",\"name\":\"Thierno Diop\",\"image\":{\"@type\":\"ImageObject\",\"@id\":\"https:\/\/www.nettali.com\/#personlogo\",\"inLanguage\":\"fr-FR\",\"url\":\"https:\/\/secure.gravatar.com\/avatar\/c8ca58550c94fd2ac856d27391a6c866?s=96&d=mm&r=g\",\"contentUrl\":\"https:\/\/secure.gravatar.com\/avatar\/c8ca58550c94fd2ac856d27391a6c866?s=96&d=mm&r=g\",\"caption\":\"Thierno Diop\"},\"sameAs\":[\"https:\/\/nettali.com\"]}]}<\/script>\n<!-- \/ Yoast SEO Premium plugin. -->","yoast_head_json":{"title":"Zemmour devrait \"r\u00e9server ses piques\" \u00e0 Macron, dit Marine Le Pen | Nettali.com","robots":{"index":"index","follow":"follow","max-snippet":"max-snippet:-1","max-image-preview":"max-image-preview:large","max-video-preview":"max-video-preview:-1"},"canonical":"https:\/\/www.nettali.com\/2021\/10\/16\/zemmour-devrait-reserver-ses-piques-a-macron-dit-marine-le-pen\/","og_locale":"fr_FR","og_type":"article","og_title":"Zemmour devrait \"r\u00e9server ses piques\" \u00e0 Macron, dit Marine Le Pen","og_description":"NETTALI.COM - La candidate du Rassemblement national Marine Le Pen a souhait\u00e9 samedi qu'Eric Zemmour, qui la talonne dans les sondages en vue de 2022, \"r\u00e9serve ses piques\" au chef de l'Etat Emmanuel Macron qui porte, selon elle, la \"responsabilit\u00e9\" de \"la situation du pays\". \"J'aimerais qu'Eric Zemmour prenne conscience que je n'ai aucune responsabilit\u00e9 [&hellip;]","og_url":"https:\/\/www.nettali.com\/2021\/10\/16\/zemmour-devrait-reserver-ses-piques-a-macron-dit-marine-le-pen\/","og_site_name":"Nettali.com","article_publisher":"https:\/\/www.facebook.com\/nettalicom","article_published_time":"2021-10-16T10:43:44+00:00","og_image":[{"width":1000,"height":750,"url":"https:\/\/www.nettali.com\/wp-content\/uploads\/2021\/10\/marine-le-pen.jpg","type":"image\/jpeg"}],"twitter_card":"summary_large_image","twitter_misc":{"\u00c9crit par":"Thierno Diop","Dur\u00e9e de lecture estim\u00e9e":"2 minutes"},"schema":{"@context":"https:\/\/schema.org","@graph":[{"@type":"WebSite","@id":"https:\/\/www.nettali.com\/#website","url":"https:\/\/www.nettali.com\/","name":"Nettali.com","description":"Le rendez-vous critique du Net","potentialAction":[{"@type":"SearchAction","target":{"@type":"EntryPoint","urlTemplate":"https:\/\/www.nettali.com\/?s={search_term_string}"},"query-input":"required name=search_term_string"}],"inLanguage":"fr-FR"},{"@type":"ImageObject","@id":"https:\/\/www.nettali.com\/2021\/10\/16\/zemmour-devrait-reserver-ses-piques-a-macron-dit-marine-le-pen\/#primaryimage","inLanguage":"fr-FR","url":"https:\/\/www.nettali.com\/wp-content\/uploads\/2021\/10\/marine-le-pen.jpg","contentUrl":"https:\/\/www.nettali.com\/wp-content\/uploads\/2021\/10\/marine-le-pen.jpg","width":1000,"height":750},{"@type":"WebPage","@id":"https:\/\/www.nettali.com\/2021\/10\/16\/zemmour-devrait-reserver-ses-piques-a-macron-dit-marine-le-pen\/#webpage","url":"https:\/\/www.nettali.com\/2021\/10\/16\/zemmour-devrait-reserver-ses-piques-a-macron-dit-marine-le-pen\/","name":"Zemmour devrait \"r\u00e9server ses piques\" \u00e0 Macron, dit Marine Le Pen | Nettali.com","isPartOf":{"@id":"https:\/\/www.nettali.com\/#website"},"primaryImageOfPage":{"@id":"https:\/\/www.nettali.com\/2021\/10\/16\/zemmour-devrait-reserver-ses-piques-a-macron-dit-marine-le-pen\/#primaryimage"},"datePublished":"2021-10-16T10:43:44+00:00","dateModified":"2021-10-16T10:43:44+00:00","author":{"@id":"https:\/\/www.nettali.com\/#\/schema\/person\/8a06c6bd7b19304cf4bf985862900b5b"},"breadcrumb":{"@id":"https:\/\/www.nettali.com\/2021\/10\/16\/zemmour-devrait-reserver-ses-piques-a-macron-dit-marine-le-pen\/#breadcrumb"},"inLanguage":"fr-FR","potentialAction":[{"@type":"ReadAction","target":["https:\/\/www.nettali.com\/2021\/10\/16\/zemmour-devrait-reserver-ses-piques-a-macron-dit-marine-le-pen\/"]}]},{"@type":"BreadcrumbList","@id":"https:\/\/www.nettali.com\/2021\/10\/16\/zemmour-devrait-reserver-ses-piques-a-macron-dit-marine-le-pen\/#breadcrumb","itemListElement":[{"@type":"ListItem","position":1,"name":"Accueil","item":"https:\/\/www.nettali.com\/"},{"@type":"ListItem","position":2,"name":"Zemmour devrait \u00ab\u00a0r\u00e9server ses piques\u00a0\u00bb \u00e0 Macron, dit Marine Le Pen"}]},{"@type":"Person","@id":"https:\/\/www.nettali.com\/#\/schema\/person\/8a06c6bd7b19304cf4bf985862900b5b","name":"Thierno Diop","image":{"@type":"ImageObject","@id":"https:\/\/www.nettali.com\/#personlogo","inLanguage":"fr-FR","url":"https:\/\/secure.gravatar.com\/avatar\/c8ca58550c94fd2ac856d27391a6c866?s=96&d=mm&r=g","contentUrl":"https:\/\/secure.gravatar.com\/avatar\/c8ca58550c94fd2ac856d27391a6c866?s=96&d=mm&r=g","caption":"Thierno Diop"},"sameAs":["https:\/\/nettali.com"]}]}},"_links":{"self":[{"href":"https:\/\/www.nettali.com\/rest\/wp\/v2\/posts\/73861"}],"collection":[{"href":"https:\/\/www.nettali.com\/rest\/wp\/v2\/posts"}],"about":[{"href":"https:\/\/www.nettali.com\/rest\/wp\/v2\/types\/post"}],"author":[{"embeddable":true,"href":"https:\/\/www.nettali.com\/rest\/wp\/v2\/users\/11"}],"replies":[{"embeddable":true,"href":"https:\/\/www.nettali.com\/rest\/wp\/v2\/comments?post=73861"}],"version-history":[{"count":1,"href":"https:\/\/www.nettali.com\/rest\/wp\/v2\/posts\/73861\/revisions"}],"predecessor-version":[{"id":73863,"href":"https:\/\/www.nettali.com\/rest\/wp\/v2\/posts\/73861\/revisions\/73863"}],"wp:featuredmedia":[{"embeddable":true,"href":"https:\/\/www.nettali.com\/rest\/wp\/v2\/media\/73862"}],"wp:attachment":[{"href":"https:\/\/www.nettali.com\/rest\/wp\/v2\/media?parent=73861"}],"wp:term":[{"taxonomy":"category","embeddable":true,"href":"https:\/\/www.nettali.com\/rest\/wp\/v2\/categories?post=73861"},{"taxonomy":"post_tag","embeddable":true,"href":"https:\/\/www.nettali.com\/rest\/wp\/v2\/tags?post=73861"}],"curies":[{"name":"wp","href":"https:\/\/api.w.org\/{rel}","templated":true}]}}