{"id":73847,"date":"2021-10-16T08:00:06","date_gmt":"2021-10-16T08:00:06","guid":{"rendered":"https:\/\/www.nettali.com\/?p=73847"},"modified":"2021-10-18T09:38:16","modified_gmt":"2021-10-18T09:38:16","slug":"coup-de-pilon-imbroglio-diplomatique","status":"publish","type":"post","link":"https:\/\/www.nettali.com\/2021\/10\/16\/coup-de-pilon-imbroglio-diplomatique\/","title":{"rendered":"COUP DE PILON - Imbroglio \u00ab diplomatique \u00bb !"},"content":{"rendered":"<p><strong>NETTALI.COM - C\u2019est une grosse plaie pour la bonne gouvernance s\u00e9n\u00e9galaise que ce dossier de trafic de passeports diplomatiques ! Un gros scandale, devrions-nous dire pour certains pouvoirs autour de l\u2019Etat.<\/strong><\/p>\n<p>Devrions-nous nous inqui\u00e9ter des postures de Moustapha Niasse et d\u2019A\u00efssata Tall Sall dans cette affaire de trafic de passeports diplomatiques ? Difficile de savoir en effet qui est le plus \u00e0 plaindre dans cette affaire, tant leurs attitudes et postures sont condamnables. Si A\u00efssata Sall, lors de sa sortie h\u00e9las bien tardive, s\u2019est r\u00e9fugi\u00e9e derri\u00e8re la s\u00e9paration des pouvoirs et le secret de l\u2019enqu\u00eate, c\u2019est la m\u00eame tentative de se d\u00e9douaner qui a \u00e9t\u00e9 not\u00e9e chez Niasse. Ce qui laisse penser qu\u2019on a du souci \u00e0 se faire quant \u00e0 la gouvernance de ce pays par nos institutions respectives.<\/p>\n<p>Dans le cas de la ministre des Affaires \u00e9trang\u00e8res, sa posture aurait \u00e9t\u00e9, disons-le clairement, en cas de fraude suspect\u00e9e ou constat\u00e9e dans son minist\u00e8re, comme premier acte \u00e0 poser, de faire arr\u00eater la saign\u00e9e. Seule en effet une enqu\u00eate interne diligent\u00e9e, aurait pu \u00e9difier sur les manquements. Mais en lieu et place, c\u2019est la s\u00e9paration des pouvoirs qui a \u00e9t\u00e9 invoqu\u00e9e. Le truc hyper facile pour faire le dos rond, surtout pour une avocate doubl\u00e9e de politique !<\/p>\n<p>Dans le cas Niasse, l\u2019ouverture de la session unique de l\u2019Assembl\u00e9e nationale, a servi de pr\u00e9texte pour livrer l\u2019information selon laquelle, la conf\u00e9rence des pr\u00e9sidents allait se pencher sur la demande de lev\u00e9e de l\u2019immunit\u00e9 parlementaire des d\u00e9put\u00e9s Mamadou Sall et Boubacar Biaye. \u00ab<em>Le d\u00e9put\u00e9 est un citoyen. Il est responsable de son comportement devant la loi et la Justice. L\u2019Assembl\u00e9e ne peut pas aller chez chaque d\u00e9put\u00e9 pour savoir quel th\u00e9, il boit le matin ou quel caf\u00e9 il boit avant de s\u2019endormir. Cela doit \u00eatre clair pour tout le monde. Chacun est responsable des actes qu\u2019il pose (\u2026) Mais le d\u00e9put\u00e9 \u00e9tant un citoyen, la lev\u00e9e de l\u2019immunit\u00e9 a une seule vocation et un seul objectif : permettre \u00e0 la Justice de disposer de la personne du d\u00e9put\u00e9. Si le d\u00e9put\u00e9 n\u2019a rien fait, le proc\u00e8s va d\u00e9monter qu\u2019il n\u2019a rien fait. S\u2019il est fautif la loi s\u2019appliquera \u00e0 lui. Je veux que ce soit clair de fa\u00e7on d\u00e9finitive. L\u2019Assembl\u00e9e nationale ne peut \u00eatre responsable des actes que posent les d\u00e9put\u00e9s chez eux ou quand ils ne sont pas en s\u00e9ance pl\u00e9ni\u00e8re. C\u2019est tr\u00e8s important que tout le monde le sache. J\u2019ai voulu faire cette mise au point, pas dans un esprit pol\u00e9mique, mais pour prot\u00e9ger l\u2019institution parlementaire<\/em>\u00a0\u00bb, a ass\u00e9n\u00e9 le pr\u00e9sident de l\u2019Assembl\u00e9e nationale, avant de tenter de rassurer : \u00ab <em>Je puis vous dire que la demande de lev\u00e9e d\u2019immunit\u00e9 de nos coll\u00e8gues sera trait\u00e9e conform\u00e9ment \u00e0 la constitution du S\u00e9n\u00e9gal et du r\u00e8glement int\u00e9rieur de l\u2019Assembl\u00e9e nationale dans le souci strict de respect des proc\u00e9dures. J\u2019y veillerai personnellement, \u00e0 chaque \u00e9tape, avec toutes les instances comp\u00e9tentes et les d\u00e9put\u00e9s concern\u00e9s, comme nous l\u2019avons toujours fait dans la transparence absolue. Lundi \u00e0 11 heures, le bureau de l\u2019Assembl\u00e9e nationale va se r\u00e9unir sur ce dossier pour d\u00e9marrer la proc\u00e9dure (\u2026) J\u2019y veillerai personnellement\u2026<\/em> \u00bb<\/p>\n<p>Une fois cela dit, Niasse qui est un commis de l\u2019Etat qui a presque travers\u00e9 toutes les gouvernances, de Senghor \u00e0 Macky Sall, en passant par Abdou Diouf et Abdoulaye Wade, ne peut nullement ignorer que la d\u00e9tention d\u2019un passeport diplomatique, est un privil\u00e8ge fait \u00e0 l\u2019Assembl\u00e9e nationale ; de m\u00eame qu\u2019au d\u00e9put\u00e9 ou encore au ministre de la r\u00e9publique. R\u00e9cemment, le m\u00eame privil\u00e8ge est accord\u00e9 aux joueurs de l\u2019\u00e9quipe nationale de football. La responsabilit\u00e9 de l\u2019institution et du chef de l\u2019institution qu\u2019il est, ne peut d\u00e8s lors nullement \u00eatre occult\u00e9e, surtout lorsque l\u2019Assembl\u00e9e dont rel\u00e8ve le d\u00e9put\u00e9 n\u2019assume pas la sienne qui est de centraliser les demandes de passeports diplomatiques et de contr\u00f4ler les pi\u00e8ces exig\u00e9es. L\u2019on ne va quand m\u00eame pas nous faire croire que les demandes sont adress\u00e9es au minist\u00e8re des Affaires \u00e9trang\u00e8res \u00e0 l\u2019aveuglette et que la r\u00e8gle ne serait que le simple d\u00e9p\u00f4t sans contr\u00f4le. D\u2019ailleurs, Yaxam Mbaye qui \u00e9tait montr\u00e9 au cr\u00e9neau \u00e0 l\u2019\u00e9mission \u00ab Face to face \u00bb de la TFM, y \u00e9tait all\u00e9 de son \u00e9tonnement pour demander \u00abcomment une personne peut avoir 31 \u00e9pouses\u00bb sans que cela ne puisse alerter ni l\u2019Assembl\u00e9e nationale, ni le minist\u00e8re des Affaires \u00e9trang\u00e8res. Mieux, au m\u00e9pris du Code de la famille et des m\u0153urs S\u00e9n\u00e9galaises, l\u2019un des mariages est scell\u00e9 entre un homme et\u2026un homme !<\/p>\n<p>Niasse se trompe lourdement. Il ne peut nullement attribuer la responsabilit\u00e9 d\u2019une telle affaire au seul comportement du d\u00e9put\u00e9. Autant dans le cas de Bougazelli, accus\u00e9 de trafic de faux billets, il aurait pu utiliser un tel argument, \u00e9tant entendu que les faux billets n\u2019ont aucun lien avec l\u2019h\u00e9micycle ; autant le passeport diplomatique lui, est attach\u00e9 \u00e0 un privil\u00e8ge de l\u2019Assembl\u00e9e, donc fortement li\u00e9 \u00e0 cette derni\u00e8re. Un argument qui ne peut d\u00e8s lors pas du tout prosp\u00e9rer.<\/p>\n<p>Un fait qui semble fortement plaider en d\u00e9faveur de Niasse et d\u2019A\u00efssata Tall, est que l\u2019enqu\u00eate de la gendarmerie a permis de savoir qu\u2019il y a eu des personnes trouv\u00e9es porteuses de passeports diplomatiques, alors qu\u2019elles n\u2019en avaient manifestement pas droit. Il convient m\u00eame de pr\u00e9ciser que tout passeport est d\u00e9livr\u00e9 sur la base d\u2019un dossier d\u00e9pos\u00e9. Les perquisitions ont \u00e9galement permis de saisir de faux certificats de mariage, documents qui ont servi \u00e0 obtenir ces passeports diplomatiques. A partir de ce moment-l\u00e0, le minist\u00e8re des Affaires \u00e9trang\u00e8res ne pouvait ne pas ouvrir une enqu\u00eate administrative. On attendait que la ministre Sall nous dise qu\u2019une enqu\u00eate a \u00e9t\u00e9 initi\u00e9e au sein de son minist\u00e8re. Idem pour l\u2019Assembl\u00e9e nationale. Mais au regard des propos tenus par Moustapha Niasse, il ne semble lier les faits qu\u2019\u00e0 la responsabilit\u00e9 du seul d\u00e9put\u00e9 !<\/p>\n<p>De m\u00eame, une tentative aussi vaine qu\u2019inutile, a \u00e9t\u00e9 celle de Yaxam, \u00e0 l\u2019\u00e9mission \u00ab <em>Face to face<\/em> \u00bb, de chercher \u00e0 d\u00e9douaner le pr\u00e9sident Sall en transposant l\u2019affaire sur le terrain politique. \u00ab \u00c9voquer la s\u00e9paration des pouvoirs, ce sont des balivernes (Ay wakhou picc leu). Un gouvernement a une charge politique. Les d\u00e9put\u00e9s sont des ayants droits. Parce que la loi organique de l\u2019Assembl\u00e9e nationale a \u00e9t\u00e9 modifi\u00e9e pour ce faire. Donc le pr\u00e9sident n\u2019y a rien \u00e0 voir. Cela rel\u00e8ve du minist\u00e8re des Affaires \u00e9trang\u00e8res. Quand un probl\u00e8me se pose, c\u2019est politique, il faut monter au cr\u00e9neau et d\u00e9fendre celui qu\u2019on doit d\u00e9fendre et s\u2019expliquer. Mais ce mutisme est intol\u00e9rable et c\u2019est injustifiable. Absolument rien ne le justifie (\u2026) \u00bb, avait fait savoir Yaxam Mbaye, le directeur g\u00e9n\u00e9ral du quotidien \u201cLe Soleil\u201d, ajoutant que : \u00ab<em>c\u2019est une affaire qui a eu des \u00e9chos jusqu\u2019\u00e0 l\u2019international. Aucun mutisme n\u2019\u00e9tait tol\u00e9rable. Il faut situer les responsabilit\u00e9s (\u2026) Comment une personne peut avoir 31 \u00e9pouses ?<\/em> \u00bb<\/p>\n<p>Et Yakham Mbaye de souligner : \u00ab <em>Si ces passeports \u00e9taient d\u00e9livr\u00e9s \u00e0 la pr\u00e9sidence, \u00e0 partir des d\u00e9rogations du pr\u00e9sident, on pouvait \u00e9voquer cela. Les passeports diplomatiques n\u2019ont pas \u00e9t\u00e9 d\u00e9livr\u00e9s au minist\u00e8re de la d\u00e9fense. C\u2019est au minist\u00e8re des Affaires \u00e9trang\u00e8res qu\u2019ils l\u2019ont \u00e9t\u00e9. On \u00e9voque la s\u00e9paration des pouvoirs quand \u00e7a nous arrange. C\u2019est un probl\u00e8me de d\u00e9ficit de d\u00e9fense du pr\u00e9sident de la R\u00e9publique. Quand une question se pose et qui est politique, il faut d\u00e9fendre celui que tu dois d\u00e9fendre. Et s\u2019expliquer (\u2026)<\/em> \u00bb.<\/p>\n<p>Sauf que cette affaire n\u2019a rien de politique. A la v\u00e9rit\u00e9, elle sape les fondements m\u00eame d\u2019une R\u00e9publique, car l\u2019un des attributs d\u2019un Etat, c\u2019est sa souverainet\u00e9. Et le passeport est justement, l\u2019un des outils de ses instruments.<\/p>\n<p>Yaxam a d\u00fb certainement oublier qu\u2019il ne s\u2019agissait en effet ici nullement d\u2019une question partisane, mais plut\u00f4t de d\u00e9fense de l\u2019image du S\u00e9n\u00e9gal sur le plan international, surtout pour une ministre, A\u00efssata Sall en l\u2019occurrence, qui est sous l\u2019autorit\u00e9 du pr\u00e9sident de la R\u00e9publique.<\/p>\n<p>Yaxam ne s\u2019\u00e9tait pas arr\u00eat\u00e9 l\u00e0 puisqu\u2019il s\u2019\u00e9tait plaint des lenteurs not\u00e9es dans la proc\u00e9dure de lev\u00e9e de l\u2019immunit\u00e9 parlementaire des d\u00e9put\u00e9s de Benno Book Yakaar accus\u00e9s : \u00ab <em>La v\u00e9rit\u00e9 c\u2019est que ce retard-l\u00e0, les S\u00e9n\u00e9galais ne peuvent pas le comprendre. Qu\u2019on se dise la v\u00e9rit\u00e9. Qu\u2019on fasse les choses comme cela a \u00e9t\u00e9 fait dans l\u2019affaire Sonko. S\u2019ils ne le font pas, ce sont des choses qui se retournent contre nous. Car les gens diront que c\u2019est parce que ces d\u00e9put\u00e9s sont de notre camp\u2026<\/em> \u00bb<\/p>\n<p>Avec cette promesse du d\u00e9clenchement de la proc\u00e9dure, les S\u00e9n\u00e9galais notent enfin une lueur d\u2019espoir, m\u00eame l\u2019exp\u00e9rience a suffisamment montr\u00e9 que ce n\u2019est pas demain la veille pour une transparence dans ce genres d\u2019affaires dans lesquelles, l\u2019Etat est en cause.<\/p>\n<div class='share-to-whatsapp-wrapper'><div class='share-on-whsp'>PARTAGER SUR : <\/div><a data-text='COUP DE PILON - Imbroglio \u00ab diplomatique \u00bb !' data-link='https:\/\/www.nettali.com\/2021\/10\/16\/coup-de-pilon-imbroglio-diplomatique\/' class='whatsapp-button whatsapp-share'>WhatsApp<\/a><div class='clear '><\/div><\/div>","protected":false},"excerpt":{"rendered":"<p>NETTALI.COM - C\u2019est une grosse plaie pour la bonne gouvernance s\u00e9n\u00e9galaise que ce dossier de trafic de passeports diplomatiques ! Un gros scandale, devrions-nous dire pour certains pouvoirs autour de l\u2019Etat. Devrions-nous nous inqui\u00e9ter des postures de Moustapha Niasse et d\u2019A\u00efssata Tall Sall dans cette affaire de trafic de passeports diplomatiques ? Difficile de savoir [&hellip;]<\/p>\n","protected":false},"author":2,"featured_media":73850,"comment_status":"open","ping_status":"open","sticky":false,"template":"","format":"standard","meta":{"_et_pb_use_builder":"","_et_pb_old_content":""},"categories":[34932],"tags":[],"yoast_head":"<!-- This site is optimized with the Yoast SEO Premium plugin v17.8 (Yoast SEO v17.8) - https:\/\/yoast.com\/wordpress\/plugins\/seo\/ -->\n<title>COUP DE PILON - Imbroglio \u00ab diplomatique \u00bb ! | Nettali.com<\/title>\n<meta name=\"robots\" content=\"index, follow, max-snippet:-1, max-image-preview:large, max-video-preview:-1\" \/>\n<link rel=\"canonical\" href=\"https:\/\/www.nettali.com\/2021\/10\/16\/coup-de-pilon-imbroglio-diplomatique\/\" \/>\n<meta property=\"og:locale\" content=\"fr_FR\" \/>\n<meta property=\"og:type\" content=\"article\" \/>\n<meta property=\"og:title\" content=\"COUP DE PILON - Imbroglio \u00ab diplomatique \u00bb !\" \/>\n<meta property=\"og:description\" content=\"NETTALI.COM - C\u2019est une grosse plaie pour la bonne gouvernance s\u00e9n\u00e9galaise que ce dossier de trafic de passeports diplomatiques ! Un gros scandale, devrions-nous dire pour certains pouvoirs autour de l\u2019Etat. Devrions-nous nous inqui\u00e9ter des postures de Moustapha Niasse et d\u2019A\u00efssata Tall Sall dans cette affaire de trafic de passeports diplomatiques ? Difficile de savoir [&hellip;]\" \/>\n<meta property=\"og:url\" content=\"https:\/\/www.nettali.com\/2021\/10\/16\/coup-de-pilon-imbroglio-diplomatique\/\" \/>\n<meta property=\"og:site_name\" content=\"Nettali.com\" \/>\n<meta property=\"article:publisher\" content=\"https:\/\/www.facebook.com\/nettalicom\" \/>\n<meta property=\"article:published_time\" content=\"2021-10-16T08:00:06+00:00\" \/>\n<meta property=\"article:modified_time\" content=\"2021-10-18T09:38:16+00:00\" \/>\n<meta property=\"og:image\" content=\"https:\/\/www.nettali.com\/wp-content\/uploads\/2021\/10\/sall-niasse-tall-sall-mbaye-1.jpg\" \/>\n\t<meta property=\"og:image:width\" content=\"1280\" \/>\n\t<meta property=\"og:image:height\" content=\"600\" \/>\n<meta name=\"twitter:card\" content=\"summary_large_image\" \/>\n<meta name=\"twitter:label1\" content=\"\u00c9crit par\" \/>\n\t<meta name=\"twitter:data1\" content=\"CK\" \/>\n\t<meta name=\"twitter:label2\" content=\"Dur\u00e9e de lecture estim\u00e9e\" \/>\n\t<meta name=\"twitter:data2\" content=\"7 minutes\" \/>\n<script type=\"application\/ld+json\" class=\"yoast-schema-graph\">{\"@context\":\"https:\/\/schema.org\",\"@graph\":[{\"@type\":\"WebSite\",\"@id\":\"https:\/\/www.nettali.com\/#website\",\"url\":\"https:\/\/www.nettali.com\/\",\"name\":\"Nettali.com\",\"description\":\"Le rendez-vous critique du Net\",\"potentialAction\":[{\"@type\":\"SearchAction\",\"target\":{\"@type\":\"EntryPoint\",\"urlTemplate\":\"https:\/\/www.nettali.com\/?s={search_term_string}\"},\"query-input\":\"required name=search_term_string\"}],\"inLanguage\":\"fr-FR\"},{\"@type\":\"ImageObject\",\"@id\":\"https:\/\/www.nettali.com\/2021\/10\/16\/coup-de-pilon-imbroglio-diplomatique\/#primaryimage\",\"inLanguage\":\"fr-FR\",\"url\":\"https:\/\/www.nettali.com\/wp-content\/uploads\/2021\/10\/sall-niasse-tall-sall-mbaye-1.jpg\",\"contentUrl\":\"https:\/\/www.nettali.com\/wp-content\/uploads\/2021\/10\/sall-niasse-tall-sall-mbaye-1.jpg\",\"width\":1280,\"height\":600},{\"@type\":\"WebPage\",\"@id\":\"https:\/\/www.nettali.com\/2021\/10\/16\/coup-de-pilon-imbroglio-diplomatique\/#webpage\",\"url\":\"https:\/\/www.nettali.com\/2021\/10\/16\/coup-de-pilon-imbroglio-diplomatique\/\",\"name\":\"COUP DE PILON - Imbroglio \\u00ab diplomatique \\u00bb ! | Nettali.com\",\"isPartOf\":{\"@id\":\"https:\/\/www.nettali.com\/#website\"},\"primaryImageOfPage\":{\"@id\":\"https:\/\/www.nettali.com\/2021\/10\/16\/coup-de-pilon-imbroglio-diplomatique\/#primaryimage\"},\"datePublished\":\"2021-10-16T08:00:06+00:00\",\"dateModified\":\"2021-10-18T09:38:16+00:00\",\"author\":{\"@id\":\"https:\/\/www.nettali.com\/#\/schema\/person\/d8ac7b7e27ddad43f1c0d2ef090d7f71\"},\"breadcrumb\":{\"@id\":\"https:\/\/www.nettali.com\/2021\/10\/16\/coup-de-pilon-imbroglio-diplomatique\/#breadcrumb\"},\"inLanguage\":\"fr-FR\",\"potentialAction\":[{\"@type\":\"ReadAction\",\"target\":[\"https:\/\/www.nettali.com\/2021\/10\/16\/coup-de-pilon-imbroglio-diplomatique\/\"]}]},{\"@type\":\"BreadcrumbList\",\"@id\":\"https:\/\/www.nettali.com\/2021\/10\/16\/coup-de-pilon-imbroglio-diplomatique\/#breadcrumb\",\"itemListElement\":[{\"@type\":\"ListItem\",\"position\":1,\"name\":\"Accueil\",\"item\":\"https:\/\/www.nettali.com\/\"},{\"@type\":\"ListItem\",\"position\":2,\"name\":\"COUP DE PILON &#8211; Imbroglio \\u00ab diplomatique \\u00bb !\"}]},{\"@type\":\"Person\",\"@id\":\"https:\/\/www.nettali.com\/#\/schema\/person\/d8ac7b7e27ddad43f1c0d2ef090d7f71\",\"name\":\"CK\",\"image\":{\"@type\":\"ImageObject\",\"@id\":\"https:\/\/www.nettali.com\/#personlogo\",\"inLanguage\":\"fr-FR\",\"url\":\"https:\/\/secure.gravatar.com\/avatar\/1d8d5118b9327d94da7cd4ce7f17fec2?s=96&d=mm&r=g\",\"contentUrl\":\"https:\/\/secure.gravatar.com\/avatar\/1d8d5118b9327d94da7cd4ce7f17fec2?s=96&d=mm&r=g\",\"caption\":\"CK\"},\"sameAs\":[\"https:\/\/www.nettali.com\"]}]}<\/script>\n<!-- \/ Yoast SEO Premium plugin. -->","yoast_head_json":{"title":"COUP DE PILON - Imbroglio \u00ab diplomatique \u00bb ! | Nettali.com","robots":{"index":"index","follow":"follow","max-snippet":"max-snippet:-1","max-image-preview":"max-image-preview:large","max-video-preview":"max-video-preview:-1"},"canonical":"https:\/\/www.nettali.com\/2021\/10\/16\/coup-de-pilon-imbroglio-diplomatique\/","og_locale":"fr_FR","og_type":"article","og_title":"COUP DE PILON - Imbroglio \u00ab diplomatique \u00bb !","og_description":"NETTALI.COM - C\u2019est une grosse plaie pour la bonne gouvernance s\u00e9n\u00e9galaise que ce dossier de trafic de passeports diplomatiques ! Un gros scandale, devrions-nous dire pour certains pouvoirs autour de l\u2019Etat. Devrions-nous nous inqui\u00e9ter des postures de Moustapha Niasse et d\u2019A\u00efssata Tall Sall dans cette affaire de trafic de passeports diplomatiques ? Difficile de savoir [&hellip;]","og_url":"https:\/\/www.nettali.com\/2021\/10\/16\/coup-de-pilon-imbroglio-diplomatique\/","og_site_name":"Nettali.com","article_publisher":"https:\/\/www.facebook.com\/nettalicom","article_published_time":"2021-10-16T08:00:06+00:00","article_modified_time":"2021-10-18T09:38:16+00:00","og_image":[{"width":1280,"height":600,"url":"https:\/\/www.nettali.com\/wp-content\/uploads\/2021\/10\/sall-niasse-tall-sall-mbaye-1.jpg","type":"image\/jpeg"}],"twitter_card":"summary_large_image","twitter_misc":{"\u00c9crit par":"CK","Dur\u00e9e de lecture estim\u00e9e":"7 minutes"},"schema":{"@context":"https:\/\/schema.org","@graph":[{"@type":"WebSite","@id":"https:\/\/www.nettali.com\/#website","url":"https:\/\/www.nettali.com\/","name":"Nettali.com","description":"Le rendez-vous critique du Net","potentialAction":[{"@type":"SearchAction","target":{"@type":"EntryPoint","urlTemplate":"https:\/\/www.nettali.com\/?s={search_term_string}"},"query-input":"required name=search_term_string"}],"inLanguage":"fr-FR"},{"@type":"ImageObject","@id":"https:\/\/www.nettali.com\/2021\/10\/16\/coup-de-pilon-imbroglio-diplomatique\/#primaryimage","inLanguage":"fr-FR","url":"https:\/\/www.nettali.com\/wp-content\/uploads\/2021\/10\/sall-niasse-tall-sall-mbaye-1.jpg","contentUrl":"https:\/\/www.nettali.com\/wp-content\/uploads\/2021\/10\/sall-niasse-tall-sall-mbaye-1.jpg","width":1280,"height":600},{"@type":"WebPage","@id":"https:\/\/www.nettali.com\/2021\/10\/16\/coup-de-pilon-imbroglio-diplomatique\/#webpage","url":"https:\/\/www.nettali.com\/2021\/10\/16\/coup-de-pilon-imbroglio-diplomatique\/","name":"COUP DE PILON - Imbroglio \u00ab diplomatique \u00bb ! | Nettali.com","isPartOf":{"@id":"https:\/\/www.nettali.com\/#website"},"primaryImageOfPage":{"@id":"https:\/\/www.nettali.com\/2021\/10\/16\/coup-de-pilon-imbroglio-diplomatique\/#primaryimage"},"datePublished":"2021-10-16T08:00:06+00:00","dateModified":"2021-10-18T09:38:16+00:00","author":{"@id":"https:\/\/www.nettali.com\/#\/schema\/person\/d8ac7b7e27ddad43f1c0d2ef090d7f71"},"breadcrumb":{"@id":"https:\/\/www.nettali.com\/2021\/10\/16\/coup-de-pilon-imbroglio-diplomatique\/#breadcrumb"},"inLanguage":"fr-FR","potentialAction":[{"@type":"ReadAction","target":["https:\/\/www.nettali.com\/2021\/10\/16\/coup-de-pilon-imbroglio-diplomatique\/"]}]},{"@type":"BreadcrumbList","@id":"https:\/\/www.nettali.com\/2021\/10\/16\/coup-de-pilon-imbroglio-diplomatique\/#breadcrumb","itemListElement":[{"@type":"ListItem","position":1,"name":"Accueil","item":"https:\/\/www.nettali.com\/"},{"@type":"ListItem","position":2,"name":"COUP DE PILON &#8211; Imbroglio \u00ab diplomatique \u00bb !"}]},{"@type":"Person","@id":"https:\/\/www.nettali.com\/#\/schema\/person\/d8ac7b7e27ddad43f1c0d2ef090d7f71","name":"CK","image":{"@type":"ImageObject","@id":"https:\/\/www.nettali.com\/#personlogo","inLanguage":"fr-FR","url":"https:\/\/secure.gravatar.com\/avatar\/1d8d5118b9327d94da7cd4ce7f17fec2?s=96&d=mm&r=g","contentUrl":"https:\/\/secure.gravatar.com\/avatar\/1d8d5118b9327d94da7cd4ce7f17fec2?s=96&d=mm&r=g","caption":"CK"},"sameAs":["https:\/\/www.nettali.com"]}]}},"_links":{"self":[{"href":"https:\/\/www.nettali.com\/rest\/wp\/v2\/posts\/73847"}],"collection":[{"href":"https:\/\/www.nettali.com\/rest\/wp\/v2\/posts"}],"about":[{"href":"https:\/\/www.nettali.com\/rest\/wp\/v2\/types\/post"}],"author":[{"embeddable":true,"href":"https:\/\/www.nettali.com\/rest\/wp\/v2\/users\/2"}],"replies":[{"embeddable":true,"href":"https:\/\/www.nettali.com\/rest\/wp\/v2\/comments?post=73847"}],"version-history":[{"count":2,"href":"https:\/\/www.nettali.com\/rest\/wp\/v2\/posts\/73847\/revisions"}],"predecessor-version":[{"id":73849,"href":"https:\/\/www.nettali.com\/rest\/wp\/v2\/posts\/73847\/revisions\/73849"}],"wp:featuredmedia":[{"embeddable":true,"href":"https:\/\/www.nettali.com\/rest\/wp\/v2\/media\/73850"}],"wp:attachment":[{"href":"https:\/\/www.nettali.com\/rest\/wp\/v2\/media?parent=73847"}],"wp:term":[{"taxonomy":"category","embeddable":true,"href":"https:\/\/www.nettali.com\/rest\/wp\/v2\/categories?post=73847"},{"taxonomy":"post_tag","embeddable":true,"href":"https:\/\/www.nettali.com\/rest\/wp\/v2\/tags?post=73847"}],"curies":[{"name":"wp","href":"https:\/\/api.w.org\/{rel}","templated":true}]}}