{"id":73816,"date":"2021-10-15T10:11:22","date_gmt":"2021-10-15T10:11:22","guid":{"rendered":"https:\/\/www.nettali.com\/?p=73816"},"modified":"2021-10-15T10:11:22","modified_gmt":"2021-10-15T10:11:22","slug":"education-nationale-le-cusems-menace-de-paralyser-le-secteur","status":"publish","type":"post","link":"https:\/\/www.nettali.com\/2021\/10\/15\/education-nationale-le-cusems-menace-de-paralyser-le-secteur\/","title":{"rendered":"EDUCATION NATIONALE - Le Cusems menace de paralyser le secteur"},"content":{"rendered":"<p><strong>NETTALI.COM - L'ouverture des classes s'est faite hier, jeudi. Le Cuseums de Abdoulaye Ndoye d\u00e9pose d\u00e9j\u00e0 un pr\u00e9avis de gr\u00e8ve, en rappelant au gouvernement ses engagements, tout en rejetant le monitoring.\u00a0\u00a0<\/strong><\/p>\n<p>Le Cadre unitaire du syndicat des enseignants du moyen secondaire (Cusems) d\u00e9pose, aujourd\u2019hui vendredi 15 octobre, un pr\u00e9avis de gr\u00e8ve. Les enseignants l\u2019ont annonc\u00e9 hier, au cours d\u2019une conf\u00e9rence de presse tenue \u00e0 leur si\u00e8ge.<\/p>\n<p>Le secr\u00e9taire g\u00e9n\u00e9ral du Cusems, Abdoulaye Ndoye, et ses camarades signalent que le contexte est important, avec la tenue des \u00e9lections locales en janvier prochain. Par cons\u00e9quent, disent-ils, il leur faudra r\u00e9ajuster leurs priorit\u00e9s. \u201cNous l'avons dit lors du s\u00e9minaire de rentr\u00e9e. Il nous faut faire attention, parce que les gens ont commenc\u00e9 \u00e0 battre campagne. Nous ne pouvons plus faire du monitoring, c'est d\u00e9pass\u00e9. Il y a eu combien de gr\u00e8ves de la faim, de r\u00e9clamations, de marches de contestation pendant ces deux ans ? Malgr\u00e9 tout, ils ont fait la sourde oreille, l'\u00e9cole ne les int\u00e9resse pas. Mais, en v\u00e9rit\u00e9, ce monitoring n'a plus de sens, c'est r\u00e9volu. Il faut que le gouvernement pose des actes clairs\u201d,\u00a0 exige Abdoulaye Ndoye.<\/p>\n<p>Ainsi, rappelle -t-il : \u201cla question du syst\u00e8me de r\u00e9mun\u00e9ration est au c\u0153ur des probl\u00e8mes des enseignants et des travailleurs du S\u00e9n\u00e9gal\u201d. \u201cC'est notre principale pr\u00e9occupation, c'est une question de justice sociale et d'\u00e9quit\u00e9\u201d.<\/p>\n<p>A en croire le secr\u00e9taire g\u00e9n\u00e9ral du Cusems, Abdoulaye Ndoye, le Burkina a vid\u00e9 ce probl\u00e8me, apr\u00e8s une conf\u00e9rence nationale sur le syst\u00e8me de r\u00e9mun\u00e9ration. \u201cAu S\u00e9n\u00e9gal, nous avons assist\u00e9 \u00e0 une d\u00e9r\u00e9gulation du r\u00e9gime indemnitaire et des \u00e9carts salariaux inqui\u00e9tants\u201d, d\u00e9plore-t-il, pour finir.<\/p>\n<div class='share-to-whatsapp-wrapper'><div class='share-on-whsp'>PARTAGER SUR : <\/div><a data-text='EDUCATION NATIONALE - Le Cusems menace de paralyser le secteur' data-link='https:\/\/www.nettali.com\/2021\/10\/15\/education-nationale-le-cusems-menace-de-paralyser-le-secteur\/' class='whatsapp-button whatsapp-share'>WhatsApp<\/a><div class='clear '><\/div><\/div>","protected":false},"excerpt":{"rendered":"<p>NETTALI.COM - L'ouverture des classes s'est faite hier, jeudi. Le Cuseums de Abdoulaye Ndoye d\u00e9pose d\u00e9j\u00e0 un pr\u00e9avis de gr\u00e8ve, en rappelant au gouvernement ses engagements, tout en rejetant le monitoring.\u00a0\u00a0 Le Cadre unitaire du syndicat des enseignants du moyen secondaire (Cusems) d\u00e9pose, aujourd\u2019hui vendredi 15 octobre, un pr\u00e9avis de gr\u00e8ve. Les enseignants l\u2019ont annonc\u00e9 [&hellip;]<\/p>\n","protected":false},"author":11,"featured_media":20383,"comment_status":"open","ping_status":"open","sticky":false,"template":"","format":"standard","meta":{"_et_pb_use_builder":"","_et_pb_old_content":""},"categories":[3],"tags":[],"yoast_head":"<!-- This site is optimized with the Yoast SEO Premium plugin v17.8 (Yoast SEO v17.8) - https:\/\/yoast.com\/wordpress\/plugins\/seo\/ -->\n<title>EDUCATION NATIONALE - Le Cusems menace de paralyser le secteur | Nettali.com<\/title>\n<meta name=\"robots\" content=\"index, follow, max-snippet:-1, max-image-preview:large, max-video-preview:-1\" \/>\n<link rel=\"canonical\" href=\"https:\/\/www.nettali.com\/2021\/10\/15\/education-nationale-le-cusems-menace-de-paralyser-le-secteur\/\" \/>\n<meta property=\"og:locale\" content=\"fr_FR\" \/>\n<meta property=\"og:type\" content=\"article\" \/>\n<meta property=\"og:title\" content=\"EDUCATION NATIONALE - Le Cusems menace de paralyser le secteur\" \/>\n<meta property=\"og:description\" content=\"NETTALI.COM - L&#039;ouverture des classes s&#039;est faite hier, jeudi. Le Cuseums de Abdoulaye Ndoye d\u00e9pose d\u00e9j\u00e0 un pr\u00e9avis de gr\u00e8ve, en rappelant au gouvernement ses engagements, tout en rejetant le monitoring.\u00a0\u00a0 Le Cadre unitaire du syndicat des enseignants du moyen secondaire (Cusems) d\u00e9pose, aujourd\u2019hui vendredi 15 octobre, un pr\u00e9avis de gr\u00e8ve. Les enseignants l\u2019ont annonc\u00e9 [&hellip;]\" \/>\n<meta property=\"og:url\" content=\"https:\/\/www.nettali.com\/2021\/10\/15\/education-nationale-le-cusems-menace-de-paralyser-le-secteur\/\" \/>\n<meta property=\"og:site_name\" content=\"Nettali.com\" \/>\n<meta property=\"article:publisher\" content=\"https:\/\/www.facebook.com\/nettalicom\" \/>\n<meta property=\"article:published_time\" content=\"2021-10-15T10:11:22+00:00\" \/>\n<meta property=\"og:image\" content=\"https:\/\/www.nettali.com\/wp-content\/uploads\/2019\/10\/cusems-696x364.png\" \/>\n\t<meta property=\"og:image:width\" content=\"696\" \/>\n\t<meta property=\"og:image:height\" content=\"364\" \/>\n<meta name=\"twitter:card\" content=\"summary_large_image\" \/>\n<meta name=\"twitter:label1\" content=\"\u00c9crit par\" \/>\n\t<meta name=\"twitter:data1\" content=\"Thierno Diop\" \/>\n\t<meta name=\"twitter:label2\" content=\"Dur\u00e9e de lecture estim\u00e9e\" \/>\n\t<meta name=\"twitter:data2\" content=\"2 minutes\" \/>\n<script type=\"application\/ld+json\" class=\"yoast-schema-graph\">{\"@context\":\"https:\/\/schema.org\",\"@graph\":[{\"@type\":\"WebSite\",\"@id\":\"https:\/\/www.nettali.com\/#website\",\"url\":\"https:\/\/www.nettali.com\/\",\"name\":\"Nettali.com\",\"description\":\"Le rendez-vous critique du Net\",\"potentialAction\":[{\"@type\":\"SearchAction\",\"target\":{\"@type\":\"EntryPoint\",\"urlTemplate\":\"https:\/\/www.nettali.com\/?s={search_term_string}\"},\"query-input\":\"required name=search_term_string\"}],\"inLanguage\":\"fr-FR\"},{\"@type\":\"ImageObject\",\"@id\":\"https:\/\/www.nettali.com\/2021\/10\/15\/education-nationale-le-cusems-menace-de-paralyser-le-secteur\/#primaryimage\",\"inLanguage\":\"fr-FR\",\"url\":\"https:\/\/www.nettali.com\/wp-content\/uploads\/2019\/10\/cusems-696x364.png\",\"contentUrl\":\"https:\/\/www.nettali.com\/wp-content\/uploads\/2019\/10\/cusems-696x364.png\",\"width\":696,\"height\":364},{\"@type\":\"WebPage\",\"@id\":\"https:\/\/www.nettali.com\/2021\/10\/15\/education-nationale-le-cusems-menace-de-paralyser-le-secteur\/#webpage\",\"url\":\"https:\/\/www.nettali.com\/2021\/10\/15\/education-nationale-le-cusems-menace-de-paralyser-le-secteur\/\",\"name\":\"EDUCATION NATIONALE - Le Cusems menace de paralyser le secteur | Nettali.com\",\"isPartOf\":{\"@id\":\"https:\/\/www.nettali.com\/#website\"},\"primaryImageOfPage\":{\"@id\":\"https:\/\/www.nettali.com\/2021\/10\/15\/education-nationale-le-cusems-menace-de-paralyser-le-secteur\/#primaryimage\"},\"datePublished\":\"2021-10-15T10:11:22+00:00\",\"dateModified\":\"2021-10-15T10:11:22+00:00\",\"author\":{\"@id\":\"https:\/\/www.nettali.com\/#\/schema\/person\/8a06c6bd7b19304cf4bf985862900b5b\"},\"breadcrumb\":{\"@id\":\"https:\/\/www.nettali.com\/2021\/10\/15\/education-nationale-le-cusems-menace-de-paralyser-le-secteur\/#breadcrumb\"},\"inLanguage\":\"fr-FR\",\"potentialAction\":[{\"@type\":\"ReadAction\",\"target\":[\"https:\/\/www.nettali.com\/2021\/10\/15\/education-nationale-le-cusems-menace-de-paralyser-le-secteur\/\"]}]},{\"@type\":\"BreadcrumbList\",\"@id\":\"https:\/\/www.nettali.com\/2021\/10\/15\/education-nationale-le-cusems-menace-de-paralyser-le-secteur\/#breadcrumb\",\"itemListElement\":[{\"@type\":\"ListItem\",\"position\":1,\"name\":\"Accueil\",\"item\":\"https:\/\/www.nettali.com\/\"},{\"@type\":\"ListItem\",\"position\":2,\"name\":\"EDUCATION NATIONALE &#8211; Le Cusems menace de paralyser le secteur\"}]},{\"@type\":\"Person\",\"@id\":\"https:\/\/www.nettali.com\/#\/schema\/person\/8a06c6bd7b19304cf4bf985862900b5b\",\"name\":\"Thierno Diop\",\"image\":{\"@type\":\"ImageObject\",\"@id\":\"https:\/\/www.nettali.com\/#personlogo\",\"inLanguage\":\"fr-FR\",\"url\":\"https:\/\/secure.gravatar.com\/avatar\/c8ca58550c94fd2ac856d27391a6c866?s=96&d=mm&r=g\",\"contentUrl\":\"https:\/\/secure.gravatar.com\/avatar\/c8ca58550c94fd2ac856d27391a6c866?s=96&d=mm&r=g\",\"caption\":\"Thierno Diop\"},\"sameAs\":[\"https:\/\/nettali.com\"]}]}<\/script>\n<!-- \/ Yoast SEO Premium plugin. -->","yoast_head_json":{"title":"EDUCATION NATIONALE - Le Cusems menace de paralyser le secteur | Nettali.com","robots":{"index":"index","follow":"follow","max-snippet":"max-snippet:-1","max-image-preview":"max-image-preview:large","max-video-preview":"max-video-preview:-1"},"canonical":"https:\/\/www.nettali.com\/2021\/10\/15\/education-nationale-le-cusems-menace-de-paralyser-le-secteur\/","og_locale":"fr_FR","og_type":"article","og_title":"EDUCATION NATIONALE - Le Cusems menace de paralyser le secteur","og_description":"NETTALI.COM - L'ouverture des classes s'est faite hier, jeudi. Le Cuseums de Abdoulaye Ndoye d\u00e9pose d\u00e9j\u00e0 un pr\u00e9avis de gr\u00e8ve, en rappelant au gouvernement ses engagements, tout en rejetant le monitoring.\u00a0\u00a0 Le Cadre unitaire du syndicat des enseignants du moyen secondaire (Cusems) d\u00e9pose, aujourd\u2019hui vendredi 15 octobre, un pr\u00e9avis de gr\u00e8ve. Les enseignants l\u2019ont annonc\u00e9 [&hellip;]","og_url":"https:\/\/www.nettali.com\/2021\/10\/15\/education-nationale-le-cusems-menace-de-paralyser-le-secteur\/","og_site_name":"Nettali.com","article_publisher":"https:\/\/www.facebook.com\/nettalicom","article_published_time":"2021-10-15T10:11:22+00:00","og_image":[{"width":696,"height":364,"url":"https:\/\/www.nettali.com\/wp-content\/uploads\/2019\/10\/cusems-696x364.png","type":"image\/png"}],"twitter_card":"summary_large_image","twitter_misc":{"\u00c9crit par":"Thierno Diop","Dur\u00e9e de lecture estim\u00e9e":"2 minutes"},"schema":{"@context":"https:\/\/schema.org","@graph":[{"@type":"WebSite","@id":"https:\/\/www.nettali.com\/#website","url":"https:\/\/www.nettali.com\/","name":"Nettali.com","description":"Le rendez-vous critique du Net","potentialAction":[{"@type":"SearchAction","target":{"@type":"EntryPoint","urlTemplate":"https:\/\/www.nettali.com\/?s={search_term_string}"},"query-input":"required name=search_term_string"}],"inLanguage":"fr-FR"},{"@type":"ImageObject","@id":"https:\/\/www.nettali.com\/2021\/10\/15\/education-nationale-le-cusems-menace-de-paralyser-le-secteur\/#primaryimage","inLanguage":"fr-FR","url":"https:\/\/www.nettali.com\/wp-content\/uploads\/2019\/10\/cusems-696x364.png","contentUrl":"https:\/\/www.nettali.com\/wp-content\/uploads\/2019\/10\/cusems-696x364.png","width":696,"height":364},{"@type":"WebPage","@id":"https:\/\/www.nettali.com\/2021\/10\/15\/education-nationale-le-cusems-menace-de-paralyser-le-secteur\/#webpage","url":"https:\/\/www.nettali.com\/2021\/10\/15\/education-nationale-le-cusems-menace-de-paralyser-le-secteur\/","name":"EDUCATION NATIONALE - Le Cusems menace de paralyser le secteur | Nettali.com","isPartOf":{"@id":"https:\/\/www.nettali.com\/#website"},"primaryImageOfPage":{"@id":"https:\/\/www.nettali.com\/2021\/10\/15\/education-nationale-le-cusems-menace-de-paralyser-le-secteur\/#primaryimage"},"datePublished":"2021-10-15T10:11:22+00:00","dateModified":"2021-10-15T10:11:22+00:00","author":{"@id":"https:\/\/www.nettali.com\/#\/schema\/person\/8a06c6bd7b19304cf4bf985862900b5b"},"breadcrumb":{"@id":"https:\/\/www.nettali.com\/2021\/10\/15\/education-nationale-le-cusems-menace-de-paralyser-le-secteur\/#breadcrumb"},"inLanguage":"fr-FR","potentialAction":[{"@type":"ReadAction","target":["https:\/\/www.nettali.com\/2021\/10\/15\/education-nationale-le-cusems-menace-de-paralyser-le-secteur\/"]}]},{"@type":"BreadcrumbList","@id":"https:\/\/www.nettali.com\/2021\/10\/15\/education-nationale-le-cusems-menace-de-paralyser-le-secteur\/#breadcrumb","itemListElement":[{"@type":"ListItem","position":1,"name":"Accueil","item":"https:\/\/www.nettali.com\/"},{"@type":"ListItem","position":2,"name":"EDUCATION NATIONALE &#8211; Le Cusems menace de paralyser le secteur"}]},{"@type":"Person","@id":"https:\/\/www.nettali.com\/#\/schema\/person\/8a06c6bd7b19304cf4bf985862900b5b","name":"Thierno Diop","image":{"@type":"ImageObject","@id":"https:\/\/www.nettali.com\/#personlogo","inLanguage":"fr-FR","url":"https:\/\/secure.gravatar.com\/avatar\/c8ca58550c94fd2ac856d27391a6c866?s=96&d=mm&r=g","contentUrl":"https:\/\/secure.gravatar.com\/avatar\/c8ca58550c94fd2ac856d27391a6c866?s=96&d=mm&r=g","caption":"Thierno Diop"},"sameAs":["https:\/\/nettali.com"]}]}},"_links":{"self":[{"href":"https:\/\/www.nettali.com\/rest\/wp\/v2\/posts\/73816"}],"collection":[{"href":"https:\/\/www.nettali.com\/rest\/wp\/v2\/posts"}],"about":[{"href":"https:\/\/www.nettali.com\/rest\/wp\/v2\/types\/post"}],"author":[{"embeddable":true,"href":"https:\/\/www.nettali.com\/rest\/wp\/v2\/users\/11"}],"replies":[{"embeddable":true,"href":"https:\/\/www.nettali.com\/rest\/wp\/v2\/comments?post=73816"}],"version-history":[{"count":1,"href":"https:\/\/www.nettali.com\/rest\/wp\/v2\/posts\/73816\/revisions"}],"predecessor-version":[{"id":73818,"href":"https:\/\/www.nettali.com\/rest\/wp\/v2\/posts\/73816\/revisions\/73818"}],"wp:featuredmedia":[{"embeddable":true,"href":"https:\/\/www.nettali.com\/rest\/wp\/v2\/media\/20383"}],"wp:attachment":[{"href":"https:\/\/www.nettali.com\/rest\/wp\/v2\/media?parent=73816"}],"wp:term":[{"taxonomy":"category","embeddable":true,"href":"https:\/\/www.nettali.com\/rest\/wp\/v2\/categories?post=73816"},{"taxonomy":"post_tag","embeddable":true,"href":"https:\/\/www.nettali.com\/rest\/wp\/v2\/tags?post=73816"}],"curies":[{"name":"wp","href":"https:\/\/api.w.org\/{rel}","templated":true}]}}