{"id":73731,"date":"2021-10-14T09:13:11","date_gmt":"2021-10-14T09:13:11","guid":{"rendered":"https:\/\/www.nettali.com\/?p=73731"},"modified":"2021-10-14T09:13:11","modified_gmt":"2021-10-14T09:13:11","slug":"france-la-mosquee-dallonnes-et-son-ecole-coranique-fermees-par-darmanin","status":"publish","type":"post","link":"https:\/\/www.nettali.com\/2021\/10\/14\/france-la-mosquee-dallonnes-et-son-ecole-coranique-fermees-par-darmanin\/","title":{"rendered":"FRANCE - La mosqu\u00e9e d'Allonnes et son \u00e9cole coranique ferm\u00e9es par Darmanin"},"content":{"rendered":"<p dir=\"ltr\"><strong>NETTALI.COM - Accus\u00e9e de l\u00e9gitimer le terrorisme ou le recours au jihad arm\u00e9, la mosqu\u00e9e d\u2019Allonnes pr\u00e8s du Mans, qui accueille environ 300 fid\u00e8les et une \u00e9cole coranique, va \u00eatre ferm\u00e9e, a annonc\u00e9 ce mercredi 13 octobre la pr\u00e9fecture de la Sarthe.<\/strong><\/p>\n<p dir=\"ltr\">\u201c <em>Deux associations install\u00e9es \u00e0\u00a0Allonnes, \u2018l\u2019association allonnaise pour le Juste Milieu\u2019 (AAJM) et \u2018l\u2019association Al Qalam\u2019, g\u00e8rent un lieu de culte d\u00e9nomm\u00e9 la \u2018mosqu\u00e9e d\u2019Allonnes\u2019, accueillant environ 300 fid\u00e8les<\/em>\u201d, explique la pr\u00e9fecture dans un communiqu\u00e9.<\/p>\n<p dir=\"ltr\">\u201c <em>D\u2019apr\u00e8s des \u00e9l\u00e9ments recueillis, des pr\u00eaches et l\u2019activit\u00e9 de ce lieu de culte, fr\u00e9quent\u00e9 par des individus appartenant ou proches de la mouvance islamiste radicale, l\u00e9gitiment le recours au jihad arm\u00e9, la mort en martyr, la commission d\u2019actes de terrorisme et le recours \u00e0 la violence, la haine et la discrimination ainsi que l\u2019instauration de la charia<\/em>\u201d, poursuit le communiqu\u00e9.<\/p>\n<p dir=\"ltr\"><strong>Un \u201clieu d\u2019endoctrinement\u201d<\/strong><\/p>\n<p dir=\"ltr\">Ce lieu abrite aussi une \u00e9cole coranique \u201c<em>accueillant environ 110 enfants devant lesquels a \u00e9t\u00e9 valoris\u00e9 le jihad arm\u00e9 et qui constitue donc un lieu d\u2019endoctrinement<\/em>\u201d, d\u2019apr\u00e8s la m\u00eame source.<\/p>\n<p dir=\"ltr\">Aussi, \u201c<em>aux termes de la loi, l\u2019ensemble de ces faits constitue des propos tenus, des id\u00e9es et th\u00e9ories diffus\u00e9es, ou des activit\u00e9s incitant \u00e0 la violence, \u00e0 la haine ou \u00e0 la discrimination, provoquant \u00e0 la commission d\u2019actes de terrorisme ou faisant l\u2019apologie de tels actes<\/em>\u201d.<\/p>\n<p dir=\"ltr\">\u201c<em>Au regard de ces \u00e9l\u00e9ments, \u00e0 la demande de M. le ministre de l\u2019Int\u00e9rieur, M. le pr\u00e9fet de la Sarthe a engag\u00e9 une proc\u00e9dure de fermeture de ce lieu de culte<\/em>\u201d, conclut le communiqu\u00e9.<\/p>\n<p dir=\"ltr\"><strong>Un dossier \u201cs\u00e9rieux\u201d et \u201csolide\u201d<\/strong><\/p>\n<p dir=\"ltr\">Les avoirs des deux associations g\u00e9rant la mosqu\u00e9e et de certains de leurs dirigeants ont par ailleurs \u00e9t\u00e9 gel\u00e9s mardi \u201c<em>pour couper net toutes les activit\u00e9s de haine<\/em>\u201d, a d\u00e9clar\u00e9 le porte-parole du gouvernement Gabriel Attal \u00e0 la sortie du Conseil des ministres.<\/p>\n<p dir=\"ltr\">\u201c <em>Nous sommes inflexibles face \u00e0 l\u2019islamisme, nous sommes intransigeants face \u00e0 la haine et \u00e0 la radicalisation<\/em>\u201d, a-t-il comment\u00e9. \u201c <em>Quand on attaque la R\u00e9publique elle doit r\u00e9pondre, elle doit r\u00e9pondre fort et donc nous avons engag\u00e9 une proc\u00e9dure pour demander la fermeture de cette mosqu\u00e9e<\/em>\u201d.<\/p>\n<p dir=\"ltr\">Gabriel Attal a pr\u00e9cis\u00e9 qu\u2019une d\u00e9cision d\u00e9finitive serait annonc\u00e9e mercredi prochain, \u00e0 l\u2019issue d\u2019une proc\u00e9dure contradictoire.<br \/>\n\" <em>Une d\u00e9cision \u00e9videmment que nous attendons en confiance, \u00e9tant donn\u00e9 le s\u00e9rieux et la solidit\u00e9 du dossier dont nous disposons<\/em>\u201d, a-t-il ajout\u00e9.<\/p>\n<p dir=\"ltr\"><strong>650 lieux ferm\u00e9s<\/strong><\/p>\n<p dir=\"ltr\">Cette d\u00e9cision fait suite aux d\u00e9clarations du ministre de l\u2019Int\u00e9rieur G\u00e9rald Darmanin dans les colonnes du\u00a0<i>Figaro<\/i> fin septembre. Il avait annonc\u00e9 avoir enclench\u00e9 des proc\u00e9dures pour fermer six lieux de culte et dissoudre plusieurs associations, tous soup\u00e7onn\u00e9s de faire la propagande de l\u2019islamisme radical, situ\u00e9s dans la Sarthe, en Meurthe-et-Moselle, en C\u00f4te-d\u2019Or, dans le Rh\u00f4ne ou encore dans le Gard.<\/p>\n<p dir=\"ltr\">Selon Gabriel Attal, \u201c<em>sur 89 lieux de culte susceptibles d\u2019\u00eatre radicalis\u00e9s, d\u2019entra\u00eener la radicalisation, tous ont \u00e9t\u00e9 contr\u00f4l\u00e9s: un tiers ont \u00e9t\u00e9 soit ferm\u00e9s, soit suspendus<\/em>\u201d.<\/p>\n<p dir=\"ltr\">\u201c <em>Au total, plus de 650 lieux fr\u00e9quent\u00e9s par des fondamentalistes ont \u00e9t\u00e9 ferm\u00e9s. Nous avons au cours de ce mandat dissous une dizaine de structures de culte, de mosqu\u00e9es, trois fois plus que sous les deux mandatures pr\u00e9c\u00e9dentes r\u00e9unies<\/em>\u201d, a-t-il soulign\u00e9.<\/p>\n<p dir=\"ltr\"><strong>\u201cAucun \u00e9l\u00e9ment d\u2019alerte\u201d<\/strong><\/p>\n<p dir=\"ltr\">Devant la mosqu\u00e9e d\u2019Allonnes, la situation \u00e9tait calme en milieu de journ\u00e9e, a constat\u00e9 un photographe de l\u2019AFP. Une affichette \u201c<em>mosqu\u00e9e ferm\u00e9e pour des raisons administratives<\/em>\u201d a \u00e9t\u00e9 accroch\u00e9e sur le b\u00e2timent.<\/p>\n<p dir=\"ltr\">Contact\u00e9 par l\u2019AFP, le maire d\u2019Allonnes Gilles Leproust (PCF) a lui indiqu\u00e9 avoir \u00e9t\u00e9 inform\u00e9 par le pr\u00e9fet \u201c<em>d\u2019une perquisition administrative hier matin (mardi) dans la mosqu\u00e9e<\/em>\u201d.<\/p>\n<p dir=\"ltr\">\u201c<em>Je suis surpris car je n\u2019ai eu aucun \u00e9l\u00e9ment d\u2019alerte du service comp\u00e9tent sur une situation telle qu\u2019elle est d\u00e9crite (dans le communiqu\u00e9 de la pr\u00e9fecture, ndlr). Je n\u2019ai jamais eu d\u2019\u00e9l\u00e9ments particuliers m\u2019alertant sur tels ou tels comportements ou telle ou telle d\u00e9claration de pros\u00e9lytisme<\/em>\u201d, a ajout\u00e9 l\u2019\u00e9lu communiste, maire depuis 2008.<\/p>\n<p dir=\"ltr\">Gilles Leproust, qui est \u00e9galement secr\u00e9taire g\u00e9n\u00e9ral de l\u2019Association des maires ville et banlieue de France, a rappel\u00e9 que 50% de sa commune de quelque 11.000 habitants \u00e9tait plac\u00e9e en quartier prioritaire.<\/p>\n<p dir=\"ltr\">Avec AFP<\/p>\n<div class='share-to-whatsapp-wrapper'><div class='share-on-whsp'>PARTAGER SUR : <\/div><a data-text='FRANCE - La mosqu\u00e9e d'Allonnes et son \u00e9cole coranique ferm\u00e9es par Darmanin' data-link='https:\/\/www.nettali.com\/2021\/10\/14\/france-la-mosquee-dallonnes-et-son-ecole-coranique-fermees-par-darmanin\/' class='whatsapp-button whatsapp-share'>WhatsApp<\/a><div class='clear '><\/div><\/div>","protected":false},"excerpt":{"rendered":"<p>NETTALI.COM - Accus\u00e9e de l\u00e9gitimer le terrorisme ou le recours au jihad arm\u00e9, la mosqu\u00e9e d\u2019Allonnes pr\u00e8s du Mans, qui accueille environ 300 fid\u00e8les et une \u00e9cole coranique, va \u00eatre ferm\u00e9e, a annonc\u00e9 ce mercredi 13 octobre la pr\u00e9fecture de la Sarthe. \u201c Deux associations install\u00e9es \u00e0\u00a0Allonnes, \u2018l\u2019association allonnaise pour le Juste Milieu\u2019 (AAJM) et [&hellip;]<\/p>\n","protected":false},"author":5,"featured_media":73732,"comment_status":"open","ping_status":"open","sticky":false,"template":"","format":"standard","meta":{"_et_pb_use_builder":"","_et_pb_old_content":""},"categories":[8],"tags":[],"yoast_head":"<!-- This site is optimized with the Yoast SEO Premium plugin v17.8 (Yoast SEO v17.8) - https:\/\/yoast.com\/wordpress\/plugins\/seo\/ -->\n<title>FRANCE - La mosqu\u00e9e d&#039;Allonnes et son \u00e9cole coranique ferm\u00e9es par Darmanin | Nettali.com<\/title>\n<meta name=\"robots\" content=\"index, follow, max-snippet:-1, max-image-preview:large, max-video-preview:-1\" \/>\n<link rel=\"canonical\" href=\"https:\/\/www.nettali.com\/2021\/10\/14\/france-la-mosquee-dallonnes-et-son-ecole-coranique-fermees-par-darmanin\/\" \/>\n<meta property=\"og:locale\" content=\"fr_FR\" \/>\n<meta property=\"og:type\" content=\"article\" \/>\n<meta property=\"og:title\" content=\"FRANCE - La mosqu\u00e9e d&#039;Allonnes et son \u00e9cole coranique ferm\u00e9es par Darmanin\" \/>\n<meta property=\"og:description\" content=\"NETTALI.COM - Accus\u00e9e de l\u00e9gitimer le terrorisme ou le recours au jihad arm\u00e9, la mosqu\u00e9e d\u2019Allonnes pr\u00e8s du Mans, qui accueille environ 300 fid\u00e8les et une \u00e9cole coranique, va \u00eatre ferm\u00e9e, a annonc\u00e9 ce mercredi 13 octobre la pr\u00e9fecture de la Sarthe. \u201c Deux associations install\u00e9es \u00e0\u00a0Allonnes, \u2018l\u2019association allonnaise pour le Juste Milieu\u2019 (AAJM) et [&hellip;]\" \/>\n<meta property=\"og:url\" content=\"https:\/\/www.nettali.com\/2021\/10\/14\/france-la-mosquee-dallonnes-et-son-ecole-coranique-fermees-par-darmanin\/\" \/>\n<meta property=\"og:site_name\" content=\"Nettali.com\" \/>\n<meta property=\"article:publisher\" content=\"https:\/\/www.facebook.com\/nettalicom\" \/>\n<meta property=\"article:published_time\" content=\"2021-10-14T09:13:11+00:00\" \/>\n<meta property=\"og:image\" content=\"https:\/\/www.nettali.com\/wp-content\/uploads\/2021\/10\/B9719476442Z.1_20190504205130_000GFFDHH2BK.1-0.jpg\" \/>\n\t<meta property=\"og:image:width\" content=\"1350\" \/>\n\t<meta property=\"og:image:height\" content=\"759\" \/>\n<meta name=\"twitter:card\" content=\"summary_large_image\" \/>\n<meta name=\"twitter:label1\" content=\"\u00c9crit par\" \/>\n\t<meta name=\"twitter:data1\" content=\"Ibrahima\" \/>\n\t<meta name=\"twitter:label2\" content=\"Dur\u00e9e de lecture estim\u00e9e\" \/>\n\t<meta name=\"twitter:data2\" content=\"4 minutes\" \/>\n<script type=\"application\/ld+json\" class=\"yoast-schema-graph\">{\"@context\":\"https:\/\/schema.org\",\"@graph\":[{\"@type\":\"WebSite\",\"@id\":\"https:\/\/www.nettali.com\/#website\",\"url\":\"https:\/\/www.nettali.com\/\",\"name\":\"Nettali.com\",\"description\":\"Le rendez-vous critique du Net\",\"potentialAction\":[{\"@type\":\"SearchAction\",\"target\":{\"@type\":\"EntryPoint\",\"urlTemplate\":\"https:\/\/www.nettali.com\/?s={search_term_string}\"},\"query-input\":\"required name=search_term_string\"}],\"inLanguage\":\"fr-FR\"},{\"@type\":\"ImageObject\",\"@id\":\"https:\/\/www.nettali.com\/2021\/10\/14\/france-la-mosquee-dallonnes-et-son-ecole-coranique-fermees-par-darmanin\/#primaryimage\",\"inLanguage\":\"fr-FR\",\"url\":\"https:\/\/www.nettali.com\/wp-content\/uploads\/2021\/10\/B9719476442Z.1_20190504205130_000GFFDHH2BK.1-0.jpg\",\"contentUrl\":\"https:\/\/www.nettali.com\/wp-content\/uploads\/2021\/10\/B9719476442Z.1_20190504205130_000GFFDHH2BK.1-0.jpg\",\"width\":1350,\"height\":759},{\"@type\":\"WebPage\",\"@id\":\"https:\/\/www.nettali.com\/2021\/10\/14\/france-la-mosquee-dallonnes-et-son-ecole-coranique-fermees-par-darmanin\/#webpage\",\"url\":\"https:\/\/www.nettali.com\/2021\/10\/14\/france-la-mosquee-dallonnes-et-son-ecole-coranique-fermees-par-darmanin\/\",\"name\":\"FRANCE - La mosqu\\u00e9e d'Allonnes et son \\u00e9cole coranique ferm\\u00e9es par Darmanin | Nettali.com\",\"isPartOf\":{\"@id\":\"https:\/\/www.nettali.com\/#website\"},\"primaryImageOfPage\":{\"@id\":\"https:\/\/www.nettali.com\/2021\/10\/14\/france-la-mosquee-dallonnes-et-son-ecole-coranique-fermees-par-darmanin\/#primaryimage\"},\"datePublished\":\"2021-10-14T09:13:11+00:00\",\"dateModified\":\"2021-10-14T09:13:11+00:00\",\"author\":{\"@id\":\"https:\/\/www.nettali.com\/#\/schema\/person\/bb147657c2986240405a608162b9bb23\"},\"breadcrumb\":{\"@id\":\"https:\/\/www.nettali.com\/2021\/10\/14\/france-la-mosquee-dallonnes-et-son-ecole-coranique-fermees-par-darmanin\/#breadcrumb\"},\"inLanguage\":\"fr-FR\",\"potentialAction\":[{\"@type\":\"ReadAction\",\"target\":[\"https:\/\/www.nettali.com\/2021\/10\/14\/france-la-mosquee-dallonnes-et-son-ecole-coranique-fermees-par-darmanin\/\"]}]},{\"@type\":\"BreadcrumbList\",\"@id\":\"https:\/\/www.nettali.com\/2021\/10\/14\/france-la-mosquee-dallonnes-et-son-ecole-coranique-fermees-par-darmanin\/#breadcrumb\",\"itemListElement\":[{\"@type\":\"ListItem\",\"position\":1,\"name\":\"Accueil\",\"item\":\"https:\/\/www.nettali.com\/\"},{\"@type\":\"ListItem\",\"position\":2,\"name\":\"FRANCE &#8211; La mosqu\\u00e9e d&rsquo;Allonnes et son \\u00e9cole coranique ferm\\u00e9es par Darmanin\"}]},{\"@type\":\"Person\",\"@id\":\"https:\/\/www.nettali.com\/#\/schema\/person\/bb147657c2986240405a608162b9bb23\",\"name\":\"Ibrahima\",\"image\":{\"@type\":\"ImageObject\",\"@id\":\"https:\/\/www.nettali.com\/#personlogo\",\"inLanguage\":\"fr-FR\",\"url\":\"https:\/\/secure.gravatar.com\/avatar\/26a8a81f09f0dd7624c9d5c36c9ba3a2?s=96&d=mm&r=g\",\"contentUrl\":\"https:\/\/secure.gravatar.com\/avatar\/26a8a81f09f0dd7624c9d5c36c9ba3a2?s=96&d=mm&r=g\",\"caption\":\"Ibrahima\"},\"sameAs\":[\"https:\/\/www.nettali.com\"]}]}<\/script>\n<!-- \/ Yoast SEO Premium plugin. -->","yoast_head_json":{"title":"FRANCE - La mosqu\u00e9e d'Allonnes et son \u00e9cole coranique ferm\u00e9es par Darmanin | Nettali.com","robots":{"index":"index","follow":"follow","max-snippet":"max-snippet:-1","max-image-preview":"max-image-preview:large","max-video-preview":"max-video-preview:-1"},"canonical":"https:\/\/www.nettali.com\/2021\/10\/14\/france-la-mosquee-dallonnes-et-son-ecole-coranique-fermees-par-darmanin\/","og_locale":"fr_FR","og_type":"article","og_title":"FRANCE - La mosqu\u00e9e d'Allonnes et son \u00e9cole coranique ferm\u00e9es par Darmanin","og_description":"NETTALI.COM - Accus\u00e9e de l\u00e9gitimer le terrorisme ou le recours au jihad arm\u00e9, la mosqu\u00e9e d\u2019Allonnes pr\u00e8s du Mans, qui accueille environ 300 fid\u00e8les et une \u00e9cole coranique, va \u00eatre ferm\u00e9e, a annonc\u00e9 ce mercredi 13 octobre la pr\u00e9fecture de la Sarthe. \u201c Deux associations install\u00e9es \u00e0\u00a0Allonnes, \u2018l\u2019association allonnaise pour le Juste Milieu\u2019 (AAJM) et [&hellip;]","og_url":"https:\/\/www.nettali.com\/2021\/10\/14\/france-la-mosquee-dallonnes-et-son-ecole-coranique-fermees-par-darmanin\/","og_site_name":"Nettali.com","article_publisher":"https:\/\/www.facebook.com\/nettalicom","article_published_time":"2021-10-14T09:13:11+00:00","og_image":[{"width":1350,"height":759,"url":"https:\/\/www.nettali.com\/wp-content\/uploads\/2021\/10\/B9719476442Z.1_20190504205130_000GFFDHH2BK.1-0.jpg","type":"image\/jpeg"}],"twitter_card":"summary_large_image","twitter_misc":{"\u00c9crit par":"Ibrahima","Dur\u00e9e de lecture estim\u00e9e":"4 minutes"},"schema":{"@context":"https:\/\/schema.org","@graph":[{"@type":"WebSite","@id":"https:\/\/www.nettali.com\/#website","url":"https:\/\/www.nettali.com\/","name":"Nettali.com","description":"Le rendez-vous critique du Net","potentialAction":[{"@type":"SearchAction","target":{"@type":"EntryPoint","urlTemplate":"https:\/\/www.nettali.com\/?s={search_term_string}"},"query-input":"required name=search_term_string"}],"inLanguage":"fr-FR"},{"@type":"ImageObject","@id":"https:\/\/www.nettali.com\/2021\/10\/14\/france-la-mosquee-dallonnes-et-son-ecole-coranique-fermees-par-darmanin\/#primaryimage","inLanguage":"fr-FR","url":"https:\/\/www.nettali.com\/wp-content\/uploads\/2021\/10\/B9719476442Z.1_20190504205130_000GFFDHH2BK.1-0.jpg","contentUrl":"https:\/\/www.nettali.com\/wp-content\/uploads\/2021\/10\/B9719476442Z.1_20190504205130_000GFFDHH2BK.1-0.jpg","width":1350,"height":759},{"@type":"WebPage","@id":"https:\/\/www.nettali.com\/2021\/10\/14\/france-la-mosquee-dallonnes-et-son-ecole-coranique-fermees-par-darmanin\/#webpage","url":"https:\/\/www.nettali.com\/2021\/10\/14\/france-la-mosquee-dallonnes-et-son-ecole-coranique-fermees-par-darmanin\/","name":"FRANCE - La mosqu\u00e9e d'Allonnes et son \u00e9cole coranique ferm\u00e9es par Darmanin | Nettali.com","isPartOf":{"@id":"https:\/\/www.nettali.com\/#website"},"primaryImageOfPage":{"@id":"https:\/\/www.nettali.com\/2021\/10\/14\/france-la-mosquee-dallonnes-et-son-ecole-coranique-fermees-par-darmanin\/#primaryimage"},"datePublished":"2021-10-14T09:13:11+00:00","dateModified":"2021-10-14T09:13:11+00:00","author":{"@id":"https:\/\/www.nettali.com\/#\/schema\/person\/bb147657c2986240405a608162b9bb23"},"breadcrumb":{"@id":"https:\/\/www.nettali.com\/2021\/10\/14\/france-la-mosquee-dallonnes-et-son-ecole-coranique-fermees-par-darmanin\/#breadcrumb"},"inLanguage":"fr-FR","potentialAction":[{"@type":"ReadAction","target":["https:\/\/www.nettali.com\/2021\/10\/14\/france-la-mosquee-dallonnes-et-son-ecole-coranique-fermees-par-darmanin\/"]}]},{"@type":"BreadcrumbList","@id":"https:\/\/www.nettali.com\/2021\/10\/14\/france-la-mosquee-dallonnes-et-son-ecole-coranique-fermees-par-darmanin\/#breadcrumb","itemListElement":[{"@type":"ListItem","position":1,"name":"Accueil","item":"https:\/\/www.nettali.com\/"},{"@type":"ListItem","position":2,"name":"FRANCE &#8211; La mosqu\u00e9e d&rsquo;Allonnes et son \u00e9cole coranique ferm\u00e9es par Darmanin"}]},{"@type":"Person","@id":"https:\/\/www.nettali.com\/#\/schema\/person\/bb147657c2986240405a608162b9bb23","name":"Ibrahima","image":{"@type":"ImageObject","@id":"https:\/\/www.nettali.com\/#personlogo","inLanguage":"fr-FR","url":"https:\/\/secure.gravatar.com\/avatar\/26a8a81f09f0dd7624c9d5c36c9ba3a2?s=96&d=mm&r=g","contentUrl":"https:\/\/secure.gravatar.com\/avatar\/26a8a81f09f0dd7624c9d5c36c9ba3a2?s=96&d=mm&r=g","caption":"Ibrahima"},"sameAs":["https:\/\/www.nettali.com"]}]}},"_links":{"self":[{"href":"https:\/\/www.nettali.com\/rest\/wp\/v2\/posts\/73731"}],"collection":[{"href":"https:\/\/www.nettali.com\/rest\/wp\/v2\/posts"}],"about":[{"href":"https:\/\/www.nettali.com\/rest\/wp\/v2\/types\/post"}],"author":[{"embeddable":true,"href":"https:\/\/www.nettali.com\/rest\/wp\/v2\/users\/5"}],"replies":[{"embeddable":true,"href":"https:\/\/www.nettali.com\/rest\/wp\/v2\/comments?post=73731"}],"version-history":[{"count":2,"href":"https:\/\/www.nettali.com\/rest\/wp\/v2\/posts\/73731\/revisions"}],"predecessor-version":[{"id":73734,"href":"https:\/\/www.nettali.com\/rest\/wp\/v2\/posts\/73731\/revisions\/73734"}],"wp:featuredmedia":[{"embeddable":true,"href":"https:\/\/www.nettali.com\/rest\/wp\/v2\/media\/73732"}],"wp:attachment":[{"href":"https:\/\/www.nettali.com\/rest\/wp\/v2\/media?parent=73731"}],"wp:term":[{"taxonomy":"category","embeddable":true,"href":"https:\/\/www.nettali.com\/rest\/wp\/v2\/categories?post=73731"},{"taxonomy":"post_tag","embeddable":true,"href":"https:\/\/www.nettali.com\/rest\/wp\/v2\/tags?post=73731"}],"curies":[{"name":"wp","href":"https:\/\/api.w.org\/{rel}","templated":true}]}}