{"id":73709,"date":"2021-10-13T21:31:34","date_gmt":"2021-10-13T21:31:34","guid":{"rendered":"https:\/\/www.nettali.com\/?p=73709"},"modified":"2021-10-13T21:31:34","modified_gmt":"2021-10-13T21:31:34","slug":"espagne-theo-hernandez-risque-la-prison","status":"publish","type":"post","link":"https:\/\/www.nettali.com\/2021\/10\/13\/espagne-theo-hernandez-risque-la-prison\/","title":{"rendered":"ESPAGNE - Th\u00e9o Hernandez risque la prison !"},"content":{"rendered":"<div align=\"left\">\n<p dir=\"ltr\"><strong>NETTALI.COM - Le d\u00e9fenseur polyvalent du Bayern Munich, Lucas Hernandez peut se faire du souci. Le journal AS r\u00e9v\u00e8le en effet qu'un tribunal de Madrid a demand\u00e9 l'incarc\u00e9ration de l'ancien joueur de l'Atletico, somm\u00e9 de se pr\u00e9senter \u00e0 la justice espagnole le 19 octobre afin qu'il puisse choisir la prison de son choix et y \u00eatre incarc\u00e9r\u00e9 sous dix jours afin d'y purger une peine d'un an.<\/strong><\/p>\n<p dir=\"ltr\">\" <em>M. Lucas Fran\u00e7ois Bernard Hern\u00e1ndez est cit\u00e9 \u00e0 compara\u00eetre devant cette Cour le 19 octobre 2021, \u00e0 11 heures du matin, afin d'\u00eatre personnellement tenu d'entrer volontairement dans un d\u00e9lai de dix jours dans le centre p\u00e9nitentiaire de son choix<\/em> \", annonce le tribunal correctionnel.<\/p>\n<p dir=\"ltr\">Cette d\u00e9cision fait suite \u00e0 une dispute conjugale entre l'international fran\u00e7ais de 25 ans et sa compagne et \u00e0 une mesure d'\u00e9loignement non respect\u00e9e par les deux concern\u00e9s. Mais c'est surtout le non-accomplissement des 31 jours de travaux d'int\u00e9r\u00eat g\u00e9n\u00e9ral prononc\u00e9s par le juge en 2017 suite \u00e0 cette affaire qui se trouverait \u00e0 l'origine de cette demande d'emprisonnement.<\/p>\n<p dir=\"ltr\">Le champion du monde 2018 pourrait \u00eatre contraint de passer quelques jours en prison, au moins le temps que son appel soit examin\u00e9.<\/p>\n<p dir=\"ltr\">A rappeler qu'un autre d\u00e9fenseur fran\u00e7ais, en l'occurrence Benjamin Mendy est en prison. Le soci\u00e9taire de Manchester City est accus\u00e9 de viols et s'est vu refuser une troisi\u00e8me demande de libert\u00e9 provisoire.<\/p>\n<\/div>\n<div align=\"left\">\n<p dir=\"ltr\">Sale temps pour les d\u00e9fenseurs des Blues !<\/p>\n<\/div>\n<div class='share-to-whatsapp-wrapper'><div class='share-on-whsp'>PARTAGER SUR : <\/div><a data-text='ESPAGNE - Th\u00e9o Hernandez risque la prison !' data-link='https:\/\/www.nettali.com\/2021\/10\/13\/espagne-theo-hernandez-risque-la-prison\/' class='whatsapp-button whatsapp-share'>WhatsApp<\/a><div class='clear '><\/div><\/div>","protected":false},"excerpt":{"rendered":"<p>NETTALI.COM - Le d\u00e9fenseur polyvalent du Bayern Munich, Lucas Hernandez peut se faire du souci. Le journal AS r\u00e9v\u00e8le en effet qu'un tribunal de Madrid a demand\u00e9 l'incarc\u00e9ration de l'ancien joueur de l'Atletico, somm\u00e9 de se pr\u00e9senter \u00e0 la justice espagnole le 19 octobre afin qu'il puisse choisir la prison de son choix et y [&hellip;]<\/p>\n","protected":false},"author":5,"featured_media":73710,"comment_status":"open","ping_status":"open","sticky":false,"template":"","format":"standard","meta":{"_et_pb_use_builder":"","_et_pb_old_content":""},"categories":[6],"tags":[],"yoast_head":"<!-- This site is optimized with the Yoast SEO Premium plugin v17.8 (Yoast SEO v17.8) - https:\/\/yoast.com\/wordpress\/plugins\/seo\/ -->\n<title>ESPAGNE - Th\u00e9o Hernandez risque la prison ! | Nettali.com<\/title>\n<meta name=\"robots\" content=\"index, follow, max-snippet:-1, max-image-preview:large, max-video-preview:-1\" \/>\n<link rel=\"canonical\" href=\"https:\/\/www.nettali.com\/2021\/10\/13\/espagne-theo-hernandez-risque-la-prison\/\" \/>\n<meta property=\"og:locale\" content=\"fr_FR\" \/>\n<meta property=\"og:type\" content=\"article\" \/>\n<meta property=\"og:title\" content=\"ESPAGNE - Th\u00e9o Hernandez risque la prison !\" \/>\n<meta property=\"og:description\" content=\"NETTALI.COM - Le d\u00e9fenseur polyvalent du Bayern Munich, Lucas Hernandez peut se faire du souci. Le journal AS r\u00e9v\u00e8le en effet qu&#039;un tribunal de Madrid a demand\u00e9 l&#039;incarc\u00e9ration de l&#039;ancien joueur de l&#039;Atletico, somm\u00e9 de se pr\u00e9senter \u00e0 la justice espagnole le 19 octobre afin qu&#039;il puisse choisir la prison de son choix et y [&hellip;]\" \/>\n<meta property=\"og:url\" content=\"https:\/\/www.nettali.com\/2021\/10\/13\/espagne-theo-hernandez-risque-la-prison\/\" \/>\n<meta property=\"og:site_name\" content=\"Nettali.com\" \/>\n<meta property=\"article:publisher\" content=\"https:\/\/www.facebook.com\/nettalicom\" \/>\n<meta property=\"article:published_time\" content=\"2021-10-13T21:31:34+00:00\" \/>\n<meta property=\"og:image\" content=\"https:\/\/www.nettali.com\/wp-content\/uploads\/2021\/10\/3155214-64660008-2560-1440.jpg\" \/>\n\t<meta property=\"og:image:width\" content=\"1200\" \/>\n\t<meta property=\"og:image:height\" content=\"675\" \/>\n<meta name=\"twitter:card\" content=\"summary_large_image\" \/>\n<meta name=\"twitter:label1\" content=\"\u00c9crit par\" \/>\n\t<meta name=\"twitter:data1\" content=\"Ibrahima\" \/>\n\t<meta name=\"twitter:label2\" content=\"Dur\u00e9e de lecture estim\u00e9e\" \/>\n\t<meta name=\"twitter:data2\" content=\"2 minutes\" \/>\n<script type=\"application\/ld+json\" class=\"yoast-schema-graph\">{\"@context\":\"https:\/\/schema.org\",\"@graph\":[{\"@type\":\"WebSite\",\"@id\":\"https:\/\/www.nettali.com\/#website\",\"url\":\"https:\/\/www.nettali.com\/\",\"name\":\"Nettali.com\",\"description\":\"Le rendez-vous critique du Net\",\"potentialAction\":[{\"@type\":\"SearchAction\",\"target\":{\"@type\":\"EntryPoint\",\"urlTemplate\":\"https:\/\/www.nettali.com\/?s={search_term_string}\"},\"query-input\":\"required name=search_term_string\"}],\"inLanguage\":\"fr-FR\"},{\"@type\":\"ImageObject\",\"@id\":\"https:\/\/www.nettali.com\/2021\/10\/13\/espagne-theo-hernandez-risque-la-prison\/#primaryimage\",\"inLanguage\":\"fr-FR\",\"url\":\"https:\/\/www.nettali.com\/wp-content\/uploads\/2021\/10\/3155214-64660008-2560-1440.jpg\",\"contentUrl\":\"https:\/\/www.nettali.com\/wp-content\/uploads\/2021\/10\/3155214-64660008-2560-1440.jpg\",\"width\":1200,\"height\":675},{\"@type\":\"WebPage\",\"@id\":\"https:\/\/www.nettali.com\/2021\/10\/13\/espagne-theo-hernandez-risque-la-prison\/#webpage\",\"url\":\"https:\/\/www.nettali.com\/2021\/10\/13\/espagne-theo-hernandez-risque-la-prison\/\",\"name\":\"ESPAGNE - Th\\u00e9o Hernandez risque la prison ! | Nettali.com\",\"isPartOf\":{\"@id\":\"https:\/\/www.nettali.com\/#website\"},\"primaryImageOfPage\":{\"@id\":\"https:\/\/www.nettali.com\/2021\/10\/13\/espagne-theo-hernandez-risque-la-prison\/#primaryimage\"},\"datePublished\":\"2021-10-13T21:31:34+00:00\",\"dateModified\":\"2021-10-13T21:31:34+00:00\",\"author\":{\"@id\":\"https:\/\/www.nettali.com\/#\/schema\/person\/bb147657c2986240405a608162b9bb23\"},\"breadcrumb\":{\"@id\":\"https:\/\/www.nettali.com\/2021\/10\/13\/espagne-theo-hernandez-risque-la-prison\/#breadcrumb\"},\"inLanguage\":\"fr-FR\",\"potentialAction\":[{\"@type\":\"ReadAction\",\"target\":[\"https:\/\/www.nettali.com\/2021\/10\/13\/espagne-theo-hernandez-risque-la-prison\/\"]}]},{\"@type\":\"BreadcrumbList\",\"@id\":\"https:\/\/www.nettali.com\/2021\/10\/13\/espagne-theo-hernandez-risque-la-prison\/#breadcrumb\",\"itemListElement\":[{\"@type\":\"ListItem\",\"position\":1,\"name\":\"Accueil\",\"item\":\"https:\/\/www.nettali.com\/\"},{\"@type\":\"ListItem\",\"position\":2,\"name\":\"ESPAGNE &#8211; Th\\u00e9o Hernandez risque la prison !\"}]},{\"@type\":\"Person\",\"@id\":\"https:\/\/www.nettali.com\/#\/schema\/person\/bb147657c2986240405a608162b9bb23\",\"name\":\"Ibrahima\",\"image\":{\"@type\":\"ImageObject\",\"@id\":\"https:\/\/www.nettali.com\/#personlogo\",\"inLanguage\":\"fr-FR\",\"url\":\"https:\/\/secure.gravatar.com\/avatar\/26a8a81f09f0dd7624c9d5c36c9ba3a2?s=96&d=mm&r=g\",\"contentUrl\":\"https:\/\/secure.gravatar.com\/avatar\/26a8a81f09f0dd7624c9d5c36c9ba3a2?s=96&d=mm&r=g\",\"caption\":\"Ibrahima\"},\"sameAs\":[\"https:\/\/www.nettali.com\"]}]}<\/script>\n<!-- \/ Yoast SEO Premium plugin. -->","yoast_head_json":{"title":"ESPAGNE - Th\u00e9o Hernandez risque la prison ! | Nettali.com","robots":{"index":"index","follow":"follow","max-snippet":"max-snippet:-1","max-image-preview":"max-image-preview:large","max-video-preview":"max-video-preview:-1"},"canonical":"https:\/\/www.nettali.com\/2021\/10\/13\/espagne-theo-hernandez-risque-la-prison\/","og_locale":"fr_FR","og_type":"article","og_title":"ESPAGNE - Th\u00e9o Hernandez risque la prison !","og_description":"NETTALI.COM - Le d\u00e9fenseur polyvalent du Bayern Munich, Lucas Hernandez peut se faire du souci. Le journal AS r\u00e9v\u00e8le en effet qu'un tribunal de Madrid a demand\u00e9 l'incarc\u00e9ration de l'ancien joueur de l'Atletico, somm\u00e9 de se pr\u00e9senter \u00e0 la justice espagnole le 19 octobre afin qu'il puisse choisir la prison de son choix et y [&hellip;]","og_url":"https:\/\/www.nettali.com\/2021\/10\/13\/espagne-theo-hernandez-risque-la-prison\/","og_site_name":"Nettali.com","article_publisher":"https:\/\/www.facebook.com\/nettalicom","article_published_time":"2021-10-13T21:31:34+00:00","og_image":[{"width":1200,"height":675,"url":"https:\/\/www.nettali.com\/wp-content\/uploads\/2021\/10\/3155214-64660008-2560-1440.jpg","type":"image\/jpeg"}],"twitter_card":"summary_large_image","twitter_misc":{"\u00c9crit par":"Ibrahima","Dur\u00e9e de lecture estim\u00e9e":"2 minutes"},"schema":{"@context":"https:\/\/schema.org","@graph":[{"@type":"WebSite","@id":"https:\/\/www.nettali.com\/#website","url":"https:\/\/www.nettali.com\/","name":"Nettali.com","description":"Le rendez-vous critique du Net","potentialAction":[{"@type":"SearchAction","target":{"@type":"EntryPoint","urlTemplate":"https:\/\/www.nettali.com\/?s={search_term_string}"},"query-input":"required name=search_term_string"}],"inLanguage":"fr-FR"},{"@type":"ImageObject","@id":"https:\/\/www.nettali.com\/2021\/10\/13\/espagne-theo-hernandez-risque-la-prison\/#primaryimage","inLanguage":"fr-FR","url":"https:\/\/www.nettali.com\/wp-content\/uploads\/2021\/10\/3155214-64660008-2560-1440.jpg","contentUrl":"https:\/\/www.nettali.com\/wp-content\/uploads\/2021\/10\/3155214-64660008-2560-1440.jpg","width":1200,"height":675},{"@type":"WebPage","@id":"https:\/\/www.nettali.com\/2021\/10\/13\/espagne-theo-hernandez-risque-la-prison\/#webpage","url":"https:\/\/www.nettali.com\/2021\/10\/13\/espagne-theo-hernandez-risque-la-prison\/","name":"ESPAGNE - Th\u00e9o Hernandez risque la prison ! | Nettali.com","isPartOf":{"@id":"https:\/\/www.nettali.com\/#website"},"primaryImageOfPage":{"@id":"https:\/\/www.nettali.com\/2021\/10\/13\/espagne-theo-hernandez-risque-la-prison\/#primaryimage"},"datePublished":"2021-10-13T21:31:34+00:00","dateModified":"2021-10-13T21:31:34+00:00","author":{"@id":"https:\/\/www.nettali.com\/#\/schema\/person\/bb147657c2986240405a608162b9bb23"},"breadcrumb":{"@id":"https:\/\/www.nettali.com\/2021\/10\/13\/espagne-theo-hernandez-risque-la-prison\/#breadcrumb"},"inLanguage":"fr-FR","potentialAction":[{"@type":"ReadAction","target":["https:\/\/www.nettali.com\/2021\/10\/13\/espagne-theo-hernandez-risque-la-prison\/"]}]},{"@type":"BreadcrumbList","@id":"https:\/\/www.nettali.com\/2021\/10\/13\/espagne-theo-hernandez-risque-la-prison\/#breadcrumb","itemListElement":[{"@type":"ListItem","position":1,"name":"Accueil","item":"https:\/\/www.nettali.com\/"},{"@type":"ListItem","position":2,"name":"ESPAGNE &#8211; Th\u00e9o Hernandez risque la prison !"}]},{"@type":"Person","@id":"https:\/\/www.nettali.com\/#\/schema\/person\/bb147657c2986240405a608162b9bb23","name":"Ibrahima","image":{"@type":"ImageObject","@id":"https:\/\/www.nettali.com\/#personlogo","inLanguage":"fr-FR","url":"https:\/\/secure.gravatar.com\/avatar\/26a8a81f09f0dd7624c9d5c36c9ba3a2?s=96&d=mm&r=g","contentUrl":"https:\/\/secure.gravatar.com\/avatar\/26a8a81f09f0dd7624c9d5c36c9ba3a2?s=96&d=mm&r=g","caption":"Ibrahima"},"sameAs":["https:\/\/www.nettali.com"]}]}},"_links":{"self":[{"href":"https:\/\/www.nettali.com\/rest\/wp\/v2\/posts\/73709"}],"collection":[{"href":"https:\/\/www.nettali.com\/rest\/wp\/v2\/posts"}],"about":[{"href":"https:\/\/www.nettali.com\/rest\/wp\/v2\/types\/post"}],"author":[{"embeddable":true,"href":"https:\/\/www.nettali.com\/rest\/wp\/v2\/users\/5"}],"replies":[{"embeddable":true,"href":"https:\/\/www.nettali.com\/rest\/wp\/v2\/comments?post=73709"}],"version-history":[{"count":1,"href":"https:\/\/www.nettali.com\/rest\/wp\/v2\/posts\/73709\/revisions"}],"predecessor-version":[{"id":73714,"href":"https:\/\/www.nettali.com\/rest\/wp\/v2\/posts\/73709\/revisions\/73714"}],"wp:featuredmedia":[{"embeddable":true,"href":"https:\/\/www.nettali.com\/rest\/wp\/v2\/media\/73710"}],"wp:attachment":[{"href":"https:\/\/www.nettali.com\/rest\/wp\/v2\/media?parent=73709"}],"wp:term":[{"taxonomy":"category","embeddable":true,"href":"https:\/\/www.nettali.com\/rest\/wp\/v2\/categories?post=73709"},{"taxonomy":"post_tag","embeddable":true,"href":"https:\/\/www.nettali.com\/rest\/wp\/v2\/tags?post=73709"}],"curies":[{"name":"wp","href":"https:\/\/api.w.org\/{rel}","templated":true}]}}