{"id":73704,"date":"2021-10-13T20:46:34","date_gmt":"2021-10-13T20:46:34","guid":{"rendered":"https:\/\/www.nettali.com\/?p=73704"},"modified":"2021-10-13T20:46:34","modified_gmt":"2021-10-13T20:46:34","slug":"nba-kyrie-irving-ecarte-par-les-nets-pour-non-vaccination-a-la-covid-19","status":"publish","type":"post","link":"https:\/\/www.nettali.com\/2021\/10\/13\/nba-kyrie-irving-ecarte-par-les-nets-pour-non-vaccination-a-la-covid-19\/","title":{"rendered":"NBA - Kyrie Irving \u00e9cart\u00e9 par les Nets\u00a0 pour non vaccination \u00e0 la Covid-19"},"content":{"rendered":"<p dir=\"ltr\"><strong>NETTALI.COM - Coup de th\u00e9\u00e2tre \u00e0 Brooklyn. Les Nets ont \u00e9cart\u00e9 Kyrie Irving du groupe. Le g\u00e9nial meneur ne peut plus s\u2019entra\u00eener, ni jouer avec ses co\u00e9quipiers tant qu\u2019il ne sera pas vaccin\u00e9.<\/strong><\/p>\n<p dir=\"ltr\">Steve Nash avait dit lundi soir qu\u2019aucune d\u00e9cision imminente\u00a0n\u2019\u00e9tait dans les tuyaux concernant\u00a0Kyrie Irving, mais il bluffait ! Les Nets viennent d\u2019annoncer que le meneur All-Star n\u2019\u00e9tait plus autoris\u00e9 \u00e0 s\u2019entra\u00eener, ni \u00e0 jouer avec ses co\u00e9quipiers tant qu\u2019il ne pourra pas y participer \"<em>pleinement<\/em>\". En clair, tant que Kyrie Irving ne sera pas vaccin\u00e9, et donc autoris\u00e9 \u00e0 jouer \u00e0 New York, il devra rester \u00e0 l\u2019\u00e9cart du groupe.<\/p>\n<p dir=\"ltr\">\" <em>Kyrie a fait un choix personnel, et on respecte sa libert\u00e9 individuelle<\/em> \", a \u00e9crit Sean Marks dans un communiqu\u00e9, ajoutant :<br \/>\n\" <em>Cependant son choix restreint sa capacit\u00e9 \u00e0 \u00eatre \u00e0 plein temps avec l\u2019\u00e9quipe, et nous n\u2019autorisons aucun membre de l\u2019\u00e9quipe \u00e0 participer de mani\u00e8re partielle.<\/em>\"<\/p>\n<p dir=\"ltr\"><strong>Une sanction financi\u00e8re uniquement pour les matches \u00e0 domicile<\/strong><\/p>\n<p dir=\"ltr\">Le GM des Nets explique ensuite que cette d\u00e9cision est aussi li\u00e9e au fait qu\u2019il est \"\u00a0<em>imp\u00e9ratif de continuer \u00e0 construire une coh\u00e9sion de mani\u00e8re collective\"\u00a0, <\/em>et de s\u2019appuyer sur<em> \" les valeurs de sacrifice et d\u2019unit\u00e9<\/em> \" pour atteindre un objectif qui reste le m\u00eame : gagner le titre.<\/p>\n<p dir=\"ltr\">Interrog\u00e9 plus tard \u00e0 l\u2019entra\u00eenement, Marks a expliqu\u00e9 que plusieurs personnes avaient \u00e9t\u00e9 consult\u00e9es, mais qu\u2019au final, cette d\u00e9cision avait \u00e9t\u00e9 prise le propri\u00e9taire Joe Tsai et lui-m\u00eame.<\/p>\n<p dir=\"ltr\">Non vaccin\u00e9, Kyrie Irving campe sur ses positions depuis le d\u00e9but du training camp, et s\u2019il a le droit de s\u2019entra\u00eener dans les installations des Nets et de jouer en d\u00e9placement, il n\u2019a pas le droit d\u2019entrer au Barclays Center pour les matches \u00e0 domicile (41 par saison), ni au Madison Square Garden pour les futures rencontres face aux Knicks (2 par an).<\/p>\n<p dir=\"ltr\">A noter que Sean Marks a pr\u00e9cis\u00e9 que Kyrie Irving serait priv\u00e9 de son salaire uniquement pour les matches manqu\u00e9s \u00e0 domicile. C\u2019est-\u00e0-dire les rencontres o\u00f9 il n\u2019est pas en mesure de jouer \u00e0 cause de son statut sanitaire. Cela repr\u00e9sente 381.000 dollars par match au Barclays Center, soit 15.6 millions de dollars (plus de 8 milliards FCFA) s\u2019il fait une croix sur les 41 rencontres \u00e0 domicile de son \u00e9quipe durant la saison r\u00e9guli\u00e8re.<\/p>\n<div class='share-to-whatsapp-wrapper'><div class='share-on-whsp'>PARTAGER SUR : <\/div><a data-text='NBA - Kyrie Irving \u00e9cart\u00e9 par les Nets\u00a0 pour non vaccination \u00e0 la Covid-19' data-link='https:\/\/www.nettali.com\/2021\/10\/13\/nba-kyrie-irving-ecarte-par-les-nets-pour-non-vaccination-a-la-covid-19\/' class='whatsapp-button whatsapp-share'>WhatsApp<\/a><div class='clear '><\/div><\/div>","protected":false},"excerpt":{"rendered":"<p>NETTALI.COM - Coup de th\u00e9\u00e2tre \u00e0 Brooklyn. Les Nets ont \u00e9cart\u00e9 Kyrie Irving du groupe. Le g\u00e9nial meneur ne peut plus s\u2019entra\u00eener, ni jouer avec ses co\u00e9quipiers tant qu\u2019il ne sera pas vaccin\u00e9. Steve Nash avait dit lundi soir qu\u2019aucune d\u00e9cision imminente\u00a0n\u2019\u00e9tait dans les tuyaux concernant\u00a0Kyrie Irving, mais il bluffait ! Les Nets viennent d\u2019annoncer [&hellip;]<\/p>\n","protected":false},"author":5,"featured_media":73705,"comment_status":"open","ping_status":"open","sticky":false,"template":"","format":"standard","meta":{"_et_pb_use_builder":"","_et_pb_old_content":""},"categories":[6],"tags":[],"yoast_head":"<!-- This site is optimized with the Yoast SEO Premium plugin v17.8 (Yoast SEO v17.8) - https:\/\/yoast.com\/wordpress\/plugins\/seo\/ -->\n<title>NBA - Kyrie Irving \u00e9cart\u00e9 par les Nets\u00a0 pour non vaccination \u00e0 la Covid-19 | Nettali.com<\/title>\n<meta name=\"robots\" content=\"index, follow, max-snippet:-1, max-image-preview:large, max-video-preview:-1\" \/>\n<link rel=\"canonical\" href=\"https:\/\/www.nettali.com\/2021\/10\/13\/nba-kyrie-irving-ecarte-par-les-nets-pour-non-vaccination-a-la-covid-19\/\" \/>\n<meta property=\"og:locale\" content=\"fr_FR\" \/>\n<meta property=\"og:type\" content=\"article\" \/>\n<meta property=\"og:title\" content=\"NBA - Kyrie Irving \u00e9cart\u00e9 par les Nets\u00a0 pour non vaccination \u00e0 la Covid-19\" \/>\n<meta property=\"og:description\" content=\"NETTALI.COM - Coup de th\u00e9\u00e2tre \u00e0 Brooklyn. Les Nets ont \u00e9cart\u00e9 Kyrie Irving du groupe. Le g\u00e9nial meneur ne peut plus s\u2019entra\u00eener, ni jouer avec ses co\u00e9quipiers tant qu\u2019il ne sera pas vaccin\u00e9. Steve Nash avait dit lundi soir qu\u2019aucune d\u00e9cision imminente\u00a0n\u2019\u00e9tait dans les tuyaux concernant\u00a0Kyrie Irving, mais il bluffait ! Les Nets viennent d\u2019annoncer [&hellip;]\" \/>\n<meta property=\"og:url\" content=\"https:\/\/www.nettali.com\/2021\/10\/13\/nba-kyrie-irving-ecarte-par-les-nets-pour-non-vaccination-a-la-covid-19\/\" \/>\n<meta property=\"og:site_name\" content=\"Nettali.com\" \/>\n<meta property=\"article:publisher\" content=\"https:\/\/www.facebook.com\/nettalicom\" \/>\n<meta property=\"article:published_time\" content=\"2021-10-13T20:46:34+00:00\" \/>\n<meta property=\"og:image\" content=\"https:\/\/www.nettali.com\/wp-content\/uploads\/2021\/10\/Irving-Boston.jpg\" \/>\n\t<meta property=\"og:image:width\" content=\"1280\" \/>\n\t<meta property=\"og:image:height\" content=\"719\" \/>\n<meta name=\"twitter:card\" content=\"summary_large_image\" \/>\n<meta name=\"twitter:label1\" content=\"\u00c9crit par\" \/>\n\t<meta name=\"twitter:data1\" content=\"Ibrahima\" \/>\n\t<meta name=\"twitter:label2\" content=\"Dur\u00e9e de lecture estim\u00e9e\" \/>\n\t<meta name=\"twitter:data2\" content=\"2 minutes\" \/>\n<script type=\"application\/ld+json\" class=\"yoast-schema-graph\">{\"@context\":\"https:\/\/schema.org\",\"@graph\":[{\"@type\":\"WebSite\",\"@id\":\"https:\/\/www.nettali.com\/#website\",\"url\":\"https:\/\/www.nettali.com\/\",\"name\":\"Nettali.com\",\"description\":\"Le rendez-vous critique du Net\",\"potentialAction\":[{\"@type\":\"SearchAction\",\"target\":{\"@type\":\"EntryPoint\",\"urlTemplate\":\"https:\/\/www.nettali.com\/?s={search_term_string}\"},\"query-input\":\"required name=search_term_string\"}],\"inLanguage\":\"fr-FR\"},{\"@type\":\"ImageObject\",\"@id\":\"https:\/\/www.nettali.com\/2021\/10\/13\/nba-kyrie-irving-ecarte-par-les-nets-pour-non-vaccination-a-la-covid-19\/#primaryimage\",\"inLanguage\":\"fr-FR\",\"url\":\"https:\/\/www.nettali.com\/wp-content\/uploads\/2021\/10\/Irving-Boston.jpg\",\"contentUrl\":\"https:\/\/www.nettali.com\/wp-content\/uploads\/2021\/10\/Irving-Boston.jpg\",\"width\":1280,\"height\":719},{\"@type\":\"WebPage\",\"@id\":\"https:\/\/www.nettali.com\/2021\/10\/13\/nba-kyrie-irving-ecarte-par-les-nets-pour-non-vaccination-a-la-covid-19\/#webpage\",\"url\":\"https:\/\/www.nettali.com\/2021\/10\/13\/nba-kyrie-irving-ecarte-par-les-nets-pour-non-vaccination-a-la-covid-19\/\",\"name\":\"NBA - Kyrie Irving \\u00e9cart\\u00e9 par les Nets\\u00a0 pour non vaccination \\u00e0 la Covid-19 | Nettali.com\",\"isPartOf\":{\"@id\":\"https:\/\/www.nettali.com\/#website\"},\"primaryImageOfPage\":{\"@id\":\"https:\/\/www.nettali.com\/2021\/10\/13\/nba-kyrie-irving-ecarte-par-les-nets-pour-non-vaccination-a-la-covid-19\/#primaryimage\"},\"datePublished\":\"2021-10-13T20:46:34+00:00\",\"dateModified\":\"2021-10-13T20:46:34+00:00\",\"author\":{\"@id\":\"https:\/\/www.nettali.com\/#\/schema\/person\/bb147657c2986240405a608162b9bb23\"},\"breadcrumb\":{\"@id\":\"https:\/\/www.nettali.com\/2021\/10\/13\/nba-kyrie-irving-ecarte-par-les-nets-pour-non-vaccination-a-la-covid-19\/#breadcrumb\"},\"inLanguage\":\"fr-FR\",\"potentialAction\":[{\"@type\":\"ReadAction\",\"target\":[\"https:\/\/www.nettali.com\/2021\/10\/13\/nba-kyrie-irving-ecarte-par-les-nets-pour-non-vaccination-a-la-covid-19\/\"]}]},{\"@type\":\"BreadcrumbList\",\"@id\":\"https:\/\/www.nettali.com\/2021\/10\/13\/nba-kyrie-irving-ecarte-par-les-nets-pour-non-vaccination-a-la-covid-19\/#breadcrumb\",\"itemListElement\":[{\"@type\":\"ListItem\",\"position\":1,\"name\":\"Accueil\",\"item\":\"https:\/\/www.nettali.com\/\"},{\"@type\":\"ListItem\",\"position\":2,\"name\":\"NBA &#8211; Kyrie Irving \\u00e9cart\\u00e9 par les Nets\\u00a0 pour non vaccination \\u00e0 la Covid-19\"}]},{\"@type\":\"Person\",\"@id\":\"https:\/\/www.nettali.com\/#\/schema\/person\/bb147657c2986240405a608162b9bb23\",\"name\":\"Ibrahima\",\"image\":{\"@type\":\"ImageObject\",\"@id\":\"https:\/\/www.nettali.com\/#personlogo\",\"inLanguage\":\"fr-FR\",\"url\":\"https:\/\/secure.gravatar.com\/avatar\/26a8a81f09f0dd7624c9d5c36c9ba3a2?s=96&d=mm&r=g\",\"contentUrl\":\"https:\/\/secure.gravatar.com\/avatar\/26a8a81f09f0dd7624c9d5c36c9ba3a2?s=96&d=mm&r=g\",\"caption\":\"Ibrahima\"},\"sameAs\":[\"https:\/\/www.nettali.com\"]}]}<\/script>\n<!-- \/ Yoast SEO Premium plugin. -->","yoast_head_json":{"title":"NBA - Kyrie Irving \u00e9cart\u00e9 par les Nets\u00a0 pour non vaccination \u00e0 la Covid-19 | Nettali.com","robots":{"index":"index","follow":"follow","max-snippet":"max-snippet:-1","max-image-preview":"max-image-preview:large","max-video-preview":"max-video-preview:-1"},"canonical":"https:\/\/www.nettali.com\/2021\/10\/13\/nba-kyrie-irving-ecarte-par-les-nets-pour-non-vaccination-a-la-covid-19\/","og_locale":"fr_FR","og_type":"article","og_title":"NBA - Kyrie Irving \u00e9cart\u00e9 par les Nets\u00a0 pour non vaccination \u00e0 la Covid-19","og_description":"NETTALI.COM - Coup de th\u00e9\u00e2tre \u00e0 Brooklyn. Les Nets ont \u00e9cart\u00e9 Kyrie Irving du groupe. Le g\u00e9nial meneur ne peut plus s\u2019entra\u00eener, ni jouer avec ses co\u00e9quipiers tant qu\u2019il ne sera pas vaccin\u00e9. Steve Nash avait dit lundi soir qu\u2019aucune d\u00e9cision imminente\u00a0n\u2019\u00e9tait dans les tuyaux concernant\u00a0Kyrie Irving, mais il bluffait ! Les Nets viennent d\u2019annoncer [&hellip;]","og_url":"https:\/\/www.nettali.com\/2021\/10\/13\/nba-kyrie-irving-ecarte-par-les-nets-pour-non-vaccination-a-la-covid-19\/","og_site_name":"Nettali.com","article_publisher":"https:\/\/www.facebook.com\/nettalicom","article_published_time":"2021-10-13T20:46:34+00:00","og_image":[{"width":1280,"height":719,"url":"https:\/\/www.nettali.com\/wp-content\/uploads\/2021\/10\/Irving-Boston.jpg","type":"image\/jpeg"}],"twitter_card":"summary_large_image","twitter_misc":{"\u00c9crit par":"Ibrahima","Dur\u00e9e de lecture estim\u00e9e":"2 minutes"},"schema":{"@context":"https:\/\/schema.org","@graph":[{"@type":"WebSite","@id":"https:\/\/www.nettali.com\/#website","url":"https:\/\/www.nettali.com\/","name":"Nettali.com","description":"Le rendez-vous critique du Net","potentialAction":[{"@type":"SearchAction","target":{"@type":"EntryPoint","urlTemplate":"https:\/\/www.nettali.com\/?s={search_term_string}"},"query-input":"required name=search_term_string"}],"inLanguage":"fr-FR"},{"@type":"ImageObject","@id":"https:\/\/www.nettali.com\/2021\/10\/13\/nba-kyrie-irving-ecarte-par-les-nets-pour-non-vaccination-a-la-covid-19\/#primaryimage","inLanguage":"fr-FR","url":"https:\/\/www.nettali.com\/wp-content\/uploads\/2021\/10\/Irving-Boston.jpg","contentUrl":"https:\/\/www.nettali.com\/wp-content\/uploads\/2021\/10\/Irving-Boston.jpg","width":1280,"height":719},{"@type":"WebPage","@id":"https:\/\/www.nettali.com\/2021\/10\/13\/nba-kyrie-irving-ecarte-par-les-nets-pour-non-vaccination-a-la-covid-19\/#webpage","url":"https:\/\/www.nettali.com\/2021\/10\/13\/nba-kyrie-irving-ecarte-par-les-nets-pour-non-vaccination-a-la-covid-19\/","name":"NBA - Kyrie Irving \u00e9cart\u00e9 par les Nets\u00a0 pour non vaccination \u00e0 la Covid-19 | Nettali.com","isPartOf":{"@id":"https:\/\/www.nettali.com\/#website"},"primaryImageOfPage":{"@id":"https:\/\/www.nettali.com\/2021\/10\/13\/nba-kyrie-irving-ecarte-par-les-nets-pour-non-vaccination-a-la-covid-19\/#primaryimage"},"datePublished":"2021-10-13T20:46:34+00:00","dateModified":"2021-10-13T20:46:34+00:00","author":{"@id":"https:\/\/www.nettali.com\/#\/schema\/person\/bb147657c2986240405a608162b9bb23"},"breadcrumb":{"@id":"https:\/\/www.nettali.com\/2021\/10\/13\/nba-kyrie-irving-ecarte-par-les-nets-pour-non-vaccination-a-la-covid-19\/#breadcrumb"},"inLanguage":"fr-FR","potentialAction":[{"@type":"ReadAction","target":["https:\/\/www.nettali.com\/2021\/10\/13\/nba-kyrie-irving-ecarte-par-les-nets-pour-non-vaccination-a-la-covid-19\/"]}]},{"@type":"BreadcrumbList","@id":"https:\/\/www.nettali.com\/2021\/10\/13\/nba-kyrie-irving-ecarte-par-les-nets-pour-non-vaccination-a-la-covid-19\/#breadcrumb","itemListElement":[{"@type":"ListItem","position":1,"name":"Accueil","item":"https:\/\/www.nettali.com\/"},{"@type":"ListItem","position":2,"name":"NBA &#8211; Kyrie Irving \u00e9cart\u00e9 par les Nets\u00a0 pour non vaccination \u00e0 la Covid-19"}]},{"@type":"Person","@id":"https:\/\/www.nettali.com\/#\/schema\/person\/bb147657c2986240405a608162b9bb23","name":"Ibrahima","image":{"@type":"ImageObject","@id":"https:\/\/www.nettali.com\/#personlogo","inLanguage":"fr-FR","url":"https:\/\/secure.gravatar.com\/avatar\/26a8a81f09f0dd7624c9d5c36c9ba3a2?s=96&d=mm&r=g","contentUrl":"https:\/\/secure.gravatar.com\/avatar\/26a8a81f09f0dd7624c9d5c36c9ba3a2?s=96&d=mm&r=g","caption":"Ibrahima"},"sameAs":["https:\/\/www.nettali.com"]}]}},"_links":{"self":[{"href":"https:\/\/www.nettali.com\/rest\/wp\/v2\/posts\/73704"}],"collection":[{"href":"https:\/\/www.nettali.com\/rest\/wp\/v2\/posts"}],"about":[{"href":"https:\/\/www.nettali.com\/rest\/wp\/v2\/types\/post"}],"author":[{"embeddable":true,"href":"https:\/\/www.nettali.com\/rest\/wp\/v2\/users\/5"}],"replies":[{"embeddable":true,"href":"https:\/\/www.nettali.com\/rest\/wp\/v2\/comments?post=73704"}],"version-history":[{"count":3,"href":"https:\/\/www.nettali.com\/rest\/wp\/v2\/posts\/73704\/revisions"}],"predecessor-version":[{"id":73708,"href":"https:\/\/www.nettali.com\/rest\/wp\/v2\/posts\/73704\/revisions\/73708"}],"wp:featuredmedia":[{"embeddable":true,"href":"https:\/\/www.nettali.com\/rest\/wp\/v2\/media\/73705"}],"wp:attachment":[{"href":"https:\/\/www.nettali.com\/rest\/wp\/v2\/media?parent=73704"}],"wp:term":[{"taxonomy":"category","embeddable":true,"href":"https:\/\/www.nettali.com\/rest\/wp\/v2\/categories?post=73704"},{"taxonomy":"post_tag","embeddable":true,"href":"https:\/\/www.nettali.com\/rest\/wp\/v2\/tags?post=73704"}],"curies":[{"name":"wp","href":"https:\/\/api.w.org\/{rel}","templated":true}]}}